{"id":9937,"date":"2021-04-14T15:15:08","date_gmt":"2021-04-14T15:15:08","guid":{"rendered":"https:\/\/www.africa-press.net\/burkina-faso\/?p=9937"},"modified":"2021-04-14T15:00:20","modified_gmt":"2021-04-14T15:00:20","slug":"commune-de-yako-province-du-passore-le-ministre-des-ressources-animales-inaugure-le-nouveau-marche-a-betail","status":"publish","type":"post","link":"https:\/\/www.africa-press.net\/burkina-faso\/economie\/commune-de-yako-province-du-passore-le-ministre-des-ressources-animales-inaugure-le-nouveau-marche-a-betail","title":{"rendered":"Commune de Yako, province du Passor\u00e9 : Le ministre des Ressources animales inaugure le nouveau march\u00e9 \u00e0 b\u00e9tail"},"content":{"rendered":"<p><span style=\"color: #ff6600\"><strong><a href=\"https:\/\/www.africa-press.net\/\">Africa-Press<\/a> &#8211; <a href=\"https:\/\/www.africa-press.net\/burkina-faso\">Burkina Faso<\/a>. <\/strong><\/span><b>Le ministre des Ressources animales et halieutiques, Modeste Yerbanga, a proc\u00e9d\u00e9 le mardi 13 avril 2021 \u00e0 Yako, province du Passor\u00e9, \u00e0 l\u2019inauguration officielle du nouveau march\u00e9 \u00e0 b\u00e9tail. Le joyau permettra \u00e0 la commune de donner une forte impulsion au d\u00e9veloppement de l\u2019\u00e9levage, \u00e0 l\u2019accroissement du nombre d\u2019emplois et \u00e0 l\u2019augmentation de la valeur ajout\u00e9e animale.<\/b><\/p>\n<p>Plus de soucis pour acheter ou vendre un animal dans la commune de Yako, province du Passor\u00e9, dans la r\u00e9gion du Nord. La raison, les populations ont b\u00e9n\u00e9fici\u00e9 de la construction d\u2019un nouveau march\u00e9 \u00e0 b\u00e9tail. Son ouverture officielle est intervenue le mardi 13 avril 2021. C\u2019\u00e9tait au cours d\u2019une c\u00e9r\u00e9monie organis\u00e9e \u00e0 cet effet. Le nouveau joyau qui fait le bonheur des populations, surtout des \u00e9leveurs et acheteurs, a \u00e9t\u00e9 r\u00e9alis\u00e9 par le gouvernement burkinab\u00e8 avec le soutien du royaume du Danemark \u00e0 travers le Programme de croissance \u00e9conomique dans le secteur agricole (PCESA).<\/p>\n<p>Pour son coordonnateur national, Fran\u00e7ois Guira, il \u00e9tait n\u00e9cessaire de construire l\u2019infrastructure. Il a soutenu qu\u2019avant, les acteurs \u00e9taient expos\u00e9s \u00e0 un certain nombre de risques comme les pertes et les vols. Maintenant, c\u2019est dans un lieu s\u00e9curis\u00e9 que l\u2019offre et la demande vont se d\u00e9rouler. Il a aussi indiqu\u00e9 que le march\u00e9 permettra de mieux valoriser la production animali\u00e8re. La commune de Yako b\u00e9n\u00e9ficiera aussi de taxes pour financer ses projets. 138 millions de Fcfa ont \u00e9t\u00e9 n\u00e9cessaires pour faire du march\u00e9 \u00e0 b\u00e9tail une r\u00e9alit\u00e9.<\/p>\n<p>C\u2019est une infrastructure qui r\u00e9pond aux besoins des populations, selon Amadou Ciss\u00e9, pr\u00e9sident du comit\u00e9 de gestion adjoint du site. Pour cela, il a tenu \u00e0 dire merci au PCESA et \u00e0 l\u2019ensemble des personnes qui ont travaill\u00e9 pour que le projet aboutisse. C\u2019est le ministre des Ressources animales et halieutiques, Modeste Yerbanga, qui a pr\u00e9sid\u00e9 la c\u00e9r\u00e9monie d\u2019ouverture officielle. Il s\u2019est r\u00e9joui de la construction du march\u00e9. Il a indiqu\u00e9 que les actions du gouvernement et de ses partenaires ne s\u2019arr\u00eatent pas l\u00e0. Un abattoir frigorifique moderne est en construction \u00e0 Ouahigouya.<\/p>\n<p>L\u2019id\u00e9e, c\u2019est de travailler \u00e0 une transformation de la fili\u00e8re viande. Ce qui permettra d\u2019exporter les produits dans de meilleures conditions sanitaires et hygi\u00e9niques. Pour le ministre, l\u2019exportation des animaux sur pied n\u2019apporte pas de valeur ajout\u00e9e. C\u2019est pourquoi la transformation est n\u00e9cessaire.<\/p>\n<p>Apr\u00e8s la coupure du ruban, les officiels ont visit\u00e9 les installations aux pas de course. Le march\u00e9 comprend un box de bovins, un box de petits ruminants, un quai d\u2019embarquement, des latrines VIP, un guichet, un hangar de n\u00e9gociation, un b\u00e2timent administratif, un forage, des magasins, une cl\u00f4ture m\u00e9tallique, etc.<\/p>\n<p><b>Dimitri OUEDRAOGO<br \/>\n<\/b><\/p>\n","protected":false},"excerpt":{"rendered":"<p>Africa-Press &#8211; Burkina Faso. Le ministre des Ressources animales et halieutiques, Modeste Yerbanga, a proc\u00e9d\u00e9 le mardi 13 avril 2021 \u00e0 Yako, province du Passor\u00e9, \u00e0 l\u2019inauguration officielle du nouveau march\u00e9 \u00e0 b\u00e9tail. Le joyau permettra \u00e0 la commune de donner une forte impulsion au d\u00e9veloppement de l\u2019\u00e9levage, \u00e0 l\u2019accroissement du nombre d\u2019emplois et \u00e0 [&hellip;]<\/p>\n","protected":false},"author":82,"featured_media":9936,"comment_status":"open","ping_status":"closed","sticky":false,"template":"","format":"standard","meta":{"footnotes":""},"categories":[3,11,10],"tags":[111,725,29],"class_list":["post-9937","post","type-post","status-publish","format-standard","has-post-thumbnail","hentry","category-economie","category-homepage-french","category-toutes-les-actualites","tag-africa-press","tag-africa-press-burkina-faso","tag-burkina-faso"],"yoast_head":"<!-- This site is optimized with the Yoast SEO Premium plugin v26.1 (Yoast SEO v27.0) - https:\/\/yoast.com\/product\/yoast-seo-premium-wordpress\/ -->\n<title>Commune de Yako, province du Passor\u00e9 : Le ministre des Ressources animales inaugure le nouveau march\u00e9 \u00e0 b\u00e9tail - Burkina Faso<\/title>\n<meta name=\"description\" content=\"Le ministre des Ressources animales et halieutiques, Modeste Yerbanga, a proc\u00e9d\u00e9 le mardi 13 avril 2021 \u00e0 Yako, provi ...\" \/>\n<meta name=\"robots\" content=\"index, follow, max-snippet:-1, max-image-preview:large, max-video-preview:-1\" \/>\n<link rel=\"canonical\" href=\"https:\/\/www.africa-press.net\/burkina-faso\/economie\/commune-de-yako-province-du-passore-le-ministre-des-ressources-animales-inaugure-le-nouveau-marche-a-betail\" \/>\n<meta property=\"og:locale\" content=\"fr_FR\" \/>\n<meta property=\"og:type\" content=\"article\" \/>\n<meta property=\"og:title\" content=\"Commune de Yako, province du Passor\u00e9 : Le ministre des Ressources animales inaugure le nouveau march\u00e9 \u00e0 b\u00e9tail\" \/>\n<meta property=\"og:description\" content=\"Le ministre des Ressources animales et halieutiques, Modeste Yerbanga, a proc\u00e9d\u00e9 le mardi 13 avril 2021 \u00e0 Yako, provi ...\" \/>\n<meta property=\"og:url\" content=\"https:\/\/www.africa-press.net\/burkina-faso\/economie\/commune-de-yako-province-du-passore-le-ministre-des-ressources-animales-inaugure-le-nouveau-marche-a-betail\" \/>\n<meta property=\"og:site_name\" content=\"Burkina Faso\" \/>\n<meta property=\"article:published_time\" content=\"2021-04-14T15:15:08+00:00\" \/>\n<meta property=\"og:image\" content=\"https:\/\/static.africa-press.net\/burkina\/sites\/42\/2021\/04\/img-6076ef3b9952a.jpg\" \/>\n\t<meta property=\"og:image:width\" content=\"720\" \/>\n\t<meta property=\"og:image:height\" content=\"404\" \/>\n\t<meta property=\"og:image:type\" content=\"image\/jpeg\" \/>\n<meta name=\"author\" content=\"cfeditorfr\" \/>\n<meta name=\"twitter:card\" content=\"summary_large_image\" \/>\n<meta name=\"twitter:label1\" content=\"\u00c9crit par\" \/>\n\t<meta name=\"twitter:data1\" content=\"cfeditorfr\" \/>\n\t<meta name=\"twitter:label2\" content=\"Dur\u00e9e de lecture estim\u00e9e\" \/>\n\t<meta name=\"twitter:data2\" content=\"2 minutes\" \/>\n<script type=\"application\/ld+json\" class=\"yoast-schema-graph\">{\"@context\":\"https:\/\/schema.org\",\"@graph\":[{\"@type\":\"Article\",\"@id\":\"https:\/\/www.africa-press.net\/burkina-faso\/economie\/commune-de-yako-province-du-passore-le-ministre-des-ressources-animales-inaugure-le-nouveau-marche-a-betail#article\",\"isPartOf\":{\"@id\":\"https:\/\/www.africa-press.net\/burkina-faso\/economie\/commune-de-yako-province-du-passore-le-ministre-des-ressources-animales-inaugure-le-nouveau-marche-a-betail\"},\"author\":{\"name\":\"cfeditorfr\",\"@id\":\"https:\/\/www.africa-press.net\/burkina-faso\/#\/schema\/person\/2b1cf3cd81a31e3cd26889ca66d677f1\"},\"headline\":\"Commune de Yako, province du Passor\u00e9 : Le ministre des Ressources animales inaugure le nouveau march\u00e9 \u00e0 b\u00e9tail\",\"datePublished\":\"2021-04-14T15:15:08+00:00\",\"mainEntityOfPage\":{\"@id\":\"https:\/\/www.africa-press.net\/burkina-faso\/economie\/commune-de-yako-province-du-passore-le-ministre-des-ressources-animales-inaugure-le-nouveau-marche-a-betail\"},\"wordCount\":493,\"commentCount\":0,\"image\":{\"@id\":\"https:\/\/www.africa-press.net\/burkina-faso\/economie\/commune-de-yako-province-du-passore-le-ministre-des-ressources-animales-inaugure-le-nouveau-marche-a-betail#primaryimage\"},\"thumbnailUrl\":\"https:\/\/static.africa-press.net\/burkina\/sites\/42\/2021\/04\/img-6076ef3b9952a.jpg\",\"keywords\":[\"Africa Press\",\"Africa Press-Burkina Faso\",\"Burkina Faso\"],\"articleSection\":[\"\u00c9conomie\",\"homepage-french\",\"Toutes les actualit\u00e9s\"],\"inLanguage\":\"fr-FR\",\"potentialAction\":[{\"@type\":\"CommentAction\",\"name\":\"Comment\",\"target\":[\"https:\/\/www.africa-press.net\/burkina-faso\/economie\/commune-de-yako-province-du-passore-le-ministre-des-ressources-animales-inaugure-le-nouveau-marche-a-betail#respond\"]}]},{\"@type\":\"WebPage\",\"@id\":\"https:\/\/www.africa-press.net\/burkina-faso\/economie\/commune-de-yako-province-du-passore-le-ministre-des-ressources-animales-inaugure-le-nouveau-marche-a-betail\",\"url\":\"https:\/\/www.africa-press.net\/burkina-faso\/economie\/commune-de-yako-province-du-passore-le-ministre-des-ressources-animales-inaugure-le-nouveau-marche-a-betail\",\"name\":\"Commune de Yako, province du Passor\u00e9 : Le ministre des Ressources animales inaugure le nouveau march\u00e9 \u00e0 b\u00e9tail - Burkina Faso\",\"isPartOf\":{\"@id\":\"https:\/\/www.africa-press.net\/burkina-faso\/#website\"},\"primaryImageOfPage\":{\"@id\":\"https:\/\/www.africa-press.net\/burkina-faso\/economie\/commune-de-yako-province-du-passore-le-ministre-des-ressources-animales-inaugure-le-nouveau-marche-a-betail#primaryimage\"},\"image\":{\"@id\":\"https:\/\/www.africa-press.net\/burkina-faso\/economie\/commune-de-yako-province-du-passore-le-ministre-des-ressources-animales-inaugure-le-nouveau-marche-a-betail#primaryimage\"},\"thumbnailUrl\":\"https:\/\/static.africa-press.net\/burkina\/sites\/42\/2021\/04\/img-6076ef3b9952a.jpg\",\"datePublished\":\"2021-04-14T15:15:08+00:00\",\"author\":{\"@id\":\"https:\/\/www.africa-press.net\/burkina-faso\/#\/schema\/person\/2b1cf3cd81a31e3cd26889ca66d677f1\"},\"description\":\"Le ministre des Ressources animales et halieutiques, Modeste Yerbanga, a proc\u00e9d\u00e9 le mardi 13 avril 2021 \u00e0 Yako, provi ...\",\"breadcrumb\":{\"@id\":\"https:\/\/www.africa-press.net\/burkina-faso\/economie\/commune-de-yako-province-du-passore-le-ministre-des-ressources-animales-inaugure-le-nouveau-marche-a-betail#breadcrumb\"},\"inLanguage\":\"fr-FR\",\"potentialAction\":[{\"@type\":\"ReadAction\",\"target\":[\"https:\/\/www.africa-press.net\/burkina-faso\/economie\/commune-de-yako-province-du-passore-le-ministre-des-ressources-animales-inaugure-le-nouveau-marche-a-betail\"]}]},{\"@type\":\"ImageObject\",\"inLanguage\":\"fr-FR\",\"@id\":\"https:\/\/www.africa-press.net\/burkina-faso\/economie\/commune-de-yako-province-du-passore-le-ministre-des-ressources-animales-inaugure-le-nouveau-marche-a-betail#primaryimage\",\"url\":\"https:\/\/static.africa-press.net\/burkina\/sites\/42\/2021\/04\/img-6076ef3b9952a.jpg\",\"contentUrl\":\"https:\/\/static.africa-press.net\/burkina\/sites\/42\/2021\/04\/img-6076ef3b9952a.jpg\",\"width\":720,\"height\":404,\"caption\":\"Commune de Yako, province du Passor\u00e9 : Le ministre des Ressources animales inaugure le nouveau march\u00e9 \u00e0 b\u00e9tail\"},{\"@type\":\"BreadcrumbList\",\"@id\":\"https:\/\/www.africa-press.net\/burkina-faso\/economie\/commune-de-yako-province-du-passore-le-ministre-des-ressources-animales-inaugure-le-nouveau-marche-a-betail#breadcrumb\",\"itemListElement\":[{\"@type\":\"ListItem\",\"position\":1,\"name\":\"Accueil\",\"item\":\"https:\/\/www.africa-press.net\/burkina-faso\/\"},{\"@type\":\"ListItem\",\"position\":2,\"name\":\"Commune de Yako, province du Passor\u00e9 : Le ministre des Ressources animales inaugure le nouveau march\u00e9 \u00e0 b\u00e9tail\"}]},{\"@type\":\"WebSite\",\"@id\":\"https:\/\/www.africa-press.net\/burkina-faso\/#website\",\"url\":\"https:\/\/www.africa-press.net\/burkina-faso\/\",\"name\":\"Burkina Faso\",\"description\":\"Just another Africa News Agency Sites site\",\"potentialAction\":[{\"@type\":\"SearchAction\",\"target\":{\"@type\":\"EntryPoint\",\"urlTemplate\":\"https:\/\/www.africa-press.net\/burkina-faso\/?s={search_term_string}\"},\"query-input\":{\"@type\":\"PropertyValueSpecification\",\"valueRequired\":true,\"valueName\":\"search_term_string\"}}],\"inLanguage\":\"fr-FR\"},{\"@type\":\"Person\",\"@id\":\"https:\/\/www.africa-press.net\/burkina-faso\/#\/schema\/person\/2b1cf3cd81a31e3cd26889ca66d677f1\",\"name\":\"cfeditorfr\"}]}<\/script>\n<!-- \/ Yoast SEO Premium plugin. -->","yoast_head_json":{"title":"Commune de Yako, province du Passor\u00e9 : Le ministre des Ressources animales inaugure le nouveau march\u00e9 \u00e0 b\u00e9tail - Burkina Faso","description":"Le ministre des Ressources animales et halieutiques, Modeste Yerbanga, a proc\u00e9d\u00e9 le mardi 13 avril 2021 \u00e0 Yako, provi ...","robots":{"index":"index","follow":"follow","max-snippet":"max-snippet:-1","max-image-preview":"max-image-preview:large","max-video-preview":"max-video-preview:-1"},"canonical":"https:\/\/www.africa-press.net\/burkina-faso\/economie\/commune-de-yako-province-du-passore-le-ministre-des-ressources-animales-inaugure-le-nouveau-marche-a-betail","og_locale":"fr_FR","og_type":"article","og_title":"Commune de Yako, province du Passor\u00e9 : Le ministre des Ressources animales inaugure le nouveau march\u00e9 \u00e0 b\u00e9tail","og_description":"Le ministre des Ressources animales et halieutiques, Modeste Yerbanga, a proc\u00e9d\u00e9 le mardi 13 avril 2021 \u00e0 Yako, provi ...","og_url":"https:\/\/www.africa-press.net\/burkina-faso\/economie\/commune-de-yako-province-du-passore-le-ministre-des-ressources-animales-inaugure-le-nouveau-marche-a-betail","og_site_name":"Burkina Faso","article_published_time":"2021-04-14T15:15:08+00:00","og_image":[{"width":720,"height":404,"url":"https:\/\/static.africa-press.net\/burkina\/sites\/42\/2021\/04\/img-6076ef3b9952a.jpg","type":"image\/jpeg"}],"author":"cfeditorfr","twitter_card":"summary_large_image","twitter_misc":{"\u00c9crit par":"cfeditorfr","Dur\u00e9e de lecture estim\u00e9e":"2 minutes"},"schema":{"@context":"https:\/\/schema.org","@graph":[{"@type":"Article","@id":"https:\/\/www.africa-press.net\/burkina-faso\/economie\/commune-de-yako-province-du-passore-le-ministre-des-ressources-animales-inaugure-le-nouveau-marche-a-betail#article","isPartOf":{"@id":"https:\/\/www.africa-press.net\/burkina-faso\/economie\/commune-de-yako-province-du-passore-le-ministre-des-ressources-animales-inaugure-le-nouveau-marche-a-betail"},"author":{"name":"cfeditorfr","@id":"https:\/\/www.africa-press.net\/burkina-faso\/#\/schema\/person\/2b1cf3cd81a31e3cd26889ca66d677f1"},"headline":"Commune de Yako, province du Passor\u00e9 : Le ministre des Ressources animales inaugure le nouveau march\u00e9 \u00e0 b\u00e9tail","datePublished":"2021-04-14T15:15:08+00:00","mainEntityOfPage":{"@id":"https:\/\/www.africa-press.net\/burkina-faso\/economie\/commune-de-yako-province-du-passore-le-ministre-des-ressources-animales-inaugure-le-nouveau-marche-a-betail"},"wordCount":493,"commentCount":0,"image":{"@id":"https:\/\/www.africa-press.net\/burkina-faso\/economie\/commune-de-yako-province-du-passore-le-ministre-des-ressources-animales-inaugure-le-nouveau-marche-a-betail#primaryimage"},"thumbnailUrl":"https:\/\/static.africa-press.net\/burkina\/sites\/42\/2021\/04\/img-6076ef3b9952a.jpg","keywords":["Africa Press","Africa Press-Burkina Faso","Burkina Faso"],"articleSection":["\u00c9conomie","homepage-french","Toutes les actualit\u00e9s"],"inLanguage":"fr-FR","potentialAction":[{"@type":"CommentAction","name":"Comment","target":["https:\/\/www.africa-press.net\/burkina-faso\/economie\/commune-de-yako-province-du-passore-le-ministre-des-ressources-animales-inaugure-le-nouveau-marche-a-betail#respond"]}]},{"@type":"WebPage","@id":"https:\/\/www.africa-press.net\/burkina-faso\/economie\/commune-de-yako-province-du-passore-le-ministre-des-ressources-animales-inaugure-le-nouveau-marche-a-betail","url":"https:\/\/www.africa-press.net\/burkina-faso\/economie\/commune-de-yako-province-du-passore-le-ministre-des-ressources-animales-inaugure-le-nouveau-marche-a-betail","name":"Commune de Yako, province du Passor\u00e9 : Le ministre des Ressources animales inaugure le nouveau march\u00e9 \u00e0 b\u00e9tail - Burkina Faso","isPartOf":{"@id":"https:\/\/www.africa-press.net\/burkina-faso\/#website"},"primaryImageOfPage":{"@id":"https:\/\/www.africa-press.net\/burkina-faso\/economie\/commune-de-yako-province-du-passore-le-ministre-des-ressources-animales-inaugure-le-nouveau-marche-a-betail#primaryimage"},"image":{"@id":"https:\/\/www.africa-press.net\/burkina-faso\/economie\/commune-de-yako-province-du-passore-le-ministre-des-ressources-animales-inaugure-le-nouveau-marche-a-betail#primaryimage"},"thumbnailUrl":"https:\/\/static.africa-press.net\/burkina\/sites\/42\/2021\/04\/img-6076ef3b9952a.jpg","datePublished":"2021-04-14T15:15:08+00:00","author":{"@id":"https:\/\/www.africa-press.net\/burkina-faso\/#\/schema\/person\/2b1cf3cd81a31e3cd26889ca66d677f1"},"description":"Le ministre des Ressources animales et halieutiques, Modeste Yerbanga, a proc\u00e9d\u00e9 le mardi 13 avril 2021 \u00e0 Yako, provi ...","breadcrumb":{"@id":"https:\/\/www.africa-press.net\/burkina-faso\/economie\/commune-de-yako-province-du-passore-le-ministre-des-ressources-animales-inaugure-le-nouveau-marche-a-betail#breadcrumb"},"inLanguage":"fr-FR","potentialAction":[{"@type":"ReadAction","target":["https:\/\/www.africa-press.net\/burkina-faso\/economie\/commune-de-yako-province-du-passore-le-ministre-des-ressources-animales-inaugure-le-nouveau-marche-a-betail"]}]},{"@type":"ImageObject","inLanguage":"fr-FR","@id":"https:\/\/www.africa-press.net\/burkina-faso\/economie\/commune-de-yako-province-du-passore-le-ministre-des-ressources-animales-inaugure-le-nouveau-marche-a-betail#primaryimage","url":"https:\/\/static.africa-press.net\/burkina\/sites\/42\/2021\/04\/img-6076ef3b9952a.jpg","contentUrl":"https:\/\/static.africa-press.net\/burkina\/sites\/42\/2021\/04\/img-6076ef3b9952a.jpg","width":720,"height":404,"caption":"Commune de Yako, province du Passor\u00e9 : Le ministre des Ressources animales inaugure le nouveau march\u00e9 \u00e0 b\u00e9tail"},{"@type":"BreadcrumbList","@id":"https:\/\/www.africa-press.net\/burkina-faso\/economie\/commune-de-yako-province-du-passore-le-ministre-des-ressources-animales-inaugure-le-nouveau-marche-a-betail#breadcrumb","itemListElement":[{"@type":"ListItem","position":1,"name":"Accueil","item":"https:\/\/www.africa-press.net\/burkina-faso\/"},{"@type":"ListItem","position":2,"name":"Commune de Yako, province du Passor\u00e9 : Le ministre des Ressources animales inaugure le nouveau march\u00e9 \u00e0 b\u00e9tail"}]},{"@type":"WebSite","@id":"https:\/\/www.africa-press.net\/burkina-faso\/#website","url":"https:\/\/www.africa-press.net\/burkina-faso\/","name":"Burkina Faso","description":"Just another Africa News Agency Sites site","potentialAction":[{"@type":"SearchAction","target":{"@type":"EntryPoint","urlTemplate":"https:\/\/www.africa-press.net\/burkina-faso\/?s={search_term_string}"},"query-input":{"@type":"PropertyValueSpecification","valueRequired":true,"valueName":"search_term_string"}}],"inLanguage":"fr-FR"},{"@type":"Person","@id":"https:\/\/www.africa-press.net\/burkina-faso\/#\/schema\/person\/2b1cf3cd81a31e3cd26889ca66d677f1","name":"cfeditorfr"}]}},"_links":{"self":[{"href":"https:\/\/www.africa-press.net\/burkina-faso\/wp-json\/wp\/v2\/posts\/9937","targetHints":{"allow":["GET"]}}],"collection":[{"href":"https:\/\/www.africa-press.net\/burkina-faso\/wp-json\/wp\/v2\/posts"}],"about":[{"href":"https:\/\/www.africa-press.net\/burkina-faso\/wp-json\/wp\/v2\/types\/post"}],"author":[{"embeddable":true,"href":"https:\/\/www.africa-press.net\/burkina-faso\/wp-json\/wp\/v2\/users\/82"}],"replies":[{"embeddable":true,"href":"https:\/\/www.africa-press.net\/burkina-faso\/wp-json\/wp\/v2\/comments?post=9937"}],"version-history":[{"count":0,"href":"https:\/\/www.africa-press.net\/burkina-faso\/wp-json\/wp\/v2\/posts\/9937\/revisions"}],"wp:featuredmedia":[{"embeddable":true,"href":"https:\/\/www.africa-press.net\/burkina-faso\/wp-json\/wp\/v2\/media\/9936"}],"wp:attachment":[{"href":"https:\/\/www.africa-press.net\/burkina-faso\/wp-json\/wp\/v2\/media?parent=9937"}],"wp:term":[{"taxonomy":"category","embeddable":true,"href":"https:\/\/www.africa-press.net\/burkina-faso\/wp-json\/wp\/v2\/categories?post=9937"},{"taxonomy":"post_tag","embeddable":true,"href":"https:\/\/www.africa-press.net\/burkina-faso\/wp-json\/wp\/v2\/tags?post=9937"}],"curies":[{"name":"wp","href":"https:\/\/api.w.org\/{rel}","templated":true}]}}