{"id":9943,"date":"2021-04-14T15:31:48","date_gmt":"2021-04-14T15:31:48","guid":{"rendered":"https:\/\/www.africa-press.net\/burkina-faso\/?p=9943"},"modified":"2021-04-14T15:00:37","modified_gmt":"2021-04-14T15:00:37","slug":"delestages-au-burkina-quand-le-ministre-bachir-ismael-ouedraogo-court-plus-vite-que-son-ombre","status":"publish","type":"post","link":"https:\/\/www.africa-press.net\/burkina-faso\/economie\/delestages-au-burkina-quand-le-ministre-bachir-ismael-ouedraogo-court-plus-vite-que-son-ombre","title":{"rendered":"D\u00e9lestages au Burkina : Quand le ministre Bachir Isma\u00ebl Ou\u00e9draogo court plus vite que son ombre"},"content":{"rendered":"<p><span style=\"color: #ff6600\"><strong><a href=\"https:\/\/www.africa-press.net\/\">Africa-Press<\/a> &#8211; <a href=\"https:\/\/www.africa-press.net\/burkina-faso\">Burkina Faso<\/a>. <\/strong><\/span><b>En ce d\u00e9but du mois d\u2019avril, le Burkina a renou\u00e9 avec les d\u00e9lestages. On ne peut passer un seul jour sans coupure d\u2019\u00e9lectricit\u00e9. Les entreprises peinent \u00e0 travailler. Les m\u00e9nages font face \u00e0 de fortes vagues de chaleur. Pour r\u00e9sorber la situation, le pays se tourne vers l\u2019\u00e9nergie solaire. Le soleil est tellement prometteur que le ministre en charge du secteur r\u00eave de vendre l\u2019\u00e9lectricit\u00e9 aux autres pays. C\u2019est un beau r\u00eave ! A la limite de la provocation pour ceux qui vivent actuellement le calvaire des d\u00e9lestages.<\/b><\/p>\n<p>Les Burkinab\u00e8 sont cuits, sinon \u00ab biscuits \u00bb. Le pays fait face actuellement \u00e0 de fortes chaleurs. Les temp\u00e9ratures grimpent. M\u00eame \u00e0 l\u2019ombre, on s\u2019\u00e9touffe. Parfois 45 degr\u00e9s \u00e0 l\u2019ombre mais si on veut \u00eatre cynique comme Coluche, on pourrait dire qu\u2019on n\u2019est pas oblig\u00e9 de rester \u00e0 l\u2019ombre !<\/p>\n<p>Pour ne rien arranger, les d\u00e9lestages ont repris de plus belle. Apr\u00e8s deux ans de stabilisation, la situation repart en vadrouille. Pour pallier le probl\u00e8me, l\u2019\u00e9nergie solaire est une alternative. Des centrales solaires sont en construction. L\u2019espoir est permis. Sauf que depuis un moment, le ministre de l\u2019Energie, Bachir Isma\u00ebl Ou\u00e9draogo, promet \u00e0 tout vent que le Burkina va vendre de l\u2019\u00e9lectricit\u00e9.<\/p>\n<p>L\u2019id\u00e9e est bonne. Sauf qu\u2019\u00e0 cette \u00e9tape, ce discours est flatteur, trop flatteur, et m\u00eame un peu horripilant pour ceux qui passent plusieurs heures sans le pr\u00e9cieux jus. Les Moss\u00e9 diront que le ministre veut manger la farine avant de boire l\u2019eau. Il va donc vite en besogne. Et il risque de s\u2019\u00e9touffer !<\/p>\n<p>Le souhait des populations aujourd\u2019hui est d\u2019avoir de l\u2019\u00e9lectricit\u00e9. Une fois \u00e0 la maison, les m\u00e9nages veulent \u00e9viter les suffocations. Les entreprises veulent fonctionner correctement. Cela leur permettra de faire du profit. C\u2019est cela qui est la r\u00e9alit\u00e9. Pour le moment, les consommateurs en ont cure de savoir qu\u2019un jour le Burkina pourrait vendre de l\u2019\u00e9nergie \u00e0 des pays voisins ; voisins dont nous d\u00e9pendons aujourd\u2019hui \u00e0 plus de 50 % de nos besoins \u00e9nerg\u00e9tiques !<\/p>\n<p>M\u00eame l\u00e0, c\u2019est \u00e0 croire que les autres pays n\u2019ont pas de soleil. C\u2019est \u00e0 penser qu\u2019eux ils ne font pas de projection sur l\u2019avenir. Ces pays connaissent l\u2019importance de l\u2019\u00e9nergie. Si certains nous en vendent aujourd\u2019hui, c\u2019est parce qu\u2019ils ont eu une bonne vision d\u00e8s le d\u00e9part. Ils ont travaill\u00e9 d\u2019abord \u00e0 disponibiliser l\u2019\u00e9nergie pour leurs propres besoins. Ils ont fait les investissements n\u00e9cessaires. Ils ont exploit\u00e9 leurs atouts. Ils ne songeaient pas \u00e0 voler au secours d\u2019un autre pays. Pendant ce temps, le Burkina somnolait peut-\u00eatre.<\/p>\n<p>Il faut r\u00eaver grand. C\u2019est bien. Mais le discours du ministre en cette p\u00e9riode-ci r\u00e9sonne comme une injure \u00e0 l\u2019endroit des gens. Le pr\u00e9sident de l\u2019Assembl\u00e9e nationale l\u2019a m\u00eame relev\u00e9, qui l\u2019a vertement recadr\u00e9.<\/p>\n<p>Le peuple souffre. Ce discours est beaucoup plus populiste que donneur d\u2019espoir. Il faut travailler \u00e0 r\u00e9soudre les vrais probl\u00e8mes. Un vieux de la cit\u00e9 des cuirs nous a enseign\u00e9 un jour : Si tu ne vas pas fuir laisser ton ami, mieux vaut l\u2019assister. Le ministre devrait s\u2019en inspirer aussi.<\/p>\n<p><b>\u00a0<\/b><\/p>\n","protected":false},"excerpt":{"rendered":"<p>Africa-Press &#8211; Burkina Faso. En ce d\u00e9but du mois d\u2019avril, le Burkina a renou\u00e9 avec les d\u00e9lestages. On ne peut passer un seul jour sans coupure d\u2019\u00e9lectricit\u00e9. Les entreprises peinent \u00e0 travailler. Les m\u00e9nages font face \u00e0 de fortes vagues de chaleur. Pour r\u00e9sorber la situation, le pays se tourne vers l\u2019\u00e9nergie solaire. Le soleil [&hellip;]<\/p>\n","protected":false},"author":82,"featured_media":9942,"comment_status":"open","ping_status":"closed","sticky":false,"template":"","format":"standard","meta":{"footnotes":""},"categories":[3,11,10],"tags":[111,725,29],"class_list":["post-9943","post","type-post","status-publish","format-standard","has-post-thumbnail","hentry","category-economie","category-homepage-french","category-toutes-les-actualites","tag-africa-press","tag-africa-press-burkina-faso","tag-burkina-faso"],"yoast_head":"<!-- This site is optimized with the Yoast SEO Premium plugin v26.1 (Yoast SEO v27.0) - https:\/\/yoast.com\/product\/yoast-seo-premium-wordpress\/ -->\n<title>D\u00e9lestages au Burkina : Quand le ministre Bachir Isma\u00ebl Ou\u00e9draogo court plus vite que son ombre - Burkina Faso<\/title>\n<meta name=\"description\" content=\"En ce d\u00e9but du mois d\u2019avril, le Burkina a renou\u00e9 avec les d\u00e9lestages. On ne peut passer un seul jour sans coupure d\u2019\u00e9 ...\" \/>\n<meta name=\"robots\" content=\"index, follow, max-snippet:-1, max-image-preview:large, max-video-preview:-1\" \/>\n<link rel=\"canonical\" href=\"https:\/\/www.africa-press.net\/burkina-faso\/economie\/delestages-au-burkina-quand-le-ministre-bachir-ismael-ouedraogo-court-plus-vite-que-son-ombre\" \/>\n<meta property=\"og:locale\" content=\"fr_FR\" \/>\n<meta property=\"og:type\" content=\"article\" \/>\n<meta property=\"og:title\" content=\"D\u00e9lestages au Burkina : Quand le ministre Bachir Isma\u00ebl Ou\u00e9draogo court plus vite que son ombre\" \/>\n<meta property=\"og:description\" content=\"En ce d\u00e9but du mois d\u2019avril, le Burkina a renou\u00e9 avec les d\u00e9lestages. On ne peut passer un seul jour sans coupure d\u2019\u00e9 ...\" \/>\n<meta property=\"og:url\" content=\"https:\/\/www.africa-press.net\/burkina-faso\/economie\/delestages-au-burkina-quand-le-ministre-bachir-ismael-ouedraogo-court-plus-vite-que-son-ombre\" \/>\n<meta property=\"og:site_name\" content=\"Burkina Faso\" \/>\n<meta property=\"article:published_time\" content=\"2021-04-14T15:31:48+00:00\" \/>\n<meta property=\"og:image\" content=\"https:\/\/static.africa-press.net\/burkina\/sites\/42\/2021\/04\/img-6076efa38e3da.jpg\" \/>\n\t<meta property=\"og:image:width\" content=\"720\" \/>\n\t<meta property=\"og:image:height\" content=\"420\" \/>\n\t<meta property=\"og:image:type\" content=\"image\/jpeg\" \/>\n<meta name=\"author\" content=\"cfeditorfr\" \/>\n<meta name=\"twitter:card\" content=\"summary_large_image\" \/>\n<meta name=\"twitter:label1\" content=\"\u00c9crit par\" \/>\n\t<meta name=\"twitter:data1\" content=\"cfeditorfr\" \/>\n\t<meta name=\"twitter:label2\" content=\"Dur\u00e9e de lecture estim\u00e9e\" \/>\n\t<meta name=\"twitter:data2\" content=\"3 minutes\" \/>\n<script type=\"application\/ld+json\" class=\"yoast-schema-graph\">{\"@context\":\"https:\/\/schema.org\",\"@graph\":[{\"@type\":\"Article\",\"@id\":\"https:\/\/www.africa-press.net\/burkina-faso\/economie\/delestages-au-burkina-quand-le-ministre-bachir-ismael-ouedraogo-court-plus-vite-que-son-ombre#article\",\"isPartOf\":{\"@id\":\"https:\/\/www.africa-press.net\/burkina-faso\/economie\/delestages-au-burkina-quand-le-ministre-bachir-ismael-ouedraogo-court-plus-vite-que-son-ombre\"},\"author\":{\"name\":\"cfeditorfr\",\"@id\":\"https:\/\/www.africa-press.net\/burkina-faso\/#\/schema\/person\/2b1cf3cd81a31e3cd26889ca66d677f1\"},\"headline\":\"D\u00e9lestages au Burkina : Quand le ministre Bachir Isma\u00ebl Ou\u00e9draogo court plus vite que son ombre\",\"datePublished\":\"2021-04-14T15:31:48+00:00\",\"mainEntityOfPage\":{\"@id\":\"https:\/\/www.africa-press.net\/burkina-faso\/economie\/delestages-au-burkina-quand-le-ministre-bachir-ismael-ouedraogo-court-plus-vite-que-son-ombre\"},\"wordCount\":579,\"commentCount\":0,\"image\":{\"@id\":\"https:\/\/www.africa-press.net\/burkina-faso\/economie\/delestages-au-burkina-quand-le-ministre-bachir-ismael-ouedraogo-court-plus-vite-que-son-ombre#primaryimage\"},\"thumbnailUrl\":\"https:\/\/static.africa-press.net\/burkina\/sites\/42\/2021\/04\/img-6076efa38e3da.jpg\",\"keywords\":[\"Africa Press\",\"Africa Press-Burkina Faso\",\"Burkina Faso\"],\"articleSection\":[\"\u00c9conomie\",\"homepage-french\",\"Toutes les actualit\u00e9s\"],\"inLanguage\":\"fr-FR\",\"potentialAction\":[{\"@type\":\"CommentAction\",\"name\":\"Comment\",\"target\":[\"https:\/\/www.africa-press.net\/burkina-faso\/economie\/delestages-au-burkina-quand-le-ministre-bachir-ismael-ouedraogo-court-plus-vite-que-son-ombre#respond\"]}]},{\"@type\":\"WebPage\",\"@id\":\"https:\/\/www.africa-press.net\/burkina-faso\/economie\/delestages-au-burkina-quand-le-ministre-bachir-ismael-ouedraogo-court-plus-vite-que-son-ombre\",\"url\":\"https:\/\/www.africa-press.net\/burkina-faso\/economie\/delestages-au-burkina-quand-le-ministre-bachir-ismael-ouedraogo-court-plus-vite-que-son-ombre\",\"name\":\"D\u00e9lestages au Burkina : Quand le ministre Bachir Isma\u00ebl Ou\u00e9draogo court plus vite que son ombre - Burkina Faso\",\"isPartOf\":{\"@id\":\"https:\/\/www.africa-press.net\/burkina-faso\/#website\"},\"primaryImageOfPage\":{\"@id\":\"https:\/\/www.africa-press.net\/burkina-faso\/economie\/delestages-au-burkina-quand-le-ministre-bachir-ismael-ouedraogo-court-plus-vite-que-son-ombre#primaryimage\"},\"image\":{\"@id\":\"https:\/\/www.africa-press.net\/burkina-faso\/economie\/delestages-au-burkina-quand-le-ministre-bachir-ismael-ouedraogo-court-plus-vite-que-son-ombre#primaryimage\"},\"thumbnailUrl\":\"https:\/\/static.africa-press.net\/burkina\/sites\/42\/2021\/04\/img-6076efa38e3da.jpg\",\"datePublished\":\"2021-04-14T15:31:48+00:00\",\"author\":{\"@id\":\"https:\/\/www.africa-press.net\/burkina-faso\/#\/schema\/person\/2b1cf3cd81a31e3cd26889ca66d677f1\"},\"description\":\"En ce d\u00e9but du mois d\u2019avril, le Burkina a renou\u00e9 avec les d\u00e9lestages. On ne peut passer un seul jour sans coupure d\u2019\u00e9 ...\",\"breadcrumb\":{\"@id\":\"https:\/\/www.africa-press.net\/burkina-faso\/economie\/delestages-au-burkina-quand-le-ministre-bachir-ismael-ouedraogo-court-plus-vite-que-son-ombre#breadcrumb\"},\"inLanguage\":\"fr-FR\",\"potentialAction\":[{\"@type\":\"ReadAction\",\"target\":[\"https:\/\/www.africa-press.net\/burkina-faso\/economie\/delestages-au-burkina-quand-le-ministre-bachir-ismael-ouedraogo-court-plus-vite-que-son-ombre\"]}]},{\"@type\":\"ImageObject\",\"inLanguage\":\"fr-FR\",\"@id\":\"https:\/\/www.africa-press.net\/burkina-faso\/economie\/delestages-au-burkina-quand-le-ministre-bachir-ismael-ouedraogo-court-plus-vite-que-son-ombre#primaryimage\",\"url\":\"https:\/\/static.africa-press.net\/burkina\/sites\/42\/2021\/04\/img-6076efa38e3da.jpg\",\"contentUrl\":\"https:\/\/static.africa-press.net\/burkina\/sites\/42\/2021\/04\/img-6076efa38e3da.jpg\",\"width\":720,\"height\":420,\"caption\":\"D\u00e9lestages au Burkina : Quand le ministre Bachir Isma\u00ebl Ou\u00e9draogo court plus vite que son ombre\"},{\"@type\":\"BreadcrumbList\",\"@id\":\"https:\/\/www.africa-press.net\/burkina-faso\/economie\/delestages-au-burkina-quand-le-ministre-bachir-ismael-ouedraogo-court-plus-vite-que-son-ombre#breadcrumb\",\"itemListElement\":[{\"@type\":\"ListItem\",\"position\":1,\"name\":\"Accueil\",\"item\":\"https:\/\/www.africa-press.net\/burkina-faso\/\"},{\"@type\":\"ListItem\",\"position\":2,\"name\":\"D\u00e9lestages au Burkina : Quand le ministre Bachir Isma\u00ebl Ou\u00e9draogo court plus vite que son ombre\"}]},{\"@type\":\"WebSite\",\"@id\":\"https:\/\/www.africa-press.net\/burkina-faso\/#website\",\"url\":\"https:\/\/www.africa-press.net\/burkina-faso\/\",\"name\":\"Burkina Faso\",\"description\":\"Just another Africa News Agency Sites site\",\"potentialAction\":[{\"@type\":\"SearchAction\",\"target\":{\"@type\":\"EntryPoint\",\"urlTemplate\":\"https:\/\/www.africa-press.net\/burkina-faso\/?s={search_term_string}\"},\"query-input\":{\"@type\":\"PropertyValueSpecification\",\"valueRequired\":true,\"valueName\":\"search_term_string\"}}],\"inLanguage\":\"fr-FR\"},{\"@type\":\"Person\",\"@id\":\"https:\/\/www.africa-press.net\/burkina-faso\/#\/schema\/person\/2b1cf3cd81a31e3cd26889ca66d677f1\",\"name\":\"cfeditorfr\"}]}<\/script>\n<!-- \/ Yoast SEO Premium plugin. -->","yoast_head_json":{"title":"D\u00e9lestages au Burkina : Quand le ministre Bachir Isma\u00ebl Ou\u00e9draogo court plus vite que son ombre - Burkina Faso","description":"En ce d\u00e9but du mois d\u2019avril, le Burkina a renou\u00e9 avec les d\u00e9lestages. On ne peut passer un seul jour sans coupure d\u2019\u00e9 ...","robots":{"index":"index","follow":"follow","max-snippet":"max-snippet:-1","max-image-preview":"max-image-preview:large","max-video-preview":"max-video-preview:-1"},"canonical":"https:\/\/www.africa-press.net\/burkina-faso\/economie\/delestages-au-burkina-quand-le-ministre-bachir-ismael-ouedraogo-court-plus-vite-que-son-ombre","og_locale":"fr_FR","og_type":"article","og_title":"D\u00e9lestages au Burkina : Quand le ministre Bachir Isma\u00ebl Ou\u00e9draogo court plus vite que son ombre","og_description":"En ce d\u00e9but du mois d\u2019avril, le Burkina a renou\u00e9 avec les d\u00e9lestages. On ne peut passer un seul jour sans coupure d\u2019\u00e9 ...","og_url":"https:\/\/www.africa-press.net\/burkina-faso\/economie\/delestages-au-burkina-quand-le-ministre-bachir-ismael-ouedraogo-court-plus-vite-que-son-ombre","og_site_name":"Burkina Faso","article_published_time":"2021-04-14T15:31:48+00:00","og_image":[{"width":720,"height":420,"url":"https:\/\/static.africa-press.net\/burkina\/sites\/42\/2021\/04\/img-6076efa38e3da.jpg","type":"image\/jpeg"}],"author":"cfeditorfr","twitter_card":"summary_large_image","twitter_misc":{"\u00c9crit par":"cfeditorfr","Dur\u00e9e de lecture estim\u00e9e":"3 minutes"},"schema":{"@context":"https:\/\/schema.org","@graph":[{"@type":"Article","@id":"https:\/\/www.africa-press.net\/burkina-faso\/economie\/delestages-au-burkina-quand-le-ministre-bachir-ismael-ouedraogo-court-plus-vite-que-son-ombre#article","isPartOf":{"@id":"https:\/\/www.africa-press.net\/burkina-faso\/economie\/delestages-au-burkina-quand-le-ministre-bachir-ismael-ouedraogo-court-plus-vite-que-son-ombre"},"author":{"name":"cfeditorfr","@id":"https:\/\/www.africa-press.net\/burkina-faso\/#\/schema\/person\/2b1cf3cd81a31e3cd26889ca66d677f1"},"headline":"D\u00e9lestages au Burkina : Quand le ministre Bachir Isma\u00ebl Ou\u00e9draogo court plus vite que son ombre","datePublished":"2021-04-14T15:31:48+00:00","mainEntityOfPage":{"@id":"https:\/\/www.africa-press.net\/burkina-faso\/economie\/delestages-au-burkina-quand-le-ministre-bachir-ismael-ouedraogo-court-plus-vite-que-son-ombre"},"wordCount":579,"commentCount":0,"image":{"@id":"https:\/\/www.africa-press.net\/burkina-faso\/economie\/delestages-au-burkina-quand-le-ministre-bachir-ismael-ouedraogo-court-plus-vite-que-son-ombre#primaryimage"},"thumbnailUrl":"https:\/\/static.africa-press.net\/burkina\/sites\/42\/2021\/04\/img-6076efa38e3da.jpg","keywords":["Africa Press","Africa Press-Burkina Faso","Burkina Faso"],"articleSection":["\u00c9conomie","homepage-french","Toutes les actualit\u00e9s"],"inLanguage":"fr-FR","potentialAction":[{"@type":"CommentAction","name":"Comment","target":["https:\/\/www.africa-press.net\/burkina-faso\/economie\/delestages-au-burkina-quand-le-ministre-bachir-ismael-ouedraogo-court-plus-vite-que-son-ombre#respond"]}]},{"@type":"WebPage","@id":"https:\/\/www.africa-press.net\/burkina-faso\/economie\/delestages-au-burkina-quand-le-ministre-bachir-ismael-ouedraogo-court-plus-vite-que-son-ombre","url":"https:\/\/www.africa-press.net\/burkina-faso\/economie\/delestages-au-burkina-quand-le-ministre-bachir-ismael-ouedraogo-court-plus-vite-que-son-ombre","name":"D\u00e9lestages au Burkina : Quand le ministre Bachir Isma\u00ebl Ou\u00e9draogo court plus vite que son ombre - Burkina Faso","isPartOf":{"@id":"https:\/\/www.africa-press.net\/burkina-faso\/#website"},"primaryImageOfPage":{"@id":"https:\/\/www.africa-press.net\/burkina-faso\/economie\/delestages-au-burkina-quand-le-ministre-bachir-ismael-ouedraogo-court-plus-vite-que-son-ombre#primaryimage"},"image":{"@id":"https:\/\/www.africa-press.net\/burkina-faso\/economie\/delestages-au-burkina-quand-le-ministre-bachir-ismael-ouedraogo-court-plus-vite-que-son-ombre#primaryimage"},"thumbnailUrl":"https:\/\/static.africa-press.net\/burkina\/sites\/42\/2021\/04\/img-6076efa38e3da.jpg","datePublished":"2021-04-14T15:31:48+00:00","author":{"@id":"https:\/\/www.africa-press.net\/burkina-faso\/#\/schema\/person\/2b1cf3cd81a31e3cd26889ca66d677f1"},"description":"En ce d\u00e9but du mois d\u2019avril, le Burkina a renou\u00e9 avec les d\u00e9lestages. On ne peut passer un seul jour sans coupure d\u2019\u00e9 ...","breadcrumb":{"@id":"https:\/\/www.africa-press.net\/burkina-faso\/economie\/delestages-au-burkina-quand-le-ministre-bachir-ismael-ouedraogo-court-plus-vite-que-son-ombre#breadcrumb"},"inLanguage":"fr-FR","potentialAction":[{"@type":"ReadAction","target":["https:\/\/www.africa-press.net\/burkina-faso\/economie\/delestages-au-burkina-quand-le-ministre-bachir-ismael-ouedraogo-court-plus-vite-que-son-ombre"]}]},{"@type":"ImageObject","inLanguage":"fr-FR","@id":"https:\/\/www.africa-press.net\/burkina-faso\/economie\/delestages-au-burkina-quand-le-ministre-bachir-ismael-ouedraogo-court-plus-vite-que-son-ombre#primaryimage","url":"https:\/\/static.africa-press.net\/burkina\/sites\/42\/2021\/04\/img-6076efa38e3da.jpg","contentUrl":"https:\/\/static.africa-press.net\/burkina\/sites\/42\/2021\/04\/img-6076efa38e3da.jpg","width":720,"height":420,"caption":"D\u00e9lestages au Burkina : Quand le ministre Bachir Isma\u00ebl Ou\u00e9draogo court plus vite que son ombre"},{"@type":"BreadcrumbList","@id":"https:\/\/www.africa-press.net\/burkina-faso\/economie\/delestages-au-burkina-quand-le-ministre-bachir-ismael-ouedraogo-court-plus-vite-que-son-ombre#breadcrumb","itemListElement":[{"@type":"ListItem","position":1,"name":"Accueil","item":"https:\/\/www.africa-press.net\/burkina-faso\/"},{"@type":"ListItem","position":2,"name":"D\u00e9lestages au Burkina : Quand le ministre Bachir Isma\u00ebl Ou\u00e9draogo court plus vite que son ombre"}]},{"@type":"WebSite","@id":"https:\/\/www.africa-press.net\/burkina-faso\/#website","url":"https:\/\/www.africa-press.net\/burkina-faso\/","name":"Burkina Faso","description":"Just another Africa News Agency Sites site","potentialAction":[{"@type":"SearchAction","target":{"@type":"EntryPoint","urlTemplate":"https:\/\/www.africa-press.net\/burkina-faso\/?s={search_term_string}"},"query-input":{"@type":"PropertyValueSpecification","valueRequired":true,"valueName":"search_term_string"}}],"inLanguage":"fr-FR"},{"@type":"Person","@id":"https:\/\/www.africa-press.net\/burkina-faso\/#\/schema\/person\/2b1cf3cd81a31e3cd26889ca66d677f1","name":"cfeditorfr"}]}},"_links":{"self":[{"href":"https:\/\/www.africa-press.net\/burkina-faso\/wp-json\/wp\/v2\/posts\/9943","targetHints":{"allow":["GET"]}}],"collection":[{"href":"https:\/\/www.africa-press.net\/burkina-faso\/wp-json\/wp\/v2\/posts"}],"about":[{"href":"https:\/\/www.africa-press.net\/burkina-faso\/wp-json\/wp\/v2\/types\/post"}],"author":[{"embeddable":true,"href":"https:\/\/www.africa-press.net\/burkina-faso\/wp-json\/wp\/v2\/users\/82"}],"replies":[{"embeddable":true,"href":"https:\/\/www.africa-press.net\/burkina-faso\/wp-json\/wp\/v2\/comments?post=9943"}],"version-history":[{"count":0,"href":"https:\/\/www.africa-press.net\/burkina-faso\/wp-json\/wp\/v2\/posts\/9943\/revisions"}],"wp:featuredmedia":[{"embeddable":true,"href":"https:\/\/www.africa-press.net\/burkina-faso\/wp-json\/wp\/v2\/media\/9942"}],"wp:attachment":[{"href":"https:\/\/www.africa-press.net\/burkina-faso\/wp-json\/wp\/v2\/media?parent=9943"}],"wp:term":[{"taxonomy":"category","embeddable":true,"href":"https:\/\/www.africa-press.net\/burkina-faso\/wp-json\/wp\/v2\/categories?post=9943"},{"taxonomy":"post_tag","embeddable":true,"href":"https:\/\/www.africa-press.net\/burkina-faso\/wp-json\/wp\/v2\/tags?post=9943"}],"curies":[{"name":"wp","href":"https:\/\/api.w.org\/{rel}","templated":true}]}}