{"id":9946,"date":"2021-04-14T15:40:41","date_gmt":"2021-04-14T15:40:41","guid":{"rendered":"https:\/\/www.africa-press.net\/burkina-faso\/?p=9946"},"modified":"2021-04-14T15:00:43","modified_gmt":"2021-04-14T15:00:43","slug":"mali-le-president-du-cma-lancienne-rebellion-assassine-a-bamako","status":"publish","type":"post","link":"https:\/\/www.africa-press.net\/burkina-faso\/toutes-les-actualites\/mali-le-president-du-cma-lancienne-rebellion-assassine-a-bamako","title":{"rendered":"Mali: Le pr\u00e9sident du CMA, l\u2019ancienne r\u00e9bellion, assassin\u00e9 \u00e0 Bamako"},"content":{"rendered":"<p><span style=\"color: #ff6600\"><strong><a href=\"https:\/\/www.africa-press.net\/\">Africa-Press<\/a> &#8211; <a href=\"https:\/\/www.africa-press.net\/burkina-faso\">Burkina Faso<\/a>. <\/strong><\/span>Sidi Brahim Ould Sidati, le pr\u00e9sident en exercice de la Coordination des mouvements de l\u2019Azawad (CMA), a succomb\u00e9 \u00e0 ses blessures par balle dans une clinique de Bamako, la capitale malienne.<\/p>\n<p>Sidi Brahim Ould Sidati avait \u00e9t\u00e9 un peu plus t\u00f4t dans la matin\u00e9e de ce mardi 13 Avril 2021, la cible de tirs de deux personnes \u00e0 moto devant son domicile \u00e0 Bamako au Mali.<\/p>\n<p>Le pr\u00e9sident en exercice de la Coordination des mouvements de l\u2019Azawad (CMA) a \u00e9t\u00e9 touch\u00e9 avec un de ses compagnons d\u2019infortune. Transport\u00e9 dans une clinique, l\u2019ex-rebelle malien a succomb\u00e9 \u00e0 ses blessures.<\/p>\n<p>Avant de prendre la t\u00eate de la CMA, Sidi Brahim \u00e9tait au d\u00e9part le secr\u00e9taire g\u00e9n\u00e9ral du Mouvement arabe de l\u2019Azawad, le MAA puis a rejoint la CMA regroupant au plus fort de la rivalit\u00e9 entre les mouvements arm\u00e9s et Bamako.<\/p>\n<p>Le 20 juin 2015, cette importante figure de l\u2019ex-r\u00e9bellion malienne avait sign\u00e9 au nom de tous ces mouvements l\u2019accord de paix et de r\u00e9conciliation d\u2019Alger avec le gouvernement Malien. Kouam\u00e9 L.-Ph. Arnaud KOUAKOU Burkina24 Source : RFI<\/p>\n","protected":false},"excerpt":{"rendered":"<p>Africa-Press &#8211; Burkina Faso. Sidi Brahim Ould Sidati, le pr\u00e9sident en exercice de la Coordination des mouvements de l\u2019Azawad (CMA), a succomb\u00e9 \u00e0 ses blessures par balle dans une clinique de Bamako, la capitale malienne. Sidi Brahim Ould Sidati avait \u00e9t\u00e9 un peu plus t\u00f4t dans la matin\u00e9e de ce mardi 13 Avril 2021, la [&hellip;]<\/p>\n","protected":false},"author":82,"featured_media":9945,"comment_status":"open","ping_status":"closed","sticky":false,"template":"","format":"standard","meta":{"footnotes":""},"categories":[22,11,10],"tags":[111,725,29],"class_list":["post-9946","post","type-post","status-publish","format-standard","has-post-thumbnail","hentry","category-divers","category-homepage-french","category-toutes-les-actualites","tag-africa-press","tag-africa-press-burkina-faso","tag-burkina-faso"],"yoast_head":"<!-- This site is optimized with the Yoast SEO Premium plugin v26.1 (Yoast SEO v27.0) - https:\/\/yoast.com\/product\/yoast-seo-premium-wordpress\/ -->\n<title>Mali: Le pr\u00e9sident du CMA, l\u2019ancienne r\u00e9bellion, assassin\u00e9 \u00e0 Bamako - Burkina Faso<\/title>\n<meta name=\"description\" content=\"Sidi Brahim Ould Sidati, le pr\u00e9sident en exercice de la Coordination des mouvements de l\u2019Azawad (CMA), a succomb\u00e9 \u00e0 ses ...\" \/>\n<meta name=\"robots\" content=\"index, follow, max-snippet:-1, max-image-preview:large, max-video-preview:-1\" \/>\n<link rel=\"canonical\" href=\"https:\/\/www.africa-press.net\/burkina-faso\/toutes-les-actualites\/mali-le-president-du-cma-lancienne-rebellion-assassine-a-bamako\" \/>\n<meta property=\"og:locale\" content=\"fr_FR\" \/>\n<meta property=\"og:type\" content=\"article\" \/>\n<meta property=\"og:title\" content=\"Mali: Le pr\u00e9sident du CMA, l\u2019ancienne r\u00e9bellion, assassin\u00e9 \u00e0 Bamako\" \/>\n<meta property=\"og:description\" content=\"Sidi Brahim Ould Sidati, le pr\u00e9sident en exercice de la Coordination des mouvements de l\u2019Azawad (CMA), a succomb\u00e9 \u00e0 ses ...\" \/>\n<meta property=\"og:url\" content=\"https:\/\/www.africa-press.net\/burkina-faso\/toutes-les-actualites\/mali-le-president-du-cma-lancienne-rebellion-assassine-a-bamako\" \/>\n<meta property=\"og:site_name\" content=\"Burkina Faso\" \/>\n<meta property=\"article:published_time\" content=\"2021-04-14T15:40:41+00:00\" \/>\n<meta property=\"og:image\" content=\"https:\/\/static.africa-press.net\/burkina\/sites\/42\/2021\/04\/img-6076efd6e5d5f.jpg\" \/>\n\t<meta property=\"og:image:width\" content=\"720\" \/>\n\t<meta property=\"og:image:height\" content=\"360\" \/>\n\t<meta property=\"og:image:type\" content=\"image\/jpeg\" \/>\n<meta name=\"author\" content=\"cfeditorfr\" \/>\n<meta name=\"twitter:card\" content=\"summary_large_image\" \/>\n<meta name=\"twitter:label1\" content=\"\u00c9crit par\" \/>\n\t<meta name=\"twitter:data1\" content=\"cfeditorfr\" \/>\n\t<meta name=\"twitter:label2\" content=\"Dur\u00e9e de lecture estim\u00e9e\" \/>\n\t<meta name=\"twitter:data2\" content=\"1 minute\" \/>\n<script type=\"application\/ld+json\" class=\"yoast-schema-graph\">{\"@context\":\"https:\/\/schema.org\",\"@graph\":[{\"@type\":\"Article\",\"@id\":\"https:\/\/www.africa-press.net\/burkina-faso\/toutes-les-actualites\/mali-le-president-du-cma-lancienne-rebellion-assassine-a-bamako#article\",\"isPartOf\":{\"@id\":\"https:\/\/www.africa-press.net\/burkina-faso\/toutes-les-actualites\/mali-le-president-du-cma-lancienne-rebellion-assassine-a-bamako\"},\"author\":{\"name\":\"cfeditorfr\",\"@id\":\"https:\/\/www.africa-press.net\/burkina-faso\/#\/schema\/person\/2b1cf3cd81a31e3cd26889ca66d677f1\"},\"headline\":\"Mali: Le pr\u00e9sident du CMA, l\u2019ancienne r\u00e9bellion, assassin\u00e9 \u00e0 Bamako\",\"datePublished\":\"2021-04-14T15:40:41+00:00\",\"mainEntityOfPage\":{\"@id\":\"https:\/\/www.africa-press.net\/burkina-faso\/toutes-les-actualites\/mali-le-president-du-cma-lancienne-rebellion-assassine-a-bamako\"},\"wordCount\":204,\"commentCount\":0,\"image\":{\"@id\":\"https:\/\/www.africa-press.net\/burkina-faso\/toutes-les-actualites\/mali-le-president-du-cma-lancienne-rebellion-assassine-a-bamako#primaryimage\"},\"thumbnailUrl\":\"https:\/\/static.africa-press.net\/burkina\/sites\/42\/2021\/04\/img-6076efd6e5d5f.jpg\",\"keywords\":[\"Africa Press\",\"Africa Press-Burkina Faso\",\"Burkina Faso\"],\"articleSection\":[\"Divers\",\"homepage-french\",\"Toutes les actualit\u00e9s\"],\"inLanguage\":\"fr-FR\",\"potentialAction\":[{\"@type\":\"CommentAction\",\"name\":\"Comment\",\"target\":[\"https:\/\/www.africa-press.net\/burkina-faso\/toutes-les-actualites\/mali-le-president-du-cma-lancienne-rebellion-assassine-a-bamako#respond\"]}]},{\"@type\":\"WebPage\",\"@id\":\"https:\/\/www.africa-press.net\/burkina-faso\/toutes-les-actualites\/mali-le-president-du-cma-lancienne-rebellion-assassine-a-bamako\",\"url\":\"https:\/\/www.africa-press.net\/burkina-faso\/toutes-les-actualites\/mali-le-president-du-cma-lancienne-rebellion-assassine-a-bamako\",\"name\":\"Mali: Le pr\u00e9sident du CMA, l\u2019ancienne r\u00e9bellion, assassin\u00e9 \u00e0 Bamako - Burkina Faso\",\"isPartOf\":{\"@id\":\"https:\/\/www.africa-press.net\/burkina-faso\/#website\"},\"primaryImageOfPage\":{\"@id\":\"https:\/\/www.africa-press.net\/burkina-faso\/toutes-les-actualites\/mali-le-president-du-cma-lancienne-rebellion-assassine-a-bamako#primaryimage\"},\"image\":{\"@id\":\"https:\/\/www.africa-press.net\/burkina-faso\/toutes-les-actualites\/mali-le-president-du-cma-lancienne-rebellion-assassine-a-bamako#primaryimage\"},\"thumbnailUrl\":\"https:\/\/static.africa-press.net\/burkina\/sites\/42\/2021\/04\/img-6076efd6e5d5f.jpg\",\"datePublished\":\"2021-04-14T15:40:41+00:00\",\"author\":{\"@id\":\"https:\/\/www.africa-press.net\/burkina-faso\/#\/schema\/person\/2b1cf3cd81a31e3cd26889ca66d677f1\"},\"description\":\"Sidi Brahim Ould Sidati, le pr\u00e9sident en exercice de la Coordination des mouvements de l\u2019Azawad (CMA), a succomb\u00e9 \u00e0 ses ...\",\"breadcrumb\":{\"@id\":\"https:\/\/www.africa-press.net\/burkina-faso\/toutes-les-actualites\/mali-le-president-du-cma-lancienne-rebellion-assassine-a-bamako#breadcrumb\"},\"inLanguage\":\"fr-FR\",\"potentialAction\":[{\"@type\":\"ReadAction\",\"target\":[\"https:\/\/www.africa-press.net\/burkina-faso\/toutes-les-actualites\/mali-le-president-du-cma-lancienne-rebellion-assassine-a-bamako\"]}]},{\"@type\":\"ImageObject\",\"inLanguage\":\"fr-FR\",\"@id\":\"https:\/\/www.africa-press.net\/burkina-faso\/toutes-les-actualites\/mali-le-president-du-cma-lancienne-rebellion-assassine-a-bamako#primaryimage\",\"url\":\"https:\/\/static.africa-press.net\/burkina\/sites\/42\/2021\/04\/img-6076efd6e5d5f.jpg\",\"contentUrl\":\"https:\/\/static.africa-press.net\/burkina\/sites\/42\/2021\/04\/img-6076efd6e5d5f.jpg\",\"width\":720,\"height\":360,\"caption\":\"Mali: Le pr\u00e9sident du CMA, l\u2019ancienne r\u00e9bellion, assassin\u00e9 \u00e0 Bamako\"},{\"@type\":\"BreadcrumbList\",\"@id\":\"https:\/\/www.africa-press.net\/burkina-faso\/toutes-les-actualites\/mali-le-president-du-cma-lancienne-rebellion-assassine-a-bamako#breadcrumb\",\"itemListElement\":[{\"@type\":\"ListItem\",\"position\":1,\"name\":\"Accueil\",\"item\":\"https:\/\/www.africa-press.net\/burkina-faso\/\"},{\"@type\":\"ListItem\",\"position\":2,\"name\":\"Mali: Le pr\u00e9sident du CMA, l\u2019ancienne r\u00e9bellion, assassin\u00e9 \u00e0 Bamako\"}]},{\"@type\":\"WebSite\",\"@id\":\"https:\/\/www.africa-press.net\/burkina-faso\/#website\",\"url\":\"https:\/\/www.africa-press.net\/burkina-faso\/\",\"name\":\"Burkina Faso\",\"description\":\"Just another Africa News Agency Sites site\",\"potentialAction\":[{\"@type\":\"SearchAction\",\"target\":{\"@type\":\"EntryPoint\",\"urlTemplate\":\"https:\/\/www.africa-press.net\/burkina-faso\/?s={search_term_string}\"},\"query-input\":{\"@type\":\"PropertyValueSpecification\",\"valueRequired\":true,\"valueName\":\"search_term_string\"}}],\"inLanguage\":\"fr-FR\"},{\"@type\":\"Person\",\"@id\":\"https:\/\/www.africa-press.net\/burkina-faso\/#\/schema\/person\/2b1cf3cd81a31e3cd26889ca66d677f1\",\"name\":\"cfeditorfr\"}]}<\/script>\n<!-- \/ Yoast SEO Premium plugin. -->","yoast_head_json":{"title":"Mali: Le pr\u00e9sident du CMA, l\u2019ancienne r\u00e9bellion, assassin\u00e9 \u00e0 Bamako - Burkina Faso","description":"Sidi Brahim Ould Sidati, le pr\u00e9sident en exercice de la Coordination des mouvements de l\u2019Azawad (CMA), a succomb\u00e9 \u00e0 ses ...","robots":{"index":"index","follow":"follow","max-snippet":"max-snippet:-1","max-image-preview":"max-image-preview:large","max-video-preview":"max-video-preview:-1"},"canonical":"https:\/\/www.africa-press.net\/burkina-faso\/toutes-les-actualites\/mali-le-president-du-cma-lancienne-rebellion-assassine-a-bamako","og_locale":"fr_FR","og_type":"article","og_title":"Mali: Le pr\u00e9sident du CMA, l\u2019ancienne r\u00e9bellion, assassin\u00e9 \u00e0 Bamako","og_description":"Sidi Brahim Ould Sidati, le pr\u00e9sident en exercice de la Coordination des mouvements de l\u2019Azawad (CMA), a succomb\u00e9 \u00e0 ses ...","og_url":"https:\/\/www.africa-press.net\/burkina-faso\/toutes-les-actualites\/mali-le-president-du-cma-lancienne-rebellion-assassine-a-bamako","og_site_name":"Burkina Faso","article_published_time":"2021-04-14T15:40:41+00:00","og_image":[{"width":720,"height":360,"url":"https:\/\/static.africa-press.net\/burkina\/sites\/42\/2021\/04\/img-6076efd6e5d5f.jpg","type":"image\/jpeg"}],"author":"cfeditorfr","twitter_card":"summary_large_image","twitter_misc":{"\u00c9crit par":"cfeditorfr","Dur\u00e9e de lecture estim\u00e9e":"1 minute"},"schema":{"@context":"https:\/\/schema.org","@graph":[{"@type":"Article","@id":"https:\/\/www.africa-press.net\/burkina-faso\/toutes-les-actualites\/mali-le-president-du-cma-lancienne-rebellion-assassine-a-bamako#article","isPartOf":{"@id":"https:\/\/www.africa-press.net\/burkina-faso\/toutes-les-actualites\/mali-le-president-du-cma-lancienne-rebellion-assassine-a-bamako"},"author":{"name":"cfeditorfr","@id":"https:\/\/www.africa-press.net\/burkina-faso\/#\/schema\/person\/2b1cf3cd81a31e3cd26889ca66d677f1"},"headline":"Mali: Le pr\u00e9sident du CMA, l\u2019ancienne r\u00e9bellion, assassin\u00e9 \u00e0 Bamako","datePublished":"2021-04-14T15:40:41+00:00","mainEntityOfPage":{"@id":"https:\/\/www.africa-press.net\/burkina-faso\/toutes-les-actualites\/mali-le-president-du-cma-lancienne-rebellion-assassine-a-bamako"},"wordCount":204,"commentCount":0,"image":{"@id":"https:\/\/www.africa-press.net\/burkina-faso\/toutes-les-actualites\/mali-le-president-du-cma-lancienne-rebellion-assassine-a-bamako#primaryimage"},"thumbnailUrl":"https:\/\/static.africa-press.net\/burkina\/sites\/42\/2021\/04\/img-6076efd6e5d5f.jpg","keywords":["Africa Press","Africa Press-Burkina Faso","Burkina Faso"],"articleSection":["Divers","homepage-french","Toutes les actualit\u00e9s"],"inLanguage":"fr-FR","potentialAction":[{"@type":"CommentAction","name":"Comment","target":["https:\/\/www.africa-press.net\/burkina-faso\/toutes-les-actualites\/mali-le-president-du-cma-lancienne-rebellion-assassine-a-bamako#respond"]}]},{"@type":"WebPage","@id":"https:\/\/www.africa-press.net\/burkina-faso\/toutes-les-actualites\/mali-le-president-du-cma-lancienne-rebellion-assassine-a-bamako","url":"https:\/\/www.africa-press.net\/burkina-faso\/toutes-les-actualites\/mali-le-president-du-cma-lancienne-rebellion-assassine-a-bamako","name":"Mali: Le pr\u00e9sident du CMA, l\u2019ancienne r\u00e9bellion, assassin\u00e9 \u00e0 Bamako - Burkina Faso","isPartOf":{"@id":"https:\/\/www.africa-press.net\/burkina-faso\/#website"},"primaryImageOfPage":{"@id":"https:\/\/www.africa-press.net\/burkina-faso\/toutes-les-actualites\/mali-le-president-du-cma-lancienne-rebellion-assassine-a-bamako#primaryimage"},"image":{"@id":"https:\/\/www.africa-press.net\/burkina-faso\/toutes-les-actualites\/mali-le-president-du-cma-lancienne-rebellion-assassine-a-bamako#primaryimage"},"thumbnailUrl":"https:\/\/static.africa-press.net\/burkina\/sites\/42\/2021\/04\/img-6076efd6e5d5f.jpg","datePublished":"2021-04-14T15:40:41+00:00","author":{"@id":"https:\/\/www.africa-press.net\/burkina-faso\/#\/schema\/person\/2b1cf3cd81a31e3cd26889ca66d677f1"},"description":"Sidi Brahim Ould Sidati, le pr\u00e9sident en exercice de la Coordination des mouvements de l\u2019Azawad (CMA), a succomb\u00e9 \u00e0 ses ...","breadcrumb":{"@id":"https:\/\/www.africa-press.net\/burkina-faso\/toutes-les-actualites\/mali-le-president-du-cma-lancienne-rebellion-assassine-a-bamako#breadcrumb"},"inLanguage":"fr-FR","potentialAction":[{"@type":"ReadAction","target":["https:\/\/www.africa-press.net\/burkina-faso\/toutes-les-actualites\/mali-le-president-du-cma-lancienne-rebellion-assassine-a-bamako"]}]},{"@type":"ImageObject","inLanguage":"fr-FR","@id":"https:\/\/www.africa-press.net\/burkina-faso\/toutes-les-actualites\/mali-le-president-du-cma-lancienne-rebellion-assassine-a-bamako#primaryimage","url":"https:\/\/static.africa-press.net\/burkina\/sites\/42\/2021\/04\/img-6076efd6e5d5f.jpg","contentUrl":"https:\/\/static.africa-press.net\/burkina\/sites\/42\/2021\/04\/img-6076efd6e5d5f.jpg","width":720,"height":360,"caption":"Mali: Le pr\u00e9sident du CMA, l\u2019ancienne r\u00e9bellion, assassin\u00e9 \u00e0 Bamako"},{"@type":"BreadcrumbList","@id":"https:\/\/www.africa-press.net\/burkina-faso\/toutes-les-actualites\/mali-le-president-du-cma-lancienne-rebellion-assassine-a-bamako#breadcrumb","itemListElement":[{"@type":"ListItem","position":1,"name":"Accueil","item":"https:\/\/www.africa-press.net\/burkina-faso\/"},{"@type":"ListItem","position":2,"name":"Mali: Le pr\u00e9sident du CMA, l\u2019ancienne r\u00e9bellion, assassin\u00e9 \u00e0 Bamako"}]},{"@type":"WebSite","@id":"https:\/\/www.africa-press.net\/burkina-faso\/#website","url":"https:\/\/www.africa-press.net\/burkina-faso\/","name":"Burkina Faso","description":"Just another Africa News Agency Sites site","potentialAction":[{"@type":"SearchAction","target":{"@type":"EntryPoint","urlTemplate":"https:\/\/www.africa-press.net\/burkina-faso\/?s={search_term_string}"},"query-input":{"@type":"PropertyValueSpecification","valueRequired":true,"valueName":"search_term_string"}}],"inLanguage":"fr-FR"},{"@type":"Person","@id":"https:\/\/www.africa-press.net\/burkina-faso\/#\/schema\/person\/2b1cf3cd81a31e3cd26889ca66d677f1","name":"cfeditorfr"}]}},"_links":{"self":[{"href":"https:\/\/www.africa-press.net\/burkina-faso\/wp-json\/wp\/v2\/posts\/9946","targetHints":{"allow":["GET"]}}],"collection":[{"href":"https:\/\/www.africa-press.net\/burkina-faso\/wp-json\/wp\/v2\/posts"}],"about":[{"href":"https:\/\/www.africa-press.net\/burkina-faso\/wp-json\/wp\/v2\/types\/post"}],"author":[{"embeddable":true,"href":"https:\/\/www.africa-press.net\/burkina-faso\/wp-json\/wp\/v2\/users\/82"}],"replies":[{"embeddable":true,"href":"https:\/\/www.africa-press.net\/burkina-faso\/wp-json\/wp\/v2\/comments?post=9946"}],"version-history":[{"count":0,"href":"https:\/\/www.africa-press.net\/burkina-faso\/wp-json\/wp\/v2\/posts\/9946\/revisions"}],"wp:featuredmedia":[{"embeddable":true,"href":"https:\/\/www.africa-press.net\/burkina-faso\/wp-json\/wp\/v2\/media\/9945"}],"wp:attachment":[{"href":"https:\/\/www.africa-press.net\/burkina-faso\/wp-json\/wp\/v2\/media?parent=9946"}],"wp:term":[{"taxonomy":"category","embeddable":true,"href":"https:\/\/www.africa-press.net\/burkina-faso\/wp-json\/wp\/v2\/categories?post=9946"},{"taxonomy":"post_tag","embeddable":true,"href":"https:\/\/www.africa-press.net\/burkina-faso\/wp-json\/wp\/v2\/tags?post=9946"}],"curies":[{"name":"wp","href":"https:\/\/api.w.org\/{rel}","templated":true}]}}