{"id":9949,"date":"2021-04-14T15:43:29","date_gmt":"2021-04-14T15:43:29","guid":{"rendered":"https:\/\/www.africa-press.net\/burkina-faso\/?p=9949"},"modified":"2021-04-14T15:00:50","modified_gmt":"2021-04-14T15:00:50","slug":"twitter-sinstalle-au-ghana-pour-etablir-une-presence-en-afrique","status":"publish","type":"post","link":"https:\/\/www.africa-press.net\/burkina-faso\/toutes-les-actualites\/twitter-sinstalle-au-ghana-pour-etablir-une-presence-en-afrique","title":{"rendered":"Twitter s\u2019installe au Ghana pour \u00e9tablir une pr\u00e9sence en Afrique"},"content":{"rendered":"<p><span style=\"color: #ff6600\"><strong><a href=\"https:\/\/www.africa-press.net\/\">Africa-Press<\/a> &#8211; <a href=\"https:\/\/www.africa-press.net\/burkina-faso\">Burkina Faso<\/a>. <\/strong><\/span>Dans un billet de blog post\u00e9 le 12 avril 2021, Twitter a annonc\u00e9 l\u2019installation de ses premiers bureaux africains au Ghana. Pour l\u2019occasion, la firme cherche \u00e0 recruter onze personnes locales dans les domaines du design, de l\u2019ing\u00e9nierie, du marketing ou encore de la communication.<\/p>\n<p>\u00ab Aujourd\u2019hui, conform\u00e9ment \u00e0 notre strat\u00e9gie de croissance, nous sommes heureux d\u2019annoncer que nous sommes en train de constituer activement une \u00e9quipe au Ghana. Pour v\u00e9ritablement servir la conversation publique, nous devons \u00eatre davantage immerg\u00e9s dans les communaut\u00e9s riches et dynamiques qui alimentent les conversations qui ont lieu chaque jour sur le continent africain \u00bb, a \u00e9crit le r\u00e9seau social.<\/p>\n<p>Twitter a indiqu\u00e9 avoir port\u00e9 son choix sur le Ghana pour son histoire d\u00e9mocratique, sa culture de la libert\u00e9 d\u2019expression, ainsi que la libert\u00e9 en ligne et de l\u2019Internet ouvert, dont \u00ab l\u2019oiseau bleu \u00bb se dit d\u00e9fenseur.<\/p>\n<p>Les autorit\u00e9s ghan\u00e9ennes ont r\u00e9agi aux tweets du fondateur de Twitter, Jack Dorsey, qui a \u00e9galement annonc\u00e9 la nouvelle. C\u2019est une \u00ab excellente nouvelle \u00bb, pour le Pr\u00e9sident ghan\u00e9en, Nana Akufo-Addo. Il a salu\u00e9 \u00e0 travers un tweet \u00ab le d\u00e9but d\u2019un beau partenariat \u00bb. Pour l\u2019instant, la nouvelle \u00e9quipe travaille \u00e0 distance, mais Twitter explore \u00ab la possibilit\u00e9 d\u2019ouvrir un bureau au Ghana \u00e0 l\u2019avenir \u00bb.<\/p>\n<p>En rappel, la Capitale du Ghana, Accra, a \u00e9t\u00e9 choisie pour accueillir le secr\u00e9tariat de la Zone de libre-\u00e9change continentale africaine (ZLECAF). Il faut \u00e9galement rappeler que, de son c\u00f4t\u00e9, Facebook, qui a d\u00e9voil\u00e9 son projet de relier le continent gr\u00e2ce \u00e0 un immense c\u00e2ble sous-marin, a d\u00e9j\u00e0 plusieurs bureaux en Afrique, notamment au Nigeria, le pays le plus peupl\u00e9 du continent, \u00e9galement situ\u00e9 en Afrique de l\u2019Ouest.<\/p>\n","protected":false},"excerpt":{"rendered":"<p>Africa-Press &#8211; Burkina Faso. Dans un billet de blog post\u00e9 le 12 avril 2021, Twitter a annonc\u00e9 l\u2019installation de ses premiers bureaux africains au Ghana. Pour l\u2019occasion, la firme cherche \u00e0 recruter onze personnes locales dans les domaines du design, de l\u2019ing\u00e9nierie, du marketing ou encore de la communication. \u00ab Aujourd\u2019hui, conform\u00e9ment \u00e0 notre strat\u00e9gie [&hellip;]<\/p>\n","protected":false},"author":82,"featured_media":9948,"comment_status":"open","ping_status":"closed","sticky":false,"template":"","format":"standard","meta":{"footnotes":""},"categories":[22,11,10],"tags":[111,725,29],"class_list":["post-9949","post","type-post","status-publish","format-standard","has-post-thumbnail","hentry","category-divers","category-homepage-french","category-toutes-les-actualites","tag-africa-press","tag-africa-press-burkina-faso","tag-burkina-faso"],"yoast_head":"<!-- This site is optimized with the Yoast SEO Premium plugin v26.1 (Yoast SEO v27.0) - https:\/\/yoast.com\/product\/yoast-seo-premium-wordpress\/ -->\n<title>Twitter s\u2019installe au Ghana pour \u00e9tablir une pr\u00e9sence en Afrique - Burkina Faso<\/title>\n<meta name=\"description\" content=\"Dans un billet de blog post\u00e9 le 12 avril 2021, Twitter a annonc\u00e9 l\u2019installation de ses premiers bureaux africains au Gha ...\" \/>\n<meta name=\"robots\" content=\"index, follow, max-snippet:-1, max-image-preview:large, max-video-preview:-1\" \/>\n<link rel=\"canonical\" href=\"https:\/\/www.africa-press.net\/burkina-faso\/toutes-les-actualites\/twitter-sinstalle-au-ghana-pour-etablir-une-presence-en-afrique\" \/>\n<meta property=\"og:locale\" content=\"fr_FR\" \/>\n<meta property=\"og:type\" content=\"article\" \/>\n<meta property=\"og:title\" content=\"Twitter s\u2019installe au Ghana pour \u00e9tablir une pr\u00e9sence en Afrique\" \/>\n<meta property=\"og:description\" content=\"Dans un billet de blog post\u00e9 le 12 avril 2021, Twitter a annonc\u00e9 l\u2019installation de ses premiers bureaux africains au Gha ...\" \/>\n<meta property=\"og:url\" content=\"https:\/\/www.africa-press.net\/burkina-faso\/toutes-les-actualites\/twitter-sinstalle-au-ghana-pour-etablir-une-presence-en-afrique\" \/>\n<meta property=\"og:site_name\" content=\"Burkina Faso\" \/>\n<meta property=\"article:published_time\" content=\"2021-04-14T15:43:29+00:00\" \/>\n<meta property=\"og:image\" content=\"https:\/\/static.africa-press.net\/burkina\/sites\/42\/2021\/04\/img-6076f0061f14b.jpg\" \/>\n\t<meta property=\"og:image:width\" content=\"1024\" \/>\n\t<meta property=\"og:image:height\" content=\"578\" \/>\n\t<meta property=\"og:image:type\" content=\"image\/jpeg\" \/>\n<meta name=\"author\" content=\"cfeditorfr\" \/>\n<meta name=\"twitter:card\" content=\"summary_large_image\" \/>\n<meta name=\"twitter:label1\" content=\"\u00c9crit par\" \/>\n\t<meta name=\"twitter:data1\" content=\"cfeditorfr\" \/>\n\t<meta name=\"twitter:label2\" content=\"Dur\u00e9e de lecture estim\u00e9e\" \/>\n\t<meta name=\"twitter:data2\" content=\"2 minutes\" \/>\n<script type=\"application\/ld+json\" class=\"yoast-schema-graph\">{\"@context\":\"https:\/\/schema.org\",\"@graph\":[{\"@type\":\"Article\",\"@id\":\"https:\/\/www.africa-press.net\/burkina-faso\/toutes-les-actualites\/twitter-sinstalle-au-ghana-pour-etablir-une-presence-en-afrique#article\",\"isPartOf\":{\"@id\":\"https:\/\/www.africa-press.net\/burkina-faso\/toutes-les-actualites\/twitter-sinstalle-au-ghana-pour-etablir-une-presence-en-afrique\"},\"author\":{\"name\":\"cfeditorfr\",\"@id\":\"https:\/\/www.africa-press.net\/burkina-faso\/#\/schema\/person\/2b1cf3cd81a31e3cd26889ca66d677f1\"},\"headline\":\"Twitter s\u2019installe au Ghana pour \u00e9tablir une pr\u00e9sence en Afrique\",\"datePublished\":\"2021-04-14T15:43:29+00:00\",\"mainEntityOfPage\":{\"@id\":\"https:\/\/www.africa-press.net\/burkina-faso\/toutes-les-actualites\/twitter-sinstalle-au-ghana-pour-etablir-une-presence-en-afrique\"},\"wordCount\":312,\"commentCount\":0,\"image\":{\"@id\":\"https:\/\/www.africa-press.net\/burkina-faso\/toutes-les-actualites\/twitter-sinstalle-au-ghana-pour-etablir-une-presence-en-afrique#primaryimage\"},\"thumbnailUrl\":\"https:\/\/static.africa-press.net\/burkina\/sites\/42\/2021\/04\/img-6076f0061f14b.jpg\",\"keywords\":[\"Africa Press\",\"Africa Press-Burkina Faso\",\"Burkina Faso\"],\"articleSection\":[\"Divers\",\"homepage-french\",\"Toutes les actualit\u00e9s\"],\"inLanguage\":\"fr-FR\",\"potentialAction\":[{\"@type\":\"CommentAction\",\"name\":\"Comment\",\"target\":[\"https:\/\/www.africa-press.net\/burkina-faso\/toutes-les-actualites\/twitter-sinstalle-au-ghana-pour-etablir-une-presence-en-afrique#respond\"]}]},{\"@type\":\"WebPage\",\"@id\":\"https:\/\/www.africa-press.net\/burkina-faso\/toutes-les-actualites\/twitter-sinstalle-au-ghana-pour-etablir-une-presence-en-afrique\",\"url\":\"https:\/\/www.africa-press.net\/burkina-faso\/toutes-les-actualites\/twitter-sinstalle-au-ghana-pour-etablir-une-presence-en-afrique\",\"name\":\"Twitter s\u2019installe au Ghana pour \u00e9tablir une pr\u00e9sence en Afrique - Burkina Faso\",\"isPartOf\":{\"@id\":\"https:\/\/www.africa-press.net\/burkina-faso\/#website\"},\"primaryImageOfPage\":{\"@id\":\"https:\/\/www.africa-press.net\/burkina-faso\/toutes-les-actualites\/twitter-sinstalle-au-ghana-pour-etablir-une-presence-en-afrique#primaryimage\"},\"image\":{\"@id\":\"https:\/\/www.africa-press.net\/burkina-faso\/toutes-les-actualites\/twitter-sinstalle-au-ghana-pour-etablir-une-presence-en-afrique#primaryimage\"},\"thumbnailUrl\":\"https:\/\/static.africa-press.net\/burkina\/sites\/42\/2021\/04\/img-6076f0061f14b.jpg\",\"datePublished\":\"2021-04-14T15:43:29+00:00\",\"author\":{\"@id\":\"https:\/\/www.africa-press.net\/burkina-faso\/#\/schema\/person\/2b1cf3cd81a31e3cd26889ca66d677f1\"},\"description\":\"Dans un billet de blog post\u00e9 le 12 avril 2021, Twitter a annonc\u00e9 l\u2019installation de ses premiers bureaux africains au Gha ...\",\"breadcrumb\":{\"@id\":\"https:\/\/www.africa-press.net\/burkina-faso\/toutes-les-actualites\/twitter-sinstalle-au-ghana-pour-etablir-une-presence-en-afrique#breadcrumb\"},\"inLanguage\":\"fr-FR\",\"potentialAction\":[{\"@type\":\"ReadAction\",\"target\":[\"https:\/\/www.africa-press.net\/burkina-faso\/toutes-les-actualites\/twitter-sinstalle-au-ghana-pour-etablir-une-presence-en-afrique\"]}]},{\"@type\":\"ImageObject\",\"inLanguage\":\"fr-FR\",\"@id\":\"https:\/\/www.africa-press.net\/burkina-faso\/toutes-les-actualites\/twitter-sinstalle-au-ghana-pour-etablir-une-presence-en-afrique#primaryimage\",\"url\":\"https:\/\/static.africa-press.net\/burkina\/sites\/42\/2021\/04\/img-6076f0061f14b.jpg\",\"contentUrl\":\"https:\/\/static.africa-press.net\/burkina\/sites\/42\/2021\/04\/img-6076f0061f14b.jpg\",\"width\":1024,\"height\":578,\"caption\":\"Twitter s\u2019installe au Ghana pour \u00e9tablir une pr\u00e9sence en Afrique\"},{\"@type\":\"BreadcrumbList\",\"@id\":\"https:\/\/www.africa-press.net\/burkina-faso\/toutes-les-actualites\/twitter-sinstalle-au-ghana-pour-etablir-une-presence-en-afrique#breadcrumb\",\"itemListElement\":[{\"@type\":\"ListItem\",\"position\":1,\"name\":\"Accueil\",\"item\":\"https:\/\/www.africa-press.net\/burkina-faso\/\"},{\"@type\":\"ListItem\",\"position\":2,\"name\":\"Twitter s\u2019installe au Ghana pour \u00e9tablir une pr\u00e9sence en Afrique\"}]},{\"@type\":\"WebSite\",\"@id\":\"https:\/\/www.africa-press.net\/burkina-faso\/#website\",\"url\":\"https:\/\/www.africa-press.net\/burkina-faso\/\",\"name\":\"Burkina Faso\",\"description\":\"Just another Africa News Agency Sites site\",\"potentialAction\":[{\"@type\":\"SearchAction\",\"target\":{\"@type\":\"EntryPoint\",\"urlTemplate\":\"https:\/\/www.africa-press.net\/burkina-faso\/?s={search_term_string}\"},\"query-input\":{\"@type\":\"PropertyValueSpecification\",\"valueRequired\":true,\"valueName\":\"search_term_string\"}}],\"inLanguage\":\"fr-FR\"},{\"@type\":\"Person\",\"@id\":\"https:\/\/www.africa-press.net\/burkina-faso\/#\/schema\/person\/2b1cf3cd81a31e3cd26889ca66d677f1\",\"name\":\"cfeditorfr\"}]}<\/script>\n<!-- \/ Yoast SEO Premium plugin. -->","yoast_head_json":{"title":"Twitter s\u2019installe au Ghana pour \u00e9tablir une pr\u00e9sence en Afrique - Burkina Faso","description":"Dans un billet de blog post\u00e9 le 12 avril 2021, Twitter a annonc\u00e9 l\u2019installation de ses premiers bureaux africains au Gha ...","robots":{"index":"index","follow":"follow","max-snippet":"max-snippet:-1","max-image-preview":"max-image-preview:large","max-video-preview":"max-video-preview:-1"},"canonical":"https:\/\/www.africa-press.net\/burkina-faso\/toutes-les-actualites\/twitter-sinstalle-au-ghana-pour-etablir-une-presence-en-afrique","og_locale":"fr_FR","og_type":"article","og_title":"Twitter s\u2019installe au Ghana pour \u00e9tablir une pr\u00e9sence en Afrique","og_description":"Dans un billet de blog post\u00e9 le 12 avril 2021, Twitter a annonc\u00e9 l\u2019installation de ses premiers bureaux africains au Gha ...","og_url":"https:\/\/www.africa-press.net\/burkina-faso\/toutes-les-actualites\/twitter-sinstalle-au-ghana-pour-etablir-une-presence-en-afrique","og_site_name":"Burkina Faso","article_published_time":"2021-04-14T15:43:29+00:00","og_image":[{"width":1024,"height":578,"url":"https:\/\/static.africa-press.net\/burkina\/sites\/42\/2021\/04\/img-6076f0061f14b.jpg","type":"image\/jpeg"}],"author":"cfeditorfr","twitter_card":"summary_large_image","twitter_misc":{"\u00c9crit par":"cfeditorfr","Dur\u00e9e de lecture estim\u00e9e":"2 minutes"},"schema":{"@context":"https:\/\/schema.org","@graph":[{"@type":"Article","@id":"https:\/\/www.africa-press.net\/burkina-faso\/toutes-les-actualites\/twitter-sinstalle-au-ghana-pour-etablir-une-presence-en-afrique#article","isPartOf":{"@id":"https:\/\/www.africa-press.net\/burkina-faso\/toutes-les-actualites\/twitter-sinstalle-au-ghana-pour-etablir-une-presence-en-afrique"},"author":{"name":"cfeditorfr","@id":"https:\/\/www.africa-press.net\/burkina-faso\/#\/schema\/person\/2b1cf3cd81a31e3cd26889ca66d677f1"},"headline":"Twitter s\u2019installe au Ghana pour \u00e9tablir une pr\u00e9sence en Afrique","datePublished":"2021-04-14T15:43:29+00:00","mainEntityOfPage":{"@id":"https:\/\/www.africa-press.net\/burkina-faso\/toutes-les-actualites\/twitter-sinstalle-au-ghana-pour-etablir-une-presence-en-afrique"},"wordCount":312,"commentCount":0,"image":{"@id":"https:\/\/www.africa-press.net\/burkina-faso\/toutes-les-actualites\/twitter-sinstalle-au-ghana-pour-etablir-une-presence-en-afrique#primaryimage"},"thumbnailUrl":"https:\/\/static.africa-press.net\/burkina\/sites\/42\/2021\/04\/img-6076f0061f14b.jpg","keywords":["Africa Press","Africa Press-Burkina Faso","Burkina Faso"],"articleSection":["Divers","homepage-french","Toutes les actualit\u00e9s"],"inLanguage":"fr-FR","potentialAction":[{"@type":"CommentAction","name":"Comment","target":["https:\/\/www.africa-press.net\/burkina-faso\/toutes-les-actualites\/twitter-sinstalle-au-ghana-pour-etablir-une-presence-en-afrique#respond"]}]},{"@type":"WebPage","@id":"https:\/\/www.africa-press.net\/burkina-faso\/toutes-les-actualites\/twitter-sinstalle-au-ghana-pour-etablir-une-presence-en-afrique","url":"https:\/\/www.africa-press.net\/burkina-faso\/toutes-les-actualites\/twitter-sinstalle-au-ghana-pour-etablir-une-presence-en-afrique","name":"Twitter s\u2019installe au Ghana pour \u00e9tablir une pr\u00e9sence en Afrique - Burkina Faso","isPartOf":{"@id":"https:\/\/www.africa-press.net\/burkina-faso\/#website"},"primaryImageOfPage":{"@id":"https:\/\/www.africa-press.net\/burkina-faso\/toutes-les-actualites\/twitter-sinstalle-au-ghana-pour-etablir-une-presence-en-afrique#primaryimage"},"image":{"@id":"https:\/\/www.africa-press.net\/burkina-faso\/toutes-les-actualites\/twitter-sinstalle-au-ghana-pour-etablir-une-presence-en-afrique#primaryimage"},"thumbnailUrl":"https:\/\/static.africa-press.net\/burkina\/sites\/42\/2021\/04\/img-6076f0061f14b.jpg","datePublished":"2021-04-14T15:43:29+00:00","author":{"@id":"https:\/\/www.africa-press.net\/burkina-faso\/#\/schema\/person\/2b1cf3cd81a31e3cd26889ca66d677f1"},"description":"Dans un billet de blog post\u00e9 le 12 avril 2021, Twitter a annonc\u00e9 l\u2019installation de ses premiers bureaux africains au Gha ...","breadcrumb":{"@id":"https:\/\/www.africa-press.net\/burkina-faso\/toutes-les-actualites\/twitter-sinstalle-au-ghana-pour-etablir-une-presence-en-afrique#breadcrumb"},"inLanguage":"fr-FR","potentialAction":[{"@type":"ReadAction","target":["https:\/\/www.africa-press.net\/burkina-faso\/toutes-les-actualites\/twitter-sinstalle-au-ghana-pour-etablir-une-presence-en-afrique"]}]},{"@type":"ImageObject","inLanguage":"fr-FR","@id":"https:\/\/www.africa-press.net\/burkina-faso\/toutes-les-actualites\/twitter-sinstalle-au-ghana-pour-etablir-une-presence-en-afrique#primaryimage","url":"https:\/\/static.africa-press.net\/burkina\/sites\/42\/2021\/04\/img-6076f0061f14b.jpg","contentUrl":"https:\/\/static.africa-press.net\/burkina\/sites\/42\/2021\/04\/img-6076f0061f14b.jpg","width":1024,"height":578,"caption":"Twitter s\u2019installe au Ghana pour \u00e9tablir une pr\u00e9sence en Afrique"},{"@type":"BreadcrumbList","@id":"https:\/\/www.africa-press.net\/burkina-faso\/toutes-les-actualites\/twitter-sinstalle-au-ghana-pour-etablir-une-presence-en-afrique#breadcrumb","itemListElement":[{"@type":"ListItem","position":1,"name":"Accueil","item":"https:\/\/www.africa-press.net\/burkina-faso\/"},{"@type":"ListItem","position":2,"name":"Twitter s\u2019installe au Ghana pour \u00e9tablir une pr\u00e9sence en Afrique"}]},{"@type":"WebSite","@id":"https:\/\/www.africa-press.net\/burkina-faso\/#website","url":"https:\/\/www.africa-press.net\/burkina-faso\/","name":"Burkina Faso","description":"Just another Africa News Agency Sites site","potentialAction":[{"@type":"SearchAction","target":{"@type":"EntryPoint","urlTemplate":"https:\/\/www.africa-press.net\/burkina-faso\/?s={search_term_string}"},"query-input":{"@type":"PropertyValueSpecification","valueRequired":true,"valueName":"search_term_string"}}],"inLanguage":"fr-FR"},{"@type":"Person","@id":"https:\/\/www.africa-press.net\/burkina-faso\/#\/schema\/person\/2b1cf3cd81a31e3cd26889ca66d677f1","name":"cfeditorfr"}]}},"_links":{"self":[{"href":"https:\/\/www.africa-press.net\/burkina-faso\/wp-json\/wp\/v2\/posts\/9949","targetHints":{"allow":["GET"]}}],"collection":[{"href":"https:\/\/www.africa-press.net\/burkina-faso\/wp-json\/wp\/v2\/posts"}],"about":[{"href":"https:\/\/www.africa-press.net\/burkina-faso\/wp-json\/wp\/v2\/types\/post"}],"author":[{"embeddable":true,"href":"https:\/\/www.africa-press.net\/burkina-faso\/wp-json\/wp\/v2\/users\/82"}],"replies":[{"embeddable":true,"href":"https:\/\/www.africa-press.net\/burkina-faso\/wp-json\/wp\/v2\/comments?post=9949"}],"version-history":[{"count":0,"href":"https:\/\/www.africa-press.net\/burkina-faso\/wp-json\/wp\/v2\/posts\/9949\/revisions"}],"wp:featuredmedia":[{"embeddable":true,"href":"https:\/\/www.africa-press.net\/burkina-faso\/wp-json\/wp\/v2\/media\/9948"}],"wp:attachment":[{"href":"https:\/\/www.africa-press.net\/burkina-faso\/wp-json\/wp\/v2\/media?parent=9949"}],"wp:term":[{"taxonomy":"category","embeddable":true,"href":"https:\/\/www.africa-press.net\/burkina-faso\/wp-json\/wp\/v2\/categories?post=9949"},{"taxonomy":"post_tag","embeddable":true,"href":"https:\/\/www.africa-press.net\/burkina-faso\/wp-json\/wp\/v2\/tags?post=9949"}],"curies":[{"name":"wp","href":"https:\/\/api.w.org\/{rel}","templated":true}]}}