{"id":9964,"date":"2021-04-15T12:45:42","date_gmt":"2021-04-15T12:45:42","guid":{"rendered":"https:\/\/www.africa-press.net\/burkina-faso\/?p=9964"},"modified":"2021-04-15T14:29:34","modified_gmt":"2021-04-15T14:29:34","slug":"cellule-info-stocks-de-la-cedeao-la-gestion-de-linsecurite-alimentaire-en-periode-de-crise-sanitaire-au-coeur-de-la-reunion-annuelle-a-ouagadougou","status":"publish","type":"post","link":"https:\/\/www.africa-press.net\/burkina-faso\/toutes-les-actualites\/cellule-info-stocks-de-la-cedeao-la-gestion-de-linsecurite-alimentaire-en-periode-de-crise-sanitaire-au-coeur-de-la-reunion-annuelle-a-ouagadougou","title":{"rendered":"Cellule Info-Stocks de la CEDEAO : La gestion de l\u2019ins\u00e9curit\u00e9 alimentaire en p\u00e9riode de crise sanitaire au c\u0153ur de la r\u00e9union annuelle \u00e0 Ouagadougou"},"content":{"rendered":"<p><span style=\"color: #ff6600\"><strong><a href=\"https:\/\/www.africa-press.net\/\">Africa-Press<\/a> &#8211; <a href=\"https:\/\/www.africa-press.net\/burkina-faso\">Burkina Faso<\/a>. <\/strong><\/span><b>Le secr\u00e9taire g\u00e9n\u00e9ral du minist\u00e8re en charge de l\u2019Agriculture a pr\u00e9sid\u00e9 ce mercredi 14 avril 2021, l\u2019ouverture de la r\u00e9union annuelle de la Cellule Info-Stocks 2021 de la CEDEAO. Cette r\u00e9union se d\u00e9roulera sur trois jours autour du th\u00e8me \u00ab Gestion de l\u2019ins\u00e9curit\u00e9 alimentaire en temps de crise sanitaire : d\u00e9fis pour la collecte des donn\u00e9es, l\u2019analyse de la situation alimentaire et le d\u00e9ploiement des r\u00e9ponses par les pays et les acteurs r\u00e9gionaux. \u00bb<\/b><\/p>\n<p>Pour aider les pays membres \u00e0 faire face \u00e0 d\u2019\u00e9ventuelles crises alimentaires, la CEDEAO a adopt\u00e9 une strat\u00e9gie r\u00e9gionale de stockage de s\u00e9curit\u00e9 alimentaire et a mis en place une R\u00e9serve r\u00e9gionale de s\u00e9curit\u00e9 alimentaire (RRSA). Cette r\u00e9serve peut \u00eatre mobilis\u00e9e par les pays membres de la CEDEAO en compl\u00e9ment de leurs capacit\u00e9s nationales de r\u00e9ponse aux crises alimentaires. A titre illustratif, en 2020, le Burkina Faso a obtenu de la RRSA, 954 tonnes de c\u00e9r\u00e9ales, le Mali a b\u00e9n\u00e9fici\u00e9 de 793 tonnes de c\u00e9r\u00e9ales, le Niger de 473 tonnes de c\u00e9r\u00e9ales et 205 tonnes de farines enrichies, et le Nig\u00e9ria a b\u00e9n\u00e9fici\u00e9 de 3 999 tonnes de c\u00e9r\u00e9ales.<\/p>\n<p>A en croire le Repr\u00e9sentant r\u00e9sident de la CEDEAO au Burkina Faso, Ti\u00e9na Coulibaly, ce sont ainsi 6 219 tonnes de c\u00e9r\u00e9ales et 205 tonnes de farines enrichies qui ont \u00e9t\u00e9 remises aux autorit\u00e9s de ces quatre pays les plus touch\u00e9s de la sous-r\u00e9gion ouest-africaine, en utilisant la modalit\u00e9 du tiers-payant pour la reconstitution des stocks de la R\u00e9serve.<\/p>\n<p>Un appui qui a \u00e9t\u00e9 possible gr\u00e2ce \u00e0 l\u2019accompagnement de l\u2019Union europ\u00e9enne qui a financ\u00e9 cette op\u00e9ration d\u2019appui aux quatre pays \u00e0 travers le projet d\u2019appui au stockage de s\u00e9curit\u00e9 alimentaire qu\u2019elle finance \u00e0 hauteur de 56 millions d\u2019euros.<br \/>\nDepuis 2017, la R\u00e9serve r\u00e9gionale de s\u00e9curit\u00e9 alimentaire a \u00e9t\u00e9 sollicit\u00e9e une dizaine de fois par six pays de la CEDEAO (Burkina Faso, Cap-Vert, Mali, Niger, Nig\u00e9ria et S\u00e9n\u00e9gal) pour des interventions en r\u00e9ponse \u00e0 des crises alimentaires et une fois par le Ghana dans le cadre d\u2019une rotation technique. La RRSA se veut donc un outil important pour la CEDEAO en mati\u00e8re de lutte contre les crises alimentaires et nutritionnelles.<\/p>\n<p>C\u2019est pourquoi avec un capital de plus 32 000 tonnes, qui sera port\u00e9 \u00e0 40 000 tonnes avec les acquisitions en cours, et en tenant compte de la croissance des populations vuln\u00e9rables au regard des crises que traversent certains pays de la r\u00e9gion ouest-africaine, la RRSA a besoin de renforcer ses capacit\u00e9s d\u2019intervention. \u00ab La production d\u2019information sur la s\u00e9curit\u00e9 alimentaire et nutritionnelle se trouve au c\u0153ur du fonctionnement de la R\u00e9serve r\u00e9gionale. Le suivi r\u00e9gulier de la situation alimentaire et nutritionnelle des pays de la r\u00e9gion permet \u00e0 la RRSA d\u2019anticiper d\u2019\u00e9ventuelles situations de crises alimentaires \u00bb, a laiss\u00e9 entendre le Repr\u00e9sentant-r\u00e9sident de la CEDEAO, Ti\u00e9na Coulibaly.<\/p>\n<p><b>Un \u00e9tat pr\u00e9occupant de la s\u00e9curit\u00e9 alimentaire<\/b><\/p>\n<p>Le th\u00e8me de la pr\u00e9sente r\u00e9union de la Cellule Info-Stocks de la CEDEAO, \u00ab Gestion de l\u2019ins\u00e9curit\u00e9 alimentaire en temps de crise sanitaire : D\u00e9fis pour la collecte des donn\u00e9es, l\u2019analyse de la situation alimentaire et le d\u00e9ploiement des r\u00e9ponses par les pays et les acteurs r\u00e9gionaux \u00bb, vient donc \u00e0 point nomm\u00e9 \u00e0 en croire le secr\u00e9taire g\u00e9n\u00e9ral du minist\u00e8re de l\u2019Agriculture, des Am\u00e9nagements hydroagricoles et de la M\u00e9canisation, Yassia Kindo. Il souligne en effet que l\u2019\u00e9tat des lieux de la s\u00e9curit\u00e9 alimentaire est pr\u00e9occupant, car selon les analyses, au moins 27 millions de personnes seront en situation de crise alimentaire en p\u00e9riode de soudure 2021, si rien n\u2019est fait.<\/p>\n<p>Au cours de cette r\u00e9union, les participants venus des 17 pays de la CEDEAO, du CILSS et de l\u2019UEMOA \u00e9changeront donc sur la situation alimentaire et nutritionnelle en 2020, de celle projet\u00e9e pour la p\u00e9riode de soudure 2021 et sur les perspectives d\u2019intervention. Ils feront \u00e9galement le point du fonctionnement de la RRSA avec les acteurs nationaux et r\u00e9gionaux qui assurent la r\u00e9ponse aux crises alimentaires dans les pays du Sahel et de l\u2019Afrique de l\u2019Ouest et feront des recommandations pour la p\u00e9riode de soudure 2021.<\/p>\n<p><b>Justine Bonkoungou<br \/>\n<\/b><\/p>\n","protected":false},"excerpt":{"rendered":"<p>Africa-Press &#8211; Burkina Faso. Le secr\u00e9taire g\u00e9n\u00e9ral du minist\u00e8re en charge de l\u2019Agriculture a pr\u00e9sid\u00e9 ce mercredi 14 avril 2021, l\u2019ouverture de la r\u00e9union annuelle de la Cellule Info-Stocks 2021 de la CEDEAO. Cette r\u00e9union se d\u00e9roulera sur trois jours autour du th\u00e8me \u00ab Gestion de l\u2019ins\u00e9curit\u00e9 alimentaire en temps de crise sanitaire : d\u00e9fis [&hellip;]<\/p>\n","protected":false},"author":82,"featured_media":9963,"comment_status":"open","ping_status":"closed","sticky":false,"template":"","format":"standard","meta":{"footnotes":""},"categories":[21,11,10],"tags":[111,725,29],"class_list":["post-9964","post","type-post","status-publish","format-standard","has-post-thumbnail","hentry","category-communaute","category-homepage-french","category-toutes-les-actualites","tag-africa-press","tag-africa-press-burkina-faso","tag-burkina-faso"],"yoast_head":"<!-- This site is optimized with the Yoast SEO Premium plugin v26.1 (Yoast SEO v27.0) - https:\/\/yoast.com\/product\/yoast-seo-premium-wordpress\/ -->\n<title>Cellule Info-Stocks de la CEDEAO : La gestion de l\u2019ins\u00e9curit\u00e9 alimentaire en p\u00e9riode de crise sanitaire au c\u0153ur de la r\u00e9union annuelle \u00e0 Ouagadougou - Burkina Faso<\/title>\n<meta name=\"description\" content=\"Le secr\u00e9taire g\u00e9n\u00e9ral du minist\u00e8re en charge de l\u2019Agriculture a pr\u00e9sid\u00e9 ce mercredi 14 avril 2021, l\u2019ouverture de la ...\" \/>\n<meta name=\"robots\" content=\"index, follow, max-snippet:-1, max-image-preview:large, max-video-preview:-1\" \/>\n<link rel=\"canonical\" href=\"https:\/\/www.africa-press.net\/burkina-faso\/toutes-les-actualites\/cellule-info-stocks-de-la-cedeao-la-gestion-de-linsecurite-alimentaire-en-periode-de-crise-sanitaire-au-coeur-de-la-reunion-annuelle-a-ouagadougou\" \/>\n<meta property=\"og:locale\" content=\"fr_FR\" \/>\n<meta property=\"og:type\" content=\"article\" \/>\n<meta property=\"og:title\" content=\"Cellule Info-Stocks de la CEDEAO : La gestion de l\u2019ins\u00e9curit\u00e9 alimentaire en p\u00e9riode de crise sanitaire au c\u0153ur de la r\u00e9union annuelle \u00e0 Ouagadougou\" \/>\n<meta property=\"og:description\" content=\"Le secr\u00e9taire g\u00e9n\u00e9ral du minist\u00e8re en charge de l\u2019Agriculture a pr\u00e9sid\u00e9 ce mercredi 14 avril 2021, l\u2019ouverture de la ...\" \/>\n<meta property=\"og:url\" content=\"https:\/\/www.africa-press.net\/burkina-faso\/toutes-les-actualites\/cellule-info-stocks-de-la-cedeao-la-gestion-de-linsecurite-alimentaire-en-periode-de-crise-sanitaire-au-coeur-de-la-reunion-annuelle-a-ouagadougou\" \/>\n<meta property=\"og:site_name\" content=\"Burkina Faso\" \/>\n<meta property=\"article:published_time\" content=\"2021-04-15T12:45:42+00:00\" \/>\n<meta property=\"article:modified_time\" content=\"2021-04-15T14:29:34+00:00\" \/>\n<meta property=\"og:image\" content=\"https:\/\/static.africa-press.net\/burkina\/sites\/42\/2021\/04\/img-6078347383e67.jpg\" \/>\n\t<meta property=\"og:image:width\" content=\"720\" \/>\n\t<meta property=\"og:image:height\" content=\"405\" \/>\n\t<meta property=\"og:image:type\" content=\"image\/jpeg\" \/>\n<meta name=\"author\" content=\"cfeditorfr\" \/>\n<meta name=\"twitter:card\" content=\"summary_large_image\" \/>\n<meta name=\"twitter:label1\" content=\"\u00c9crit par\" \/>\n\t<meta name=\"twitter:data1\" content=\"cfeditorfr\" \/>\n\t<meta name=\"twitter:label2\" content=\"Dur\u00e9e de lecture estim\u00e9e\" \/>\n\t<meta name=\"twitter:data2\" content=\"4 minutes\" \/>\n<script type=\"application\/ld+json\" class=\"yoast-schema-graph\">{\"@context\":\"https:\/\/schema.org\",\"@graph\":[{\"@type\":\"Article\",\"@id\":\"https:\/\/www.africa-press.net\/burkina-faso\/toutes-les-actualites\/cellule-info-stocks-de-la-cedeao-la-gestion-de-linsecurite-alimentaire-en-periode-de-crise-sanitaire-au-coeur-de-la-reunion-annuelle-a-ouagadougou#article\",\"isPartOf\":{\"@id\":\"https:\/\/www.africa-press.net\/burkina-faso\/toutes-les-actualites\/cellule-info-stocks-de-la-cedeao-la-gestion-de-linsecurite-alimentaire-en-periode-de-crise-sanitaire-au-coeur-de-la-reunion-annuelle-a-ouagadougou\"},\"author\":{\"name\":\"cfeditorfr\",\"@id\":\"https:\/\/www.africa-press.net\/burkina-faso\/#\/schema\/person\/2b1cf3cd81a31e3cd26889ca66d677f1\"},\"headline\":\"Cellule Info-Stocks de la CEDEAO : La gestion de l\u2019ins\u00e9curit\u00e9 alimentaire en p\u00e9riode de crise sanitaire au c\u0153ur de la r\u00e9union annuelle \u00e0 Ouagadougou\",\"datePublished\":\"2021-04-15T12:45:42+00:00\",\"dateModified\":\"2021-04-15T14:29:34+00:00\",\"mainEntityOfPage\":{\"@id\":\"https:\/\/www.africa-press.net\/burkina-faso\/toutes-les-actualites\/cellule-info-stocks-de-la-cedeao-la-gestion-de-linsecurite-alimentaire-en-periode-de-crise-sanitaire-au-coeur-de-la-reunion-annuelle-a-ouagadougou\"},\"wordCount\":779,\"commentCount\":0,\"image\":{\"@id\":\"https:\/\/www.africa-press.net\/burkina-faso\/toutes-les-actualites\/cellule-info-stocks-de-la-cedeao-la-gestion-de-linsecurite-alimentaire-en-periode-de-crise-sanitaire-au-coeur-de-la-reunion-annuelle-a-ouagadougou#primaryimage\"},\"thumbnailUrl\":\"https:\/\/static.africa-press.net\/burkina\/sites\/42\/2021\/04\/img-6078347383e67.jpg\",\"keywords\":[\"Africa Press\",\"Africa Press-Burkina Faso\",\"Burkina Faso\"],\"articleSection\":[\"Communaut\u00e9\",\"homepage-french\",\"Toutes les actualit\u00e9s\"],\"inLanguage\":\"fr-FR\",\"potentialAction\":[{\"@type\":\"CommentAction\",\"name\":\"Comment\",\"target\":[\"https:\/\/www.africa-press.net\/burkina-faso\/toutes-les-actualites\/cellule-info-stocks-de-la-cedeao-la-gestion-de-linsecurite-alimentaire-en-periode-de-crise-sanitaire-au-coeur-de-la-reunion-annuelle-a-ouagadougou#respond\"]}]},{\"@type\":\"WebPage\",\"@id\":\"https:\/\/www.africa-press.net\/burkina-faso\/toutes-les-actualites\/cellule-info-stocks-de-la-cedeao-la-gestion-de-linsecurite-alimentaire-en-periode-de-crise-sanitaire-au-coeur-de-la-reunion-annuelle-a-ouagadougou\",\"url\":\"https:\/\/www.africa-press.net\/burkina-faso\/toutes-les-actualites\/cellule-info-stocks-de-la-cedeao-la-gestion-de-linsecurite-alimentaire-en-periode-de-crise-sanitaire-au-coeur-de-la-reunion-annuelle-a-ouagadougou\",\"name\":\"Cellule Info-Stocks de la CEDEAO : La gestion de l\u2019ins\u00e9curit\u00e9 alimentaire en p\u00e9riode de crise sanitaire au c\u0153ur de la r\u00e9union annuelle \u00e0 Ouagadougou - Burkina Faso\",\"isPartOf\":{\"@id\":\"https:\/\/www.africa-press.net\/burkina-faso\/#website\"},\"primaryImageOfPage\":{\"@id\":\"https:\/\/www.africa-press.net\/burkina-faso\/toutes-les-actualites\/cellule-info-stocks-de-la-cedeao-la-gestion-de-linsecurite-alimentaire-en-periode-de-crise-sanitaire-au-coeur-de-la-reunion-annuelle-a-ouagadougou#primaryimage\"},\"image\":{\"@id\":\"https:\/\/www.africa-press.net\/burkina-faso\/toutes-les-actualites\/cellule-info-stocks-de-la-cedeao-la-gestion-de-linsecurite-alimentaire-en-periode-de-crise-sanitaire-au-coeur-de-la-reunion-annuelle-a-ouagadougou#primaryimage\"},\"thumbnailUrl\":\"https:\/\/static.africa-press.net\/burkina\/sites\/42\/2021\/04\/img-6078347383e67.jpg\",\"datePublished\":\"2021-04-15T12:45:42+00:00\",\"dateModified\":\"2021-04-15T14:29:34+00:00\",\"author\":{\"@id\":\"https:\/\/www.africa-press.net\/burkina-faso\/#\/schema\/person\/2b1cf3cd81a31e3cd26889ca66d677f1\"},\"description\":\"Le secr\u00e9taire g\u00e9n\u00e9ral du minist\u00e8re en charge de l\u2019Agriculture a pr\u00e9sid\u00e9 ce mercredi 14 avril 2021, l\u2019ouverture de la ...\",\"breadcrumb\":{\"@id\":\"https:\/\/www.africa-press.net\/burkina-faso\/toutes-les-actualites\/cellule-info-stocks-de-la-cedeao-la-gestion-de-linsecurite-alimentaire-en-periode-de-crise-sanitaire-au-coeur-de-la-reunion-annuelle-a-ouagadougou#breadcrumb\"},\"inLanguage\":\"fr-FR\",\"potentialAction\":[{\"@type\":\"ReadAction\",\"target\":[\"https:\/\/www.africa-press.net\/burkina-faso\/toutes-les-actualites\/cellule-info-stocks-de-la-cedeao-la-gestion-de-linsecurite-alimentaire-en-periode-de-crise-sanitaire-au-coeur-de-la-reunion-annuelle-a-ouagadougou\"]}]},{\"@type\":\"ImageObject\",\"inLanguage\":\"fr-FR\",\"@id\":\"https:\/\/www.africa-press.net\/burkina-faso\/toutes-les-actualites\/cellule-info-stocks-de-la-cedeao-la-gestion-de-linsecurite-alimentaire-en-periode-de-crise-sanitaire-au-coeur-de-la-reunion-annuelle-a-ouagadougou#primaryimage\",\"url\":\"https:\/\/static.africa-press.net\/burkina\/sites\/42\/2021\/04\/img-6078347383e67.jpg\",\"contentUrl\":\"https:\/\/static.africa-press.net\/burkina\/sites\/42\/2021\/04\/img-6078347383e67.jpg\",\"width\":720,\"height\":405,\"caption\":\"Cellule Info-Stocks de la CEDEAO : La gestion de l\u2019ins\u00e9curit\u00e9 alimentaire en p\u00e9riode de crise sanitaire au c\u0153ur de la r\u00e9union annuelle \u00e0 Ouagadougou\"},{\"@type\":\"BreadcrumbList\",\"@id\":\"https:\/\/www.africa-press.net\/burkina-faso\/toutes-les-actualites\/cellule-info-stocks-de-la-cedeao-la-gestion-de-linsecurite-alimentaire-en-periode-de-crise-sanitaire-au-coeur-de-la-reunion-annuelle-a-ouagadougou#breadcrumb\",\"itemListElement\":[{\"@type\":\"ListItem\",\"position\":1,\"name\":\"Accueil\",\"item\":\"https:\/\/www.africa-press.net\/burkina-faso\/\"},{\"@type\":\"ListItem\",\"position\":2,\"name\":\"Cellule Info-Stocks de la CEDEAO : La gestion de l\u2019ins\u00e9curit\u00e9 alimentaire en p\u00e9riode de crise sanitaire au c\u0153ur de la r\u00e9union annuelle \u00e0 Ouagadougou\"}]},{\"@type\":\"WebSite\",\"@id\":\"https:\/\/www.africa-press.net\/burkina-faso\/#website\",\"url\":\"https:\/\/www.africa-press.net\/burkina-faso\/\",\"name\":\"Burkina Faso\",\"description\":\"Just another Africa News Agency Sites site\",\"potentialAction\":[{\"@type\":\"SearchAction\",\"target\":{\"@type\":\"EntryPoint\",\"urlTemplate\":\"https:\/\/www.africa-press.net\/burkina-faso\/?s={search_term_string}\"},\"query-input\":{\"@type\":\"PropertyValueSpecification\",\"valueRequired\":true,\"valueName\":\"search_term_string\"}}],\"inLanguage\":\"fr-FR\"},{\"@type\":\"Person\",\"@id\":\"https:\/\/www.africa-press.net\/burkina-faso\/#\/schema\/person\/2b1cf3cd81a31e3cd26889ca66d677f1\",\"name\":\"cfeditorfr\"}]}<\/script>\n<!-- \/ Yoast SEO Premium plugin. -->","yoast_head_json":{"title":"Cellule Info-Stocks de la CEDEAO : La gestion de l\u2019ins\u00e9curit\u00e9 alimentaire en p\u00e9riode de crise sanitaire au c\u0153ur de la r\u00e9union annuelle \u00e0 Ouagadougou - Burkina Faso","description":"Le secr\u00e9taire g\u00e9n\u00e9ral du minist\u00e8re en charge de l\u2019Agriculture a pr\u00e9sid\u00e9 ce mercredi 14 avril 2021, l\u2019ouverture de la ...","robots":{"index":"index","follow":"follow","max-snippet":"max-snippet:-1","max-image-preview":"max-image-preview:large","max-video-preview":"max-video-preview:-1"},"canonical":"https:\/\/www.africa-press.net\/burkina-faso\/toutes-les-actualites\/cellule-info-stocks-de-la-cedeao-la-gestion-de-linsecurite-alimentaire-en-periode-de-crise-sanitaire-au-coeur-de-la-reunion-annuelle-a-ouagadougou","og_locale":"fr_FR","og_type":"article","og_title":"Cellule Info-Stocks de la CEDEAO : La gestion de l\u2019ins\u00e9curit\u00e9 alimentaire en p\u00e9riode de crise sanitaire au c\u0153ur de la r\u00e9union annuelle \u00e0 Ouagadougou","og_description":"Le secr\u00e9taire g\u00e9n\u00e9ral du minist\u00e8re en charge de l\u2019Agriculture a pr\u00e9sid\u00e9 ce mercredi 14 avril 2021, l\u2019ouverture de la ...","og_url":"https:\/\/www.africa-press.net\/burkina-faso\/toutes-les-actualites\/cellule-info-stocks-de-la-cedeao-la-gestion-de-linsecurite-alimentaire-en-periode-de-crise-sanitaire-au-coeur-de-la-reunion-annuelle-a-ouagadougou","og_site_name":"Burkina Faso","article_published_time":"2021-04-15T12:45:42+00:00","article_modified_time":"2021-04-15T14:29:34+00:00","og_image":[{"width":720,"height":405,"url":"https:\/\/static.africa-press.net\/burkina\/sites\/42\/2021\/04\/img-6078347383e67.jpg","type":"image\/jpeg"}],"author":"cfeditorfr","twitter_card":"summary_large_image","twitter_misc":{"\u00c9crit par":"cfeditorfr","Dur\u00e9e de lecture estim\u00e9e":"4 minutes"},"schema":{"@context":"https:\/\/schema.org","@graph":[{"@type":"Article","@id":"https:\/\/www.africa-press.net\/burkina-faso\/toutes-les-actualites\/cellule-info-stocks-de-la-cedeao-la-gestion-de-linsecurite-alimentaire-en-periode-de-crise-sanitaire-au-coeur-de-la-reunion-annuelle-a-ouagadougou#article","isPartOf":{"@id":"https:\/\/www.africa-press.net\/burkina-faso\/toutes-les-actualites\/cellule-info-stocks-de-la-cedeao-la-gestion-de-linsecurite-alimentaire-en-periode-de-crise-sanitaire-au-coeur-de-la-reunion-annuelle-a-ouagadougou"},"author":{"name":"cfeditorfr","@id":"https:\/\/www.africa-press.net\/burkina-faso\/#\/schema\/person\/2b1cf3cd81a31e3cd26889ca66d677f1"},"headline":"Cellule Info-Stocks de la CEDEAO : La gestion de l\u2019ins\u00e9curit\u00e9 alimentaire en p\u00e9riode de crise sanitaire au c\u0153ur de la r\u00e9union annuelle \u00e0 Ouagadougou","datePublished":"2021-04-15T12:45:42+00:00","dateModified":"2021-04-15T14:29:34+00:00","mainEntityOfPage":{"@id":"https:\/\/www.africa-press.net\/burkina-faso\/toutes-les-actualites\/cellule-info-stocks-de-la-cedeao-la-gestion-de-linsecurite-alimentaire-en-periode-de-crise-sanitaire-au-coeur-de-la-reunion-annuelle-a-ouagadougou"},"wordCount":779,"commentCount":0,"image":{"@id":"https:\/\/www.africa-press.net\/burkina-faso\/toutes-les-actualites\/cellule-info-stocks-de-la-cedeao-la-gestion-de-linsecurite-alimentaire-en-periode-de-crise-sanitaire-au-coeur-de-la-reunion-annuelle-a-ouagadougou#primaryimage"},"thumbnailUrl":"https:\/\/static.africa-press.net\/burkina\/sites\/42\/2021\/04\/img-6078347383e67.jpg","keywords":["Africa Press","Africa Press-Burkina Faso","Burkina Faso"],"articleSection":["Communaut\u00e9","homepage-french","Toutes les actualit\u00e9s"],"inLanguage":"fr-FR","potentialAction":[{"@type":"CommentAction","name":"Comment","target":["https:\/\/www.africa-press.net\/burkina-faso\/toutes-les-actualites\/cellule-info-stocks-de-la-cedeao-la-gestion-de-linsecurite-alimentaire-en-periode-de-crise-sanitaire-au-coeur-de-la-reunion-annuelle-a-ouagadougou#respond"]}]},{"@type":"WebPage","@id":"https:\/\/www.africa-press.net\/burkina-faso\/toutes-les-actualites\/cellule-info-stocks-de-la-cedeao-la-gestion-de-linsecurite-alimentaire-en-periode-de-crise-sanitaire-au-coeur-de-la-reunion-annuelle-a-ouagadougou","url":"https:\/\/www.africa-press.net\/burkina-faso\/toutes-les-actualites\/cellule-info-stocks-de-la-cedeao-la-gestion-de-linsecurite-alimentaire-en-periode-de-crise-sanitaire-au-coeur-de-la-reunion-annuelle-a-ouagadougou","name":"Cellule Info-Stocks de la CEDEAO : La gestion de l\u2019ins\u00e9curit\u00e9 alimentaire en p\u00e9riode de crise sanitaire au c\u0153ur de la r\u00e9union annuelle \u00e0 Ouagadougou - Burkina Faso","isPartOf":{"@id":"https:\/\/www.africa-press.net\/burkina-faso\/#website"},"primaryImageOfPage":{"@id":"https:\/\/www.africa-press.net\/burkina-faso\/toutes-les-actualites\/cellule-info-stocks-de-la-cedeao-la-gestion-de-linsecurite-alimentaire-en-periode-de-crise-sanitaire-au-coeur-de-la-reunion-annuelle-a-ouagadougou#primaryimage"},"image":{"@id":"https:\/\/www.africa-press.net\/burkina-faso\/toutes-les-actualites\/cellule-info-stocks-de-la-cedeao-la-gestion-de-linsecurite-alimentaire-en-periode-de-crise-sanitaire-au-coeur-de-la-reunion-annuelle-a-ouagadougou#primaryimage"},"thumbnailUrl":"https:\/\/static.africa-press.net\/burkina\/sites\/42\/2021\/04\/img-6078347383e67.jpg","datePublished":"2021-04-15T12:45:42+00:00","dateModified":"2021-04-15T14:29:34+00:00","author":{"@id":"https:\/\/www.africa-press.net\/burkina-faso\/#\/schema\/person\/2b1cf3cd81a31e3cd26889ca66d677f1"},"description":"Le secr\u00e9taire g\u00e9n\u00e9ral du minist\u00e8re en charge de l\u2019Agriculture a pr\u00e9sid\u00e9 ce mercredi 14 avril 2021, l\u2019ouverture de la ...","breadcrumb":{"@id":"https:\/\/www.africa-press.net\/burkina-faso\/toutes-les-actualites\/cellule-info-stocks-de-la-cedeao-la-gestion-de-linsecurite-alimentaire-en-periode-de-crise-sanitaire-au-coeur-de-la-reunion-annuelle-a-ouagadougou#breadcrumb"},"inLanguage":"fr-FR","potentialAction":[{"@type":"ReadAction","target":["https:\/\/www.africa-press.net\/burkina-faso\/toutes-les-actualites\/cellule-info-stocks-de-la-cedeao-la-gestion-de-linsecurite-alimentaire-en-periode-de-crise-sanitaire-au-coeur-de-la-reunion-annuelle-a-ouagadougou"]}]},{"@type":"ImageObject","inLanguage":"fr-FR","@id":"https:\/\/www.africa-press.net\/burkina-faso\/toutes-les-actualites\/cellule-info-stocks-de-la-cedeao-la-gestion-de-linsecurite-alimentaire-en-periode-de-crise-sanitaire-au-coeur-de-la-reunion-annuelle-a-ouagadougou#primaryimage","url":"https:\/\/static.africa-press.net\/burkina\/sites\/42\/2021\/04\/img-6078347383e67.jpg","contentUrl":"https:\/\/static.africa-press.net\/burkina\/sites\/42\/2021\/04\/img-6078347383e67.jpg","width":720,"height":405,"caption":"Cellule Info-Stocks de la CEDEAO : La gestion de l\u2019ins\u00e9curit\u00e9 alimentaire en p\u00e9riode de crise sanitaire au c\u0153ur de la r\u00e9union annuelle \u00e0 Ouagadougou"},{"@type":"BreadcrumbList","@id":"https:\/\/www.africa-press.net\/burkina-faso\/toutes-les-actualites\/cellule-info-stocks-de-la-cedeao-la-gestion-de-linsecurite-alimentaire-en-periode-de-crise-sanitaire-au-coeur-de-la-reunion-annuelle-a-ouagadougou#breadcrumb","itemListElement":[{"@type":"ListItem","position":1,"name":"Accueil","item":"https:\/\/www.africa-press.net\/burkina-faso\/"},{"@type":"ListItem","position":2,"name":"Cellule Info-Stocks de la CEDEAO : La gestion de l\u2019ins\u00e9curit\u00e9 alimentaire en p\u00e9riode de crise sanitaire au c\u0153ur de la r\u00e9union annuelle \u00e0 Ouagadougou"}]},{"@type":"WebSite","@id":"https:\/\/www.africa-press.net\/burkina-faso\/#website","url":"https:\/\/www.africa-press.net\/burkina-faso\/","name":"Burkina Faso","description":"Just another Africa News Agency Sites site","potentialAction":[{"@type":"SearchAction","target":{"@type":"EntryPoint","urlTemplate":"https:\/\/www.africa-press.net\/burkina-faso\/?s={search_term_string}"},"query-input":{"@type":"PropertyValueSpecification","valueRequired":true,"valueName":"search_term_string"}}],"inLanguage":"fr-FR"},{"@type":"Person","@id":"https:\/\/www.africa-press.net\/burkina-faso\/#\/schema\/person\/2b1cf3cd81a31e3cd26889ca66d677f1","name":"cfeditorfr"}]}},"_links":{"self":[{"href":"https:\/\/www.africa-press.net\/burkina-faso\/wp-json\/wp\/v2\/posts\/9964","targetHints":{"allow":["GET"]}}],"collection":[{"href":"https:\/\/www.africa-press.net\/burkina-faso\/wp-json\/wp\/v2\/posts"}],"about":[{"href":"https:\/\/www.africa-press.net\/burkina-faso\/wp-json\/wp\/v2\/types\/post"}],"author":[{"embeddable":true,"href":"https:\/\/www.africa-press.net\/burkina-faso\/wp-json\/wp\/v2\/users\/82"}],"replies":[{"embeddable":true,"href":"https:\/\/www.africa-press.net\/burkina-faso\/wp-json\/wp\/v2\/comments?post=9964"}],"version-history":[{"count":0,"href":"https:\/\/www.africa-press.net\/burkina-faso\/wp-json\/wp\/v2\/posts\/9964\/revisions"}],"wp:featuredmedia":[{"embeddable":true,"href":"https:\/\/www.africa-press.net\/burkina-faso\/wp-json\/wp\/v2\/media\/9963"}],"wp:attachment":[{"href":"https:\/\/www.africa-press.net\/burkina-faso\/wp-json\/wp\/v2\/media?parent=9964"}],"wp:term":[{"taxonomy":"category","embeddable":true,"href":"https:\/\/www.africa-press.net\/burkina-faso\/wp-json\/wp\/v2\/categories?post=9964"},{"taxonomy":"post_tag","embeddable":true,"href":"https:\/\/www.africa-press.net\/burkina-faso\/wp-json\/wp\/v2\/tags?post=9964"}],"curies":[{"name":"wp","href":"https:\/\/api.w.org\/{rel}","templated":true}]}}