{"id":9979,"date":"2021-04-15T13:25:36","date_gmt":"2021-04-15T13:25:36","guid":{"rendered":"https:\/\/www.africa-press.net\/burkina-faso\/?p=9979"},"modified":"2021-04-15T14:30:28","modified_gmt":"2021-04-15T14:30:28","slug":"en-2020-lafrique-a-recu-les-trois-quarts-des-dons-de-lafd","status":"publish","type":"post","link":"https:\/\/www.africa-press.net\/burkina-faso\/toutes-les-actualites\/en-2020-lafrique-a-recu-les-trois-quarts-des-dons-de-lafd","title":{"rendered":"En 2020, l\u2019Afrique a re\u00e7u les trois quarts des dons de l\u2019AFD"},"content":{"rendered":"<p><span style=\"color: #ff6600\"><strong><a href=\"https:\/\/www.africa-press.net\/\">Africa-Press<\/a> &#8211; <a href=\"https:\/\/www.africa-press.net\/burkina-faso\">Burkina Faso<\/a>. <\/strong><\/span>L\u2019Agence fran\u00e7aise de d\u00e9veloppement a \u00e9galement consacr\u00e9 plus de 4 milliards d\u2019euros au continent africain afin de contrer les effets li\u00e9s aux chocs sanitaire et \u00e9conomique.<\/p>\n<p>\u00ab 2020 a \u00e9t\u00e9 une ann\u00e9e hors norme marqu\u00e9e par une crise majeure \u00bb, a soulign\u00e9 R\u00e9my Rioux, directeur g\u00e9n\u00e9ral de l\u2019Agence fran\u00e7aise de d\u00e9veloppement (AFD), en pr\u00e9sentant le 13 avril les r\u00e9sultats de son groupe. Pour la premi\u00e8re fois depuis une dizaine d\u2019ann\u00e9es, celui-ci a connu une baisse de ses engagements revenus depuis son record de 14,1 milliards d\u2019euros en 1919 \u00e0 12,1 milliards en 2020.<\/p>\n<p>En revanche, les paiements des projets ont encore progress\u00e9 passant d\u2019une ann\u00e9e sur l\u2019autre de 6,5 milliards d\u2019euros \u00e0 8,8 milliards (+36 %) pour faire face aux chocs sanitaire et \u00e9conomique subis par les pays en d\u00e9veloppement. \u00c0 titre d\u2019exemple, cela a permis de raccorder \u00e0 l\u2019eau 3,5 millions de personnes et 7,4 millions \u00e0 l\u2019\u00e9lectricit\u00e9. L\u2019AFD a soutenu les Instituts Pasteur du S\u00e9n\u00e9gal, de Guin\u00e9e, du Niger, de Centrafrique et de Madagascar<\/p>\n<p><b>Aide aux TPE-PME et au secteur informel<\/b><\/p>\n<p>L\u2019Afrique s\u2019est taill\u00e9 la part du lion dans cette aide multiforme. Elle a obtenu 46 % des 8,8 milliards d\u2019euros de d\u00e9blocages de fonds et 75 % des dons du Groupe AFD. Sa filiale Proparco a approuv\u00e9, en novembre 2020, 1 milliard d\u2019euros suppl\u00e9mentaire pour son programme de soutien aux TPE-PME africaines fragilis\u00e9es par la crise (portant \u00e0 3,5 milliards d\u2019euros l\u2019enveloppe d\u00e9di\u00e9e \u00e0 ces entreprises).<\/p>\n<p>Dans le cadre de son Plan Priorit\u00e9 Sant\u00e9 de 1,2 milliard d\u2019euros, l\u2019Agence a soutenu les Instituts Pasteur du S\u00e9n\u00e9gal, de Guin\u00e9e, du Niger, de Centrafrique et de Madagascar, afin de les aider \u00e0 retarder le pic de l\u2019\u00e9pid\u00e9mie. Avec l\u2019Initiative Alima (Alliance for International Medical Action), elle a \u00e9paul\u00e9 les actions des minist\u00e8res de la Sant\u00e9 du S\u00e9n\u00e9gal, du Burkina Faso, du Cameroun, de Centrafrique et de RDC.<\/p>\n<p>Au Togo, le projet Novissi a aid\u00e9 les travailleurs informels \u2013 notamment les femmes \u2013, priv\u00e9s de revenus par les mesures de confinement. Au Mali (Liptako), un projet sera mis en place pour lutter contre la malnutrition.<\/p>\n<p><b>Pr\u00e9servation de la biodiversit\u00e9<\/b><\/p>\n<p>La lutte pour la pr\u00e9servation de la biodiversit\u00e9 a mobilis\u00e9 565 millions d\u2019euros (+25 %). Dans ce cadre, 13 millions d\u2019hectares ont \u00e9t\u00e9 prot\u00e9g\u00e9s, notamment dans le bassin du Congo.<\/p>\n<p>AgriS\u00e9cur a \u00e9t\u00e9 financ\u00e9e pour 27 millions d\u2019euros afin de d\u00e9velopper l\u2019agro\u00e9cologie dans la boucle du Mouhoun et dans l\u2019est du Burkina Faso. En 2021, le d\u00e9veloppement de la Grand Muraille verte figure en t\u00eate des objectifs de l\u2019AFD.<\/p>\n<p>Compte tenu des s\u00e9quelles sanitaires et \u00e9conomiques de la pand\u00e9mie, il est probable que les engagements de l\u2019AFD plafonneront, en 2021, autour de 12 milliards d\u2019euros et concerneront un millier de projets de toutes tailles, comme en 2020.<\/p>\n","protected":false},"excerpt":{"rendered":"<p>Africa-Press &#8211; Burkina Faso. L\u2019Agence fran\u00e7aise de d\u00e9veloppement a \u00e9galement consacr\u00e9 plus de 4 milliards d\u2019euros au continent africain afin de contrer les effets li\u00e9s aux chocs sanitaire et \u00e9conomique. \u00ab 2020 a \u00e9t\u00e9 une ann\u00e9e hors norme marqu\u00e9e par une crise majeure \u00bb, a soulign\u00e9 R\u00e9my Rioux, directeur g\u00e9n\u00e9ral de l\u2019Agence fran\u00e7aise de d\u00e9veloppement [&hellip;]<\/p>\n","protected":false},"author":82,"featured_media":9978,"comment_status":"open","ping_status":"closed","sticky":false,"template":"","format":"standard","meta":{"footnotes":""},"categories":[22,11,10],"tags":[111,725,29],"class_list":["post-9979","post","type-post","status-publish","format-standard","has-post-thumbnail","hentry","category-divers","category-homepage-french","category-toutes-les-actualites","tag-africa-press","tag-africa-press-burkina-faso","tag-burkina-faso"],"yoast_head":"<!-- This site is optimized with the Yoast SEO Premium plugin v26.1 (Yoast SEO v27.0) - https:\/\/yoast.com\/product\/yoast-seo-premium-wordpress\/ -->\n<title>En 2020, l\u2019Afrique a re\u00e7u les trois quarts des dons de l\u2019AFD - Burkina Faso<\/title>\n<meta name=\"description\" content=\"L\u2019Agence fran\u00e7aise de d\u00e9veloppement a \u00e9galement consacr\u00e9 plus de 4 milliards d\u2019euros au continent africain afin de contr ...\" \/>\n<meta name=\"robots\" content=\"index, follow, max-snippet:-1, max-image-preview:large, max-video-preview:-1\" \/>\n<link rel=\"canonical\" href=\"https:\/\/www.africa-press.net\/burkina-faso\/toutes-les-actualites\/en-2020-lafrique-a-recu-les-trois-quarts-des-dons-de-lafd\" \/>\n<meta property=\"og:locale\" content=\"fr_FR\" \/>\n<meta property=\"og:type\" content=\"article\" \/>\n<meta property=\"og:title\" content=\"En 2020, l\u2019Afrique a re\u00e7u les trois quarts des dons de l\u2019AFD\" \/>\n<meta property=\"og:description\" content=\"L\u2019Agence fran\u00e7aise de d\u00e9veloppement a \u00e9galement consacr\u00e9 plus de 4 milliards d\u2019euros au continent africain afin de contr ...\" \/>\n<meta property=\"og:url\" content=\"https:\/\/www.africa-press.net\/burkina-faso\/toutes-les-actualites\/en-2020-lafrique-a-recu-les-trois-quarts-des-dons-de-lafd\" \/>\n<meta property=\"og:site_name\" content=\"Burkina Faso\" \/>\n<meta property=\"article:published_time\" content=\"2021-04-15T13:25:36+00:00\" \/>\n<meta property=\"article:modified_time\" content=\"2021-04-15T14:30:28+00:00\" \/>\n<meta property=\"og:image\" content=\"https:\/\/static.africa-press.net\/burkina\/sites\/42\/2021\/04\/img-607835d50329e.jpg\" \/>\n\t<meta property=\"og:image:width\" content=\"720\" \/>\n\t<meta property=\"og:image:height\" content=\"360\" \/>\n\t<meta property=\"og:image:type\" content=\"image\/jpeg\" \/>\n<meta name=\"author\" content=\"cfeditorfr\" \/>\n<meta name=\"twitter:card\" content=\"summary_large_image\" \/>\n<meta name=\"twitter:label1\" content=\"\u00c9crit par\" \/>\n\t<meta name=\"twitter:data1\" content=\"cfeditorfr\" \/>\n\t<meta name=\"twitter:label2\" content=\"Dur\u00e9e de lecture estim\u00e9e\" \/>\n\t<meta name=\"twitter:data2\" content=\"2 minutes\" \/>\n<script type=\"application\/ld+json\" class=\"yoast-schema-graph\">{\"@context\":\"https:\/\/schema.org\",\"@graph\":[{\"@type\":\"Article\",\"@id\":\"https:\/\/www.africa-press.net\/burkina-faso\/toutes-les-actualites\/en-2020-lafrique-a-recu-les-trois-quarts-des-dons-de-lafd#article\",\"isPartOf\":{\"@id\":\"https:\/\/www.africa-press.net\/burkina-faso\/toutes-les-actualites\/en-2020-lafrique-a-recu-les-trois-quarts-des-dons-de-lafd\"},\"author\":{\"name\":\"cfeditorfr\",\"@id\":\"https:\/\/www.africa-press.net\/burkina-faso\/#\/schema\/person\/2b1cf3cd81a31e3cd26889ca66d677f1\"},\"headline\":\"En 2020, l\u2019Afrique a re\u00e7u les trois quarts des dons de l\u2019AFD\",\"datePublished\":\"2021-04-15T13:25:36+00:00\",\"dateModified\":\"2021-04-15T14:30:28+00:00\",\"mainEntityOfPage\":{\"@id\":\"https:\/\/www.africa-press.net\/burkina-faso\/toutes-les-actualites\/en-2020-lafrique-a-recu-les-trois-quarts-des-dons-de-lafd\"},\"wordCount\":505,\"commentCount\":0,\"image\":{\"@id\":\"https:\/\/www.africa-press.net\/burkina-faso\/toutes-les-actualites\/en-2020-lafrique-a-recu-les-trois-quarts-des-dons-de-lafd#primaryimage\"},\"thumbnailUrl\":\"https:\/\/static.africa-press.net\/burkina\/sites\/42\/2021\/04\/img-607835d50329e.jpg\",\"keywords\":[\"Africa Press\",\"Africa Press-Burkina Faso\",\"Burkina Faso\"],\"articleSection\":[\"Divers\",\"homepage-french\",\"Toutes les actualit\u00e9s\"],\"inLanguage\":\"fr-FR\",\"potentialAction\":[{\"@type\":\"CommentAction\",\"name\":\"Comment\",\"target\":[\"https:\/\/www.africa-press.net\/burkina-faso\/toutes-les-actualites\/en-2020-lafrique-a-recu-les-trois-quarts-des-dons-de-lafd#respond\"]}]},{\"@type\":\"WebPage\",\"@id\":\"https:\/\/www.africa-press.net\/burkina-faso\/toutes-les-actualites\/en-2020-lafrique-a-recu-les-trois-quarts-des-dons-de-lafd\",\"url\":\"https:\/\/www.africa-press.net\/burkina-faso\/toutes-les-actualites\/en-2020-lafrique-a-recu-les-trois-quarts-des-dons-de-lafd\",\"name\":\"En 2020, l\u2019Afrique a re\u00e7u les trois quarts des dons de l\u2019AFD - Burkina Faso\",\"isPartOf\":{\"@id\":\"https:\/\/www.africa-press.net\/burkina-faso\/#website\"},\"primaryImageOfPage\":{\"@id\":\"https:\/\/www.africa-press.net\/burkina-faso\/toutes-les-actualites\/en-2020-lafrique-a-recu-les-trois-quarts-des-dons-de-lafd#primaryimage\"},\"image\":{\"@id\":\"https:\/\/www.africa-press.net\/burkina-faso\/toutes-les-actualites\/en-2020-lafrique-a-recu-les-trois-quarts-des-dons-de-lafd#primaryimage\"},\"thumbnailUrl\":\"https:\/\/static.africa-press.net\/burkina\/sites\/42\/2021\/04\/img-607835d50329e.jpg\",\"datePublished\":\"2021-04-15T13:25:36+00:00\",\"dateModified\":\"2021-04-15T14:30:28+00:00\",\"author\":{\"@id\":\"https:\/\/www.africa-press.net\/burkina-faso\/#\/schema\/person\/2b1cf3cd81a31e3cd26889ca66d677f1\"},\"description\":\"L\u2019Agence fran\u00e7aise de d\u00e9veloppement a \u00e9galement consacr\u00e9 plus de 4 milliards d\u2019euros au continent africain afin de contr ...\",\"breadcrumb\":{\"@id\":\"https:\/\/www.africa-press.net\/burkina-faso\/toutes-les-actualites\/en-2020-lafrique-a-recu-les-trois-quarts-des-dons-de-lafd#breadcrumb\"},\"inLanguage\":\"fr-FR\",\"potentialAction\":[{\"@type\":\"ReadAction\",\"target\":[\"https:\/\/www.africa-press.net\/burkina-faso\/toutes-les-actualites\/en-2020-lafrique-a-recu-les-trois-quarts-des-dons-de-lafd\"]}]},{\"@type\":\"ImageObject\",\"inLanguage\":\"fr-FR\",\"@id\":\"https:\/\/www.africa-press.net\/burkina-faso\/toutes-les-actualites\/en-2020-lafrique-a-recu-les-trois-quarts-des-dons-de-lafd#primaryimage\",\"url\":\"https:\/\/static.africa-press.net\/burkina\/sites\/42\/2021\/04\/img-607835d50329e.jpg\",\"contentUrl\":\"https:\/\/static.africa-press.net\/burkina\/sites\/42\/2021\/04\/img-607835d50329e.jpg\",\"width\":720,\"height\":360,\"caption\":\"En 2020, l\u2019Afrique a re\u00e7u les trois quarts des dons de l\u2019AFD\"},{\"@type\":\"BreadcrumbList\",\"@id\":\"https:\/\/www.africa-press.net\/burkina-faso\/toutes-les-actualites\/en-2020-lafrique-a-recu-les-trois-quarts-des-dons-de-lafd#breadcrumb\",\"itemListElement\":[{\"@type\":\"ListItem\",\"position\":1,\"name\":\"Accueil\",\"item\":\"https:\/\/www.africa-press.net\/burkina-faso\/\"},{\"@type\":\"ListItem\",\"position\":2,\"name\":\"En 2020, l\u2019Afrique a re\u00e7u les trois quarts des dons de l\u2019AFD\"}]},{\"@type\":\"WebSite\",\"@id\":\"https:\/\/www.africa-press.net\/burkina-faso\/#website\",\"url\":\"https:\/\/www.africa-press.net\/burkina-faso\/\",\"name\":\"Burkina Faso\",\"description\":\"Just another Africa News Agency Sites site\",\"potentialAction\":[{\"@type\":\"SearchAction\",\"target\":{\"@type\":\"EntryPoint\",\"urlTemplate\":\"https:\/\/www.africa-press.net\/burkina-faso\/?s={search_term_string}\"},\"query-input\":{\"@type\":\"PropertyValueSpecification\",\"valueRequired\":true,\"valueName\":\"search_term_string\"}}],\"inLanguage\":\"fr-FR\"},{\"@type\":\"Person\",\"@id\":\"https:\/\/www.africa-press.net\/burkina-faso\/#\/schema\/person\/2b1cf3cd81a31e3cd26889ca66d677f1\",\"name\":\"cfeditorfr\"}]}<\/script>\n<!-- \/ Yoast SEO Premium plugin. -->","yoast_head_json":{"title":"En 2020, l\u2019Afrique a re\u00e7u les trois quarts des dons de l\u2019AFD - Burkina Faso","description":"L\u2019Agence fran\u00e7aise de d\u00e9veloppement a \u00e9galement consacr\u00e9 plus de 4 milliards d\u2019euros au continent africain afin de contr ...","robots":{"index":"index","follow":"follow","max-snippet":"max-snippet:-1","max-image-preview":"max-image-preview:large","max-video-preview":"max-video-preview:-1"},"canonical":"https:\/\/www.africa-press.net\/burkina-faso\/toutes-les-actualites\/en-2020-lafrique-a-recu-les-trois-quarts-des-dons-de-lafd","og_locale":"fr_FR","og_type":"article","og_title":"En 2020, l\u2019Afrique a re\u00e7u les trois quarts des dons de l\u2019AFD","og_description":"L\u2019Agence fran\u00e7aise de d\u00e9veloppement a \u00e9galement consacr\u00e9 plus de 4 milliards d\u2019euros au continent africain afin de contr ...","og_url":"https:\/\/www.africa-press.net\/burkina-faso\/toutes-les-actualites\/en-2020-lafrique-a-recu-les-trois-quarts-des-dons-de-lafd","og_site_name":"Burkina Faso","article_published_time":"2021-04-15T13:25:36+00:00","article_modified_time":"2021-04-15T14:30:28+00:00","og_image":[{"width":720,"height":360,"url":"https:\/\/static.africa-press.net\/burkina\/sites\/42\/2021\/04\/img-607835d50329e.jpg","type":"image\/jpeg"}],"author":"cfeditorfr","twitter_card":"summary_large_image","twitter_misc":{"\u00c9crit par":"cfeditorfr","Dur\u00e9e de lecture estim\u00e9e":"2 minutes"},"schema":{"@context":"https:\/\/schema.org","@graph":[{"@type":"Article","@id":"https:\/\/www.africa-press.net\/burkina-faso\/toutes-les-actualites\/en-2020-lafrique-a-recu-les-trois-quarts-des-dons-de-lafd#article","isPartOf":{"@id":"https:\/\/www.africa-press.net\/burkina-faso\/toutes-les-actualites\/en-2020-lafrique-a-recu-les-trois-quarts-des-dons-de-lafd"},"author":{"name":"cfeditorfr","@id":"https:\/\/www.africa-press.net\/burkina-faso\/#\/schema\/person\/2b1cf3cd81a31e3cd26889ca66d677f1"},"headline":"En 2020, l\u2019Afrique a re\u00e7u les trois quarts des dons de l\u2019AFD","datePublished":"2021-04-15T13:25:36+00:00","dateModified":"2021-04-15T14:30:28+00:00","mainEntityOfPage":{"@id":"https:\/\/www.africa-press.net\/burkina-faso\/toutes-les-actualites\/en-2020-lafrique-a-recu-les-trois-quarts-des-dons-de-lafd"},"wordCount":505,"commentCount":0,"image":{"@id":"https:\/\/www.africa-press.net\/burkina-faso\/toutes-les-actualites\/en-2020-lafrique-a-recu-les-trois-quarts-des-dons-de-lafd#primaryimage"},"thumbnailUrl":"https:\/\/static.africa-press.net\/burkina\/sites\/42\/2021\/04\/img-607835d50329e.jpg","keywords":["Africa Press","Africa Press-Burkina Faso","Burkina Faso"],"articleSection":["Divers","homepage-french","Toutes les actualit\u00e9s"],"inLanguage":"fr-FR","potentialAction":[{"@type":"CommentAction","name":"Comment","target":["https:\/\/www.africa-press.net\/burkina-faso\/toutes-les-actualites\/en-2020-lafrique-a-recu-les-trois-quarts-des-dons-de-lafd#respond"]}]},{"@type":"WebPage","@id":"https:\/\/www.africa-press.net\/burkina-faso\/toutes-les-actualites\/en-2020-lafrique-a-recu-les-trois-quarts-des-dons-de-lafd","url":"https:\/\/www.africa-press.net\/burkina-faso\/toutes-les-actualites\/en-2020-lafrique-a-recu-les-trois-quarts-des-dons-de-lafd","name":"En 2020, l\u2019Afrique a re\u00e7u les trois quarts des dons de l\u2019AFD - Burkina Faso","isPartOf":{"@id":"https:\/\/www.africa-press.net\/burkina-faso\/#website"},"primaryImageOfPage":{"@id":"https:\/\/www.africa-press.net\/burkina-faso\/toutes-les-actualites\/en-2020-lafrique-a-recu-les-trois-quarts-des-dons-de-lafd#primaryimage"},"image":{"@id":"https:\/\/www.africa-press.net\/burkina-faso\/toutes-les-actualites\/en-2020-lafrique-a-recu-les-trois-quarts-des-dons-de-lafd#primaryimage"},"thumbnailUrl":"https:\/\/static.africa-press.net\/burkina\/sites\/42\/2021\/04\/img-607835d50329e.jpg","datePublished":"2021-04-15T13:25:36+00:00","dateModified":"2021-04-15T14:30:28+00:00","author":{"@id":"https:\/\/www.africa-press.net\/burkina-faso\/#\/schema\/person\/2b1cf3cd81a31e3cd26889ca66d677f1"},"description":"L\u2019Agence fran\u00e7aise de d\u00e9veloppement a \u00e9galement consacr\u00e9 plus de 4 milliards d\u2019euros au continent africain afin de contr ...","breadcrumb":{"@id":"https:\/\/www.africa-press.net\/burkina-faso\/toutes-les-actualites\/en-2020-lafrique-a-recu-les-trois-quarts-des-dons-de-lafd#breadcrumb"},"inLanguage":"fr-FR","potentialAction":[{"@type":"ReadAction","target":["https:\/\/www.africa-press.net\/burkina-faso\/toutes-les-actualites\/en-2020-lafrique-a-recu-les-trois-quarts-des-dons-de-lafd"]}]},{"@type":"ImageObject","inLanguage":"fr-FR","@id":"https:\/\/www.africa-press.net\/burkina-faso\/toutes-les-actualites\/en-2020-lafrique-a-recu-les-trois-quarts-des-dons-de-lafd#primaryimage","url":"https:\/\/static.africa-press.net\/burkina\/sites\/42\/2021\/04\/img-607835d50329e.jpg","contentUrl":"https:\/\/static.africa-press.net\/burkina\/sites\/42\/2021\/04\/img-607835d50329e.jpg","width":720,"height":360,"caption":"En 2020, l\u2019Afrique a re\u00e7u les trois quarts des dons de l\u2019AFD"},{"@type":"BreadcrumbList","@id":"https:\/\/www.africa-press.net\/burkina-faso\/toutes-les-actualites\/en-2020-lafrique-a-recu-les-trois-quarts-des-dons-de-lafd#breadcrumb","itemListElement":[{"@type":"ListItem","position":1,"name":"Accueil","item":"https:\/\/www.africa-press.net\/burkina-faso\/"},{"@type":"ListItem","position":2,"name":"En 2020, l\u2019Afrique a re\u00e7u les trois quarts des dons de l\u2019AFD"}]},{"@type":"WebSite","@id":"https:\/\/www.africa-press.net\/burkina-faso\/#website","url":"https:\/\/www.africa-press.net\/burkina-faso\/","name":"Burkina Faso","description":"Just another Africa News Agency Sites site","potentialAction":[{"@type":"SearchAction","target":{"@type":"EntryPoint","urlTemplate":"https:\/\/www.africa-press.net\/burkina-faso\/?s={search_term_string}"},"query-input":{"@type":"PropertyValueSpecification","valueRequired":true,"valueName":"search_term_string"}}],"inLanguage":"fr-FR"},{"@type":"Person","@id":"https:\/\/www.africa-press.net\/burkina-faso\/#\/schema\/person\/2b1cf3cd81a31e3cd26889ca66d677f1","name":"cfeditorfr"}]}},"_links":{"self":[{"href":"https:\/\/www.africa-press.net\/burkina-faso\/wp-json\/wp\/v2\/posts\/9979","targetHints":{"allow":["GET"]}}],"collection":[{"href":"https:\/\/www.africa-press.net\/burkina-faso\/wp-json\/wp\/v2\/posts"}],"about":[{"href":"https:\/\/www.africa-press.net\/burkina-faso\/wp-json\/wp\/v2\/types\/post"}],"author":[{"embeddable":true,"href":"https:\/\/www.africa-press.net\/burkina-faso\/wp-json\/wp\/v2\/users\/82"}],"replies":[{"embeddable":true,"href":"https:\/\/www.africa-press.net\/burkina-faso\/wp-json\/wp\/v2\/comments?post=9979"}],"version-history":[{"count":0,"href":"https:\/\/www.africa-press.net\/burkina-faso\/wp-json\/wp\/v2\/posts\/9979\/revisions"}],"wp:featuredmedia":[{"embeddable":true,"href":"https:\/\/www.africa-press.net\/burkina-faso\/wp-json\/wp\/v2\/media\/9978"}],"wp:attachment":[{"href":"https:\/\/www.africa-press.net\/burkina-faso\/wp-json\/wp\/v2\/media?parent=9979"}],"wp:term":[{"taxonomy":"category","embeddable":true,"href":"https:\/\/www.africa-press.net\/burkina-faso\/wp-json\/wp\/v2\/categories?post=9979"},{"taxonomy":"post_tag","embeddable":true,"href":"https:\/\/www.africa-press.net\/burkina-faso\/wp-json\/wp\/v2\/tags?post=9979"}],"curies":[{"name":"wp","href":"https:\/\/api.w.org\/{rel}","templated":true}]}}