{"id":9982,"date":"2021-04-15T13:33:37","date_gmt":"2021-04-15T13:33:37","guid":{"rendered":"https:\/\/www.africa-press.net\/burkina-faso\/?p=9982"},"modified":"2021-04-15T14:30:53","modified_gmt":"2021-04-15T14:30:53","slug":"kako-nubukpo-a-la-commission-de-luemoa-le-retour-en-grace-de-leconomiste-heterodoxe","status":"publish","type":"post","link":"https:\/\/www.africa-press.net\/burkina-faso\/politique\/kako-nubukpo-a-la-commission-de-luemoa-le-retour-en-grace-de-leconomiste-heterodoxe","title":{"rendered":"Kako Nubukpo \u00e0 la Commission de l\u2019Uemoa\u00a0: le retour en gr\u00e2ce de l\u2019\u00e9conomiste h\u00e9t\u00e9rodoxe"},"content":{"rendered":"<p><span style=\"color: #ff6600\"><strong><a href=\"https:\/\/www.africa-press.net\/\">Africa-Press<\/a> &#8211; <a href=\"https:\/\/www.africa-press.net\/burkina-faso\">Burkina Faso<\/a>. <\/strong><\/span>L\u2019\u00e9conomiste togolais a \u00e9t\u00e9 d\u00e9sign\u00e9 par le pr\u00e9sident Faure Gnassingb\u00e9 pour repr\u00e9senter Lom\u00e9 au sein de l\u2019instance r\u00e9gionale. Un retour en gr\u00e2ce des plus officiels pour l\u2019ancien ministre, \u00e9cart\u00e9 des cercles institutionnels il y a quelques ann\u00e9es en raison de ses critiques contre le franc CFA.<\/p>\n<p>Son nom appara\u00eet en derni\u00e8re position \u2013 mais c\u2019est l\u2019ordre protocolaire et alphab\u00e9tique qui le veut \u2013 dans la liste des nouveaux Commissaires de l\u2019Union \u00e9conomique et mon\u00e9taire ouest-africaine (Uemoa), d\u00e9sign\u00e9s le 14 avril. Selon les informations de Jeune Afrique, la nouvelle commission devrait \u00eatre officialis\u00e9e au d\u00e9but de mai. Kako Nubukpo a \u00e9t\u00e9 d\u00e9sign\u00e9 par la r\u00e9publique du Togo pour la repr\u00e9senter au sein de l\u2019institution \u00e9conomique sous-r\u00e9gionale.<\/p>\n<p>L\u2019\u00e9conomiste togolais remplace \u00e0 la Commission, dont le si\u00e8ge est \u00e0 Ouagadougou au Burkina Faso, son compatriote Essow\u00e8 Barcola. Il si\u00e8gera aux c\u00f4t\u00e9s de l\u2019Ivoirien Paul Koffi Koffi, du Burkinab\u00e8 Filiga Michel Sawadogo et du B\u00e9ninois Jonas Gbian, reconduits \u00e0 leurs postes. Outre Kako Nubukpo, la nouvelle promotion de commissaires comprend quatre autres dirigeants.<\/p>\n","protected":false},"excerpt":{"rendered":"<p>Africa-Press &#8211; Burkina Faso. L\u2019\u00e9conomiste togolais a \u00e9t\u00e9 d\u00e9sign\u00e9 par le pr\u00e9sident Faure Gnassingb\u00e9 pour repr\u00e9senter Lom\u00e9 au sein de l\u2019instance r\u00e9gionale. Un retour en gr\u00e2ce des plus officiels pour l\u2019ancien ministre, \u00e9cart\u00e9 des cercles institutionnels il y a quelques ann\u00e9es en raison de ses critiques contre le franc CFA. Son nom appara\u00eet en derni\u00e8re [&hellip;]<\/p>\n","protected":false},"author":82,"featured_media":9981,"comment_status":"open","ping_status":"closed","sticky":false,"template":"","format":"standard","meta":{"footnotes":""},"categories":[11,2,10],"tags":[111,725,29],"class_list":["post-9982","post","type-post","status-publish","format-standard","has-post-thumbnail","hentry","category-homepage-french","category-politique","category-toutes-les-actualites","tag-africa-press","tag-africa-press-burkina-faso","tag-burkina-faso"],"yoast_head":"<!-- This site is optimized with the Yoast SEO Premium plugin v26.1 (Yoast SEO v27.0) - https:\/\/yoast.com\/product\/yoast-seo-premium-wordpress\/ -->\n<title>Kako Nubukpo \u00e0 la Commission de l\u2019Uemoa\u00a0: le retour en gr\u00e2ce de l\u2019\u00e9conomiste h\u00e9t\u00e9rodoxe - Burkina Faso<\/title>\n<meta name=\"description\" content=\"L\u2019\u00e9conomiste togolais a \u00e9t\u00e9 d\u00e9sign\u00e9 par le pr\u00e9sident Faure Gnassingb\u00e9 pour repr\u00e9senter Lom\u00e9 au sein de l\u2019instance r\u00e9gion ...\" \/>\n<meta name=\"robots\" content=\"index, follow, max-snippet:-1, max-image-preview:large, max-video-preview:-1\" \/>\n<link rel=\"canonical\" href=\"https:\/\/www.africa-press.net\/burkina-faso\/politique\/kako-nubukpo-a-la-commission-de-luemoa-le-retour-en-grace-de-leconomiste-heterodoxe\" \/>\n<meta property=\"og:locale\" content=\"fr_FR\" \/>\n<meta property=\"og:type\" content=\"article\" \/>\n<meta property=\"og:title\" content=\"Kako Nubukpo \u00e0 la Commission de l\u2019Uemoa\u00a0: le retour en gr\u00e2ce de l\u2019\u00e9conomiste h\u00e9t\u00e9rodoxe\" \/>\n<meta property=\"og:description\" content=\"L\u2019\u00e9conomiste togolais a \u00e9t\u00e9 d\u00e9sign\u00e9 par le pr\u00e9sident Faure Gnassingb\u00e9 pour repr\u00e9senter Lom\u00e9 au sein de l\u2019instance r\u00e9gion ...\" \/>\n<meta property=\"og:url\" content=\"https:\/\/www.africa-press.net\/burkina-faso\/politique\/kako-nubukpo-a-la-commission-de-luemoa-le-retour-en-grace-de-leconomiste-heterodoxe\" \/>\n<meta property=\"og:site_name\" content=\"Burkina Faso\" \/>\n<meta property=\"article:published_time\" content=\"2021-04-15T13:33:37+00:00\" \/>\n<meta property=\"article:modified_time\" content=\"2021-04-15T14:30:53+00:00\" \/>\n<meta property=\"og:image\" content=\"https:\/\/static.africa-press.net\/burkina\/sites\/42\/2021\/04\/img-60783611902d9.jpg\" \/>\n\t<meta property=\"og:image:width\" content=\"720\" \/>\n\t<meta property=\"og:image:height\" content=\"360\" \/>\n\t<meta property=\"og:image:type\" content=\"image\/jpeg\" \/>\n<meta name=\"author\" content=\"cfeditorfr\" \/>\n<meta name=\"twitter:card\" content=\"summary_large_image\" \/>\n<meta name=\"twitter:label1\" content=\"\u00c9crit par\" \/>\n\t<meta name=\"twitter:data1\" content=\"cfeditorfr\" \/>\n\t<meta name=\"twitter:label2\" content=\"Dur\u00e9e de lecture estim\u00e9e\" \/>\n\t<meta name=\"twitter:data2\" content=\"1 minute\" \/>\n<script type=\"application\/ld+json\" class=\"yoast-schema-graph\">{\"@context\":\"https:\/\/schema.org\",\"@graph\":[{\"@type\":\"Article\",\"@id\":\"https:\/\/www.africa-press.net\/burkina-faso\/politique\/kako-nubukpo-a-la-commission-de-luemoa-le-retour-en-grace-de-leconomiste-heterodoxe#article\",\"isPartOf\":{\"@id\":\"https:\/\/www.africa-press.net\/burkina-faso\/politique\/kako-nubukpo-a-la-commission-de-luemoa-le-retour-en-grace-de-leconomiste-heterodoxe\"},\"author\":{\"name\":\"cfeditorfr\",\"@id\":\"https:\/\/www.africa-press.net\/burkina-faso\/#\/schema\/person\/2b1cf3cd81a31e3cd26889ca66d677f1\"},\"headline\":\"Kako Nubukpo \u00e0 la Commission de l\u2019Uemoa\u00a0: le retour en gr\u00e2ce de l\u2019\u00e9conomiste h\u00e9t\u00e9rodoxe\",\"datePublished\":\"2021-04-15T13:33:37+00:00\",\"dateModified\":\"2021-04-15T14:30:53+00:00\",\"mainEntityOfPage\":{\"@id\":\"https:\/\/www.africa-press.net\/burkina-faso\/politique\/kako-nubukpo-a-la-commission-de-luemoa-le-retour-en-grace-de-leconomiste-heterodoxe\"},\"wordCount\":217,\"commentCount\":0,\"image\":{\"@id\":\"https:\/\/www.africa-press.net\/burkina-faso\/politique\/kako-nubukpo-a-la-commission-de-luemoa-le-retour-en-grace-de-leconomiste-heterodoxe#primaryimage\"},\"thumbnailUrl\":\"https:\/\/static.africa-press.net\/burkina\/sites\/42\/2021\/04\/img-60783611902d9.jpg\",\"keywords\":[\"Africa Press\",\"Africa Press-Burkina Faso\",\"Burkina Faso\"],\"articleSection\":[\"homepage-french\",\"Politique\",\"Toutes les actualit\u00e9s\"],\"inLanguage\":\"fr-FR\",\"potentialAction\":[{\"@type\":\"CommentAction\",\"name\":\"Comment\",\"target\":[\"https:\/\/www.africa-press.net\/burkina-faso\/politique\/kako-nubukpo-a-la-commission-de-luemoa-le-retour-en-grace-de-leconomiste-heterodoxe#respond\"]}]},{\"@type\":\"WebPage\",\"@id\":\"https:\/\/www.africa-press.net\/burkina-faso\/politique\/kako-nubukpo-a-la-commission-de-luemoa-le-retour-en-grace-de-leconomiste-heterodoxe\",\"url\":\"https:\/\/www.africa-press.net\/burkina-faso\/politique\/kako-nubukpo-a-la-commission-de-luemoa-le-retour-en-grace-de-leconomiste-heterodoxe\",\"name\":\"Kako Nubukpo \u00e0 la Commission de l\u2019Uemoa\u00a0: le retour en gr\u00e2ce de l\u2019\u00e9conomiste h\u00e9t\u00e9rodoxe - Burkina Faso\",\"isPartOf\":{\"@id\":\"https:\/\/www.africa-press.net\/burkina-faso\/#website\"},\"primaryImageOfPage\":{\"@id\":\"https:\/\/www.africa-press.net\/burkina-faso\/politique\/kako-nubukpo-a-la-commission-de-luemoa-le-retour-en-grace-de-leconomiste-heterodoxe#primaryimage\"},\"image\":{\"@id\":\"https:\/\/www.africa-press.net\/burkina-faso\/politique\/kako-nubukpo-a-la-commission-de-luemoa-le-retour-en-grace-de-leconomiste-heterodoxe#primaryimage\"},\"thumbnailUrl\":\"https:\/\/static.africa-press.net\/burkina\/sites\/42\/2021\/04\/img-60783611902d9.jpg\",\"datePublished\":\"2021-04-15T13:33:37+00:00\",\"dateModified\":\"2021-04-15T14:30:53+00:00\",\"author\":{\"@id\":\"https:\/\/www.africa-press.net\/burkina-faso\/#\/schema\/person\/2b1cf3cd81a31e3cd26889ca66d677f1\"},\"description\":\"L\u2019\u00e9conomiste togolais a \u00e9t\u00e9 d\u00e9sign\u00e9 par le pr\u00e9sident Faure Gnassingb\u00e9 pour repr\u00e9senter Lom\u00e9 au sein de l\u2019instance r\u00e9gion ...\",\"breadcrumb\":{\"@id\":\"https:\/\/www.africa-press.net\/burkina-faso\/politique\/kako-nubukpo-a-la-commission-de-luemoa-le-retour-en-grace-de-leconomiste-heterodoxe#breadcrumb\"},\"inLanguage\":\"fr-FR\",\"potentialAction\":[{\"@type\":\"ReadAction\",\"target\":[\"https:\/\/www.africa-press.net\/burkina-faso\/politique\/kako-nubukpo-a-la-commission-de-luemoa-le-retour-en-grace-de-leconomiste-heterodoxe\"]}]},{\"@type\":\"ImageObject\",\"inLanguage\":\"fr-FR\",\"@id\":\"https:\/\/www.africa-press.net\/burkina-faso\/politique\/kako-nubukpo-a-la-commission-de-luemoa-le-retour-en-grace-de-leconomiste-heterodoxe#primaryimage\",\"url\":\"https:\/\/static.africa-press.net\/burkina\/sites\/42\/2021\/04\/img-60783611902d9.jpg\",\"contentUrl\":\"https:\/\/static.africa-press.net\/burkina\/sites\/42\/2021\/04\/img-60783611902d9.jpg\",\"width\":720,\"height\":360,\"caption\":\"Kako Nubukpo \u00e0 la Commission de l\u2019Uemoa\u00a0: le retour en gr\u00e2ce de l\u2019\u00e9conomiste h\u00e9t\u00e9rodoxe\"},{\"@type\":\"BreadcrumbList\",\"@id\":\"https:\/\/www.africa-press.net\/burkina-faso\/politique\/kako-nubukpo-a-la-commission-de-luemoa-le-retour-en-grace-de-leconomiste-heterodoxe#breadcrumb\",\"itemListElement\":[{\"@type\":\"ListItem\",\"position\":1,\"name\":\"Accueil\",\"item\":\"https:\/\/www.africa-press.net\/burkina-faso\/\"},{\"@type\":\"ListItem\",\"position\":2,\"name\":\"Kako Nubukpo \u00e0 la Commission de l\u2019Uemoa\u00a0: le retour en gr\u00e2ce de l\u2019\u00e9conomiste h\u00e9t\u00e9rodoxe\"}]},{\"@type\":\"WebSite\",\"@id\":\"https:\/\/www.africa-press.net\/burkina-faso\/#website\",\"url\":\"https:\/\/www.africa-press.net\/burkina-faso\/\",\"name\":\"Burkina Faso\",\"description\":\"Just another Africa News Agency Sites site\",\"potentialAction\":[{\"@type\":\"SearchAction\",\"target\":{\"@type\":\"EntryPoint\",\"urlTemplate\":\"https:\/\/www.africa-press.net\/burkina-faso\/?s={search_term_string}\"},\"query-input\":{\"@type\":\"PropertyValueSpecification\",\"valueRequired\":true,\"valueName\":\"search_term_string\"}}],\"inLanguage\":\"fr-FR\"},{\"@type\":\"Person\",\"@id\":\"https:\/\/www.africa-press.net\/burkina-faso\/#\/schema\/person\/2b1cf3cd81a31e3cd26889ca66d677f1\",\"name\":\"cfeditorfr\"}]}<\/script>\n<!-- \/ Yoast SEO Premium plugin. -->","yoast_head_json":{"title":"Kako Nubukpo \u00e0 la Commission de l\u2019Uemoa\u00a0: le retour en gr\u00e2ce de l\u2019\u00e9conomiste h\u00e9t\u00e9rodoxe - Burkina Faso","description":"L\u2019\u00e9conomiste togolais a \u00e9t\u00e9 d\u00e9sign\u00e9 par le pr\u00e9sident Faure Gnassingb\u00e9 pour repr\u00e9senter Lom\u00e9 au sein de l\u2019instance r\u00e9gion ...","robots":{"index":"index","follow":"follow","max-snippet":"max-snippet:-1","max-image-preview":"max-image-preview:large","max-video-preview":"max-video-preview:-1"},"canonical":"https:\/\/www.africa-press.net\/burkina-faso\/politique\/kako-nubukpo-a-la-commission-de-luemoa-le-retour-en-grace-de-leconomiste-heterodoxe","og_locale":"fr_FR","og_type":"article","og_title":"Kako Nubukpo \u00e0 la Commission de l\u2019Uemoa\u00a0: le retour en gr\u00e2ce de l\u2019\u00e9conomiste h\u00e9t\u00e9rodoxe","og_description":"L\u2019\u00e9conomiste togolais a \u00e9t\u00e9 d\u00e9sign\u00e9 par le pr\u00e9sident Faure Gnassingb\u00e9 pour repr\u00e9senter Lom\u00e9 au sein de l\u2019instance r\u00e9gion ...","og_url":"https:\/\/www.africa-press.net\/burkina-faso\/politique\/kako-nubukpo-a-la-commission-de-luemoa-le-retour-en-grace-de-leconomiste-heterodoxe","og_site_name":"Burkina Faso","article_published_time":"2021-04-15T13:33:37+00:00","article_modified_time":"2021-04-15T14:30:53+00:00","og_image":[{"width":720,"height":360,"url":"https:\/\/static.africa-press.net\/burkina\/sites\/42\/2021\/04\/img-60783611902d9.jpg","type":"image\/jpeg"}],"author":"cfeditorfr","twitter_card":"summary_large_image","twitter_misc":{"\u00c9crit par":"cfeditorfr","Dur\u00e9e de lecture estim\u00e9e":"1 minute"},"schema":{"@context":"https:\/\/schema.org","@graph":[{"@type":"Article","@id":"https:\/\/www.africa-press.net\/burkina-faso\/politique\/kako-nubukpo-a-la-commission-de-luemoa-le-retour-en-grace-de-leconomiste-heterodoxe#article","isPartOf":{"@id":"https:\/\/www.africa-press.net\/burkina-faso\/politique\/kako-nubukpo-a-la-commission-de-luemoa-le-retour-en-grace-de-leconomiste-heterodoxe"},"author":{"name":"cfeditorfr","@id":"https:\/\/www.africa-press.net\/burkina-faso\/#\/schema\/person\/2b1cf3cd81a31e3cd26889ca66d677f1"},"headline":"Kako Nubukpo \u00e0 la Commission de l\u2019Uemoa\u00a0: le retour en gr\u00e2ce de l\u2019\u00e9conomiste h\u00e9t\u00e9rodoxe","datePublished":"2021-04-15T13:33:37+00:00","dateModified":"2021-04-15T14:30:53+00:00","mainEntityOfPage":{"@id":"https:\/\/www.africa-press.net\/burkina-faso\/politique\/kako-nubukpo-a-la-commission-de-luemoa-le-retour-en-grace-de-leconomiste-heterodoxe"},"wordCount":217,"commentCount":0,"image":{"@id":"https:\/\/www.africa-press.net\/burkina-faso\/politique\/kako-nubukpo-a-la-commission-de-luemoa-le-retour-en-grace-de-leconomiste-heterodoxe#primaryimage"},"thumbnailUrl":"https:\/\/static.africa-press.net\/burkina\/sites\/42\/2021\/04\/img-60783611902d9.jpg","keywords":["Africa Press","Africa Press-Burkina Faso","Burkina Faso"],"articleSection":["homepage-french","Politique","Toutes les actualit\u00e9s"],"inLanguage":"fr-FR","potentialAction":[{"@type":"CommentAction","name":"Comment","target":["https:\/\/www.africa-press.net\/burkina-faso\/politique\/kako-nubukpo-a-la-commission-de-luemoa-le-retour-en-grace-de-leconomiste-heterodoxe#respond"]}]},{"@type":"WebPage","@id":"https:\/\/www.africa-press.net\/burkina-faso\/politique\/kako-nubukpo-a-la-commission-de-luemoa-le-retour-en-grace-de-leconomiste-heterodoxe","url":"https:\/\/www.africa-press.net\/burkina-faso\/politique\/kako-nubukpo-a-la-commission-de-luemoa-le-retour-en-grace-de-leconomiste-heterodoxe","name":"Kako Nubukpo \u00e0 la Commission de l\u2019Uemoa\u00a0: le retour en gr\u00e2ce de l\u2019\u00e9conomiste h\u00e9t\u00e9rodoxe - Burkina Faso","isPartOf":{"@id":"https:\/\/www.africa-press.net\/burkina-faso\/#website"},"primaryImageOfPage":{"@id":"https:\/\/www.africa-press.net\/burkina-faso\/politique\/kako-nubukpo-a-la-commission-de-luemoa-le-retour-en-grace-de-leconomiste-heterodoxe#primaryimage"},"image":{"@id":"https:\/\/www.africa-press.net\/burkina-faso\/politique\/kako-nubukpo-a-la-commission-de-luemoa-le-retour-en-grace-de-leconomiste-heterodoxe#primaryimage"},"thumbnailUrl":"https:\/\/static.africa-press.net\/burkina\/sites\/42\/2021\/04\/img-60783611902d9.jpg","datePublished":"2021-04-15T13:33:37+00:00","dateModified":"2021-04-15T14:30:53+00:00","author":{"@id":"https:\/\/www.africa-press.net\/burkina-faso\/#\/schema\/person\/2b1cf3cd81a31e3cd26889ca66d677f1"},"description":"L\u2019\u00e9conomiste togolais a \u00e9t\u00e9 d\u00e9sign\u00e9 par le pr\u00e9sident Faure Gnassingb\u00e9 pour repr\u00e9senter Lom\u00e9 au sein de l\u2019instance r\u00e9gion ...","breadcrumb":{"@id":"https:\/\/www.africa-press.net\/burkina-faso\/politique\/kako-nubukpo-a-la-commission-de-luemoa-le-retour-en-grace-de-leconomiste-heterodoxe#breadcrumb"},"inLanguage":"fr-FR","potentialAction":[{"@type":"ReadAction","target":["https:\/\/www.africa-press.net\/burkina-faso\/politique\/kako-nubukpo-a-la-commission-de-luemoa-le-retour-en-grace-de-leconomiste-heterodoxe"]}]},{"@type":"ImageObject","inLanguage":"fr-FR","@id":"https:\/\/www.africa-press.net\/burkina-faso\/politique\/kako-nubukpo-a-la-commission-de-luemoa-le-retour-en-grace-de-leconomiste-heterodoxe#primaryimage","url":"https:\/\/static.africa-press.net\/burkina\/sites\/42\/2021\/04\/img-60783611902d9.jpg","contentUrl":"https:\/\/static.africa-press.net\/burkina\/sites\/42\/2021\/04\/img-60783611902d9.jpg","width":720,"height":360,"caption":"Kako Nubukpo \u00e0 la Commission de l\u2019Uemoa\u00a0: le retour en gr\u00e2ce de l\u2019\u00e9conomiste h\u00e9t\u00e9rodoxe"},{"@type":"BreadcrumbList","@id":"https:\/\/www.africa-press.net\/burkina-faso\/politique\/kako-nubukpo-a-la-commission-de-luemoa-le-retour-en-grace-de-leconomiste-heterodoxe#breadcrumb","itemListElement":[{"@type":"ListItem","position":1,"name":"Accueil","item":"https:\/\/www.africa-press.net\/burkina-faso\/"},{"@type":"ListItem","position":2,"name":"Kako Nubukpo \u00e0 la Commission de l\u2019Uemoa\u00a0: le retour en gr\u00e2ce de l\u2019\u00e9conomiste h\u00e9t\u00e9rodoxe"}]},{"@type":"WebSite","@id":"https:\/\/www.africa-press.net\/burkina-faso\/#website","url":"https:\/\/www.africa-press.net\/burkina-faso\/","name":"Burkina Faso","description":"Just another Africa News Agency Sites site","potentialAction":[{"@type":"SearchAction","target":{"@type":"EntryPoint","urlTemplate":"https:\/\/www.africa-press.net\/burkina-faso\/?s={search_term_string}"},"query-input":{"@type":"PropertyValueSpecification","valueRequired":true,"valueName":"search_term_string"}}],"inLanguage":"fr-FR"},{"@type":"Person","@id":"https:\/\/www.africa-press.net\/burkina-faso\/#\/schema\/person\/2b1cf3cd81a31e3cd26889ca66d677f1","name":"cfeditorfr"}]}},"_links":{"self":[{"href":"https:\/\/www.africa-press.net\/burkina-faso\/wp-json\/wp\/v2\/posts\/9982","targetHints":{"allow":["GET"]}}],"collection":[{"href":"https:\/\/www.africa-press.net\/burkina-faso\/wp-json\/wp\/v2\/posts"}],"about":[{"href":"https:\/\/www.africa-press.net\/burkina-faso\/wp-json\/wp\/v2\/types\/post"}],"author":[{"embeddable":true,"href":"https:\/\/www.africa-press.net\/burkina-faso\/wp-json\/wp\/v2\/users\/82"}],"replies":[{"embeddable":true,"href":"https:\/\/www.africa-press.net\/burkina-faso\/wp-json\/wp\/v2\/comments?post=9982"}],"version-history":[{"count":0,"href":"https:\/\/www.africa-press.net\/burkina-faso\/wp-json\/wp\/v2\/posts\/9982\/revisions"}],"wp:featuredmedia":[{"embeddable":true,"href":"https:\/\/www.africa-press.net\/burkina-faso\/wp-json\/wp\/v2\/media\/9981"}],"wp:attachment":[{"href":"https:\/\/www.africa-press.net\/burkina-faso\/wp-json\/wp\/v2\/media?parent=9982"}],"wp:term":[{"taxonomy":"category","embeddable":true,"href":"https:\/\/www.africa-press.net\/burkina-faso\/wp-json\/wp\/v2\/categories?post=9982"},{"taxonomy":"post_tag","embeddable":true,"href":"https:\/\/www.africa-press.net\/burkina-faso\/wp-json\/wp\/v2\/tags?post=9982"}],"curies":[{"name":"wp","href":"https:\/\/api.w.org\/{rel}","templated":true}]}}