{"id":9987,"date":"2021-04-15T13:39:51","date_gmt":"2021-04-15T13:39:51","guid":{"rendered":"https:\/\/www.africa-press.net\/burkina-faso\/?p=9987"},"modified":"2021-04-15T14:31:09","modified_gmt":"2021-04-15T14:31:09","slug":"education-inclusive-wendinso-jacqueline-yameogo-dianda-disseque-la-communication-de-long-humanite-et-inclusion","status":"publish","type":"post","link":"https:\/\/www.africa-press.net\/burkina-faso\/toutes-les-actualites\/education-inclusive-wendinso-jacqueline-yameogo-dianda-disseque-la-communication-de-long-humanite-et-inclusion","title":{"rendered":"Education Inclusive\u00a0: Wendinso Jacqueline Yam\u00e9ogo\/Dianda diss\u00e8que la communication de l\u2019ONG Humanit\u00e9 et Inclusion"},"content":{"rendered":"<p><span style=\"color: #ff6600\"><strong><a href=\"https:\/\/www.africa-press.net\/\">Africa-Press<\/a> &#8211; <a href=\"https:\/\/www.africa-press.net\/burkina-faso\">Burkina Faso<\/a>. <\/strong><\/span>Wendinso Jacqueline Yam\u00e9ogo\/Dianda a pr\u00e9sent\u00e9 avec succ\u00e8s, le vendredi 9 avril 2021 \u00e0 l\u2019Universit\u00e9 libre du Burkina (ULB) \u00e0 Ouagadougou, son m\u00e9moire en Master 2 Communication pour le d\u00e9veloppement (CPD). Les efforts de celle qui officie \u00e0 la Direction de la communication et de la presse minist\u00e9rielle (DCPM) du minist\u00e8re en charge de l\u2019\u00e9ducation nationale ont \u00e9t\u00e9 sanctionn\u00e9s par la note de 17\/20.<\/p>\n<p>\u00ab Contribution de la communication \u00e0 la promotion de l\u2019Education Inclusive (EI) au Burkina Faso : cas de l\u2019ONG Humanit\u00e9 et Inclusion dans les villes de Tenkodogo et de Ouagadougou \u00bb. C\u2019est sous ce th\u00e8me que Wendinso Jacqueline Yam\u00e9ogo\/Dianda a soutenu son m\u00e9moire en Master 2 Communication Pour le D\u00e9veloppement.<\/p>\n<p>Le choix de ce th\u00e8me, a expliqu\u00e9 Wendinso Jacqueline Yam\u00e9ogo\/Dianda est parti d\u2019un constat. \u00ab Nous avons constat\u00e9 au moment de nos reportages terrain que l\u2019ONG Humanit\u00e9 et Inclusion (ONG HI) formait des gens et menait des sensibilisations en faveur des personnes en situation de handicap. Mais on a vu que malgr\u00e9 les efforts de l\u2019ONG, dans ses interventions, la situation des personnes en situation de handicap a peu \u00e9volu\u00e9. Les probl\u00e8mes subsistent toujours \u00bb.<\/p>\n<p>C\u2019est fort de cet \u00e9tat de fait que, pour son travail, Mme Dianda s\u2019est fix\u00e9e comme objectif g\u00e9n\u00e9ral, d\u2019analyser la communication de l\u2019ONG Humanit\u00e9 et Inclusion (ONG HI) dans ses interventions pour la promotion de l\u2019\u00e9ducation inclusive dans les communes de Tenkodogo et de Ouagadougou.<\/p>\n<p>De cette analyse, il ressort, selon Mme Dianda que l\u2019ONG HI m\u00e8ne effectivement des actions de communication dans le cadre de la promotion de l\u2019\u00e9ducation inclusive (EI), \u00ab en t\u00e9moignent les taux de 70% consacr\u00e9s \u00e0 la formation et \u00e0 la sensibilisation, de 15% d\u00e9di\u00e9s \u00e0 leur sant\u00e9, 10% \u00e0 leur insertion sociale et 5% \u00e0 leur formation \u00bb, a-t-elle pr\u00e9cis\u00e9.<\/p>\n<p>Malgr\u00e9 les efforts, les difficult\u00e9s demeurent quant \u00e0 l\u2019inclusion des personnes en situation de handicap. Il s\u2019agit entre autres, du c\u00f4t\u00e9 des Personnes en situation de handicap (PSH), de l\u2019analphab\u00e9tisme, la m\u00e9connaissance et la non-application des textes et lois r\u00e9gissant les concern\u00e9s ou la peur de la stigmatisation tant au niveau des parents que des premiers concern\u00e9s.<\/p>\n<p>Du c\u00f4t\u00e9 de l\u2019ONG HI, l\u2019imp\u00e9trante estime que de \u00ab s\u00e9rieuses limites li\u00e9es \u00e0 la nature des outils de communication emp\u00eachent l\u2019ONG Humanit\u00e9 et Inclusion de faire une r\u00e9elle promotion de l\u2019\u00e9ducation inclusive \u00bb dans ses zones d\u2019intervention. Pour exemple, elle a relev\u00e9 \u00e0 ce niveau, l\u2019inadaptation de la langue utilis\u00e9e (le fran\u00e7ais) dans les s\u00e9ances de sensibilisation \u00e0 la promotion des droits des personnes en situation de handicap.<\/p>\n<p>Ainsi, dans la perspective de pallier ces insuffisances et de contribuer \u00e0 la promotion de l\u2019\u00e9ducation inclusive gr\u00e2ce \u00e0 la communication, l\u2019imp\u00e9trante a fait des suggestions. Elle propose, entre autres, la mise en place d\u2019une strat\u00e9gie de communication en fonction des besoins r\u00e9els des PSH, l\u2019adaptation des outils de communication.<\/p>\n<p>Apr\u00e8s la pr\u00e9sentation de son travail, un document de 98 pages, Wendinso Jacqueline Yam\u00e9ogo\/Dianda a obtenu la note de 17\/20. Et l\u2019imp\u00e9trante pense poursuivre ses recherches pour l\u2019am\u00e9lioration du quotidien des Personnes en situation de handicap, et \u00ab voir comment faire pour que les lois qui sont vot\u00e9es puissent \u00eatre appliqu\u00e9es. C\u2019est cela notre cheval de bataille \u00bb.<\/p>\n","protected":false},"excerpt":{"rendered":"<p>Africa-Press &#8211; Burkina Faso. Wendinso Jacqueline Yam\u00e9ogo\/Dianda a pr\u00e9sent\u00e9 avec succ\u00e8s, le vendredi 9 avril 2021 \u00e0 l\u2019Universit\u00e9 libre du Burkina (ULB) \u00e0 Ouagadougou, son m\u00e9moire en Master 2 Communication pour le d\u00e9veloppement (CPD). Les efforts de celle qui officie \u00e0 la Direction de la communication et de la presse minist\u00e9rielle (DCPM) du minist\u00e8re en [&hellip;]<\/p>\n","protected":false},"author":82,"featured_media":9986,"comment_status":"open","ping_status":"closed","sticky":false,"template":"","format":"standard","meta":{"footnotes":""},"categories":[21,11,10],"tags":[111,725,29],"class_list":["post-9987","post","type-post","status-publish","format-standard","has-post-thumbnail","hentry","category-communaute","category-homepage-french","category-toutes-les-actualites","tag-africa-press","tag-africa-press-burkina-faso","tag-burkina-faso"],"yoast_head":"<!-- This site is optimized with the Yoast SEO Premium plugin v26.1 (Yoast SEO v27.0) - https:\/\/yoast.com\/product\/yoast-seo-premium-wordpress\/ -->\n<title>Education Inclusive\u00a0: Wendinso Jacqueline Yam\u00e9ogo\/Dianda diss\u00e8que la communication de l\u2019ONG Humanit\u00e9 et Inclusion - Burkina Faso<\/title>\n<meta name=\"description\" content=\"Wendinso Jacqueline Yam\u00e9ogo\/Dianda a pr\u00e9sent\u00e9 avec succ\u00e8s, le vendredi 9 avril 2021 \u00e0 l\u2019Universit\u00e9 libre du Burkina (ULB ...\" \/>\n<meta name=\"robots\" content=\"index, follow, max-snippet:-1, max-image-preview:large, max-video-preview:-1\" \/>\n<link rel=\"canonical\" href=\"https:\/\/www.africa-press.net\/burkina-faso\/toutes-les-actualites\/education-inclusive-wendinso-jacqueline-yameogo-dianda-disseque-la-communication-de-long-humanite-et-inclusion\" \/>\n<meta property=\"og:locale\" content=\"fr_FR\" \/>\n<meta property=\"og:type\" content=\"article\" \/>\n<meta property=\"og:title\" content=\"Education Inclusive\u00a0: Wendinso Jacqueline Yam\u00e9ogo\/Dianda diss\u00e8que la communication de l\u2019ONG Humanit\u00e9 et Inclusion\" \/>\n<meta property=\"og:description\" content=\"Wendinso Jacqueline Yam\u00e9ogo\/Dianda a pr\u00e9sent\u00e9 avec succ\u00e8s, le vendredi 9 avril 2021 \u00e0 l\u2019Universit\u00e9 libre du Burkina (ULB ...\" \/>\n<meta property=\"og:url\" content=\"https:\/\/www.africa-press.net\/burkina-faso\/toutes-les-actualites\/education-inclusive-wendinso-jacqueline-yameogo-dianda-disseque-la-communication-de-long-humanite-et-inclusion\" \/>\n<meta property=\"og:site_name\" content=\"Burkina Faso\" \/>\n<meta property=\"article:published_time\" content=\"2021-04-15T13:39:51+00:00\" \/>\n<meta property=\"article:modified_time\" content=\"2021-04-15T14:31:09+00:00\" \/>\n<meta property=\"og:image\" content=\"https:\/\/static.africa-press.net\/burkina\/sites\/42\/2021\/04\/img-60783697160e4.jpg\" \/>\n\t<meta property=\"og:image:width\" content=\"747\" \/>\n\t<meta property=\"og:image:height\" content=\"460\" \/>\n\t<meta property=\"og:image:type\" content=\"image\/jpeg\" \/>\n<meta name=\"author\" content=\"cfeditorfr\" \/>\n<meta name=\"twitter:card\" content=\"summary_large_image\" \/>\n<meta name=\"twitter:label1\" content=\"\u00c9crit par\" \/>\n\t<meta name=\"twitter:data1\" content=\"cfeditorfr\" \/>\n\t<meta name=\"twitter:label2\" content=\"Dur\u00e9e de lecture estim\u00e9e\" \/>\n\t<meta name=\"twitter:data2\" content=\"3 minutes\" \/>\n<script type=\"application\/ld+json\" class=\"yoast-schema-graph\">{\"@context\":\"https:\/\/schema.org\",\"@graph\":[{\"@type\":\"Article\",\"@id\":\"https:\/\/www.africa-press.net\/burkina-faso\/toutes-les-actualites\/education-inclusive-wendinso-jacqueline-yameogo-dianda-disseque-la-communication-de-long-humanite-et-inclusion#article\",\"isPartOf\":{\"@id\":\"https:\/\/www.africa-press.net\/burkina-faso\/toutes-les-actualites\/education-inclusive-wendinso-jacqueline-yameogo-dianda-disseque-la-communication-de-long-humanite-et-inclusion\"},\"author\":{\"name\":\"cfeditorfr\",\"@id\":\"https:\/\/www.africa-press.net\/burkina-faso\/#\/schema\/person\/2b1cf3cd81a31e3cd26889ca66d677f1\"},\"headline\":\"Education Inclusive\u00a0: Wendinso Jacqueline Yam\u00e9ogo\/Dianda diss\u00e8que la communication de l\u2019ONG Humanit\u00e9 et Inclusion\",\"datePublished\":\"2021-04-15T13:39:51+00:00\",\"dateModified\":\"2021-04-15T14:31:09+00:00\",\"mainEntityOfPage\":{\"@id\":\"https:\/\/www.africa-press.net\/burkina-faso\/toutes-les-actualites\/education-inclusive-wendinso-jacqueline-yameogo-dianda-disseque-la-communication-de-long-humanite-et-inclusion\"},\"wordCount\":598,\"commentCount\":0,\"image\":{\"@id\":\"https:\/\/www.africa-press.net\/burkina-faso\/toutes-les-actualites\/education-inclusive-wendinso-jacqueline-yameogo-dianda-disseque-la-communication-de-long-humanite-et-inclusion#primaryimage\"},\"thumbnailUrl\":\"https:\/\/static.africa-press.net\/burkina\/sites\/42\/2021\/04\/img-60783697160e4.jpg\",\"keywords\":[\"Africa Press\",\"Africa Press-Burkina Faso\",\"Burkina Faso\"],\"articleSection\":[\"Communaut\u00e9\",\"homepage-french\",\"Toutes les actualit\u00e9s\"],\"inLanguage\":\"fr-FR\",\"potentialAction\":[{\"@type\":\"CommentAction\",\"name\":\"Comment\",\"target\":[\"https:\/\/www.africa-press.net\/burkina-faso\/toutes-les-actualites\/education-inclusive-wendinso-jacqueline-yameogo-dianda-disseque-la-communication-de-long-humanite-et-inclusion#respond\"]}]},{\"@type\":\"WebPage\",\"@id\":\"https:\/\/www.africa-press.net\/burkina-faso\/toutes-les-actualites\/education-inclusive-wendinso-jacqueline-yameogo-dianda-disseque-la-communication-de-long-humanite-et-inclusion\",\"url\":\"https:\/\/www.africa-press.net\/burkina-faso\/toutes-les-actualites\/education-inclusive-wendinso-jacqueline-yameogo-dianda-disseque-la-communication-de-long-humanite-et-inclusion\",\"name\":\"Education Inclusive\u00a0: Wendinso Jacqueline Yam\u00e9ogo\/Dianda diss\u00e8que la communication de l\u2019ONG Humanit\u00e9 et Inclusion - Burkina Faso\",\"isPartOf\":{\"@id\":\"https:\/\/www.africa-press.net\/burkina-faso\/#website\"},\"primaryImageOfPage\":{\"@id\":\"https:\/\/www.africa-press.net\/burkina-faso\/toutes-les-actualites\/education-inclusive-wendinso-jacqueline-yameogo-dianda-disseque-la-communication-de-long-humanite-et-inclusion#primaryimage\"},\"image\":{\"@id\":\"https:\/\/www.africa-press.net\/burkina-faso\/toutes-les-actualites\/education-inclusive-wendinso-jacqueline-yameogo-dianda-disseque-la-communication-de-long-humanite-et-inclusion#primaryimage\"},\"thumbnailUrl\":\"https:\/\/static.africa-press.net\/burkina\/sites\/42\/2021\/04\/img-60783697160e4.jpg\",\"datePublished\":\"2021-04-15T13:39:51+00:00\",\"dateModified\":\"2021-04-15T14:31:09+00:00\",\"author\":{\"@id\":\"https:\/\/www.africa-press.net\/burkina-faso\/#\/schema\/person\/2b1cf3cd81a31e3cd26889ca66d677f1\"},\"description\":\"Wendinso Jacqueline Yam\u00e9ogo\/Dianda a pr\u00e9sent\u00e9 avec succ\u00e8s, le vendredi 9 avril 2021 \u00e0 l\u2019Universit\u00e9 libre du Burkina (ULB ...\",\"breadcrumb\":{\"@id\":\"https:\/\/www.africa-press.net\/burkina-faso\/toutes-les-actualites\/education-inclusive-wendinso-jacqueline-yameogo-dianda-disseque-la-communication-de-long-humanite-et-inclusion#breadcrumb\"},\"inLanguage\":\"fr-FR\",\"potentialAction\":[{\"@type\":\"ReadAction\",\"target\":[\"https:\/\/www.africa-press.net\/burkina-faso\/toutes-les-actualites\/education-inclusive-wendinso-jacqueline-yameogo-dianda-disseque-la-communication-de-long-humanite-et-inclusion\"]}]},{\"@type\":\"ImageObject\",\"inLanguage\":\"fr-FR\",\"@id\":\"https:\/\/www.africa-press.net\/burkina-faso\/toutes-les-actualites\/education-inclusive-wendinso-jacqueline-yameogo-dianda-disseque-la-communication-de-long-humanite-et-inclusion#primaryimage\",\"url\":\"https:\/\/static.africa-press.net\/burkina\/sites\/42\/2021\/04\/img-60783697160e4.jpg\",\"contentUrl\":\"https:\/\/static.africa-press.net\/burkina\/sites\/42\/2021\/04\/img-60783697160e4.jpg\",\"width\":747,\"height\":460,\"caption\":\"Education Inclusive\u00a0: Wendinso Jacqueline Yam\u00e9ogo\/Dianda diss\u00e8que la communication de l\u2019ONG Humanit\u00e9 et Inclusion\"},{\"@type\":\"BreadcrumbList\",\"@id\":\"https:\/\/www.africa-press.net\/burkina-faso\/toutes-les-actualites\/education-inclusive-wendinso-jacqueline-yameogo-dianda-disseque-la-communication-de-long-humanite-et-inclusion#breadcrumb\",\"itemListElement\":[{\"@type\":\"ListItem\",\"position\":1,\"name\":\"Accueil\",\"item\":\"https:\/\/www.africa-press.net\/burkina-faso\/\"},{\"@type\":\"ListItem\",\"position\":2,\"name\":\"Education Inclusive\u00a0: Wendinso Jacqueline Yam\u00e9ogo\/Dianda diss\u00e8que la communication de l\u2019ONG Humanit\u00e9 et Inclusion\"}]},{\"@type\":\"WebSite\",\"@id\":\"https:\/\/www.africa-press.net\/burkina-faso\/#website\",\"url\":\"https:\/\/www.africa-press.net\/burkina-faso\/\",\"name\":\"Burkina Faso\",\"description\":\"Just another Africa News Agency Sites site\",\"potentialAction\":[{\"@type\":\"SearchAction\",\"target\":{\"@type\":\"EntryPoint\",\"urlTemplate\":\"https:\/\/www.africa-press.net\/burkina-faso\/?s={search_term_string}\"},\"query-input\":{\"@type\":\"PropertyValueSpecification\",\"valueRequired\":true,\"valueName\":\"search_term_string\"}}],\"inLanguage\":\"fr-FR\"},{\"@type\":\"Person\",\"@id\":\"https:\/\/www.africa-press.net\/burkina-faso\/#\/schema\/person\/2b1cf3cd81a31e3cd26889ca66d677f1\",\"name\":\"cfeditorfr\"}]}<\/script>\n<!-- \/ Yoast SEO Premium plugin. -->","yoast_head_json":{"title":"Education Inclusive\u00a0: Wendinso Jacqueline Yam\u00e9ogo\/Dianda diss\u00e8que la communication de l\u2019ONG Humanit\u00e9 et Inclusion - Burkina Faso","description":"Wendinso Jacqueline Yam\u00e9ogo\/Dianda a pr\u00e9sent\u00e9 avec succ\u00e8s, le vendredi 9 avril 2021 \u00e0 l\u2019Universit\u00e9 libre du Burkina (ULB ...","robots":{"index":"index","follow":"follow","max-snippet":"max-snippet:-1","max-image-preview":"max-image-preview:large","max-video-preview":"max-video-preview:-1"},"canonical":"https:\/\/www.africa-press.net\/burkina-faso\/toutes-les-actualites\/education-inclusive-wendinso-jacqueline-yameogo-dianda-disseque-la-communication-de-long-humanite-et-inclusion","og_locale":"fr_FR","og_type":"article","og_title":"Education Inclusive\u00a0: Wendinso Jacqueline Yam\u00e9ogo\/Dianda diss\u00e8que la communication de l\u2019ONG Humanit\u00e9 et Inclusion","og_description":"Wendinso Jacqueline Yam\u00e9ogo\/Dianda a pr\u00e9sent\u00e9 avec succ\u00e8s, le vendredi 9 avril 2021 \u00e0 l\u2019Universit\u00e9 libre du Burkina (ULB ...","og_url":"https:\/\/www.africa-press.net\/burkina-faso\/toutes-les-actualites\/education-inclusive-wendinso-jacqueline-yameogo-dianda-disseque-la-communication-de-long-humanite-et-inclusion","og_site_name":"Burkina Faso","article_published_time":"2021-04-15T13:39:51+00:00","article_modified_time":"2021-04-15T14:31:09+00:00","og_image":[{"width":747,"height":460,"url":"https:\/\/static.africa-press.net\/burkina\/sites\/42\/2021\/04\/img-60783697160e4.jpg","type":"image\/jpeg"}],"author":"cfeditorfr","twitter_card":"summary_large_image","twitter_misc":{"\u00c9crit par":"cfeditorfr","Dur\u00e9e de lecture estim\u00e9e":"3 minutes"},"schema":{"@context":"https:\/\/schema.org","@graph":[{"@type":"Article","@id":"https:\/\/www.africa-press.net\/burkina-faso\/toutes-les-actualites\/education-inclusive-wendinso-jacqueline-yameogo-dianda-disseque-la-communication-de-long-humanite-et-inclusion#article","isPartOf":{"@id":"https:\/\/www.africa-press.net\/burkina-faso\/toutes-les-actualites\/education-inclusive-wendinso-jacqueline-yameogo-dianda-disseque-la-communication-de-long-humanite-et-inclusion"},"author":{"name":"cfeditorfr","@id":"https:\/\/www.africa-press.net\/burkina-faso\/#\/schema\/person\/2b1cf3cd81a31e3cd26889ca66d677f1"},"headline":"Education Inclusive\u00a0: Wendinso Jacqueline Yam\u00e9ogo\/Dianda diss\u00e8que la communication de l\u2019ONG Humanit\u00e9 et Inclusion","datePublished":"2021-04-15T13:39:51+00:00","dateModified":"2021-04-15T14:31:09+00:00","mainEntityOfPage":{"@id":"https:\/\/www.africa-press.net\/burkina-faso\/toutes-les-actualites\/education-inclusive-wendinso-jacqueline-yameogo-dianda-disseque-la-communication-de-long-humanite-et-inclusion"},"wordCount":598,"commentCount":0,"image":{"@id":"https:\/\/www.africa-press.net\/burkina-faso\/toutes-les-actualites\/education-inclusive-wendinso-jacqueline-yameogo-dianda-disseque-la-communication-de-long-humanite-et-inclusion#primaryimage"},"thumbnailUrl":"https:\/\/static.africa-press.net\/burkina\/sites\/42\/2021\/04\/img-60783697160e4.jpg","keywords":["Africa Press","Africa Press-Burkina Faso","Burkina Faso"],"articleSection":["Communaut\u00e9","homepage-french","Toutes les actualit\u00e9s"],"inLanguage":"fr-FR","potentialAction":[{"@type":"CommentAction","name":"Comment","target":["https:\/\/www.africa-press.net\/burkina-faso\/toutes-les-actualites\/education-inclusive-wendinso-jacqueline-yameogo-dianda-disseque-la-communication-de-long-humanite-et-inclusion#respond"]}]},{"@type":"WebPage","@id":"https:\/\/www.africa-press.net\/burkina-faso\/toutes-les-actualites\/education-inclusive-wendinso-jacqueline-yameogo-dianda-disseque-la-communication-de-long-humanite-et-inclusion","url":"https:\/\/www.africa-press.net\/burkina-faso\/toutes-les-actualites\/education-inclusive-wendinso-jacqueline-yameogo-dianda-disseque-la-communication-de-long-humanite-et-inclusion","name":"Education Inclusive\u00a0: Wendinso Jacqueline Yam\u00e9ogo\/Dianda diss\u00e8que la communication de l\u2019ONG Humanit\u00e9 et Inclusion - Burkina Faso","isPartOf":{"@id":"https:\/\/www.africa-press.net\/burkina-faso\/#website"},"primaryImageOfPage":{"@id":"https:\/\/www.africa-press.net\/burkina-faso\/toutes-les-actualites\/education-inclusive-wendinso-jacqueline-yameogo-dianda-disseque-la-communication-de-long-humanite-et-inclusion#primaryimage"},"image":{"@id":"https:\/\/www.africa-press.net\/burkina-faso\/toutes-les-actualites\/education-inclusive-wendinso-jacqueline-yameogo-dianda-disseque-la-communication-de-long-humanite-et-inclusion#primaryimage"},"thumbnailUrl":"https:\/\/static.africa-press.net\/burkina\/sites\/42\/2021\/04\/img-60783697160e4.jpg","datePublished":"2021-04-15T13:39:51+00:00","dateModified":"2021-04-15T14:31:09+00:00","author":{"@id":"https:\/\/www.africa-press.net\/burkina-faso\/#\/schema\/person\/2b1cf3cd81a31e3cd26889ca66d677f1"},"description":"Wendinso Jacqueline Yam\u00e9ogo\/Dianda a pr\u00e9sent\u00e9 avec succ\u00e8s, le vendredi 9 avril 2021 \u00e0 l\u2019Universit\u00e9 libre du Burkina (ULB ...","breadcrumb":{"@id":"https:\/\/www.africa-press.net\/burkina-faso\/toutes-les-actualites\/education-inclusive-wendinso-jacqueline-yameogo-dianda-disseque-la-communication-de-long-humanite-et-inclusion#breadcrumb"},"inLanguage":"fr-FR","potentialAction":[{"@type":"ReadAction","target":["https:\/\/www.africa-press.net\/burkina-faso\/toutes-les-actualites\/education-inclusive-wendinso-jacqueline-yameogo-dianda-disseque-la-communication-de-long-humanite-et-inclusion"]}]},{"@type":"ImageObject","inLanguage":"fr-FR","@id":"https:\/\/www.africa-press.net\/burkina-faso\/toutes-les-actualites\/education-inclusive-wendinso-jacqueline-yameogo-dianda-disseque-la-communication-de-long-humanite-et-inclusion#primaryimage","url":"https:\/\/static.africa-press.net\/burkina\/sites\/42\/2021\/04\/img-60783697160e4.jpg","contentUrl":"https:\/\/static.africa-press.net\/burkina\/sites\/42\/2021\/04\/img-60783697160e4.jpg","width":747,"height":460,"caption":"Education Inclusive\u00a0: Wendinso Jacqueline Yam\u00e9ogo\/Dianda diss\u00e8que la communication de l\u2019ONG Humanit\u00e9 et Inclusion"},{"@type":"BreadcrumbList","@id":"https:\/\/www.africa-press.net\/burkina-faso\/toutes-les-actualites\/education-inclusive-wendinso-jacqueline-yameogo-dianda-disseque-la-communication-de-long-humanite-et-inclusion#breadcrumb","itemListElement":[{"@type":"ListItem","position":1,"name":"Accueil","item":"https:\/\/www.africa-press.net\/burkina-faso\/"},{"@type":"ListItem","position":2,"name":"Education Inclusive\u00a0: Wendinso Jacqueline Yam\u00e9ogo\/Dianda diss\u00e8que la communication de l\u2019ONG Humanit\u00e9 et Inclusion"}]},{"@type":"WebSite","@id":"https:\/\/www.africa-press.net\/burkina-faso\/#website","url":"https:\/\/www.africa-press.net\/burkina-faso\/","name":"Burkina Faso","description":"Just another Africa News Agency Sites site","potentialAction":[{"@type":"SearchAction","target":{"@type":"EntryPoint","urlTemplate":"https:\/\/www.africa-press.net\/burkina-faso\/?s={search_term_string}"},"query-input":{"@type":"PropertyValueSpecification","valueRequired":true,"valueName":"search_term_string"}}],"inLanguage":"fr-FR"},{"@type":"Person","@id":"https:\/\/www.africa-press.net\/burkina-faso\/#\/schema\/person\/2b1cf3cd81a31e3cd26889ca66d677f1","name":"cfeditorfr"}]}},"_links":{"self":[{"href":"https:\/\/www.africa-press.net\/burkina-faso\/wp-json\/wp\/v2\/posts\/9987","targetHints":{"allow":["GET"]}}],"collection":[{"href":"https:\/\/www.africa-press.net\/burkina-faso\/wp-json\/wp\/v2\/posts"}],"about":[{"href":"https:\/\/www.africa-press.net\/burkina-faso\/wp-json\/wp\/v2\/types\/post"}],"author":[{"embeddable":true,"href":"https:\/\/www.africa-press.net\/burkina-faso\/wp-json\/wp\/v2\/users\/82"}],"replies":[{"embeddable":true,"href":"https:\/\/www.africa-press.net\/burkina-faso\/wp-json\/wp\/v2\/comments?post=9987"}],"version-history":[{"count":0,"href":"https:\/\/www.africa-press.net\/burkina-faso\/wp-json\/wp\/v2\/posts\/9987\/revisions"}],"wp:featuredmedia":[{"embeddable":true,"href":"https:\/\/www.africa-press.net\/burkina-faso\/wp-json\/wp\/v2\/media\/9986"}],"wp:attachment":[{"href":"https:\/\/www.africa-press.net\/burkina-faso\/wp-json\/wp\/v2\/media?parent=9987"}],"wp:term":[{"taxonomy":"category","embeddable":true,"href":"https:\/\/www.africa-press.net\/burkina-faso\/wp-json\/wp\/v2\/categories?post=9987"},{"taxonomy":"post_tag","embeddable":true,"href":"https:\/\/www.africa-press.net\/burkina-faso\/wp-json\/wp\/v2\/tags?post=9987"}],"curies":[{"name":"wp","href":"https:\/\/api.w.org\/{rel}","templated":true}]}}