{"id":9990,"date":"2021-04-15T13:49:56","date_gmt":"2021-04-15T13:49:56","guid":{"rendered":"https:\/\/www.africa-press.net\/burkina-faso\/?p=9990"},"modified":"2021-04-15T14:31:17","modified_gmt":"2021-04-15T14:31:17","slug":"assassinat-de-sankara-le-proces-de-blaise-compaore-peut-il-reconcilier-les-burkinabe","status":"publish","type":"post","link":"https:\/\/www.africa-press.net\/burkina-faso\/politique\/assassinat-de-sankara-le-proces-de-blaise-compaore-peut-il-reconcilier-les-burkinabe","title":{"rendered":"Assassinat de Sankara : le proc\u00e8s de Blaise Compaor\u00e9 peut-il r\u00e9concilier les Burkinab\u00e8 ?"},"content":{"rendered":"<p><span style=\"color: #ff6600\"><strong><a href=\"https:\/\/www.africa-press.net\/\">Africa-Press<\/a> &#8211; <a href=\"https:\/\/www.africa-press.net\/burkina-faso\">Burkina Faso<\/a>. <\/strong><\/span>La mise en accusation de Blaise Compaor\u00e9 dans l\u2019affaire de l\u2019assassinat de Thomas Sankara, trente-quatre ans apr\u00e8s les faits, peut-elle apaiser les tensions sur la sc\u00e8ne politique burkinab\u00e8 ? Ou, au contraire, risque-elle de les raviver ?<\/p>\n<p>L\u2019heure de la justice a-t-elle enfin sonn\u00e9 dans l\u2019affaire de l\u2019assassinat de l\u2019ancien pr\u00e9sident Thomas Sankara et de ses compagnons ? Trente-quatre ans apr\u00e8s les faits, la justice militaire a prononc\u00e9 la mise en accusation de quatorze personnes. Parmi elles, l\u2019ancien pr\u00e9sident Blaise Compaor\u00e9 et son ex-chef d\u2019\u00c9tat-major particulier, le g\u00e9n\u00e9ral Gilbert Diend\u00e9r\u00e9, qui devraient bient\u00f4t \u00eatre jug\u00e9s pour \u00ab attentat \u00e0 la s\u00fbret\u00e9 de l\u2019\u00c9tat \u00bb, \u00ab complicit\u00e9 d\u2019assassinat \u00bb et \u00ab recel de cadavres \u00bb.<\/p>\n<p>\u00ab La chambre de contr\u00f4le de l\u2019instruction a d\u00e9cid\u00e9 qu\u2019il y avait suffisamment de charges \u00e0 l\u2019encontre de monsieur Blaise Compaor\u00e9 et de treize autres personnes pour \u00eatre renvoy\u00e9s devant une chambre de jugement, s\u2019est r\u00e9jouit dans la presse locale Prosper Farama, un des avocats de la famille Sankara. Ce que nous attendons, c\u2019est qu\u2019il y ait une programmation le plus t\u00f4t possible dans le cadre de cette affaire. Les familles ont assez attendu. Il faut que chacun puisse s\u2019exprimer afin que nous passions \u00e0 autre chose. \u00bb<\/p>\n<p>L\u2019affaire Sankara, qui cristallise le d\u00e9bat public depuis des d\u00e9cennies, est l\u2019un des dossiers \u00e0 solder dans le cadre de la \u00ab r\u00e9conciliation nationale \u00bb pr\u00f4n\u00e9e par Roch Marc Christian Kabor\u00e9. R\u00e9\u00e9lu \u00e0 l\u2019issue des \u00e9lections de novembre 2020, le pr\u00e9sident burkinab\u00e8 a cr\u00e9\u00e9 un minist\u00e8re d\u00e9di\u00e9 \u00e0 cette cause, dirig\u00e9 par l\u2019ancien chef de file de l\u2019opposition politique, Z\u00e9phirin Diabr\u00e9.<\/p>\n<p><b>Compaor\u00e9 sera-t-il pr\u00e9sent ?<\/b><\/p>\n","protected":false},"excerpt":{"rendered":"<p>Africa-Press &#8211; Burkina Faso. La mise en accusation de Blaise Compaor\u00e9 dans l\u2019affaire de l\u2019assassinat de Thomas Sankara, trente-quatre ans apr\u00e8s les faits, peut-elle apaiser les tensions sur la sc\u00e8ne politique burkinab\u00e8 ? Ou, au contraire, risque-elle de les raviver ? L\u2019heure de la justice a-t-elle enfin sonn\u00e9 dans l\u2019affaire de l\u2019assassinat de l\u2019ancien pr\u00e9sident [&hellip;]<\/p>\n","protected":false},"author":82,"featured_media":9989,"comment_status":"open","ping_status":"closed","sticky":false,"template":"","format":"standard","meta":{"footnotes":""},"categories":[11,2,20,10],"tags":[111,725,29],"class_list":["post-9990","post","type-post","status-publish","format-standard","has-post-thumbnail","hentry","category-homepage-french","category-politique","category-top-nouvelles","category-toutes-les-actualites","tag-africa-press","tag-africa-press-burkina-faso","tag-burkina-faso"],"yoast_head":"<!-- This site is optimized with the Yoast SEO Premium plugin v26.1 (Yoast SEO v27.0) - https:\/\/yoast.com\/product\/yoast-seo-premium-wordpress\/ -->\n<title>Assassinat de Sankara : le proc\u00e8s de Blaise Compaor\u00e9 peut-il r\u00e9concilier les Burkinab\u00e8 ? - Burkina Faso<\/title>\n<meta name=\"description\" content=\"La mise en accusation de Blaise Compaor\u00e9 dans l\u2019affaire de l\u2019assassinat de Thomas Sankara, trente-quatre ans apr\u00e8s les f ...\" \/>\n<meta name=\"robots\" content=\"index, follow, max-snippet:-1, max-image-preview:large, max-video-preview:-1\" \/>\n<link rel=\"canonical\" href=\"https:\/\/www.africa-press.net\/burkina-faso\/politique\/assassinat-de-sankara-le-proces-de-blaise-compaore-peut-il-reconcilier-les-burkinabe\" \/>\n<meta property=\"og:locale\" content=\"fr_FR\" \/>\n<meta property=\"og:type\" content=\"article\" \/>\n<meta property=\"og:title\" content=\"Assassinat de Sankara : le proc\u00e8s de Blaise Compaor\u00e9 peut-il r\u00e9concilier les Burkinab\u00e8 ?\" \/>\n<meta property=\"og:description\" content=\"La mise en accusation de Blaise Compaor\u00e9 dans l\u2019affaire de l\u2019assassinat de Thomas Sankara, trente-quatre ans apr\u00e8s les f ...\" \/>\n<meta property=\"og:url\" content=\"https:\/\/www.africa-press.net\/burkina-faso\/politique\/assassinat-de-sankara-le-proces-de-blaise-compaore-peut-il-reconcilier-les-burkinabe\" \/>\n<meta property=\"og:site_name\" content=\"Burkina Faso\" \/>\n<meta property=\"article:published_time\" content=\"2021-04-15T13:49:56+00:00\" \/>\n<meta property=\"article:modified_time\" content=\"2021-04-15T14:31:17+00:00\" \/>\n<meta property=\"og:image\" content=\"https:\/\/static.africa-press.net\/burkina\/sites\/42\/2021\/04\/img-607836d93be88.jpg\" \/>\n\t<meta property=\"og:image:width\" content=\"720\" \/>\n\t<meta property=\"og:image:height\" content=\"360\" \/>\n\t<meta property=\"og:image:type\" content=\"image\/jpeg\" \/>\n<meta name=\"author\" content=\"cfeditorfr\" \/>\n<meta name=\"twitter:card\" content=\"summary_large_image\" \/>\n<meta name=\"twitter:label1\" content=\"\u00c9crit par\" \/>\n\t<meta name=\"twitter:data1\" content=\"cfeditorfr\" \/>\n\t<meta name=\"twitter:label2\" content=\"Dur\u00e9e de lecture estim\u00e9e\" \/>\n\t<meta name=\"twitter:data2\" content=\"1 minute\" \/>\n<script type=\"application\/ld+json\" class=\"yoast-schema-graph\">{\"@context\":\"https:\/\/schema.org\",\"@graph\":[{\"@type\":\"Article\",\"@id\":\"https:\/\/www.africa-press.net\/burkina-faso\/politique\/assassinat-de-sankara-le-proces-de-blaise-compaore-peut-il-reconcilier-les-burkinabe#article\",\"isPartOf\":{\"@id\":\"https:\/\/www.africa-press.net\/burkina-faso\/politique\/assassinat-de-sankara-le-proces-de-blaise-compaore-peut-il-reconcilier-les-burkinabe\"},\"author\":{\"name\":\"cfeditorfr\",\"@id\":\"https:\/\/www.africa-press.net\/burkina-faso\/#\/schema\/person\/2b1cf3cd81a31e3cd26889ca66d677f1\"},\"headline\":\"Assassinat de Sankara : le proc\u00e8s de Blaise Compaor\u00e9 peut-il r\u00e9concilier les Burkinab\u00e8 ?\",\"datePublished\":\"2021-04-15T13:49:56+00:00\",\"dateModified\":\"2021-04-15T14:31:17+00:00\",\"mainEntityOfPage\":{\"@id\":\"https:\/\/www.africa-press.net\/burkina-faso\/politique\/assassinat-de-sankara-le-proces-de-blaise-compaore-peut-il-reconcilier-les-burkinabe\"},\"wordCount\":313,\"commentCount\":0,\"image\":{\"@id\":\"https:\/\/www.africa-press.net\/burkina-faso\/politique\/assassinat-de-sankara-le-proces-de-blaise-compaore-peut-il-reconcilier-les-burkinabe#primaryimage\"},\"thumbnailUrl\":\"https:\/\/static.africa-press.net\/burkina\/sites\/42\/2021\/04\/img-607836d93be88.jpg\",\"keywords\":[\"Africa Press\",\"Africa Press-Burkina Faso\",\"Burkina Faso\"],\"articleSection\":[\"homepage-french\",\"Politique\",\"Top Nouvelles\",\"Toutes les actualit\u00e9s\"],\"inLanguage\":\"fr-FR\",\"potentialAction\":[{\"@type\":\"CommentAction\",\"name\":\"Comment\",\"target\":[\"https:\/\/www.africa-press.net\/burkina-faso\/politique\/assassinat-de-sankara-le-proces-de-blaise-compaore-peut-il-reconcilier-les-burkinabe#respond\"]}]},{\"@type\":\"WebPage\",\"@id\":\"https:\/\/www.africa-press.net\/burkina-faso\/politique\/assassinat-de-sankara-le-proces-de-blaise-compaore-peut-il-reconcilier-les-burkinabe\",\"url\":\"https:\/\/www.africa-press.net\/burkina-faso\/politique\/assassinat-de-sankara-le-proces-de-blaise-compaore-peut-il-reconcilier-les-burkinabe\",\"name\":\"Assassinat de Sankara : le proc\u00e8s de Blaise Compaor\u00e9 peut-il r\u00e9concilier les Burkinab\u00e8 ? - Burkina Faso\",\"isPartOf\":{\"@id\":\"https:\/\/www.africa-press.net\/burkina-faso\/#website\"},\"primaryImageOfPage\":{\"@id\":\"https:\/\/www.africa-press.net\/burkina-faso\/politique\/assassinat-de-sankara-le-proces-de-blaise-compaore-peut-il-reconcilier-les-burkinabe#primaryimage\"},\"image\":{\"@id\":\"https:\/\/www.africa-press.net\/burkina-faso\/politique\/assassinat-de-sankara-le-proces-de-blaise-compaore-peut-il-reconcilier-les-burkinabe#primaryimage\"},\"thumbnailUrl\":\"https:\/\/static.africa-press.net\/burkina\/sites\/42\/2021\/04\/img-607836d93be88.jpg\",\"datePublished\":\"2021-04-15T13:49:56+00:00\",\"dateModified\":\"2021-04-15T14:31:17+00:00\",\"author\":{\"@id\":\"https:\/\/www.africa-press.net\/burkina-faso\/#\/schema\/person\/2b1cf3cd81a31e3cd26889ca66d677f1\"},\"description\":\"La mise en accusation de Blaise Compaor\u00e9 dans l\u2019affaire de l\u2019assassinat de Thomas Sankara, trente-quatre ans apr\u00e8s les f ...\",\"breadcrumb\":{\"@id\":\"https:\/\/www.africa-press.net\/burkina-faso\/politique\/assassinat-de-sankara-le-proces-de-blaise-compaore-peut-il-reconcilier-les-burkinabe#breadcrumb\"},\"inLanguage\":\"fr-FR\",\"potentialAction\":[{\"@type\":\"ReadAction\",\"target\":[\"https:\/\/www.africa-press.net\/burkina-faso\/politique\/assassinat-de-sankara-le-proces-de-blaise-compaore-peut-il-reconcilier-les-burkinabe\"]}]},{\"@type\":\"ImageObject\",\"inLanguage\":\"fr-FR\",\"@id\":\"https:\/\/www.africa-press.net\/burkina-faso\/politique\/assassinat-de-sankara-le-proces-de-blaise-compaore-peut-il-reconcilier-les-burkinabe#primaryimage\",\"url\":\"https:\/\/static.africa-press.net\/burkina\/sites\/42\/2021\/04\/img-607836d93be88.jpg\",\"contentUrl\":\"https:\/\/static.africa-press.net\/burkina\/sites\/42\/2021\/04\/img-607836d93be88.jpg\",\"width\":720,\"height\":360,\"caption\":\"Assassinat de Sankara : le proc\u00e8s de Blaise Compaor\u00e9 peut-il r\u00e9concilier les Burkinab\u00e8 ?\"},{\"@type\":\"BreadcrumbList\",\"@id\":\"https:\/\/www.africa-press.net\/burkina-faso\/politique\/assassinat-de-sankara-le-proces-de-blaise-compaore-peut-il-reconcilier-les-burkinabe#breadcrumb\",\"itemListElement\":[{\"@type\":\"ListItem\",\"position\":1,\"name\":\"Accueil\",\"item\":\"https:\/\/www.africa-press.net\/burkina-faso\/\"},{\"@type\":\"ListItem\",\"position\":2,\"name\":\"Assassinat de Sankara : le proc\u00e8s de Blaise Compaor\u00e9 peut-il r\u00e9concilier les Burkinab\u00e8 ?\"}]},{\"@type\":\"WebSite\",\"@id\":\"https:\/\/www.africa-press.net\/burkina-faso\/#website\",\"url\":\"https:\/\/www.africa-press.net\/burkina-faso\/\",\"name\":\"Burkina Faso\",\"description\":\"Just another Africa News Agency Sites site\",\"potentialAction\":[{\"@type\":\"SearchAction\",\"target\":{\"@type\":\"EntryPoint\",\"urlTemplate\":\"https:\/\/www.africa-press.net\/burkina-faso\/?s={search_term_string}\"},\"query-input\":{\"@type\":\"PropertyValueSpecification\",\"valueRequired\":true,\"valueName\":\"search_term_string\"}}],\"inLanguage\":\"fr-FR\"},{\"@type\":\"Person\",\"@id\":\"https:\/\/www.africa-press.net\/burkina-faso\/#\/schema\/person\/2b1cf3cd81a31e3cd26889ca66d677f1\",\"name\":\"cfeditorfr\"}]}<\/script>\n<!-- \/ Yoast SEO Premium plugin. -->","yoast_head_json":{"title":"Assassinat de Sankara : le proc\u00e8s de Blaise Compaor\u00e9 peut-il r\u00e9concilier les Burkinab\u00e8 ? - Burkina Faso","description":"La mise en accusation de Blaise Compaor\u00e9 dans l\u2019affaire de l\u2019assassinat de Thomas Sankara, trente-quatre ans apr\u00e8s les f ...","robots":{"index":"index","follow":"follow","max-snippet":"max-snippet:-1","max-image-preview":"max-image-preview:large","max-video-preview":"max-video-preview:-1"},"canonical":"https:\/\/www.africa-press.net\/burkina-faso\/politique\/assassinat-de-sankara-le-proces-de-blaise-compaore-peut-il-reconcilier-les-burkinabe","og_locale":"fr_FR","og_type":"article","og_title":"Assassinat de Sankara : le proc\u00e8s de Blaise Compaor\u00e9 peut-il r\u00e9concilier les Burkinab\u00e8 ?","og_description":"La mise en accusation de Blaise Compaor\u00e9 dans l\u2019affaire de l\u2019assassinat de Thomas Sankara, trente-quatre ans apr\u00e8s les f ...","og_url":"https:\/\/www.africa-press.net\/burkina-faso\/politique\/assassinat-de-sankara-le-proces-de-blaise-compaore-peut-il-reconcilier-les-burkinabe","og_site_name":"Burkina Faso","article_published_time":"2021-04-15T13:49:56+00:00","article_modified_time":"2021-04-15T14:31:17+00:00","og_image":[{"width":720,"height":360,"url":"https:\/\/static.africa-press.net\/burkina\/sites\/42\/2021\/04\/img-607836d93be88.jpg","type":"image\/jpeg"}],"author":"cfeditorfr","twitter_card":"summary_large_image","twitter_misc":{"\u00c9crit par":"cfeditorfr","Dur\u00e9e de lecture estim\u00e9e":"1 minute"},"schema":{"@context":"https:\/\/schema.org","@graph":[{"@type":"Article","@id":"https:\/\/www.africa-press.net\/burkina-faso\/politique\/assassinat-de-sankara-le-proces-de-blaise-compaore-peut-il-reconcilier-les-burkinabe#article","isPartOf":{"@id":"https:\/\/www.africa-press.net\/burkina-faso\/politique\/assassinat-de-sankara-le-proces-de-blaise-compaore-peut-il-reconcilier-les-burkinabe"},"author":{"name":"cfeditorfr","@id":"https:\/\/www.africa-press.net\/burkina-faso\/#\/schema\/person\/2b1cf3cd81a31e3cd26889ca66d677f1"},"headline":"Assassinat de Sankara : le proc\u00e8s de Blaise Compaor\u00e9 peut-il r\u00e9concilier les Burkinab\u00e8 ?","datePublished":"2021-04-15T13:49:56+00:00","dateModified":"2021-04-15T14:31:17+00:00","mainEntityOfPage":{"@id":"https:\/\/www.africa-press.net\/burkina-faso\/politique\/assassinat-de-sankara-le-proces-de-blaise-compaore-peut-il-reconcilier-les-burkinabe"},"wordCount":313,"commentCount":0,"image":{"@id":"https:\/\/www.africa-press.net\/burkina-faso\/politique\/assassinat-de-sankara-le-proces-de-blaise-compaore-peut-il-reconcilier-les-burkinabe#primaryimage"},"thumbnailUrl":"https:\/\/static.africa-press.net\/burkina\/sites\/42\/2021\/04\/img-607836d93be88.jpg","keywords":["Africa Press","Africa Press-Burkina Faso","Burkina Faso"],"articleSection":["homepage-french","Politique","Top Nouvelles","Toutes les actualit\u00e9s"],"inLanguage":"fr-FR","potentialAction":[{"@type":"CommentAction","name":"Comment","target":["https:\/\/www.africa-press.net\/burkina-faso\/politique\/assassinat-de-sankara-le-proces-de-blaise-compaore-peut-il-reconcilier-les-burkinabe#respond"]}]},{"@type":"WebPage","@id":"https:\/\/www.africa-press.net\/burkina-faso\/politique\/assassinat-de-sankara-le-proces-de-blaise-compaore-peut-il-reconcilier-les-burkinabe","url":"https:\/\/www.africa-press.net\/burkina-faso\/politique\/assassinat-de-sankara-le-proces-de-blaise-compaore-peut-il-reconcilier-les-burkinabe","name":"Assassinat de Sankara : le proc\u00e8s de Blaise Compaor\u00e9 peut-il r\u00e9concilier les Burkinab\u00e8 ? - Burkina Faso","isPartOf":{"@id":"https:\/\/www.africa-press.net\/burkina-faso\/#website"},"primaryImageOfPage":{"@id":"https:\/\/www.africa-press.net\/burkina-faso\/politique\/assassinat-de-sankara-le-proces-de-blaise-compaore-peut-il-reconcilier-les-burkinabe#primaryimage"},"image":{"@id":"https:\/\/www.africa-press.net\/burkina-faso\/politique\/assassinat-de-sankara-le-proces-de-blaise-compaore-peut-il-reconcilier-les-burkinabe#primaryimage"},"thumbnailUrl":"https:\/\/static.africa-press.net\/burkina\/sites\/42\/2021\/04\/img-607836d93be88.jpg","datePublished":"2021-04-15T13:49:56+00:00","dateModified":"2021-04-15T14:31:17+00:00","author":{"@id":"https:\/\/www.africa-press.net\/burkina-faso\/#\/schema\/person\/2b1cf3cd81a31e3cd26889ca66d677f1"},"description":"La mise en accusation de Blaise Compaor\u00e9 dans l\u2019affaire de l\u2019assassinat de Thomas Sankara, trente-quatre ans apr\u00e8s les f ...","breadcrumb":{"@id":"https:\/\/www.africa-press.net\/burkina-faso\/politique\/assassinat-de-sankara-le-proces-de-blaise-compaore-peut-il-reconcilier-les-burkinabe#breadcrumb"},"inLanguage":"fr-FR","potentialAction":[{"@type":"ReadAction","target":["https:\/\/www.africa-press.net\/burkina-faso\/politique\/assassinat-de-sankara-le-proces-de-blaise-compaore-peut-il-reconcilier-les-burkinabe"]}]},{"@type":"ImageObject","inLanguage":"fr-FR","@id":"https:\/\/www.africa-press.net\/burkina-faso\/politique\/assassinat-de-sankara-le-proces-de-blaise-compaore-peut-il-reconcilier-les-burkinabe#primaryimage","url":"https:\/\/static.africa-press.net\/burkina\/sites\/42\/2021\/04\/img-607836d93be88.jpg","contentUrl":"https:\/\/static.africa-press.net\/burkina\/sites\/42\/2021\/04\/img-607836d93be88.jpg","width":720,"height":360,"caption":"Assassinat de Sankara : le proc\u00e8s de Blaise Compaor\u00e9 peut-il r\u00e9concilier les Burkinab\u00e8 ?"},{"@type":"BreadcrumbList","@id":"https:\/\/www.africa-press.net\/burkina-faso\/politique\/assassinat-de-sankara-le-proces-de-blaise-compaore-peut-il-reconcilier-les-burkinabe#breadcrumb","itemListElement":[{"@type":"ListItem","position":1,"name":"Accueil","item":"https:\/\/www.africa-press.net\/burkina-faso\/"},{"@type":"ListItem","position":2,"name":"Assassinat de Sankara : le proc\u00e8s de Blaise Compaor\u00e9 peut-il r\u00e9concilier les Burkinab\u00e8 ?"}]},{"@type":"WebSite","@id":"https:\/\/www.africa-press.net\/burkina-faso\/#website","url":"https:\/\/www.africa-press.net\/burkina-faso\/","name":"Burkina Faso","description":"Just another Africa News Agency Sites site","potentialAction":[{"@type":"SearchAction","target":{"@type":"EntryPoint","urlTemplate":"https:\/\/www.africa-press.net\/burkina-faso\/?s={search_term_string}"},"query-input":{"@type":"PropertyValueSpecification","valueRequired":true,"valueName":"search_term_string"}}],"inLanguage":"fr-FR"},{"@type":"Person","@id":"https:\/\/www.africa-press.net\/burkina-faso\/#\/schema\/person\/2b1cf3cd81a31e3cd26889ca66d677f1","name":"cfeditorfr"}]}},"_links":{"self":[{"href":"https:\/\/www.africa-press.net\/burkina-faso\/wp-json\/wp\/v2\/posts\/9990","targetHints":{"allow":["GET"]}}],"collection":[{"href":"https:\/\/www.africa-press.net\/burkina-faso\/wp-json\/wp\/v2\/posts"}],"about":[{"href":"https:\/\/www.africa-press.net\/burkina-faso\/wp-json\/wp\/v2\/types\/post"}],"author":[{"embeddable":true,"href":"https:\/\/www.africa-press.net\/burkina-faso\/wp-json\/wp\/v2\/users\/82"}],"replies":[{"embeddable":true,"href":"https:\/\/www.africa-press.net\/burkina-faso\/wp-json\/wp\/v2\/comments?post=9990"}],"version-history":[{"count":0,"href":"https:\/\/www.africa-press.net\/burkina-faso\/wp-json\/wp\/v2\/posts\/9990\/revisions"}],"wp:featuredmedia":[{"embeddable":true,"href":"https:\/\/www.africa-press.net\/burkina-faso\/wp-json\/wp\/v2\/media\/9989"}],"wp:attachment":[{"href":"https:\/\/www.africa-press.net\/burkina-faso\/wp-json\/wp\/v2\/media?parent=9990"}],"wp:term":[{"taxonomy":"category","embeddable":true,"href":"https:\/\/www.africa-press.net\/burkina-faso\/wp-json\/wp\/v2\/categories?post=9990"},{"taxonomy":"post_tag","embeddable":true,"href":"https:\/\/www.africa-press.net\/burkina-faso\/wp-json\/wp\/v2\/tags?post=9990"}],"curies":[{"name":"wp","href":"https:\/\/api.w.org\/{rel}","templated":true}]}}