{"id":9999,"date":"2021-04-15T13:16:42","date_gmt":"2021-04-15T13:16:42","guid":{"rendered":"https:\/\/www.africa-press.net\/burkina-faso\/?p=9999"},"modified":"2021-04-15T14:30:15","modified_gmt":"2021-04-15T14:30:15","slug":"compte-rendu-du-conseil-des-ministres-du-mercredi-14-avril-2021","status":"publish","type":"post","link":"https:\/\/www.africa-press.net\/burkina-faso\/politique\/compte-rendu-du-conseil-des-ministres-du-mercredi-14-avril-2021","title":{"rendered":"Compte rendu du Conseil des ministres du mercredi 14 avril 2021"},"content":{"rendered":"<p><span style=\"color: #ff6600\"><strong><a href=\"https:\/\/www.africa-press.net\/\">Africa-Press<\/a> &#8211; <a href=\"https:\/\/www.africa-press.net\/burkina-faso\">Burkina Faso<\/a>. <\/strong><\/span><b>Le Conseil des ministres s\u2019est tenu \u00e0 Ouagadougou, le mercredi 14 avril 2021, en s\u00e9ance ordinaire, de 09 H 30 mn \u00e0 13 H 15 mn, sous la pr\u00e9sidence de Son Excellence Monsieur Roch Marc Christian KABORE, Pr\u00e9sident du Faso, Pr\u00e9sident du Conseil des ministres. Il a d\u00e9lib\u00e9r\u00e9 sur les dossiers inscrits \u00e0 son ordre du jour, entendu des communications orales, proc\u00e9d\u00e9 \u00e0 des nominations et autoris\u00e9 des missions \u00e0 l\u2019\u00e9tranger.<\/b><\/p>\n<p><b>I. DELIBERATIONS<\/b><\/p>\n<p>I.1. AU TITRE DU MINISTERE DE LA SECURITE Le Conseil a adopt\u00e9 un d\u00e9cret portant approbation des statuts de l\u2019Office national d\u2019identification (ONI). L\u2019adoption de ce d\u00e9cret permet \u00e0 l\u2019ONI de se conformer aux dispositions du d\u00e9cret n\u00b02014-613\/PRES\/PM\/MEF du 24 juillet 2014 portant statut g\u00e9n\u00e9ral des \u00e9tablissements publics de l\u2019Etat \u00e0 caract\u00e8re administratif (EPA).<\/p>\n<p><b>I.2. AU TITRE DU MINISTERE DE L\u2019ECONOMIE, DES FINANCES ET DU DEVELOPPEMENT<\/b><\/p>\n<p>Le Conseil a adopt\u00e9 trois (03) rapports. Le premier rapport est relatif \u00e0 une ordonnance portant autorisation de ratification de l\u2019accord de pr\u00eat conclu le 13 f\u00e9vrier 2021 \u00e0 N\u2019Djamena entre le Burkina Faso et le Fonds international de d\u00e9veloppement agricole (FIDA), pour le financement du Programme r\u00e9gional conjoint Sahel en r\u00e9ponse aux d\u00e9fis COVID-19 et aux changements climatiques. D\u2019un montant global de 1 085 000 Euros, soit environ 711 713 000 FCFA, cepr\u00eat est financ\u00e9 par le FIDA.<\/p>\n<p>Le programme s\u2019ex\u00e9cutera en deux phases dont la premi\u00e8re d\u2019une dur\u00e9e de trois ans (2021-2023) couvrira les zones frontali\u00e8res des r\u00e9gions du Sahel, de la Boucle du Mouhoun et du Nord, confront\u00e9es \u00e0 des crises s\u00e9curitaires et \u00e0 des d\u00e9fis environnementaux.<\/p>\n<p>Le deuxi\u00e8me rapport est relatif\u00e0 un d\u00e9cret portant autorisation de prise de participation de la Loterie nationale burkinab\u00e8 (LONAB) dans le capital social de la Banque Postale du Burkina Faso (BPBF).<\/p>\n<p>L\u2019adoption de ce d\u00e9cret permet \u00e0 la LONAB de participer dans le capital social de la BPBF pour un montant d\u2019unmilliard deux cent millions (1 200 000 000) FCFA, soit 8% des parts sociales conform\u00e9ment aux dispositions de l\u2019article 4 de la loi n\u00b0025\/99\/PRES\/PM du 16 novembre 1999 portant r\u00e8glementation g\u00e9n\u00e9rale des soci\u00e9t\u00e9s \u00e0 capitaux publics.<\/p>\n<p>Le troisi\u00e8me rapport est relatif \u00e0 la situation d\u2019ex\u00e9cution du budget et de la tr\u00e9sorerie de l\u2019Etat, exercice 2020 au 31 d\u00e9cembre. A cette date, sur une pr\u00e9vision annuelle de 2 108,35 milliards FCFA dans la loi de finances rectificative, le niveau global de mobilisation des ressources du budget de l\u2019Etat se chiffre \u00e0 2 053,56 milliards FCFA, soit un taux de r\u00e9alisation de 97,40% contre 92,05% en 2019.<\/p>\n<p>Pour les d\u00e9penses budg\u00e9taires, sur une pr\u00e9vision ajust\u00e9e de cr\u00e9dits de paiement de 2 532,76 milliards FCFA, le taux d\u2019ex\u00e9cution global des d\u00e9penses (base ordonnancement) s\u2019\u00e9tablit \u00e0 95,74%, correspondant \u00e0 un montant de 2 424,89 milliards FCFA. A la m\u00eame p\u00e9riode en 2019, ce niveau des d\u00e9penses ordonnanc\u00e9es \u00e9tait de 2 141,58 milliards FCFA sur des pr\u00e9visions de 2 366,67 milliards FCFA.<\/p>\n<p>Au titre des soldes budg\u00e9taires, l\u2019\u00e9pargne et le solde global sont ressortis respectivement d\u00e9ficitaires de 43,08 milliards FCFA et de 500,47 milliards FCFA.<\/p>\n<p>Au titre de la gestion de la tr\u00e9sorerie, \u00e0 fin d\u00e9cembre 2020, il a \u00e9t\u00e9 d\u00e9caiss\u00e9 3 460,89 milliards FCFA contre des encaissements constat\u00e9s de 3 407,79 milliards FCFA. Il se d\u00e9gage ainsi un solde d\u00e9ficitaire de 53,10 milliards FCFA sous la p\u00e9riode, enti\u00e8rement couvert par les disponibilit\u00e9s ant\u00e9rieures qui s\u2019\u00e9levaient \u00e0 76,04 milliards FCFA au 31 d\u00e9cembre 2019.<\/p>\n<p>Le Conseil a instruit les ministres charg\u00e9s du dossier de prendre les mesures n\u00e9cessaires pour une ex\u00e9cution du budget 2021, dans le respect des principes et bonnes pratiques budg\u00e9taires.<\/p>\n<p><b>I.3. AU TITRE DU MINISTERE DE L\u2019ECONOMIE NUMERIQUE, DES POSTES ET DE LA TRANSFORMATION DIGITALE<\/b><\/p>\n<p>Le Conseil a adopt\u00e9 un d\u00e9cret portant autorisation de prise de participation dans le capital social de la Banque Postale du Burkina Faso (BPBF). Cette prise de participation dans le capital social de la Banque Postale du Burkina Faso permettra \u00e0 LA POSTE BF d\u2019\u00e9largir l\u2019offre actuelle des services financiers postaux et d\u2019am\u00e9liorer l\u2019inclusion financi\u00e8re des populations.<\/p>\n<p>L\u2019adoption de ce d\u00e9cret permet la participation de LA POSTE BF \u00e0 hauteur de 51% dans le capital social de la Banque Postale du Burkina Faso estim\u00e9 \u00e0 15 000 000 000 F CFA.<\/p>\n<p>Ce d\u00e9cret permettra en outre \u00e0 LA POSTE BF de prendre les dispositions diligentes n\u00e9cessaires pour la cr\u00e9ation de la BPBF aupr\u00e8s de la Commission bancaire.<\/p>\n<p><b>I.4. AU TITRE DU MINISTERE DES SPORTS ET DES LOISIRS<\/b><\/p>\n<p>Le Conseil a adopt\u00e9 un rapport relatif \u00e0 l\u2019organisation de la 33\u00e8me \u00e9dition du Tour cycliste international du Faso. Pr\u00e9vu pour se d\u00e9rouler du 29 octobre au 07 novembre 2021, le Tour cycliste international du Faso comptera dix (10) \u00e9tapes dont le lancement se fera \u00e0 Banfora dans la R\u00e9gion des Cascades.<\/p>\n<p>Le Conseil a instruit les ministres charg\u00e9s du dossier de prendre les dispositions sanitaires et s\u00e9curitaires pour une organisation r\u00e9ussie de ce grand rendez-vous sportif.<\/p>\n<p><b>II. COMMUNICATIONS ORALES<\/b><\/p>\n<p>II.1. Le ministre de la Sant\u00e9 a inform\u00e9 le Conseil de l\u2019inauguration du Centre de radioth\u00e9rapie de Bogodogo, le vendredi 09 avril 2021. Ce Centre de radioth\u00e9rapie qui a une capacit\u00e9 de traiter 1 500 patients atteints du cancer par an est le fruit de la coop\u00e9ration entre le Burkina Faso et le Qatar.<\/p>\n<p>Le Pr\u00e9sident du Faso qui a pr\u00e9sid\u00e9 la c\u00e9r\u00e9monie d\u2019inauguration a invit\u00e9 la population \u00e0 adh\u00e9rer aux campagnes de d\u00e9pistage du cancer pour une prise en charge pr\u00e9coce et efficace. Il a engag\u00e9 le gouvernement au bon fonctionnement de ce centre de soins et \u00e0 son accessibilit\u00e9 par toutes les couches sociales.<\/p>\n<p>II.2. Le ministre de l\u2019Industrie, du commerce et de l\u2019artisanat a inform\u00e9 le Conseil des pr\u00e9paratifs de la troisi\u00e8me \u00e9dition du Salon international du coton et du textile (SICOT).<\/p>\n<p>Cette troisi\u00e8me \u00e9dition du SICOT se tiendra les 27 et 28 janvier 2022 \u00e0 Koudougou sous le th\u00e8me \u00ab Transformation locale du coton : quels mod\u00e8les d\u2019industrialisation pour l\u2019Afrique dans le cadre de la Zone de libre-\u00e9change continentale africaine (ZLECAf) \u00bb.<\/p>\n<p><b>III. NOMINATIONS<\/b><\/p>\n<p>III.1. NOMINATIONS DANS LES FONCTIONS INDIVIDUELLES AU TITRE DE LA PRESIDENCE DU FASO Pour le compte de l\u2019Autorit\u00e9 sup\u00e9rieure du contr\u00f4le d\u2019Etat et de lutte contre la corruption (ASCE-LC) : Sont nomm\u00e9es Membres du Conseil d\u2019orientation les personnes dont les noms suivent :<\/p>\n<p>Monsieur Idrissa SAVADOGO, Expert-comptable ;<br \/>\nMadame Marie B\u00e9atrice TASSIMBEDO\/TAPSOBA, Inspecteur du tr\u00e9sor ;<br \/>\nMonsieur Christophe COMPAORE, Magistrat.<br \/>\nAU TITRE DU MINISTERE DE LA SECURITE<br \/>\nMonsieur Harouna BAMBARA, Mle 24 495 Z, Commissaire principal de police, cat\u00e9gorie 1, 2\u00e8me grade, 2\u00e8me \u00e9chelon, est nomm\u00e9 Directeur de la pr\u00e9vention et du partenariat.<\/p>\n<p><b>AU TITRE DU MINISTERE DE L\u2019ECONOMIE, DES FINANCES ET DU DEVELOPPEMENT<\/b><\/p>\n<p>Madame Anique Rosemonde St\u00e9phanie BENON\/ZOUNGRANA, Mle 109 901 K, Juriste, 1\u00e8re classe, 7\u00e8me \u00e9chelon, est nomm\u00e9e Chef de d\u00e9partement \u00e9tudes et conseil \u00e0 l\u2019Agence judiciaire de l\u2019Etat ;<br \/>\nMadame Val\u00e9rie ZERBO\/SAWADOGO, Mle 111 096 F, Inspecteur du tr\u00e9sor, 1\u00e8re classe, 7\u00e8me \u00e9chelon, est nomm\u00e9e Chef de d\u00e9partement du contentieux administratif \u00e0 l\u2019Agence judiciaire de l\u2019Etat ;<\/p>\n<p>Monsieur Nazankidemba Landry YAMEOGO, Mle 111 097 D, Inspecteur du tr\u00e9sor, 1\u00e8re classe, 7\u00e8me \u00e9chelon, est nomm\u00e9 Chef de d\u00e9partement recouvrement et r\u00e8glement \u00e0 l\u2019Agence judiciaire de l\u2019Etat ;<br \/>\nMonsieur Souma\u00efla NYAMBA, Mle 208 026 B, Inspecteur du tr\u00e9sor, 1\u00e8re classe, 6\u00e8me \u00e9chelon, est nomm\u00e9 Chef de d\u00e9partement du contentieux judiciaire \u00e0 l\u2019Agence judiciaire de l\u2019Etat ;<\/p>\n<p>Monsieur Amb\u00e8terfa Nicolas SOME, Mle 53 637 D, Inspecteur des imp\u00f4ts, 1\u00e8re classe, 6\u00e8me \u00e9chelon, est nomm\u00e9 Directeur provincial des imp\u00f4ts du Boulgou ;<br \/>\nMonsieur Abdoulaye GUIRA, Mle 272 850 W, Inspecteur des imp\u00f4ts, 1\u00e8re classe, 2\u00e8me \u00e9chelon, est nomm\u00e9 Directeur provincial des imp\u00f4ts de la Como\u00e9 ;<br \/>\nMonsieur Sassan KAMBOU, Mle 59 875 Z, Inspecteur des imp\u00f4ts, 1\u00e8re classe, 3\u00e8me \u00e9chelon, est nomm\u00e9 Directeur provincial des imp\u00f4ts du Ganzourgou ;<\/p>\n<p>Monsieur Aziz DIALLO, Mle 294 349 S, Inspecteur des imp\u00f4ts, 1\u00e8re classe, 2\u00e8me \u00e9chelon, est nomm\u00e9 Directeur provincial des imp\u00f4ts de la Gnagna ;<br \/>\nMonsieur Yassia SAWADOGO, Mle 334 193 M, Inspecteur des imp\u00f4ts, 1\u00e8re classe, 2\u00e8me \u00e9chelon, est nomm\u00e9 Directeur provincial des imp\u00f4ts du Noumbiel ;<br \/>\nMonsieur Abdoulaye KABRE, Mle 272 852 K, Inspecteur des imp\u00f4ts, 1\u00e8re classe, 3\u00e8me \u00e9chelon, est nomm\u00e9 Directeur provincial des imp\u00f4ts du Poni ;<\/p>\n<p>Monsieur Mo\u00efse TOE, Mle 54 669 A, Inspecteur des imp\u00f4ts, 1\u00e8re classe, 10\u00e8me \u00e9chelon, est nomm\u00e9 Directeur provincial des imp\u00f4ts du Sanmatenga ;<br \/>\nMonsieur Idrissa NIKIEMA, Mle 46 273 N, Inspecteur des imp\u00f4ts, 1\u00e8re classe, 5\u00e8me \u00e9chelon, est nomm\u00e9 Directeur provincial des imp\u00f4ts du Sangui\u00e9 ;<br \/>\nMonsieur Mahamadi SAWADOGO, Mle 245 142 H, Inspecteur des imp\u00f4ts, 1\u00e8re classe, 3\u00e8me \u00e9chelon, est nomm\u00e9 Directeur provincial des imp\u00f4ts de la Sissili ;<\/p>\n<p>Monsieur Emmanuel MADIEGA, Mle 220 224 J, Inspecteur des imp\u00f4ts, 1\u00e8re classe, 3\u00e8me \u00e9chelon, est nomm\u00e9 Directeur provincial des imp\u00f4ts du Sourou ;<br \/>\nMonsieur Arnaud KOUSSOUBE, Mle 334 241 C, Inspecteur des imp\u00f4ts, 1\u00e8re classe, 1er \u00e9chelon, est nomm\u00e9 Directeur provincial des imp\u00f4ts de la Tapoa.<\/p>\n<p><b>AU TITRE DU MINISTERE DE L\u2019ENSEIGNEMENT SUPERIEUR, DE LA RECHERCHE SCIENTIFIQUE ET DE L\u2019INNOVATION<\/b><\/p>\n<p>Monsieur Herv\u00e9 YAOGO, Mle 216 159 V, Administrateur des services financiers, 1\u00e8re classe, 5\u00e8me \u00e9chelon, est nomm\u00e9 Directeur de l\u2019administration des finances.<\/p>\n<p><b>AU TITRE DU MINISTERE DE LA FONCTION PUBLIQUE, DU TRAVAIL ET DE LA PROTECTION SOCIALE<\/b><\/p>\n<p>Monsieur Hamidou OUEDRAOGO, Mle 247 155 N, Conseiller en gestion des ressources humaines, 1\u00e8re classe, 4\u00e8me \u00e9chelon, est nomm\u00e9 Directeur des ressources humaines ;<br \/>\nMonsieur Zakaya RAMDE, Mle 231 92 73 M, Chef de service appui aux jeunes et femmes d\u2019affaires de la CCI-BF, 1\u00e8re classe, 5\u00e8me \u00e9chelon, est nomm\u00e9 Directeur de la gestion pr\u00e9visionnelle des emplois et des effectifs.<\/p>\n<p><b>AU TITRE DU MINISTERE DE LA COMMUNICATION ET DES RELATIONS AVEC LE PARLEMENT<\/b><\/p>\n<p>Monsieur Tikiene ROAMBA, Mle 92 950 N, Administrateur du cin\u00e9ma et de l\u2019audiovisuel, 1\u00e8re classe, 6\u00e8me \u00e9chelon, est nomm\u00e9 Directeur r\u00e9gional de la Communication et des relations avec le Parlement du Plateau-Central ;<br \/>\nMadame Eve Carol Mariam Raissa YAMWEMBA, Mle 229 238 S, Conseiller en sciences et techniques de l\u2019information et de la communication, 1\u00e8re classe, 2\u00e8me \u00e9chelon, est nomm\u00e9e Directrice r\u00e9gionale de la Communication et des relations avec le Parlement du Centre-Ouest ;<\/p>\n<p>Monsieur Moussa TAMBOURA, Mle 239 280 M, Conseiller en sciences et techniques de l\u2019information et de la communication, 1\u00e8re classe, 1er \u00e9chelon, est nomm\u00e9 Directeur r\u00e9gional de la Communication et des relations avec le Parlement du Centre-Sud ;<br \/>\nMonsieur Abou Hanifatou SANA, Mle 235 379 N, Conseiller en sciences et techniques de l\u2019information et de la communication, 1\u00e8re classe, 4\u00e8me \u00e9chelon, est nomm\u00e9 Directeur r\u00e9gional de la Communication et des relations avec le Parlement du Centre ;<\/p>\n<p>Monsieur Wenceslas Anselme Wend-Kouni YONI, Mle 23 24 012 H, Communicateur, 1\u00e8re classe, 3\u00e8me \u00e9chelon, est nomm\u00e9 Directeur r\u00e9gional de la Communication et des relations avec le Parlement du Centre-Nord.<\/p>\n<p><b>AU TITRE DU MINISTERE DE L\u2019AGRICULTURE, DES AMENAGEMENTS HYDRO-AGRICOLES ET DE LA MECANISATION<\/b><\/p>\n<p>Monsieur Relwend\u00e9 Marc OUEDRAOGO, Mle 254 857 Z, Ing\u00e9nieur d\u2019agriculture, 1\u00e8re classe, 3\u00e8me \u00e9chelon, est nomm\u00e9 Secr\u00e9taire ex\u00e9cutif de la Journ\u00e9e nationale du paysan.<\/p>\n<p><b>AU TITRE DU MINISTERE DE L\u2019EAU ET DE L\u2019ASSAINISSEMENT<\/b><\/p>\n<p>Monsieur Idrissa NIGNAN, Mle 27 192 J, Inspecteur de l\u2019enseignement du premier degr\u00e9, 1\u00e8re classe, 11\u00e8me \u00e9chelon, est nomm\u00e9 Directeur de Cabinet ;<br \/>\nMonsieur Dofihouyan YE, Mle 33 957 Y, Ing\u00e9nieur du g\u00e9nie rural, 1\u00e8re classe, 11\u00e8me \u00e9chelon, est nomm\u00e9 cumulativement Directeur g\u00e9n\u00e9ral de l\u2019assainissement et Responsable du Programme budg\u00e9taire \u00ab Assainissement \u00bb ;<\/p>\n<p>Monsieur Seydou SANA, Mle 83 979 H, Ing\u00e9nieur du g\u00e9nie rural, 1\u00e8re classe, 10\u00e8me \u00e9chelon, est nomm\u00e9 cumulativement Directeur g\u00e9n\u00e9ral de l\u2019eau potable et Responsable du Programme budg\u00e9taire \u00ab Eau potable \u00bb ;<br \/>\nMadame William Marie Th\u00e9odora ZONGO\/NIKIEMA, Mle 59 642 N, Administrateur des services financiers, 1\u00e8re classe, 10\u00e8me \u00e9chelon, est nomm\u00e9e Directrice de l\u2019administration des finances ;<br \/>\nMonsieur Nicod\u00e8me OUEDRAOGO, Mle 208 068 W, Administrateur des services financiers, 1\u00e8re classe, 6\u00e8me \u00e9chelon, est nomm\u00e9 Directeur des march\u00e9s publics.<\/p>\n<p><b>AU TITRE DU MINISTERE DES INFRASTRUCTURES ET DU DESENCLAVEMENT<\/b><\/p>\n<p>Monsieur Alfred KABORE, Mle 37 753 V, Conseiller p\u00e9dagogique itin\u00e9rant, 1\u00e8re classe, 7\u00e8me \u00e9chelon, est nomm\u00e9 Charg\u00e9 de missions ;<br \/>\nMonsieur Adama OUEDRAOGO,Mle 990 018, Gestionnaire-comptable, est nomm\u00e9 Conseiller technique ;<br \/>\nMonsieur Daouda ZONGO, Mle 231 07 18 Z, Gestionnaire- comptable, hors cat\u00e9gorie, 19\u00e8me \u00e9chelon, est nomm\u00e9 Directeur g\u00e9n\u00e9ral du Fonds sp\u00e9cial routier du Burkina (FSR-B).<\/p>\n<p><b>AU TITRE DU MINISTERE DES TRANSPORTS, DE LA MOBILITE URBAINE ET DE LA SECURITE ROUTIERE<\/b><\/p>\n<p>Monsieur Mathias TIAHO, Mle 235 929 L, Inspecteur du tr\u00e9sor, 1\u00e8re classe, 4\u00e8me \u00e9chelon, est nomm\u00e9 Directeur de l\u2019administration des finances ;<br \/>\nMonsieur Abdel Wahab SAWADOGO, Mle 33 783 G, Agronome sp\u00e9cialis\u00e9 en management de la qualit\u00e9, s\u00e9curit\u00e9, 1\u00e8re classe, 10\u00e8me \u00e9chelon, est nomm\u00e9 Directeur r\u00e9gional des Transports, de la mobilit\u00e9 urbaine et de la s\u00e9curit\u00e9 routi\u00e8re du Sahel.<\/p>\n<p><b>AU TITRE DU MINISTERE DES RESSOURCES ANIMALES ET HALIEUTIQUES<\/b><\/p>\n<p>Monsieur Zougnoma Roger TAPSOBA, Mle 113 379 W, Conseiller d\u2019\u00e9levage, 1\u00e8re classe, 5\u00e8me \u00e9chelon, est nomm\u00e9 Directeur provincial des Ressources animales et halieutiques du Ioba ;<br \/>\nMonsieur Gildas Jean No\u00ebl BAYALA, Mle 88 484 K, Conseiller d\u2019\u00e9levage et de sant\u00e9 animale, 1\u00e8re classe, 4\u00e8me \u00e9chelon, est nomm\u00e9 Directeur provincial des Ressources animales et halieutiques du Koulpelogo ;<\/p>\n<p>Monsieur Yaya TABOURE, Mle 209 894 Z, Ing\u00e9nieur d\u2019\u00e9levage, 1\u00e8re classe, 2\u00e8me \u00e9chelon, est nomm\u00e9 Directeur provincial des Ressources animales et halieutiques de l\u2019Oudalan ;<br \/>\nMonsieur Samir BA, Mle 115 807 W, Ing\u00e9nieur d\u2019\u00e9levage, 1\u00e8re classe, 3\u00e8me \u00e9chelon, est nomm\u00e9 Directeur provincial des Ressources animales et halieutiques du Soum ;<br \/>\nMonsieur Rahmani YOUGBARE, Mle 217 493 S, Conseiller d\u2019\u00e9levage, 1\u00e8re classe, 3\u00e8me \u00e9chelon, est nomm\u00e9 Directeur provincial des Ressources animales et halieutiques du Yatenga.<\/p>\n<p><b>AU TITRE DU MINISTERE DE LA JEUNESSE, DE LA PROMOTION DE L\u2019ENTREPRENEURIAT ET DE L\u2019EMPLOI<\/b><\/p>\n<p>Monsieur Vincent NIAMOU, Mle 211 766 A, Conseiller de jeunesse et d\u2019\u00e9ducation permanente, 1\u00e8re classe, 6\u00e8me \u00e9chelon, est nomm\u00e9 Inspecteur technique des services ;<\/p>\n<p>Monsieur Brahima SANOU, Mle 235 923 P, Inspecteur du tr\u00e9sor, 1\u00e8re classe, 4\u00e8me \u00e9chelon, est nomm\u00e9 Directeur financier et comptable du Fonds d\u2019appui aux initiatives des jeunes (FAIJ) ;<br \/>\nMonsieur Alban SAWADOGO, Mle 91 671 E, Administrateur des services financiers, 1\u00e8re classe, 5\u00e8me \u00e9chelon, est nomm\u00e9 Directeur de l\u2019administration des finances de l\u2019Agence nationale de la formation professionnelle (ANFP) ;<\/p>\n<p>Monsieur Macaire PARKOUDA, Mle 220 341 F, Conseiller de jeunesse et d\u2019\u00e9ducation permanente, 1\u00e8re classe, 3\u00e8me \u00e9chelon, est nomm\u00e9 Directeur provincial de la Jeunesse, de la promotion de l\u2019entrepreneuriat et de l\u2019emploi du Boulgou ;<br \/>\nMonsieur Yohobi TAPSOBA, Mle 237 955 T, Conseiller de jeunesse et d\u2019\u00e9ducation permanente, 1\u00e8re classe, 2\u00e8me \u00e9chelon, est nomm\u00e9 Directeur provincial de la Jeunesse, de la promotion de l\u2019entrepreneuriat et de l\u2019emploi de l\u2019Oubritenga ;<\/p>\n<p>Monsieur Marcel ZONGO, Mle 97 595 D, Conseiller de jeunesse et d\u2019\u00e9ducation permanente, 1\u00e8re classe, 3\u00e8me \u00e9chelon, est nomm\u00e9 Directeur provincial de la Jeunesse, de la promotion de l\u2019entrepreneuriat et de l\u2019emploi de la Boucle du Mouhoun ;<\/p>\n<p>Madame P\u00eag-wend\u00e9 Apolline Marie Rolande BALKOUMA, Mle 324 698 N, Conseiller en emploi et en formation professionnelle, 1\u00e8re classe, 2\u00e8me \u00e9chelon, est nomm\u00e9e Directrice provinciale de la Jeunesse, de la promotion de l\u2019entrepreneuriat et de l\u2019emploi du Boulkiemd\u00e9 ;<\/p>\n<p>Monsieur Brahima OUEDRAOGO, Mle 258 073 K, Conseiller de jeunesse et d\u2019\u00e9ducation permanente, 1\u00e8re classe, 3\u00e8me \u00e9chelon, est nomm\u00e9 Directeur provincial de la Jeunesse, de la promotion de l\u2019entrepreneuriat et de l\u2019emploi du Yatenga ;<\/p>\n<p>Monsieur Kusavie Cr\u00e9pin SOMDA, Mle 210 951 E, Conseiller de jeunesse et d\u2019\u00e9ducation permanente, 1\u00e8re classe, 5\u00e8me \u00e9chelon, est nomm\u00e9 Directeur provincial de la Jeunesse, de la promotion de l\u2019entrepreneuriat et de l\u2019emploi du Houet ;<br \/>\nMonsieur Boubakar OUEDRAOGO, Mle 324 134 C, Conseiller en emploi et en formation professionnelle, 1\u00e8re classe, 2\u00e8me \u00e9chelon, est nomm\u00e9 Directeur provincial de la Jeunesse, de la promotion de l\u2019entrepreneuriat et de l\u2019emploi du Gourma ;<\/p>\n<p>Monsieur Abdoulaye SANOGO, Mle 304 383 C, Conseiller de jeunesse et d\u2019\u00e9ducation permanente, 1\u00e8re classe, 2\u00e8me \u00e9chelon, est nomm\u00e9 Directeur provincial de la Jeunesse, de la promotion de l\u2019entrepreneuriat et de l\u2019emploi de la Gnagna ;<\/p>\n<p>Monsieur Moussa OUATTARA, Mle 246 630 K, Conseiller de jeunesse et d\u2019\u00e9ducation permanente, 1\u00e8re classe, 1er \u00e9chelon, est nomm\u00e9 Directeur provincial de la Jeunesse, de la promotion de l\u2019entrepreneuriat et de l\u2019emploi de la Tapoa ;<br \/>\nMonsieur Jean-Baptiste OUIYA, Mle 304 359 S, Conseiller de jeunesse et d\u2019\u00e9ducation permanente, 1\u00e8re classe, 3\u00e8me \u00e9chelon, est nomm\u00e9 Directeur provincial de la Jeunesse, de la promotion de l\u2019entrepreneuriat et de l\u2019emploi de la Kompienga ;<\/p>\n<p>Monsieur Koudraogo BOUGMA, Mle 211 781 U, Conseiller de jeunesse et d\u2019\u00e9ducation permanente, 1\u00e8re classe, 4\u00e8me \u00e9chelon, est nomm\u00e9 Directeur provincial de la Jeunesse, de la promotion de l\u2019entrepreneuriat et de l\u2019emploi de la Komondjari ;<br \/>\nMadame Mamounata OUEDRAOGO\/KIEMTORE, Mle 304 365 D, Conseiller de jeunesse et d\u2019\u00e9ducation permanente, 1\u00e8re classe, 2\u00e8me \u00e9chelon, est nomm\u00e9e Directrice provinciale de la Jeunesse, de la promotion de l\u2019entrepreneuriat et de l\u2019emploi du Kadiogo.<\/p>\n<p>AU TITRE DU MINISTERE DE L\u2019URBANISME, DE L\u2019HABITAT ET DE LA VILLE Monsieur Boureima THIOMBIANO, Administrateur des entreprises et sociologue, est nomm\u00e9 Directeur g\u00e9n\u00e9ral du Centre de gestion des cit\u00e9s (CEGECI).<\/p>\n<p><b>III.2. NOMINATIONS DANS LES CONSEILS D\u2019ADMINISTRATION<\/b><\/p>\n<p>Le Conseil a proc\u00e9d\u00e9 \u00e0 la nomination d\u2019Administrateurs et d\u2019un Pr\u00e9sident aux Conseils d\u2019administration : du Fonds national de la recherche et de l\u2019innovation pour le d\u00e9veloppement (FONRID) au titre du minist\u00e8re de l\u2019Enseignement sup\u00e9rieur, de la recherche scientifique et de l\u2019innovation ;<br \/>\ndu Fonds sp\u00e9cial routier du Burkina (FSR-B) au titre du minist\u00e8re des Infrastructures et du d\u00e9senclavement ;<\/p>\n<p>de la soci\u00e9t\u00e9 des plastiques du Faso (FASOPLAST) au titre du minist\u00e8re de l\u2019Industrie, du commerce et de l\u2019artisanat ;<br \/>\nde l\u2019Agence de conseil et de ma\u00eetrise d\u2019ouvrage d\u00e9l\u00e9gu\u00e9 en b\u00e2timent et am\u00e9nagement urbain (ACOMOD-BURKINA) au titre du minist\u00e8re de l\u2019Urbanisme, de l\u2019habitat et de la ville.<\/p>\n<p><b>MINISTERE DE L\u2019ENSEIGNEMENT SUPERIEUR, DE LA RECHERCHE SCIENTIFIQUE ET DE L\u2019INNOVATION<\/b><\/p>\n<p>Le Conseil a adopt\u00e9 un d\u00e9cret portant nomination des personnes ci-apr\u00e8s, Administrateurs au Conseil d\u2019administration du Fonds national de la recherche et de l\u2019innovation pour le d\u00e9veloppement (FONRID) pour un premier mandat de trois (03) ans.<\/p>\n<p><b>ADMINISTRATEUR REPRESENTANT LES PARTENAIRES TECHNIQUES ET FINANCIERS<\/b><\/p>\n<p>Monsieur Antoine Paul Arnaud BRICOUT, Fonctionnaire du minist\u00e8re fran\u00e7ais de l\u2019Europe et des affaires \u00e9trang\u00e8res en remplacement de Monsieur LEROUX Yannick Yves.<\/p>\n<p><b>ADMINISTRATEUR REPRESENTANT LE PERSONNEL<\/b><\/p>\n<p>Monsieur Ardiouma COULIBALY, Economiste.<\/p>\n<p><b>MINISTERE DES INFRASTRUCTURES ET DU DESENCLAVEMENT<\/b><\/p>\n<p>Le Conseil a adopt\u00e9 un d\u00e9cret portant nomination de Monsieur Kassoum Kouiliga SIMPORE, Secr\u00e9taire g\u00e9n\u00e9ral national de l\u2019Organisation des transporteurs routiers du Faso (OTRAF), Administrateur repr\u00e9sentant les transporteurs au Conseil d\u2019administration du Fonds sp\u00e9cial routier du Burkina (FSR-B) pour un premier mandat de trois (03) ans en remplacement de Monsieur Issouf MAIGA.<\/p>\n<p><b>MINISTERE DE L\u2019INDUSTRIE, DU COMMERCE ET DE L\u2019ARTISANAT<\/b><\/p>\n<p>Le Conseil a adopt\u00e9 un d\u00e9cret portant nomination de Monsieur Boubi\u00e9 S\u00e9raphin BADOLO, Mle 111 308 W, Conseiller des affaires \u00e9conomiques, Administrateur repr\u00e9sentant l\u2019Etat, au titre du minist\u00e8re de l\u2019Industrie, du commerce et de l\u2019artisanat au Conseil d\u2019administration de la soci\u00e9t\u00e9 des plastiques du Faso (FASOPLAST) pour un premier mandat de trois (03) ans en remplacement de Monsieur Marcel OUEDRAOGO.<\/p>\n<p><b>MINISTERE DE L\u2019URBANISME, DE L\u2019HABITAT ET DE LA VILLE<\/b><\/p>\n<p>Le Conseil a adopt\u00e9 un d\u00e9cret portant nomination de Monsieur Kobi\u00e9 NEBIE, Mle 280 440 S, Conseiller des affaires \u00e9conomiques, Administrateur repr\u00e9sentant l\u2019Etat, au titre du minist\u00e8re de l\u2019Industrie, du commerce et de l\u2019artisanat au Conseil d\u2019administration de l\u2019Agence de conseil et de ma\u00eetrise d\u2019ouvrage d\u00e9l\u00e9gu\u00e9 en b\u00e2timent et am\u00e9nagement urbain (ACOMOD-BURKINA) pour un premier mandat de trois (03) ans pour compter du 30 mars 2021.<\/p>\n<p><b>\u00a0<\/b><\/p>\n","protected":false},"excerpt":{"rendered":"<p>Africa-Press &#8211; Burkina Faso. Le Conseil des ministres s\u2019est tenu \u00e0 Ouagadougou, le mercredi 14 avril 2021, en s\u00e9ance ordinaire, de 09 H 30 mn \u00e0 13 H 15 mn, sous la pr\u00e9sidence de Son Excellence Monsieur Roch Marc Christian KABORE, Pr\u00e9sident du Faso, Pr\u00e9sident du Conseil des ministres. Il a d\u00e9lib\u00e9r\u00e9 sur les dossiers [&hellip;]<\/p>\n","protected":false},"author":82,"featured_media":9998,"comment_status":"open","ping_status":"closed","sticky":false,"template":"","format":"standard","meta":{"footnotes":""},"categories":[11,2,10],"tags":[111,725,29],"class_list":["post-9999","post","type-post","status-publish","format-standard","has-post-thumbnail","hentry","category-homepage-french","category-politique","category-toutes-les-actualites","tag-africa-press","tag-africa-press-burkina-faso","tag-burkina-faso"],"yoast_head":"<!-- This site is optimized with the Yoast SEO Premium plugin v26.1 (Yoast SEO v27.0) - https:\/\/yoast.com\/product\/yoast-seo-premium-wordpress\/ -->\n<title>Compte rendu du Conseil des ministres du mercredi 14 avril 2021 - Burkina Faso<\/title>\n<meta name=\"description\" content=\"Le Conseil des ministres s\u2019est tenu \u00e0 Ouagadougou, le mercredi 14 avril 2021, en s\u00e9ance ordinaire, de 09 H 30 mn \u00e0 13 ...\" \/>\n<meta name=\"robots\" content=\"index, follow, max-snippet:-1, max-image-preview:large, max-video-preview:-1\" \/>\n<link rel=\"canonical\" href=\"https:\/\/www.africa-press.net\/burkina-faso\/politique\/compte-rendu-du-conseil-des-ministres-du-mercredi-14-avril-2021\" \/>\n<meta property=\"og:locale\" content=\"fr_FR\" \/>\n<meta property=\"og:type\" content=\"article\" \/>\n<meta property=\"og:title\" content=\"Compte rendu du Conseil des ministres du mercredi 14 avril 2021\" \/>\n<meta property=\"og:description\" content=\"Le Conseil des ministres s\u2019est tenu \u00e0 Ouagadougou, le mercredi 14 avril 2021, en s\u00e9ance ordinaire, de 09 H 30 mn \u00e0 13 ...\" \/>\n<meta property=\"og:url\" content=\"https:\/\/www.africa-press.net\/burkina-faso\/politique\/compte-rendu-du-conseil-des-ministres-du-mercredi-14-avril-2021\" \/>\n<meta property=\"og:site_name\" content=\"Burkina Faso\" \/>\n<meta property=\"article:published_time\" content=\"2021-04-15T13:16:42+00:00\" \/>\n<meta property=\"article:modified_time\" content=\"2021-04-15T14:30:15+00:00\" \/>\n<meta property=\"og:image\" content=\"https:\/\/static.africa-press.net\/burkina\/sites\/42\/2021\/04\/img-60783a903cee9.jpg\" \/>\n\t<meta property=\"og:image:width\" content=\"720\" \/>\n\t<meta property=\"og:image:height\" content=\"427\" \/>\n\t<meta property=\"og:image:type\" content=\"image\/jpeg\" \/>\n<meta name=\"author\" content=\"cfeditorfr\" \/>\n<meta name=\"twitter:card\" content=\"summary_large_image\" \/>\n<meta name=\"twitter:label1\" content=\"\u00c9crit par\" \/>\n\t<meta name=\"twitter:data1\" content=\"cfeditorfr\" \/>\n\t<meta name=\"twitter:label2\" content=\"Dur\u00e9e de lecture estim\u00e9e\" \/>\n\t<meta name=\"twitter:data2\" content=\"16 minutes\" \/>\n<script type=\"application\/ld+json\" class=\"yoast-schema-graph\">{\"@context\":\"https:\/\/schema.org\",\"@graph\":[{\"@type\":\"Article\",\"@id\":\"https:\/\/www.africa-press.net\/burkina-faso\/politique\/compte-rendu-du-conseil-des-ministres-du-mercredi-14-avril-2021#article\",\"isPartOf\":{\"@id\":\"https:\/\/www.africa-press.net\/burkina-faso\/politique\/compte-rendu-du-conseil-des-ministres-du-mercredi-14-avril-2021\"},\"author\":{\"name\":\"cfeditorfr\",\"@id\":\"https:\/\/www.africa-press.net\/burkina-faso\/#\/schema\/person\/2b1cf3cd81a31e3cd26889ca66d677f1\"},\"headline\":\"Compte rendu du Conseil des ministres du mercredi 14 avril 2021\",\"datePublished\":\"2021-04-15T13:16:42+00:00\",\"dateModified\":\"2021-04-15T14:30:15+00:00\",\"mainEntityOfPage\":{\"@id\":\"https:\/\/www.africa-press.net\/burkina-faso\/politique\/compte-rendu-du-conseil-des-ministres-du-mercredi-14-avril-2021\"},\"wordCount\":3306,\"commentCount\":0,\"image\":{\"@id\":\"https:\/\/www.africa-press.net\/burkina-faso\/politique\/compte-rendu-du-conseil-des-ministres-du-mercredi-14-avril-2021#primaryimage\"},\"thumbnailUrl\":\"https:\/\/static.africa-press.net\/burkina\/sites\/42\/2021\/04\/img-60783a903cee9.jpg\",\"keywords\":[\"Africa Press\",\"Africa Press-Burkina Faso\",\"Burkina Faso\"],\"articleSection\":[\"homepage-french\",\"Politique\",\"Toutes les actualit\u00e9s\"],\"inLanguage\":\"fr-FR\",\"potentialAction\":[{\"@type\":\"CommentAction\",\"name\":\"Comment\",\"target\":[\"https:\/\/www.africa-press.net\/burkina-faso\/politique\/compte-rendu-du-conseil-des-ministres-du-mercredi-14-avril-2021#respond\"]}]},{\"@type\":\"WebPage\",\"@id\":\"https:\/\/www.africa-press.net\/burkina-faso\/politique\/compte-rendu-du-conseil-des-ministres-du-mercredi-14-avril-2021\",\"url\":\"https:\/\/www.africa-press.net\/burkina-faso\/politique\/compte-rendu-du-conseil-des-ministres-du-mercredi-14-avril-2021\",\"name\":\"Compte rendu du Conseil des ministres du mercredi 14 avril 2021 - Burkina Faso\",\"isPartOf\":{\"@id\":\"https:\/\/www.africa-press.net\/burkina-faso\/#website\"},\"primaryImageOfPage\":{\"@id\":\"https:\/\/www.africa-press.net\/burkina-faso\/politique\/compte-rendu-du-conseil-des-ministres-du-mercredi-14-avril-2021#primaryimage\"},\"image\":{\"@id\":\"https:\/\/www.africa-press.net\/burkina-faso\/politique\/compte-rendu-du-conseil-des-ministres-du-mercredi-14-avril-2021#primaryimage\"},\"thumbnailUrl\":\"https:\/\/static.africa-press.net\/burkina\/sites\/42\/2021\/04\/img-60783a903cee9.jpg\",\"datePublished\":\"2021-04-15T13:16:42+00:00\",\"dateModified\":\"2021-04-15T14:30:15+00:00\",\"author\":{\"@id\":\"https:\/\/www.africa-press.net\/burkina-faso\/#\/schema\/person\/2b1cf3cd81a31e3cd26889ca66d677f1\"},\"description\":\"Le Conseil des ministres s\u2019est tenu \u00e0 Ouagadougou, le mercredi 14 avril 2021, en s\u00e9ance ordinaire, de 09 H 30 mn \u00e0 13 ...\",\"breadcrumb\":{\"@id\":\"https:\/\/www.africa-press.net\/burkina-faso\/politique\/compte-rendu-du-conseil-des-ministres-du-mercredi-14-avril-2021#breadcrumb\"},\"inLanguage\":\"fr-FR\",\"potentialAction\":[{\"@type\":\"ReadAction\",\"target\":[\"https:\/\/www.africa-press.net\/burkina-faso\/politique\/compte-rendu-du-conseil-des-ministres-du-mercredi-14-avril-2021\"]}]},{\"@type\":\"ImageObject\",\"inLanguage\":\"fr-FR\",\"@id\":\"https:\/\/www.africa-press.net\/burkina-faso\/politique\/compte-rendu-du-conseil-des-ministres-du-mercredi-14-avril-2021#primaryimage\",\"url\":\"https:\/\/static.africa-press.net\/burkina\/sites\/42\/2021\/04\/img-60783a903cee9.jpg\",\"contentUrl\":\"https:\/\/static.africa-press.net\/burkina\/sites\/42\/2021\/04\/img-60783a903cee9.jpg\",\"width\":720,\"height\":427,\"caption\":\"Compte rendu du Conseil des ministres du mercredi 14 avril 2021\"},{\"@type\":\"BreadcrumbList\",\"@id\":\"https:\/\/www.africa-press.net\/burkina-faso\/politique\/compte-rendu-du-conseil-des-ministres-du-mercredi-14-avril-2021#breadcrumb\",\"itemListElement\":[{\"@type\":\"ListItem\",\"position\":1,\"name\":\"Accueil\",\"item\":\"https:\/\/www.africa-press.net\/burkina-faso\/\"},{\"@type\":\"ListItem\",\"position\":2,\"name\":\"Compte rendu du Conseil des ministres du mercredi 14 avril 2021\"}]},{\"@type\":\"WebSite\",\"@id\":\"https:\/\/www.africa-press.net\/burkina-faso\/#website\",\"url\":\"https:\/\/www.africa-press.net\/burkina-faso\/\",\"name\":\"Burkina Faso\",\"description\":\"Just another Africa News Agency Sites site\",\"potentialAction\":[{\"@type\":\"SearchAction\",\"target\":{\"@type\":\"EntryPoint\",\"urlTemplate\":\"https:\/\/www.africa-press.net\/burkina-faso\/?s={search_term_string}\"},\"query-input\":{\"@type\":\"PropertyValueSpecification\",\"valueRequired\":true,\"valueName\":\"search_term_string\"}}],\"inLanguage\":\"fr-FR\"},{\"@type\":\"Person\",\"@id\":\"https:\/\/www.africa-press.net\/burkina-faso\/#\/schema\/person\/2b1cf3cd81a31e3cd26889ca66d677f1\",\"name\":\"cfeditorfr\"}]}<\/script>\n<!-- \/ Yoast SEO Premium plugin. -->","yoast_head_json":{"title":"Compte rendu du Conseil des ministres du mercredi 14 avril 2021 - Burkina Faso","description":"Le Conseil des ministres s\u2019est tenu \u00e0 Ouagadougou, le mercredi 14 avril 2021, en s\u00e9ance ordinaire, de 09 H 30 mn \u00e0 13 ...","robots":{"index":"index","follow":"follow","max-snippet":"max-snippet:-1","max-image-preview":"max-image-preview:large","max-video-preview":"max-video-preview:-1"},"canonical":"https:\/\/www.africa-press.net\/burkina-faso\/politique\/compte-rendu-du-conseil-des-ministres-du-mercredi-14-avril-2021","og_locale":"fr_FR","og_type":"article","og_title":"Compte rendu du Conseil des ministres du mercredi 14 avril 2021","og_description":"Le Conseil des ministres s\u2019est tenu \u00e0 Ouagadougou, le mercredi 14 avril 2021, en s\u00e9ance ordinaire, de 09 H 30 mn \u00e0 13 ...","og_url":"https:\/\/www.africa-press.net\/burkina-faso\/politique\/compte-rendu-du-conseil-des-ministres-du-mercredi-14-avril-2021","og_site_name":"Burkina Faso","article_published_time":"2021-04-15T13:16:42+00:00","article_modified_time":"2021-04-15T14:30:15+00:00","og_image":[{"width":720,"height":427,"url":"https:\/\/static.africa-press.net\/burkina\/sites\/42\/2021\/04\/img-60783a903cee9.jpg","type":"image\/jpeg"}],"author":"cfeditorfr","twitter_card":"summary_large_image","twitter_misc":{"\u00c9crit par":"cfeditorfr","Dur\u00e9e de lecture estim\u00e9e":"16 minutes"},"schema":{"@context":"https:\/\/schema.org","@graph":[{"@type":"Article","@id":"https:\/\/www.africa-press.net\/burkina-faso\/politique\/compte-rendu-du-conseil-des-ministres-du-mercredi-14-avril-2021#article","isPartOf":{"@id":"https:\/\/www.africa-press.net\/burkina-faso\/politique\/compte-rendu-du-conseil-des-ministres-du-mercredi-14-avril-2021"},"author":{"name":"cfeditorfr","@id":"https:\/\/www.africa-press.net\/burkina-faso\/#\/schema\/person\/2b1cf3cd81a31e3cd26889ca66d677f1"},"headline":"Compte rendu du Conseil des ministres du mercredi 14 avril 2021","datePublished":"2021-04-15T13:16:42+00:00","dateModified":"2021-04-15T14:30:15+00:00","mainEntityOfPage":{"@id":"https:\/\/www.africa-press.net\/burkina-faso\/politique\/compte-rendu-du-conseil-des-ministres-du-mercredi-14-avril-2021"},"wordCount":3306,"commentCount":0,"image":{"@id":"https:\/\/www.africa-press.net\/burkina-faso\/politique\/compte-rendu-du-conseil-des-ministres-du-mercredi-14-avril-2021#primaryimage"},"thumbnailUrl":"https:\/\/static.africa-press.net\/burkina\/sites\/42\/2021\/04\/img-60783a903cee9.jpg","keywords":["Africa Press","Africa Press-Burkina Faso","Burkina Faso"],"articleSection":["homepage-french","Politique","Toutes les actualit\u00e9s"],"inLanguage":"fr-FR","potentialAction":[{"@type":"CommentAction","name":"Comment","target":["https:\/\/www.africa-press.net\/burkina-faso\/politique\/compte-rendu-du-conseil-des-ministres-du-mercredi-14-avril-2021#respond"]}]},{"@type":"WebPage","@id":"https:\/\/www.africa-press.net\/burkina-faso\/politique\/compte-rendu-du-conseil-des-ministres-du-mercredi-14-avril-2021","url":"https:\/\/www.africa-press.net\/burkina-faso\/politique\/compte-rendu-du-conseil-des-ministres-du-mercredi-14-avril-2021","name":"Compte rendu du Conseil des ministres du mercredi 14 avril 2021 - Burkina Faso","isPartOf":{"@id":"https:\/\/www.africa-press.net\/burkina-faso\/#website"},"primaryImageOfPage":{"@id":"https:\/\/www.africa-press.net\/burkina-faso\/politique\/compte-rendu-du-conseil-des-ministres-du-mercredi-14-avril-2021#primaryimage"},"image":{"@id":"https:\/\/www.africa-press.net\/burkina-faso\/politique\/compte-rendu-du-conseil-des-ministres-du-mercredi-14-avril-2021#primaryimage"},"thumbnailUrl":"https:\/\/static.africa-press.net\/burkina\/sites\/42\/2021\/04\/img-60783a903cee9.jpg","datePublished":"2021-04-15T13:16:42+00:00","dateModified":"2021-04-15T14:30:15+00:00","author":{"@id":"https:\/\/www.africa-press.net\/burkina-faso\/#\/schema\/person\/2b1cf3cd81a31e3cd26889ca66d677f1"},"description":"Le Conseil des ministres s\u2019est tenu \u00e0 Ouagadougou, le mercredi 14 avril 2021, en s\u00e9ance ordinaire, de 09 H 30 mn \u00e0 13 ...","breadcrumb":{"@id":"https:\/\/www.africa-press.net\/burkina-faso\/politique\/compte-rendu-du-conseil-des-ministres-du-mercredi-14-avril-2021#breadcrumb"},"inLanguage":"fr-FR","potentialAction":[{"@type":"ReadAction","target":["https:\/\/www.africa-press.net\/burkina-faso\/politique\/compte-rendu-du-conseil-des-ministres-du-mercredi-14-avril-2021"]}]},{"@type":"ImageObject","inLanguage":"fr-FR","@id":"https:\/\/www.africa-press.net\/burkina-faso\/politique\/compte-rendu-du-conseil-des-ministres-du-mercredi-14-avril-2021#primaryimage","url":"https:\/\/static.africa-press.net\/burkina\/sites\/42\/2021\/04\/img-60783a903cee9.jpg","contentUrl":"https:\/\/static.africa-press.net\/burkina\/sites\/42\/2021\/04\/img-60783a903cee9.jpg","width":720,"height":427,"caption":"Compte rendu du Conseil des ministres du mercredi 14 avril 2021"},{"@type":"BreadcrumbList","@id":"https:\/\/www.africa-press.net\/burkina-faso\/politique\/compte-rendu-du-conseil-des-ministres-du-mercredi-14-avril-2021#breadcrumb","itemListElement":[{"@type":"ListItem","position":1,"name":"Accueil","item":"https:\/\/www.africa-press.net\/burkina-faso\/"},{"@type":"ListItem","position":2,"name":"Compte rendu du Conseil des ministres du mercredi 14 avril 2021"}]},{"@type":"WebSite","@id":"https:\/\/www.africa-press.net\/burkina-faso\/#website","url":"https:\/\/www.africa-press.net\/burkina-faso\/","name":"Burkina Faso","description":"Just another Africa News Agency Sites site","potentialAction":[{"@type":"SearchAction","target":{"@type":"EntryPoint","urlTemplate":"https:\/\/www.africa-press.net\/burkina-faso\/?s={search_term_string}"},"query-input":{"@type":"PropertyValueSpecification","valueRequired":true,"valueName":"search_term_string"}}],"inLanguage":"fr-FR"},{"@type":"Person","@id":"https:\/\/www.africa-press.net\/burkina-faso\/#\/schema\/person\/2b1cf3cd81a31e3cd26889ca66d677f1","name":"cfeditorfr"}]}},"_links":{"self":[{"href":"https:\/\/www.africa-press.net\/burkina-faso\/wp-json\/wp\/v2\/posts\/9999","targetHints":{"allow":["GET"]}}],"collection":[{"href":"https:\/\/www.africa-press.net\/burkina-faso\/wp-json\/wp\/v2\/posts"}],"about":[{"href":"https:\/\/www.africa-press.net\/burkina-faso\/wp-json\/wp\/v2\/types\/post"}],"author":[{"embeddable":true,"href":"https:\/\/www.africa-press.net\/burkina-faso\/wp-json\/wp\/v2\/users\/82"}],"replies":[{"embeddable":true,"href":"https:\/\/www.africa-press.net\/burkina-faso\/wp-json\/wp\/v2\/comments?post=9999"}],"version-history":[{"count":0,"href":"https:\/\/www.africa-press.net\/burkina-faso\/wp-json\/wp\/v2\/posts\/9999\/revisions"}],"wp:featuredmedia":[{"embeddable":true,"href":"https:\/\/www.africa-press.net\/burkina-faso\/wp-json\/wp\/v2\/media\/9998"}],"wp:attachment":[{"href":"https:\/\/www.africa-press.net\/burkina-faso\/wp-json\/wp\/v2\/media?parent=9999"}],"wp:term":[{"taxonomy":"category","embeddable":true,"href":"https:\/\/www.africa-press.net\/burkina-faso\/wp-json\/wp\/v2\/categories?post=9999"},{"taxonomy":"post_tag","embeddable":true,"href":"https:\/\/www.africa-press.net\/burkina-faso\/wp-json\/wp\/v2\/tags?post=9999"}],"curies":[{"name":"wp","href":"https:\/\/api.w.org\/{rel}","templated":true}]}}