{"id":10948,"date":"2023-07-27T10:04:00","date_gmt":"2023-07-27T10:04:00","guid":{"rendered":"https:\/\/www.africa-press.net\/burundi\/politique\/gitega-des-parlementaires-rencontrent-les-representants-de-la-population"},"modified":"2023-07-27T10:04:00","modified_gmt":"2023-07-27T10:04:00","slug":"gitega-des-parlementaires-rencontrent-les-representants-de-la-population","status":"publish","type":"post","link":"https:\/\/www.africa-press.net\/burundi\/politique\/gitega-des-parlementaires-rencontrent-les-representants-de-la-population","title":{"rendered":"Gitega: des parlementaires rencontrent les repr\u00e9sentants de la population"},"content":{"rendered":"<p><span style=\"color: #ff6600\"><strong>Africa-Press &#8211; Burundi. <\/strong><\/span>Au cours de leurs vacances parlementaires, une de\u0301le\u0301gation de de\u0301pute\u0301s et se\u0301nateurs e\u0301lus dans la circonscription de la province Gitega a rencontre\u0301 mercredi 26 juillet 2023, les e\u0301lus locaux, les notables collinaires, les repre\u0301sentants des coope\u0301ratives et des associations de de\u0301veloppement communautaires de la commune Gitega.<\/p>\n<p>La rencontre avait pour objectif l\u2019e\u0301change sur le patriotisme, la situation se\u0301curitaire et le de\u0301veloppement sociocommunautaire du pays.<\/p>\n<p>Le Chef de cette de\u0301le\u0301gation, Honorable Lazare Mvuyekure a appele\u0301 les repre\u0301sentants de la population a\u0300 soutenir la vision du Chef de l&rsquo;Etat Evariste Ndayishimiye de faire du Burundi un pays e\u0301mergent en 2040 et de\u0301veloppe\u0301 en 2060. Il leur a e\u0301galement demande\u0301 de mettre en application le slogan du Chef de l&rsquo;Etat qui veut que chaque bouche ait a\u0300 manger et chaque poche de l&rsquo;argent.<\/p>\n<p>Quant a\u0300 l\u2019honorable Venant Sinzinkayo, il exhorte les administratifs a\u0300 la base et les repre\u0301sentants des coope\u0301ratives a\u0300 mobiliser la population qu&rsquo;ils repre\u0301sentent autour de l&rsquo;auto-de\u0301veloppement surtout l&rsquo;e\u0301levage du petit be\u0301tail comme les lapins, les poules et les porcs. Il a demande\u0301 aux habitants de Gitega de bien exploiter leurs proprie\u0301te\u0301s foncie\u0300res, d\u2019e\u0301viter le gaspillage de la richesse familiale, l&rsquo;ivresse, etc.<\/p>\n<p>Dans son expose\u0301, la Se\u0301natrice Spe\u0300s Caritas Njebarikanuye a appele\u0301 les repre\u0301sentants de la population et les administratifs a\u0300 la base a\u0300 mobiliser la population pour la sauvegarde de la paix et la se\u0301curite\u0301. Et d\u2019ajouter qu\u2019en l\u2019absence de ces dernie\u0300res le de\u0301veloppement n&rsquo;est pas possible. Spe\u0300s Caritas Njebarikanuye pro\u0302ne e\u0301galement la limitation des naissances car la surpopulation constitue aussi une cause d\u2019inse\u0301curite\u0301 dans le pays, a-t-elle pre\u0301cise\u0301.<\/p>\n<p>Au cours des e\u0301changes, les participants ont e\u0301voque\u0301 les principaux proble\u0300mes qui s&rsquo;observent dans leurs circonscriptions. Les administratifs a\u0300 la base se disent inquiets des cas d&rsquo;abandon scolaire, de consommation de boissons tre\u0300s alcoolise\u0301es, des cas de divorces et de grossesses nos de\u0301sire\u0301es chez les jeunes filles.<\/p>\n<p>Quant aux notables coline\u0301aires, ils demandent des formations pour le renforcement des capacite\u0301s ainsi que l&rsquo;octroi des primes d&rsquo;encouragement pour leurs fonctions de me\u0301diation en cas de conflits au sein de la population.<\/p>\n<p><strong>Pour plus d&rsquo;informations et d&rsquo;analyses sur la <a href=\"https:\/\/www.africa-press.net\/burundi\">Burundi<\/a>, suivez <a href=\"https:\/\/www.africa-press.net\/\">Africa-Press<\/a><\/strong><\/p>\n","protected":false},"excerpt":{"rendered":"<p>Africa-Press &#8211; Burundi. Au cours de leurs vacances parlementaires, une de\u0301le\u0301gation de de\u0301pute\u0301s et se\u0301nateurs e\u0301lus dans la circonscription de la province Gitega a rencontre\u0301 mercredi 26 juillet 2023, les e\u0301lus locaux, les notables collinaires, les repre\u0301sentants des coope\u0301ratives et des associations de de\u0301veloppement communautaires de la commune Gitega. La rencontre avait pour objectif l\u2019e\u0301change [&hellip;]<\/p>\n","protected":false},"author":82,"featured_media":10947,"comment_status":"open","ping_status":"closed","sticky":false,"template":"","format":"standard","meta":{"footnotes":""},"categories":[21,11,2,10],"tags":[36,48,45],"class_list":["post-10948","post","type-post","status-publish","format-standard","has-post-thumbnail","hentry","category-communaute","category-homepage-french","category-politique","category-toutes-les-actualites","tag-africa-press","tag-africa-press-burundi","tag-burundi"],"yoast_head":"<!-- This site is optimized with the Yoast SEO Premium plugin v26.1 (Yoast SEO v27.0) - https:\/\/yoast.com\/product\/yoast-seo-premium-wordpress\/ -->\n<title>Gitega: des parlementaires rencontrent les repr\u00e9sentants de la population - Burundi<\/title>\n<meta name=\"robots\" content=\"index, follow, max-snippet:-1, max-image-preview:large, max-video-preview:-1\" \/>\n<link rel=\"canonical\" href=\"https:\/\/www.africa-press.net\/burundi\/politique\/gitega-des-parlementaires-rencontrent-les-representants-de-la-population\" \/>\n<meta property=\"og:locale\" content=\"fr_FR\" \/>\n<meta property=\"og:type\" content=\"article\" \/>\n<meta property=\"og:title\" content=\"Gitega: des parlementaires rencontrent les repr\u00e9sentants de la population\" \/>\n<meta property=\"og:description\" content=\"Africa-Press &#8211; Burundi. Au cours de leurs vacances parlementaires, une de\u0301le\u0301gation de de\u0301pute\u0301s et se\u0301nateurs e\u0301lus dans la circonscription de la province Gitega a rencontre\u0301 mercredi 26 juillet 2023, les e\u0301lus locaux, les notables collinaires, les repre\u0301sentants des coope\u0301ratives et des associations de de\u0301veloppement communautaires de la commune Gitega. La rencontre avait pour objectif l\u2019e\u0301change [&hellip;]\" \/>\n<meta property=\"og:url\" content=\"https:\/\/www.africa-press.net\/burundi\/politique\/gitega-des-parlementaires-rencontrent-les-representants-de-la-population\" \/>\n<meta property=\"og:site_name\" content=\"Burundi\" \/>\n<meta property=\"article:published_time\" content=\"2023-07-27T10:04:00+00:00\" \/>\n<meta name=\"author\" content=\"cfeditorfr\" \/>\n<meta name=\"twitter:card\" content=\"summary_large_image\" \/>\n<meta name=\"twitter:label1\" content=\"\u00c9crit par\" \/>\n\t<meta name=\"twitter:data1\" content=\"cfeditorfr\" \/>\n\t<meta name=\"twitter:label2\" content=\"Dur\u00e9e de lecture estim\u00e9e\" \/>\n\t<meta name=\"twitter:data2\" content=\"2 minutes\" \/>\n<script type=\"application\/ld+json\" class=\"yoast-schema-graph\">{\"@context\":\"https:\/\/schema.org\",\"@graph\":[{\"@type\":\"Article\",\"@id\":\"https:\/\/www.africa-press.net\/burundi\/politique\/gitega-des-parlementaires-rencontrent-les-representants-de-la-population#article\",\"isPartOf\":{\"@id\":\"https:\/\/www.africa-press.net\/burundi\/politique\/gitega-des-parlementaires-rencontrent-les-representants-de-la-population\"},\"author\":{\"name\":\"cfeditorfr\",\"@id\":\"https:\/\/www.africa-press.net\/burundi\/#\/schema\/person\/2b1cf3cd81a31e3cd26889ca66d677f1\"},\"headline\":\"Gitega: des parlementaires rencontrent les repr\u00e9sentants de la population\",\"datePublished\":\"2023-07-27T10:04:00+00:00\",\"mainEntityOfPage\":{\"@id\":\"https:\/\/www.africa-press.net\/burundi\/politique\/gitega-des-parlementaires-rencontrent-les-representants-de-la-population\"},\"wordCount\":429,\"commentCount\":0,\"image\":{\"@id\":\"https:\/\/www.africa-press.net\/burundi\/politique\/gitega-des-parlementaires-rencontrent-les-representants-de-la-population#primaryimage\"},\"thumbnailUrl\":\"https:\/\/static.africa-press.net\/burundi\/sites\/47\/2023\/07\/Jokar1690439653.223966.jpg\",\"keywords\":[\"Africa Press\",\"Africa Press-Burundi\",\"Burundi\"],\"articleSection\":[\"Communaut\u00e9\",\"homepage-french\",\"Politique\",\"Toutes les actualit\u00e9s\"],\"inLanguage\":\"fr-FR\",\"potentialAction\":[{\"@type\":\"CommentAction\",\"name\":\"Comment\",\"target\":[\"https:\/\/www.africa-press.net\/burundi\/politique\/gitega-des-parlementaires-rencontrent-les-representants-de-la-population#respond\"]}]},{\"@type\":\"WebPage\",\"@id\":\"https:\/\/www.africa-press.net\/burundi\/politique\/gitega-des-parlementaires-rencontrent-les-representants-de-la-population\",\"url\":\"https:\/\/www.africa-press.net\/burundi\/politique\/gitega-des-parlementaires-rencontrent-les-representants-de-la-population\",\"name\":\"Gitega: des parlementaires rencontrent les repr\u00e9sentants de la population - Burundi\",\"isPartOf\":{\"@id\":\"https:\/\/www.africa-press.net\/burundi\/#website\"},\"primaryImageOfPage\":{\"@id\":\"https:\/\/www.africa-press.net\/burundi\/politique\/gitega-des-parlementaires-rencontrent-les-representants-de-la-population#primaryimage\"},\"image\":{\"@id\":\"https:\/\/www.africa-press.net\/burundi\/politique\/gitega-des-parlementaires-rencontrent-les-representants-de-la-population#primaryimage\"},\"thumbnailUrl\":\"https:\/\/static.africa-press.net\/burundi\/sites\/47\/2023\/07\/Jokar1690439653.223966.jpg\",\"datePublished\":\"2023-07-27T10:04:00+00:00\",\"author\":{\"@id\":\"https:\/\/www.africa-press.net\/burundi\/#\/schema\/person\/2b1cf3cd81a31e3cd26889ca66d677f1\"},\"breadcrumb\":{\"@id\":\"https:\/\/www.africa-press.net\/burundi\/politique\/gitega-des-parlementaires-rencontrent-les-representants-de-la-population#breadcrumb\"},\"inLanguage\":\"fr-FR\",\"potentialAction\":[{\"@type\":\"ReadAction\",\"target\":[\"https:\/\/www.africa-press.net\/burundi\/politique\/gitega-des-parlementaires-rencontrent-les-representants-de-la-population\"]}]},{\"@type\":\"ImageObject\",\"inLanguage\":\"fr-FR\",\"@id\":\"https:\/\/www.africa-press.net\/burundi\/politique\/gitega-des-parlementaires-rencontrent-les-representants-de-la-population#primaryimage\",\"url\":\"https:\/\/static.africa-press.net\/burundi\/sites\/47\/2023\/07\/Jokar1690439653.223966.jpg\",\"contentUrl\":\"https:\/\/static.africa-press.net\/burundi\/sites\/47\/2023\/07\/Jokar1690439653.223966.jpg\",\"width\":800,\"height\":533,\"caption\":\"Gitega: des parlementaires rencontrent les repr\u00e9sentants de la population\"},{\"@type\":\"BreadcrumbList\",\"@id\":\"https:\/\/www.africa-press.net\/burundi\/politique\/gitega-des-parlementaires-rencontrent-les-representants-de-la-population#breadcrumb\",\"itemListElement\":[{\"@type\":\"ListItem\",\"position\":1,\"name\":\"Accueil\",\"item\":\"https:\/\/www.africa-press.net\/burundi\/\"},{\"@type\":\"ListItem\",\"position\":2,\"name\":\"Gitega: des parlementaires rencontrent les repr\u00e9sentants de la population\"}]},{\"@type\":\"WebSite\",\"@id\":\"https:\/\/www.africa-press.net\/burundi\/#website\",\"url\":\"https:\/\/www.africa-press.net\/burundi\/\",\"name\":\"Burundi\",\"description\":\"Just another Africa News Agency Sites site\",\"potentialAction\":[{\"@type\":\"SearchAction\",\"target\":{\"@type\":\"EntryPoint\",\"urlTemplate\":\"https:\/\/www.africa-press.net\/burundi\/?s={search_term_string}\"},\"query-input\":{\"@type\":\"PropertyValueSpecification\",\"valueRequired\":true,\"valueName\":\"search_term_string\"}}],\"inLanguage\":\"fr-FR\"},{\"@type\":\"Person\",\"@id\":\"https:\/\/www.africa-press.net\/burundi\/#\/schema\/person\/2b1cf3cd81a31e3cd26889ca66d677f1\",\"name\":\"cfeditorfr\"}]}<\/script>\n<!-- \/ Yoast SEO Premium plugin. -->","yoast_head_json":{"title":"Gitega: des parlementaires rencontrent les repr\u00e9sentants de la population - Burundi","robots":{"index":"index","follow":"follow","max-snippet":"max-snippet:-1","max-image-preview":"max-image-preview:large","max-video-preview":"max-video-preview:-1"},"canonical":"https:\/\/www.africa-press.net\/burundi\/politique\/gitega-des-parlementaires-rencontrent-les-representants-de-la-population","og_locale":"fr_FR","og_type":"article","og_title":"Gitega: des parlementaires rencontrent les repr\u00e9sentants de la population","og_description":"Africa-Press &#8211; Burundi. Au cours de leurs vacances parlementaires, une de\u0301le\u0301gation de de\u0301pute\u0301s et se\u0301nateurs e\u0301lus dans la circonscription de la province Gitega a rencontre\u0301 mercredi 26 juillet 2023, les e\u0301lus locaux, les notables collinaires, les repre\u0301sentants des coope\u0301ratives et des associations de de\u0301veloppement communautaires de la commune Gitega. La rencontre avait pour objectif l\u2019e\u0301change [&hellip;]","og_url":"https:\/\/www.africa-press.net\/burundi\/politique\/gitega-des-parlementaires-rencontrent-les-representants-de-la-population","og_site_name":"Burundi","article_published_time":"2023-07-27T10:04:00+00:00","author":"cfeditorfr","twitter_card":"summary_large_image","twitter_misc":{"\u00c9crit par":"cfeditorfr","Dur\u00e9e de lecture estim\u00e9e":"2 minutes"},"schema":{"@context":"https:\/\/schema.org","@graph":[{"@type":"Article","@id":"https:\/\/www.africa-press.net\/burundi\/politique\/gitega-des-parlementaires-rencontrent-les-representants-de-la-population#article","isPartOf":{"@id":"https:\/\/www.africa-press.net\/burundi\/politique\/gitega-des-parlementaires-rencontrent-les-representants-de-la-population"},"author":{"name":"cfeditorfr","@id":"https:\/\/www.africa-press.net\/burundi\/#\/schema\/person\/2b1cf3cd81a31e3cd26889ca66d677f1"},"headline":"Gitega: des parlementaires rencontrent les repr\u00e9sentants de la population","datePublished":"2023-07-27T10:04:00+00:00","mainEntityOfPage":{"@id":"https:\/\/www.africa-press.net\/burundi\/politique\/gitega-des-parlementaires-rencontrent-les-representants-de-la-population"},"wordCount":429,"commentCount":0,"image":{"@id":"https:\/\/www.africa-press.net\/burundi\/politique\/gitega-des-parlementaires-rencontrent-les-representants-de-la-population#primaryimage"},"thumbnailUrl":"https:\/\/static.africa-press.net\/burundi\/sites\/47\/2023\/07\/Jokar1690439653.223966.jpg","keywords":["Africa Press","Africa Press-Burundi","Burundi"],"articleSection":["Communaut\u00e9","homepage-french","Politique","Toutes les actualit\u00e9s"],"inLanguage":"fr-FR","potentialAction":[{"@type":"CommentAction","name":"Comment","target":["https:\/\/www.africa-press.net\/burundi\/politique\/gitega-des-parlementaires-rencontrent-les-representants-de-la-population#respond"]}]},{"@type":"WebPage","@id":"https:\/\/www.africa-press.net\/burundi\/politique\/gitega-des-parlementaires-rencontrent-les-representants-de-la-population","url":"https:\/\/www.africa-press.net\/burundi\/politique\/gitega-des-parlementaires-rencontrent-les-representants-de-la-population","name":"Gitega: des parlementaires rencontrent les repr\u00e9sentants de la population - Burundi","isPartOf":{"@id":"https:\/\/www.africa-press.net\/burundi\/#website"},"primaryImageOfPage":{"@id":"https:\/\/www.africa-press.net\/burundi\/politique\/gitega-des-parlementaires-rencontrent-les-representants-de-la-population#primaryimage"},"image":{"@id":"https:\/\/www.africa-press.net\/burundi\/politique\/gitega-des-parlementaires-rencontrent-les-representants-de-la-population#primaryimage"},"thumbnailUrl":"https:\/\/static.africa-press.net\/burundi\/sites\/47\/2023\/07\/Jokar1690439653.223966.jpg","datePublished":"2023-07-27T10:04:00+00:00","author":{"@id":"https:\/\/www.africa-press.net\/burundi\/#\/schema\/person\/2b1cf3cd81a31e3cd26889ca66d677f1"},"breadcrumb":{"@id":"https:\/\/www.africa-press.net\/burundi\/politique\/gitega-des-parlementaires-rencontrent-les-representants-de-la-population#breadcrumb"},"inLanguage":"fr-FR","potentialAction":[{"@type":"ReadAction","target":["https:\/\/www.africa-press.net\/burundi\/politique\/gitega-des-parlementaires-rencontrent-les-representants-de-la-population"]}]},{"@type":"ImageObject","inLanguage":"fr-FR","@id":"https:\/\/www.africa-press.net\/burundi\/politique\/gitega-des-parlementaires-rencontrent-les-representants-de-la-population#primaryimage","url":"https:\/\/static.africa-press.net\/burundi\/sites\/47\/2023\/07\/Jokar1690439653.223966.jpg","contentUrl":"https:\/\/static.africa-press.net\/burundi\/sites\/47\/2023\/07\/Jokar1690439653.223966.jpg","width":800,"height":533,"caption":"Gitega: des parlementaires rencontrent les repr\u00e9sentants de la population"},{"@type":"BreadcrumbList","@id":"https:\/\/www.africa-press.net\/burundi\/politique\/gitega-des-parlementaires-rencontrent-les-representants-de-la-population#breadcrumb","itemListElement":[{"@type":"ListItem","position":1,"name":"Accueil","item":"https:\/\/www.africa-press.net\/burundi\/"},{"@type":"ListItem","position":2,"name":"Gitega: des parlementaires rencontrent les repr\u00e9sentants de la population"}]},{"@type":"WebSite","@id":"https:\/\/www.africa-press.net\/burundi\/#website","url":"https:\/\/www.africa-press.net\/burundi\/","name":"Burundi","description":"Just another Africa News Agency Sites site","potentialAction":[{"@type":"SearchAction","target":{"@type":"EntryPoint","urlTemplate":"https:\/\/www.africa-press.net\/burundi\/?s={search_term_string}"},"query-input":{"@type":"PropertyValueSpecification","valueRequired":true,"valueName":"search_term_string"}}],"inLanguage":"fr-FR"},{"@type":"Person","@id":"https:\/\/www.africa-press.net\/burundi\/#\/schema\/person\/2b1cf3cd81a31e3cd26889ca66d677f1","name":"cfeditorfr"}]}},"_links":{"self":[{"href":"https:\/\/www.africa-press.net\/burundi\/wp-json\/wp\/v2\/posts\/10948","targetHints":{"allow":["GET"]}}],"collection":[{"href":"https:\/\/www.africa-press.net\/burundi\/wp-json\/wp\/v2\/posts"}],"about":[{"href":"https:\/\/www.africa-press.net\/burundi\/wp-json\/wp\/v2\/types\/post"}],"author":[{"embeddable":true,"href":"https:\/\/www.africa-press.net\/burundi\/wp-json\/wp\/v2\/users\/82"}],"replies":[{"embeddable":true,"href":"https:\/\/www.africa-press.net\/burundi\/wp-json\/wp\/v2\/comments?post=10948"}],"version-history":[{"count":0,"href":"https:\/\/www.africa-press.net\/burundi\/wp-json\/wp\/v2\/posts\/10948\/revisions"}],"wp:featuredmedia":[{"embeddable":true,"href":"https:\/\/www.africa-press.net\/burundi\/wp-json\/wp\/v2\/media\/10947"}],"wp:attachment":[{"href":"https:\/\/www.africa-press.net\/burundi\/wp-json\/wp\/v2\/media?parent=10948"}],"wp:term":[{"taxonomy":"category","embeddable":true,"href":"https:\/\/www.africa-press.net\/burundi\/wp-json\/wp\/v2\/categories?post=10948"},{"taxonomy":"post_tag","embeddable":true,"href":"https:\/\/www.africa-press.net\/burundi\/wp-json\/wp\/v2\/tags?post=10948"}],"curies":[{"name":"wp","href":"https:\/\/api.w.org\/{rel}","templated":true}]}}