{"id":11766,"date":"2023-09-20T20:10:00","date_gmt":"2023-09-20T20:10:00","guid":{"rendered":"https:\/\/www.africa-press.net\/burundi\/politique\/climat-que-retenir-de-la-declaration-de-nairobi"},"modified":"2023-09-20T20:10:00","modified_gmt":"2023-09-20T20:10:00","slug":"climat-que-retenir-de-la-declaration-de-nairobi","status":"publish","type":"post","link":"https:\/\/www.africa-press.net\/burundi\/toutes-les-actualites\/climat-que-retenir-de-la-declaration-de-nairobi","title":{"rendered":"Climat : que retenir de la d\u00e9claration de Nairobi ?"},"content":{"rendered":"<p><span style=\"color: #ff6600\"><strong>Africa-Press &#8211; Burundi. <\/strong><\/span>Du 4 au 6 septembre 2023, Nairobi, la capitale kenyane a accueilli le premier sommet africain sur le climat (AEC). Etaient pre\u0301sents les chefs d\u2019Etat et de gouvernements africains ainsi que d\u2019autres dirigeants mondiaux de haut niveau. Ce sommet s\u2019est clo\u0302ture\u0301 par l\u2019adoption de la De\u0301claration de Nairobi, destine\u0301e a\u0300 concre\u0301tiser le potentiel du continent pour une croissance verte. Que retenir de cette de\u0301claration ? En voici quelques points essentiels.<\/p>\n<p>Dans son pre\u0301ambule, cette de\u0301claration souligne : \u00ab La confirmation du GIEC (Groupe d\u2019experts intergouvernemental sur l\u2019e\u0301volution du climat) selon laquelle l\u2019Afrique se re\u0301chauffe plus rapidement que le reste du monde et que, s\u2019il ne s\u2019atte\u0301nue pas, le changement climatique continuera d\u2019avoir des impacts ne\u0301gatifs sur les e\u0301conomies et les socie\u0301te\u0301s africaines et d\u2019entraver la croissance et le bien-e\u0302tre \u00bb<\/p>\n<p>Elle exprime aussi son inquie\u0301tude face au fait que plusieurs pays africains soient<\/p>\n<p>confronte\u0301s a\u0300 \u00ab des charges et a\u0300 des risques disproportionne\u0301s re\u0301sultant d\u2019e\u0301ve\u0301nements et de phe\u0301nome\u0300nes me\u0301te\u0301orologiques impre\u0301visibles lie\u0301s au changement climatique \u00bb et qui impactent ne\u0301gativement diffe\u0301rents secteurs comme l\u2019e\u0301conomie, la sante\u0301, l\u2019e\u0301ducation, la paix et la se\u0301curite\u0301, etc.<\/p>\n<p>Elle reconnai\u0302t que le changement climatique constitue le plus grand de\u0301fi auquel<\/p>\n<p>l\u2019humanite\u0301 est confronte\u0301e et la plus grande menace pour toute vie sur Terre. Une action urgente et concerte\u0301e doit e\u0302tre mene\u0301e de la part de toutes les nations pour re\u0301duire les e\u0301missions et re\u0301duire la concentration de gaz a\u0300 effet de serre dans l\u2019atmosphe\u0300re.<\/p>\n<p>Dans son allocution lors de l\u2019ouverture de ce sommet, le pre\u0301sident du Kenya, William Ruto, qui a accueilli ce sommet, a reconnu les limites financie\u0300res de l\u2019Afrique en matie\u0300re de climat. \u00ab Nous nous re\u0301unissons avec une compre\u0301hension claire de l\u2019insuffisance de nos besoins en matie\u0300re de financement climatique, mais nous ne reculerons pas devant les re\u0301alite\u0301s qui doivent apporter un changement positif \u00bb a de\u0301clare\u0301 le nume\u0301ro 1 kenyan.<\/p>\n<p><b>L\u2019appel a\u0300 une action collective<\/b>Les dirigeants africains ont appele\u0301 la communaute\u0301 internationale a\u0300 leur pre\u0302ter main forte pour fructifier le potentiel du continent dans la lutte contre le re\u0301chauffement climatique, via des investissements et une re\u0301forme du syste\u0300me financier international, car \u00ab L\u2019Afrique posse\u0300de a\u0300 la fois le potentiel et l\u2019ambition d\u2019e\u0302tre un e\u0301le\u0301ment essentiel de la solution mondiale au changement climatique \u00bb, peut-on lire dans cette De\u0301claration.<\/p>\n<p>Ils demandent aussi une augmentation visible des financements pour pouvoir contribuer significativement a\u0300 la de\u0301carbonisation de l\u2019e\u0301conomie mondiale. Pour cela, ces dirigeants demandent \u00ab d\u2019e\u0301tablir une nouvelle architecture de financement adapte\u0301e aux besoins de l\u2019Afrique, y compris la restructuration et l\u2019alle\u0300gement de la dette. \u00bb<\/p>\n<p>Ils ont e\u0301galement demande\u0301 d\u2019\u00ab augmenter la capacite\u0301 de production d\u2019e\u0301nergies renouvelables de l\u2019Afrique de 56 gigawatts en 2022 a\u0300 au moins 300 gigawatts d\u2019ici 2030. \u00bb Le but sera de lutter contre \u00ab la pre\u0301carite\u0301 e\u0301nerge\u0301tique et de renforcer l\u2019approvisionnement mondial en e\u0301nergie propre et rentable. \u00bb<\/p>\n<p>Toujours dans cette de\u0301claration, il est demande\u0301 a\u0300 la communaute\u0301 internationale de promouvoir les \u00ab technologies respectueuses de l\u2019environnement, y compris les technologies qui consistent en des processus et des me\u0301thodes d\u2019innovation pour soutenir l\u2019industrialisation verte et la transition de l\u2019Afrique. \u00bb<\/p>\n<p>Le pre\u0301sident du Kenya, William Ruto, a annonce\u0301 que 23 milliards de dollars d\u2019investissements internationaux dans les e\u0301nergies renouvelables ont e\u0301te\u0301 promis. 4,5 milliards de dollars viennent des Emirats arabes unis qui, d\u2019ailleurs, pre\u0301sidera la COP28 dans sa pre\u0301paration.<\/p>\n<p><b>Des me\u0301canismes pour faire face au changement climatique<\/b>Pour faire face aux changements climatiques, les dirigeants africains proposent le \u00ab vaut mieux pre\u0301venir que gue\u0301rir \u00bb. Celui-ci se concre\u0301tiserait par la modernisation \u00ab des e\u0301tablissements informels et les bidonvilles afin de construire des villes et des centres urbains re\u0301silients au changement climatique. \u00bb Il y a aussi le renforcement des syste\u0300mes d\u2019alerte pre\u0301coce et les services d\u2019information climatique.<\/p>\n<p>Les dirigeants africains se sont engage\u0301s a\u0300 mettre en place des strate\u0301gies pour promouvoir la croissance verte en e\u0301laborant et en mettant en \u0153uvre \u00ab des politiques, des re\u0301glementations et des incitations visant a\u0300 attirer les investissements locaux, re\u0301gionaux et mondiaux dans la croissance verte.\u00bb<\/p>\n<p>Ils se sont e\u0301galement promis de concentrer leurs plans de de\u0301veloppement e\u0301conomique sur une croissance positive pour le climat qui comprendra \u00ab des pratiques agricoles respectueuses du climat et re\u0301paratrices, ainsi que la protection et l\u2019ame\u0301lioration essentielles de la nature et de la biodiversite\u0301. \u00bb<\/p>\n<p>Pour clore cette De\u0301claration, il a e\u0301te\u0301 demande\u0301 a\u0300 la Commission de l\u2019Union africaine \u00ab d\u2019e\u0301laborer un cadre de mise en \u0153uvre et une feuille de route pour cette De\u0301claration et de faire du changement climatique un the\u0300me de l\u2019UA pour l\u2019anne\u0301e 2025 ou 2026. \u00bb<\/p>\n<p><strong>Pour plus d&rsquo;informations et d&rsquo;analyses sur la <a href=\"https:\/\/www.africa-press.net\/burundi\">Burundi<\/a>, suivez <a href=\"https:\/\/www.africa-press.net\/\">Africa-Press<\/a><\/strong><\/p>\n","protected":false},"excerpt":{"rendered":"<p>Africa-Press &#8211; Burundi. Du 4 au 6 septembre 2023, Nairobi, la capitale kenyane a accueilli le premier sommet africain sur le climat (AEC). Etaient pre\u0301sents les chefs d\u2019Etat et de gouvernements africains ainsi que d\u2019autres dirigeants mondiaux de haut niveau. Ce sommet s\u2019est clo\u0302ture\u0301 par l\u2019adoption de la De\u0301claration de Nairobi, destine\u0301e a\u0300 concre\u0301tiser le [&hellip;]<\/p>\n","protected":false},"author":82,"featured_media":11765,"comment_status":"open","ping_status":"closed","sticky":false,"template":"","format":"standard","meta":{"footnotes":""},"categories":[21,10],"tags":[36,48,45],"class_list":["post-11766","post","type-post","status-publish","format-standard","has-post-thumbnail","hentry","category-communaute","category-toutes-les-actualites","tag-africa-press","tag-africa-press-burundi","tag-burundi"],"yoast_head":"<!-- This site is optimized with the Yoast SEO Premium plugin v26.1 (Yoast SEO v27.0) - https:\/\/yoast.com\/product\/yoast-seo-premium-wordpress\/ -->\n<title>Climat : que retenir de la d\u00e9claration de Nairobi ? - Burundi<\/title>\n<meta name=\"robots\" content=\"index, follow, max-snippet:-1, max-image-preview:large, max-video-preview:-1\" \/>\n<link rel=\"canonical\" href=\"https:\/\/www.africa-press.net\/burundi\/politique\/climat-que-retenir-de-la-declaration-de-nairobi\" \/>\n<meta property=\"og:locale\" content=\"fr_FR\" \/>\n<meta property=\"og:type\" content=\"article\" \/>\n<meta property=\"og:title\" content=\"Climat : que retenir de la d\u00e9claration de Nairobi ?\" \/>\n<meta property=\"og:description\" content=\"Africa-Press &#8211; Burundi. Du 4 au 6 septembre 2023, Nairobi, la capitale kenyane a accueilli le premier sommet africain sur le climat (AEC). Etaient pre\u0301sents les chefs d\u2019Etat et de gouvernements africains ainsi que d\u2019autres dirigeants mondiaux de haut niveau. Ce sommet s\u2019est clo\u0302ture\u0301 par l\u2019adoption de la De\u0301claration de Nairobi, destine\u0301e a\u0300 concre\u0301tiser le [&hellip;]\" \/>\n<meta property=\"og:url\" content=\"https:\/\/www.africa-press.net\/burundi\/politique\/climat-que-retenir-de-la-declaration-de-nairobi\" \/>\n<meta property=\"og:site_name\" content=\"Burundi\" \/>\n<meta property=\"article:published_time\" content=\"2023-09-20T20:10:00+00:00\" \/>\n<meta name=\"author\" content=\"cfeditorfr\" \/>\n<meta name=\"twitter:card\" content=\"summary_large_image\" \/>\n<meta name=\"twitter:label1\" content=\"\u00c9crit par\" \/>\n\t<meta name=\"twitter:data1\" content=\"cfeditorfr\" \/>\n\t<meta name=\"twitter:label2\" content=\"Dur\u00e9e de lecture estim\u00e9e\" \/>\n\t<meta name=\"twitter:data2\" content=\"4 minutes\" \/>\n<script type=\"application\/ld+json\" class=\"yoast-schema-graph\">{\"@context\":\"https:\/\/schema.org\",\"@graph\":[{\"@type\":\"Article\",\"@id\":\"https:\/\/www.africa-press.net\/burundi\/politique\/climat-que-retenir-de-la-declaration-de-nairobi#article\",\"isPartOf\":{\"@id\":\"https:\/\/www.africa-press.net\/burundi\/politique\/climat-que-retenir-de-la-declaration-de-nairobi\"},\"author\":{\"name\":\"cfeditorfr\",\"@id\":\"https:\/\/www.africa-press.net\/burundi\/#\/schema\/person\/2b1cf3cd81a31e3cd26889ca66d677f1\"},\"headline\":\"Climat : que retenir de la d\u00e9claration de Nairobi ?\",\"datePublished\":\"2023-09-20T20:10:00+00:00\",\"mainEntityOfPage\":{\"@id\":\"https:\/\/www.africa-press.net\/burundi\/politique\/climat-que-retenir-de-la-declaration-de-nairobi\"},\"wordCount\":887,\"commentCount\":0,\"image\":{\"@id\":\"https:\/\/www.africa-press.net\/burundi\/politique\/climat-que-retenir-de-la-declaration-de-nairobi#primaryimage\"},\"thumbnailUrl\":\"https:\/\/static.africa-press.net\/burundi\/sites\/47\/2023\/09\/Jokar1695228007.236581.jpg\",\"keywords\":[\"Africa Press\",\"Africa Press-Burundi\",\"Burundi\"],\"articleSection\":[\"Communaut\u00e9\",\"Toutes les actualit\u00e9s\"],\"inLanguage\":\"fr-FR\",\"potentialAction\":[{\"@type\":\"CommentAction\",\"name\":\"Comment\",\"target\":[\"https:\/\/www.africa-press.net\/burundi\/politique\/climat-que-retenir-de-la-declaration-de-nairobi#respond\"]}]},{\"@type\":\"WebPage\",\"@id\":\"https:\/\/www.africa-press.net\/burundi\/politique\/climat-que-retenir-de-la-declaration-de-nairobi\",\"url\":\"https:\/\/www.africa-press.net\/burundi\/politique\/climat-que-retenir-de-la-declaration-de-nairobi\",\"name\":\"Climat : que retenir de la d\u00e9claration de Nairobi ? - Burundi\",\"isPartOf\":{\"@id\":\"https:\/\/www.africa-press.net\/burundi\/#website\"},\"primaryImageOfPage\":{\"@id\":\"https:\/\/www.africa-press.net\/burundi\/politique\/climat-que-retenir-de-la-declaration-de-nairobi#primaryimage\"},\"image\":{\"@id\":\"https:\/\/www.africa-press.net\/burundi\/politique\/climat-que-retenir-de-la-declaration-de-nairobi#primaryimage\"},\"thumbnailUrl\":\"https:\/\/static.africa-press.net\/burundi\/sites\/47\/2023\/09\/Jokar1695228007.236581.jpg\",\"datePublished\":\"2023-09-20T20:10:00+00:00\",\"author\":{\"@id\":\"https:\/\/www.africa-press.net\/burundi\/#\/schema\/person\/2b1cf3cd81a31e3cd26889ca66d677f1\"},\"breadcrumb\":{\"@id\":\"https:\/\/www.africa-press.net\/burundi\/politique\/climat-que-retenir-de-la-declaration-de-nairobi#breadcrumb\"},\"inLanguage\":\"fr-FR\",\"potentialAction\":[{\"@type\":\"ReadAction\",\"target\":[\"https:\/\/www.africa-press.net\/burundi\/politique\/climat-que-retenir-de-la-declaration-de-nairobi\"]}]},{\"@type\":\"ImageObject\",\"inLanguage\":\"fr-FR\",\"@id\":\"https:\/\/www.africa-press.net\/burundi\/politique\/climat-que-retenir-de-la-declaration-de-nairobi#primaryimage\",\"url\":\"https:\/\/static.africa-press.net\/burundi\/sites\/47\/2023\/09\/Jokar1695228007.236581.jpg\",\"contentUrl\":\"https:\/\/static.africa-press.net\/burundi\/sites\/47\/2023\/09\/Jokar1695228007.236581.jpg\",\"width\":768,\"height\":576,\"caption\":\"Climat : que retenir de la d\u00e9claration de Nairobi ?\"},{\"@type\":\"BreadcrumbList\",\"@id\":\"https:\/\/www.africa-press.net\/burundi\/politique\/climat-que-retenir-de-la-declaration-de-nairobi#breadcrumb\",\"itemListElement\":[{\"@type\":\"ListItem\",\"position\":1,\"name\":\"Accueil\",\"item\":\"https:\/\/www.africa-press.net\/burundi\/\"},{\"@type\":\"ListItem\",\"position\":2,\"name\":\"Climat : que retenir de la d\u00e9claration de Nairobi ?\"}]},{\"@type\":\"WebSite\",\"@id\":\"https:\/\/www.africa-press.net\/burundi\/#website\",\"url\":\"https:\/\/www.africa-press.net\/burundi\/\",\"name\":\"Burundi\",\"description\":\"Just another Africa News Agency Sites site\",\"potentialAction\":[{\"@type\":\"SearchAction\",\"target\":{\"@type\":\"EntryPoint\",\"urlTemplate\":\"https:\/\/www.africa-press.net\/burundi\/?s={search_term_string}\"},\"query-input\":{\"@type\":\"PropertyValueSpecification\",\"valueRequired\":true,\"valueName\":\"search_term_string\"}}],\"inLanguage\":\"fr-FR\"},{\"@type\":\"Person\",\"@id\":\"https:\/\/www.africa-press.net\/burundi\/#\/schema\/person\/2b1cf3cd81a31e3cd26889ca66d677f1\",\"name\":\"cfeditorfr\"}]}<\/script>\n<!-- \/ Yoast SEO Premium plugin. -->","yoast_head_json":{"title":"Climat : que retenir de la d\u00e9claration de Nairobi ? - Burundi","robots":{"index":"index","follow":"follow","max-snippet":"max-snippet:-1","max-image-preview":"max-image-preview:large","max-video-preview":"max-video-preview:-1"},"canonical":"https:\/\/www.africa-press.net\/burundi\/politique\/climat-que-retenir-de-la-declaration-de-nairobi","og_locale":"fr_FR","og_type":"article","og_title":"Climat : que retenir de la d\u00e9claration de Nairobi ?","og_description":"Africa-Press &#8211; Burundi. Du 4 au 6 septembre 2023, Nairobi, la capitale kenyane a accueilli le premier sommet africain sur le climat (AEC). Etaient pre\u0301sents les chefs d\u2019Etat et de gouvernements africains ainsi que d\u2019autres dirigeants mondiaux de haut niveau. Ce sommet s\u2019est clo\u0302ture\u0301 par l\u2019adoption de la De\u0301claration de Nairobi, destine\u0301e a\u0300 concre\u0301tiser le [&hellip;]","og_url":"https:\/\/www.africa-press.net\/burundi\/politique\/climat-que-retenir-de-la-declaration-de-nairobi","og_site_name":"Burundi","article_published_time":"2023-09-20T20:10:00+00:00","author":"cfeditorfr","twitter_card":"summary_large_image","twitter_misc":{"\u00c9crit par":"cfeditorfr","Dur\u00e9e de lecture estim\u00e9e":"4 minutes"},"schema":{"@context":"https:\/\/schema.org","@graph":[{"@type":"Article","@id":"https:\/\/www.africa-press.net\/burundi\/politique\/climat-que-retenir-de-la-declaration-de-nairobi#article","isPartOf":{"@id":"https:\/\/www.africa-press.net\/burundi\/politique\/climat-que-retenir-de-la-declaration-de-nairobi"},"author":{"name":"cfeditorfr","@id":"https:\/\/www.africa-press.net\/burundi\/#\/schema\/person\/2b1cf3cd81a31e3cd26889ca66d677f1"},"headline":"Climat : que retenir de la d\u00e9claration de Nairobi ?","datePublished":"2023-09-20T20:10:00+00:00","mainEntityOfPage":{"@id":"https:\/\/www.africa-press.net\/burundi\/politique\/climat-que-retenir-de-la-declaration-de-nairobi"},"wordCount":887,"commentCount":0,"image":{"@id":"https:\/\/www.africa-press.net\/burundi\/politique\/climat-que-retenir-de-la-declaration-de-nairobi#primaryimage"},"thumbnailUrl":"https:\/\/static.africa-press.net\/burundi\/sites\/47\/2023\/09\/Jokar1695228007.236581.jpg","keywords":["Africa Press","Africa Press-Burundi","Burundi"],"articleSection":["Communaut\u00e9","Toutes les actualit\u00e9s"],"inLanguage":"fr-FR","potentialAction":[{"@type":"CommentAction","name":"Comment","target":["https:\/\/www.africa-press.net\/burundi\/politique\/climat-que-retenir-de-la-declaration-de-nairobi#respond"]}]},{"@type":"WebPage","@id":"https:\/\/www.africa-press.net\/burundi\/politique\/climat-que-retenir-de-la-declaration-de-nairobi","url":"https:\/\/www.africa-press.net\/burundi\/politique\/climat-que-retenir-de-la-declaration-de-nairobi","name":"Climat : que retenir de la d\u00e9claration de Nairobi ? - Burundi","isPartOf":{"@id":"https:\/\/www.africa-press.net\/burundi\/#website"},"primaryImageOfPage":{"@id":"https:\/\/www.africa-press.net\/burundi\/politique\/climat-que-retenir-de-la-declaration-de-nairobi#primaryimage"},"image":{"@id":"https:\/\/www.africa-press.net\/burundi\/politique\/climat-que-retenir-de-la-declaration-de-nairobi#primaryimage"},"thumbnailUrl":"https:\/\/static.africa-press.net\/burundi\/sites\/47\/2023\/09\/Jokar1695228007.236581.jpg","datePublished":"2023-09-20T20:10:00+00:00","author":{"@id":"https:\/\/www.africa-press.net\/burundi\/#\/schema\/person\/2b1cf3cd81a31e3cd26889ca66d677f1"},"breadcrumb":{"@id":"https:\/\/www.africa-press.net\/burundi\/politique\/climat-que-retenir-de-la-declaration-de-nairobi#breadcrumb"},"inLanguage":"fr-FR","potentialAction":[{"@type":"ReadAction","target":["https:\/\/www.africa-press.net\/burundi\/politique\/climat-que-retenir-de-la-declaration-de-nairobi"]}]},{"@type":"ImageObject","inLanguage":"fr-FR","@id":"https:\/\/www.africa-press.net\/burundi\/politique\/climat-que-retenir-de-la-declaration-de-nairobi#primaryimage","url":"https:\/\/static.africa-press.net\/burundi\/sites\/47\/2023\/09\/Jokar1695228007.236581.jpg","contentUrl":"https:\/\/static.africa-press.net\/burundi\/sites\/47\/2023\/09\/Jokar1695228007.236581.jpg","width":768,"height":576,"caption":"Climat : que retenir de la d\u00e9claration de Nairobi ?"},{"@type":"BreadcrumbList","@id":"https:\/\/www.africa-press.net\/burundi\/politique\/climat-que-retenir-de-la-declaration-de-nairobi#breadcrumb","itemListElement":[{"@type":"ListItem","position":1,"name":"Accueil","item":"https:\/\/www.africa-press.net\/burundi\/"},{"@type":"ListItem","position":2,"name":"Climat : que retenir de la d\u00e9claration de Nairobi ?"}]},{"@type":"WebSite","@id":"https:\/\/www.africa-press.net\/burundi\/#website","url":"https:\/\/www.africa-press.net\/burundi\/","name":"Burundi","description":"Just another Africa News Agency Sites site","potentialAction":[{"@type":"SearchAction","target":{"@type":"EntryPoint","urlTemplate":"https:\/\/www.africa-press.net\/burundi\/?s={search_term_string}"},"query-input":{"@type":"PropertyValueSpecification","valueRequired":true,"valueName":"search_term_string"}}],"inLanguage":"fr-FR"},{"@type":"Person","@id":"https:\/\/www.africa-press.net\/burundi\/#\/schema\/person\/2b1cf3cd81a31e3cd26889ca66d677f1","name":"cfeditorfr"}]}},"_links":{"self":[{"href":"https:\/\/www.africa-press.net\/burundi\/wp-json\/wp\/v2\/posts\/11766","targetHints":{"allow":["GET"]}}],"collection":[{"href":"https:\/\/www.africa-press.net\/burundi\/wp-json\/wp\/v2\/posts"}],"about":[{"href":"https:\/\/www.africa-press.net\/burundi\/wp-json\/wp\/v2\/types\/post"}],"author":[{"embeddable":true,"href":"https:\/\/www.africa-press.net\/burundi\/wp-json\/wp\/v2\/users\/82"}],"replies":[{"embeddable":true,"href":"https:\/\/www.africa-press.net\/burundi\/wp-json\/wp\/v2\/comments?post=11766"}],"version-history":[{"count":0,"href":"https:\/\/www.africa-press.net\/burundi\/wp-json\/wp\/v2\/posts\/11766\/revisions"}],"wp:featuredmedia":[{"embeddable":true,"href":"https:\/\/www.africa-press.net\/burundi\/wp-json\/wp\/v2\/media\/11765"}],"wp:attachment":[{"href":"https:\/\/www.africa-press.net\/burundi\/wp-json\/wp\/v2\/media?parent=11766"}],"wp:term":[{"taxonomy":"category","embeddable":true,"href":"https:\/\/www.africa-press.net\/burundi\/wp-json\/wp\/v2\/categories?post=11766"},{"taxonomy":"post_tag","embeddable":true,"href":"https:\/\/www.africa-press.net\/burundi\/wp-json\/wp\/v2\/tags?post=11766"}],"curies":[{"name":"wp","href":"https:\/\/api.w.org\/{rel}","templated":true}]}}