{"id":17897,"date":"2024-12-07T22:53:46","date_gmt":"2024-12-07T22:53:46","guid":{"rendered":"https:\/\/www.africa-press.net\/burundi\/politique\/elections-2025-2027-citoyens-aux-urnes"},"modified":"2024-12-09T23:34:28","modified_gmt":"2024-12-09T23:34:28","slug":"elections-2025-2027-citoyens-aux-urnes","status":"publish","type":"post","link":"https:\/\/www.africa-press.net\/burundi\/politique\/elections-2025-2027-citoyens-aux-urnes","title":{"rendered":"\u00c9lections 2025-2027 : Citoyens aux Urnes !"},"content":{"rendered":"<p><span style=\"color: #ff6600\"><strong>Africa-Press &#8211; Burundi. <\/strong><\/span>C\u2019est parti. C\u2019est ce samedi 7 de\u0301cembre que le chef de l\u2019Etat a signe\u0301 le De\u0301cret no 100\/187 portant convocation des e\u0301lecteurs aux e\u0301lections des de\u0301putes, des conseillers communaux, des se\u0301nateurs, des conseillers de collines ou de quartiers et des chefs de collines ou de quartiers.<\/p>\n<p>Au moment ou\u0300 le parti Sahwanya Frodebu table sur une coalition avec d\u2019autres partis ou acteurs politiques pour pouvoir \u2019\u2019 changer les choses\u2019\u2019 et par voie de conse\u0301quence \u2019\u2019de\u0301nicher le parti de l\u2019Aigle\u2019\u2019, le de\u0301cret attendu est tombe\u0301 avec des articles clairs sur les inde\u0301pendants et la formation de coalition.<\/p>\n<p>L\u2019article 2 stipule que \u00ab Les candidats aux e\u0301lections des De\u0301pute\u0301s, des Conseillers Communaux et des Se\u0301nateurs sont pre\u0301sente\u0301s par les partis politiques, les coalitions des partis politiques ou se pre\u0301sentent a\u0300 titre d\u2019inde\u0301pendant. Aucune coalition d\u2019inde\u0301pendants n\u2019est autorise\u0301e \u00bb.<\/p>\n<p>Cet article mentionne e\u0301galement que \u00ab Est conside\u0301re\u0301e comme inde\u0301pendant, le candidat qui ne se re\u0301clame d\u2019aucun parti politique depuis au moins une anne\u0301e et affirme son inde\u0301pendance par rapport aux clivages politiques habituels en proposant un projet de socie\u0301te\u0301 personnel \u00bb.<\/p>\n<p>Un autre paragraphe de cet article souligne qu\u2019un \u00ab membre d\u2019un organe dirigeant d\u2019un parti politique ne peut se porter candidat a\u0300 ces e\u0301lections au titre d\u2019un inde\u0301pendant qu\u2019apre\u0300s l\u2019expiration d\u2019un de\u0301lai de deux ans depuis son e\u0301viction ou sa de\u0301mission de son parti politique d\u2019origine \u00bb.<\/p>\n<p>L\u2019article 2 de ce de\u0301cret de convocation aux e\u0301lections fait savoir que \u00ab les Conseillers de Collines ou Quartiers ne sont pas e\u0301lus sur base de listes des partis politiques ou de coalitions de partis politiques, tous les candidats se pre\u0301sentent a\u0300 titre d\u2019inde\u0301pendant. Ils sont conside\u0301re\u0301s comme candidats inde\u0301pendants me\u0302me s\u2019ils sont membres des partis politiques \u00bb.<\/p>\n<p>D\u2019apre\u0300s ce de\u0301cret, l\u2019e\u0301lection des de\u0301pute\u0301s se tiendra le 5 juin 2025, le de\u0301po\u0302t des candidatures a\u0300 la CENI sont pre\u0301vus du 9 au 23 de\u0301cembre 2024. L\u2019article 12 fait remarquer que \u00ab les sie\u0300ges a\u0300 pourvoir par circonscription e\u0301lectorale, sous re\u0301serve des cas e\u0301ventuels de cooptation, sont re\u0301partis comme suit:<\/p>\n<p>L\u2019e\u0301lection des Conseillers Communaux se tiendra le 5 juin 2025, le de\u0301po\u0302t de leurs dossiers de candidatures aux sie\u0300ges des CEPI interviendra du 9 au 18 de\u0301cembre 2024.<\/p>\n<p>Les Conseils Communaux e\u0301lus en date du 05 juin 2025 sont appele\u0301s a\u0300 participer a\u0300 l\u2019e\u0301lection des Se\u0301nateurs le 23 juillet 2025 au chef-lieu de chaque province. Les candidats qui le souhaitent sont appele\u0301s a\u0300 de\u0301poser leurs candidatures a\u0300 la CENI du 05 au 19 mai 2025.<\/p>\n<p>L\u2019e\u0301lection des Conseils de Colline ou de Quartiers et des Chefs de Collines ou de Quartiers se tiendra le 25 aou\u0302t 2025. Les candidats sont appele\u0301s a\u0300 de\u0301poser leurs dossiers de candidature a\u0300 la CECI du 16 au 25 juin 2025.<\/p>\n<p>Signalons que le pre\u0301sident du parti Sahwanya Frodebu Patrick Nkurunziza qui ne jure que par la cre\u0301ation d\u2019une coalition, assure qu\u2019avec cette alliance, les tricheries et autre bourrage des urnes ne seront plus possibles car, selon lui, \u00ab l\u2019observation e\u0301lectorale sera renforce\u0301e et il n\u2019y aura plus de trucage de vote \u00bb.<\/p>\n<p>En misant sur le \u00ab sursaut patriotique des Burundais \u00bb, le pre\u0301sident du Frodebu se dit confiant qu\u2019apre\u0300s avoir discute\u0301 avec ceux qui feront partie de la coalition, ils ont convenu que les tricheries ne se reproduiront plus.<\/p>\n<p><strong>Pour plus d&rsquo;informations et d&rsquo;analyses sur la <span style=\"color: #ff6600\">Burundi<\/span>, suivez <span style=\"color: #ff6600\">Africa-Press<\/span><\/strong><\/p>\n","protected":false},"excerpt":{"rendered":"<p>Africa-Press &#8211; Burundi. C\u2019est parti. C\u2019est ce samedi 7 de\u0301cembre que le chef de l\u2019Etat a signe\u0301 le De\u0301cret no 100\/187 portant convocation des e\u0301lecteurs aux e\u0301lections des de\u0301putes, des conseillers communaux, des se\u0301nateurs, des conseillers de collines ou de quartiers et des chefs de collines ou de quartiers. Au moment ou\u0300 le parti Sahwanya [&hellip;]<\/p>\n","protected":false},"author":82,"featured_media":17895,"comment_status":"open","ping_status":"closed","sticky":false,"template":"","format":"standard","meta":{"footnotes":""},"categories":[2,49,20,10],"tags":[45,432],"class_list":["post-17897","post","type-post","status-publish","format-standard","has-post-thumbnail","hentry","category-politique","category-to-homepage","category-top-nouvelles","category-toutes-les-actualites","tag-burundi","tag-elections"],"yoast_head":"<!-- This site is optimized with the Yoast SEO Premium plugin v26.1 (Yoast SEO v27.0) - https:\/\/yoast.com\/product\/yoast-seo-premium-wordpress\/ -->\n<title>\u00c9lections 2025-2027 : Citoyens aux Urnes ! - Burundi<\/title>\n<meta name=\"description\" content=\"C\u2019est parti. C\u2019est ce samedi 7 de\u0301cembre que le chef de l\u2019Etat a signe\u0301 le De\u0301cret no 100\/187 portant convocation des e\u0301 ...\" \/>\n<meta name=\"robots\" content=\"index, follow, max-snippet:-1, max-image-preview:large, max-video-preview:-1\" \/>\n<link rel=\"canonical\" href=\"https:\/\/www.africa-press.net\/burundi\/politique\/elections-2025-2027-citoyens-aux-urnes\" \/>\n<meta property=\"og:locale\" content=\"fr_FR\" \/>\n<meta property=\"og:type\" content=\"article\" \/>\n<meta property=\"og:title\" content=\"\u00c9lections 2025-2027 : Citoyens aux Urnes !\" \/>\n<meta property=\"og:description\" content=\"C\u2019est parti. C\u2019est ce samedi 7 de\u0301cembre que le chef de l\u2019Etat a signe\u0301 le De\u0301cret no 100\/187 portant convocation des e\u0301 ...\" \/>\n<meta property=\"og:url\" content=\"https:\/\/www.africa-press.net\/burundi\/politique\/elections-2025-2027-citoyens-aux-urnes\" \/>\n<meta property=\"og:site_name\" content=\"Burundi\" \/>\n<meta property=\"article:published_time\" content=\"2024-12-07T22:53:46+00:00\" \/>\n<meta property=\"article:modified_time\" content=\"2024-12-09T23:34:28+00:00\" \/>\n<meta property=\"og:image\" content=\"https:\/\/static.africa-press.net\/burundi\/sites\/47\/2024\/12\/sm_1733774533.492012.jpg\" \/>\n\t<meta property=\"og:image:width\" content=\"800\" \/>\n\t<meta property=\"og:image:height\" content=\"460\" \/>\n\t<meta property=\"og:image:type\" content=\"image\/jpeg\" \/>\n<meta name=\"author\" content=\"cfeditorfr\" \/>\n<meta name=\"twitter:card\" content=\"summary_large_image\" \/>\n<meta name=\"twitter:label1\" content=\"\u00c9crit par\" \/>\n\t<meta name=\"twitter:data1\" content=\"cfeditorfr\" \/>\n\t<meta name=\"twitter:label2\" content=\"Dur\u00e9e de lecture estim\u00e9e\" \/>\n\t<meta name=\"twitter:data2\" content=\"3 minutes\" \/>\n<script type=\"application\/ld+json\" class=\"yoast-schema-graph\">{\"@context\":\"https:\/\/schema.org\",\"@graph\":[{\"@type\":\"Article\",\"@id\":\"https:\/\/www.africa-press.net\/burundi\/politique\/elections-2025-2027-citoyens-aux-urnes#article\",\"isPartOf\":{\"@id\":\"https:\/\/www.africa-press.net\/burundi\/politique\/elections-2025-2027-citoyens-aux-urnes\"},\"author\":{\"name\":\"cfeditorfr\",\"@id\":\"https:\/\/www.africa-press.net\/burundi\/#\/schema\/person\/2b1cf3cd81a31e3cd26889ca66d677f1\"},\"headline\":\"\u00c9lections 2025-2027 : Citoyens aux Urnes !\",\"datePublished\":\"2024-12-07T22:53:46+00:00\",\"dateModified\":\"2024-12-09T23:34:28+00:00\",\"mainEntityOfPage\":{\"@id\":\"https:\/\/www.africa-press.net\/burundi\/politique\/elections-2025-2027-citoyens-aux-urnes\"},\"wordCount\":629,\"commentCount\":0,\"image\":{\"@id\":\"https:\/\/www.africa-press.net\/burundi\/politique\/elections-2025-2027-citoyens-aux-urnes#primaryimage\"},\"thumbnailUrl\":\"https:\/\/static.africa-press.net\/burundi\/sites\/47\/2024\/12\/sm_1733774533.492012.jpg\",\"keywords\":[\"Burundi\",\"Elections\"],\"articleSection\":[\"Politique\",\"to-homepage\",\"Top Nouvelles\",\"Toutes les actualit\u00e9s\"],\"inLanguage\":\"fr-FR\",\"potentialAction\":[{\"@type\":\"CommentAction\",\"name\":\"Comment\",\"target\":[\"https:\/\/www.africa-press.net\/burundi\/politique\/elections-2025-2027-citoyens-aux-urnes#respond\"]}]},{\"@type\":\"WebPage\",\"@id\":\"https:\/\/www.africa-press.net\/burundi\/politique\/elections-2025-2027-citoyens-aux-urnes\",\"url\":\"https:\/\/www.africa-press.net\/burundi\/politique\/elections-2025-2027-citoyens-aux-urnes\",\"name\":\"\u00c9lections 2025-2027 : Citoyens aux Urnes ! - Burundi\",\"isPartOf\":{\"@id\":\"https:\/\/www.africa-press.net\/burundi\/#website\"},\"primaryImageOfPage\":{\"@id\":\"https:\/\/www.africa-press.net\/burundi\/politique\/elections-2025-2027-citoyens-aux-urnes#primaryimage\"},\"image\":{\"@id\":\"https:\/\/www.africa-press.net\/burundi\/politique\/elections-2025-2027-citoyens-aux-urnes#primaryimage\"},\"thumbnailUrl\":\"https:\/\/static.africa-press.net\/burundi\/sites\/47\/2024\/12\/sm_1733774533.492012.jpg\",\"datePublished\":\"2024-12-07T22:53:46+00:00\",\"dateModified\":\"2024-12-09T23:34:28+00:00\",\"author\":{\"@id\":\"https:\/\/www.africa-press.net\/burundi\/#\/schema\/person\/2b1cf3cd81a31e3cd26889ca66d677f1\"},\"description\":\"C\u2019est parti. C\u2019est ce samedi 7 de\u0301cembre que le chef de l\u2019Etat a signe\u0301 le De\u0301cret no 100\/187 portant convocation des e\u0301 ...\",\"breadcrumb\":{\"@id\":\"https:\/\/www.africa-press.net\/burundi\/politique\/elections-2025-2027-citoyens-aux-urnes#breadcrumb\"},\"inLanguage\":\"fr-FR\",\"potentialAction\":[{\"@type\":\"ReadAction\",\"target\":[\"https:\/\/www.africa-press.net\/burundi\/politique\/elections-2025-2027-citoyens-aux-urnes\"]}]},{\"@type\":\"ImageObject\",\"inLanguage\":\"fr-FR\",\"@id\":\"https:\/\/www.africa-press.net\/burundi\/politique\/elections-2025-2027-citoyens-aux-urnes#primaryimage\",\"url\":\"https:\/\/static.africa-press.net\/burundi\/sites\/47\/2024\/12\/sm_1733774533.492012.jpg\",\"contentUrl\":\"https:\/\/static.africa-press.net\/burundi\/sites\/47\/2024\/12\/sm_1733774533.492012.jpg\",\"width\":800,\"height\":460,\"caption\":\"\u00c9lections 2025-2027 : Citoyens aux Urnes !\"},{\"@type\":\"BreadcrumbList\",\"@id\":\"https:\/\/www.africa-press.net\/burundi\/politique\/elections-2025-2027-citoyens-aux-urnes#breadcrumb\",\"itemListElement\":[{\"@type\":\"ListItem\",\"position\":1,\"name\":\"Accueil\",\"item\":\"https:\/\/www.africa-press.net\/burundi\/\"},{\"@type\":\"ListItem\",\"position\":2,\"name\":\"\u00c9lections 2025-2027 : Citoyens aux Urnes !\"}]},{\"@type\":\"WebSite\",\"@id\":\"https:\/\/www.africa-press.net\/burundi\/#website\",\"url\":\"https:\/\/www.africa-press.net\/burundi\/\",\"name\":\"Burundi\",\"description\":\"Just another Africa News Agency Sites site\",\"potentialAction\":[{\"@type\":\"SearchAction\",\"target\":{\"@type\":\"EntryPoint\",\"urlTemplate\":\"https:\/\/www.africa-press.net\/burundi\/?s={search_term_string}\"},\"query-input\":{\"@type\":\"PropertyValueSpecification\",\"valueRequired\":true,\"valueName\":\"search_term_string\"}}],\"inLanguage\":\"fr-FR\"},{\"@type\":\"Person\",\"@id\":\"https:\/\/www.africa-press.net\/burundi\/#\/schema\/person\/2b1cf3cd81a31e3cd26889ca66d677f1\",\"name\":\"cfeditorfr\"}]}<\/script>\n<!-- \/ Yoast SEO Premium plugin. -->","yoast_head_json":{"title":"\u00c9lections 2025-2027 : Citoyens aux Urnes ! - Burundi","description":"C\u2019est parti. C\u2019est ce samedi 7 de\u0301cembre que le chef de l\u2019Etat a signe\u0301 le De\u0301cret no 100\/187 portant convocation des e\u0301 ...","robots":{"index":"index","follow":"follow","max-snippet":"max-snippet:-1","max-image-preview":"max-image-preview:large","max-video-preview":"max-video-preview:-1"},"canonical":"https:\/\/www.africa-press.net\/burundi\/politique\/elections-2025-2027-citoyens-aux-urnes","og_locale":"fr_FR","og_type":"article","og_title":"\u00c9lections 2025-2027 : Citoyens aux Urnes !","og_description":"C\u2019est parti. C\u2019est ce samedi 7 de\u0301cembre que le chef de l\u2019Etat a signe\u0301 le De\u0301cret no 100\/187 portant convocation des e\u0301 ...","og_url":"https:\/\/www.africa-press.net\/burundi\/politique\/elections-2025-2027-citoyens-aux-urnes","og_site_name":"Burundi","article_published_time":"2024-12-07T22:53:46+00:00","article_modified_time":"2024-12-09T23:34:28+00:00","og_image":[{"width":800,"height":460,"url":"https:\/\/static.africa-press.net\/burundi\/sites\/47\/2024\/12\/sm_1733774533.492012.jpg","type":"image\/jpeg"}],"author":"cfeditorfr","twitter_card":"summary_large_image","twitter_misc":{"\u00c9crit par":"cfeditorfr","Dur\u00e9e de lecture estim\u00e9e":"3 minutes"},"schema":{"@context":"https:\/\/schema.org","@graph":[{"@type":"Article","@id":"https:\/\/www.africa-press.net\/burundi\/politique\/elections-2025-2027-citoyens-aux-urnes#article","isPartOf":{"@id":"https:\/\/www.africa-press.net\/burundi\/politique\/elections-2025-2027-citoyens-aux-urnes"},"author":{"name":"cfeditorfr","@id":"https:\/\/www.africa-press.net\/burundi\/#\/schema\/person\/2b1cf3cd81a31e3cd26889ca66d677f1"},"headline":"\u00c9lections 2025-2027 : Citoyens aux Urnes !","datePublished":"2024-12-07T22:53:46+00:00","dateModified":"2024-12-09T23:34:28+00:00","mainEntityOfPage":{"@id":"https:\/\/www.africa-press.net\/burundi\/politique\/elections-2025-2027-citoyens-aux-urnes"},"wordCount":629,"commentCount":0,"image":{"@id":"https:\/\/www.africa-press.net\/burundi\/politique\/elections-2025-2027-citoyens-aux-urnes#primaryimage"},"thumbnailUrl":"https:\/\/static.africa-press.net\/burundi\/sites\/47\/2024\/12\/sm_1733774533.492012.jpg","keywords":["Burundi","Elections"],"articleSection":["Politique","to-homepage","Top Nouvelles","Toutes les actualit\u00e9s"],"inLanguage":"fr-FR","potentialAction":[{"@type":"CommentAction","name":"Comment","target":["https:\/\/www.africa-press.net\/burundi\/politique\/elections-2025-2027-citoyens-aux-urnes#respond"]}]},{"@type":"WebPage","@id":"https:\/\/www.africa-press.net\/burundi\/politique\/elections-2025-2027-citoyens-aux-urnes","url":"https:\/\/www.africa-press.net\/burundi\/politique\/elections-2025-2027-citoyens-aux-urnes","name":"\u00c9lections 2025-2027 : Citoyens aux Urnes ! - Burundi","isPartOf":{"@id":"https:\/\/www.africa-press.net\/burundi\/#website"},"primaryImageOfPage":{"@id":"https:\/\/www.africa-press.net\/burundi\/politique\/elections-2025-2027-citoyens-aux-urnes#primaryimage"},"image":{"@id":"https:\/\/www.africa-press.net\/burundi\/politique\/elections-2025-2027-citoyens-aux-urnes#primaryimage"},"thumbnailUrl":"https:\/\/static.africa-press.net\/burundi\/sites\/47\/2024\/12\/sm_1733774533.492012.jpg","datePublished":"2024-12-07T22:53:46+00:00","dateModified":"2024-12-09T23:34:28+00:00","author":{"@id":"https:\/\/www.africa-press.net\/burundi\/#\/schema\/person\/2b1cf3cd81a31e3cd26889ca66d677f1"},"description":"C\u2019est parti. C\u2019est ce samedi 7 de\u0301cembre que le chef de l\u2019Etat a signe\u0301 le De\u0301cret no 100\/187 portant convocation des e\u0301 ...","breadcrumb":{"@id":"https:\/\/www.africa-press.net\/burundi\/politique\/elections-2025-2027-citoyens-aux-urnes#breadcrumb"},"inLanguage":"fr-FR","potentialAction":[{"@type":"ReadAction","target":["https:\/\/www.africa-press.net\/burundi\/politique\/elections-2025-2027-citoyens-aux-urnes"]}]},{"@type":"ImageObject","inLanguage":"fr-FR","@id":"https:\/\/www.africa-press.net\/burundi\/politique\/elections-2025-2027-citoyens-aux-urnes#primaryimage","url":"https:\/\/static.africa-press.net\/burundi\/sites\/47\/2024\/12\/sm_1733774533.492012.jpg","contentUrl":"https:\/\/static.africa-press.net\/burundi\/sites\/47\/2024\/12\/sm_1733774533.492012.jpg","width":800,"height":460,"caption":"\u00c9lections 2025-2027 : Citoyens aux Urnes !"},{"@type":"BreadcrumbList","@id":"https:\/\/www.africa-press.net\/burundi\/politique\/elections-2025-2027-citoyens-aux-urnes#breadcrumb","itemListElement":[{"@type":"ListItem","position":1,"name":"Accueil","item":"https:\/\/www.africa-press.net\/burundi\/"},{"@type":"ListItem","position":2,"name":"\u00c9lections 2025-2027 : Citoyens aux Urnes !"}]},{"@type":"WebSite","@id":"https:\/\/www.africa-press.net\/burundi\/#website","url":"https:\/\/www.africa-press.net\/burundi\/","name":"Burundi","description":"Just another Africa News Agency Sites site","potentialAction":[{"@type":"SearchAction","target":{"@type":"EntryPoint","urlTemplate":"https:\/\/www.africa-press.net\/burundi\/?s={search_term_string}"},"query-input":{"@type":"PropertyValueSpecification","valueRequired":true,"valueName":"search_term_string"}}],"inLanguage":"fr-FR"},{"@type":"Person","@id":"https:\/\/www.africa-press.net\/burundi\/#\/schema\/person\/2b1cf3cd81a31e3cd26889ca66d677f1","name":"cfeditorfr"}]}},"_links":{"self":[{"href":"https:\/\/www.africa-press.net\/burundi\/wp-json\/wp\/v2\/posts\/17897","targetHints":{"allow":["GET"]}}],"collection":[{"href":"https:\/\/www.africa-press.net\/burundi\/wp-json\/wp\/v2\/posts"}],"about":[{"href":"https:\/\/www.africa-press.net\/burundi\/wp-json\/wp\/v2\/types\/post"}],"author":[{"embeddable":true,"href":"https:\/\/www.africa-press.net\/burundi\/wp-json\/wp\/v2\/users\/82"}],"replies":[{"embeddable":true,"href":"https:\/\/www.africa-press.net\/burundi\/wp-json\/wp\/v2\/comments?post=17897"}],"version-history":[{"count":0,"href":"https:\/\/www.africa-press.net\/burundi\/wp-json\/wp\/v2\/posts\/17897\/revisions"}],"wp:featuredmedia":[{"embeddable":true,"href":"https:\/\/www.africa-press.net\/burundi\/wp-json\/wp\/v2\/media\/17895"}],"wp:attachment":[{"href":"https:\/\/www.africa-press.net\/burundi\/wp-json\/wp\/v2\/media?parent=17897"}],"wp:term":[{"taxonomy":"category","embeddable":true,"href":"https:\/\/www.africa-press.net\/burundi\/wp-json\/wp\/v2\/categories?post=17897"},{"taxonomy":"post_tag","embeddable":true,"href":"https:\/\/www.africa-press.net\/burundi\/wp-json\/wp\/v2\/tags?post=17897"}],"curies":[{"name":"wp","href":"https:\/\/api.w.org\/{rel}","templated":true}]}}