{"id":20155,"date":"2025-01-30T02:05:05","date_gmt":"2025-01-30T02:05:05","guid":{"rendered":"https:\/\/www.africa-press.net\/burundi\/politique\/ndayishimiye-et-sassou-nguesso-discutent-guerre-en-rdc-et-brics"},"modified":"2025-05-05T18:39:14","modified_gmt":"2025-05-05T18:39:14","slug":"ndayishimiye-et-sassou-nguesso-discutent-guerre-en-rdc-et-brics","status":"publish","type":"post","link":"https:\/\/www.africa-press.net\/burundi\/politique\/ndayishimiye-et-sassou-nguesso-discutent-guerre-en-rdc-et-brics","title":{"rendered":"Ndayishimiye et Sassou-Nguesso Discutent Guerre en RDC et BRICS+"},"content":{"rendered":"<p><span style=\"color: #ff6600\"><strong>Africa-Press &#8211; Burundi. <\/strong><\/span>Le pre\u0301sident burundais Ndayishimiye Evariste a rencontre\u0301 Sassou-Nguesso Denis pour e\u0301voquer la coope\u0301ration bilate\u0301rale, la guerre ge\u0301opolitique en RDC et les BRICS+.<\/p>\n<p>En marge du sommet de l\u2019e\u0301nergie en Afrique, le pre\u0301sident burundais, S.E. Ndayishimiye Evariste , Ge\u0301ne\u0301ral Major, a tenu une rencontre en te\u0302te-a\u0300-te\u0302te avec son homologue congolais (Brazzaville), S.E. Sassou-Nguesso Denis. Cet entretien, qui s\u2019inscrit dans la politique e\u0301trange\u0300re proactive du Burundi, a porte\u0301 sur plusieurs sujets strate\u0301giques, notamment la coope\u0301ration bilate\u0301rale, la guerre ge\u0301opolitique en Re\u0301publique de\u0301mocratique du Congo (RDC) impliquant le Rwanda et l\u2019Occident, ainsi que les opportunite\u0301s offertes par le nouveau monde multipolaire des BRICS+.<\/p>\n<p>Le Congo Brazzaville, candidat a\u0300 l\u2019adhe\u0301sion [1] aux BRICS+, a exprime\u0301 son inte\u0301re\u0302t pour cette alliance e\u0301mergente, en ce nouveau monde multipolaire.<\/p>\n<p><b>Re\u0301fe\u0301rence:<\/b><\/p>\n<p>[1] BRICS: ce pays d\u2019Afrique exprime son intere\u0302t d\u2019inte\u0301grer l\u2019alliance \u2013<\/p>\n<blockquote class=\"wp-embedded-content\" data-secret=\"rqaBqgmO5w\"><p><a href=\"https:\/\/lanouvelletribune.info\/2024\/06\/brics-ce-pays-dafrique-exprime-son-interet-dintegrer-lalliance\/\">BRICS: ce pays d&rsquo;Afrique exprime son inter\u00eat d&rsquo;int\u00e9grer l&rsquo;alliance<\/a><\/p><\/blockquote>\n<p><iframe loading=\"lazy\" class=\"wp-embedded-content\" sandbox=\"allow-scripts\" security=\"restricted\" style=\"position: absolute; visibility: hidden;\" title=\"\u00ab\u00a0BRICS: ce pays d&#039;Afrique exprime son inter\u00eat d&#039;int\u00e9grer l&#039;alliance\u00a0\u00bb &#8212; La Nouvelle Tribune\" src=\"https:\/\/lanouvelletribune.info\/2024\/06\/brics-ce-pays-dafrique-exprime-son-interet-dintegrer-lalliance\/embed\/#?secret=fYns6mhfkm#?secret=rqaBqgmO5w\" data-secret=\"rqaBqgmO5w\" width=\"600\" height=\"338\" frameborder=\"0\" marginwidth=\"0\" marginheight=\"0\" scrolling=\"no\"><\/iframe><\/p>\n<p><strong>Pour plus d&rsquo;informations et d&rsquo;analyses sur la <span style=\"color: #ff6600\">Burundi<\/span>, suivez <span style=\"color: #ff6600\">Africa-Press<\/span><\/strong><\/p>\n","protected":false},"excerpt":{"rendered":"<p>Africa-Press &#8211; Burundi. Le pre\u0301sident burundais Ndayishimiye Evariste a rencontre\u0301 Sassou-Nguesso Denis pour e\u0301voquer la coope\u0301ration bilate\u0301rale, la guerre ge\u0301opolitique en RDC et les BRICS+. En marge du sommet de l\u2019e\u0301nergie en Afrique, le pre\u0301sident burundais, S.E. Ndayishimiye Evariste , Ge\u0301ne\u0301ral Major, a tenu une rencontre en te\u0302te-a\u0300-te\u0302te avec son homologue congolais (Brazzaville), S.E. Sassou-Nguesso [&hellip;]<\/p>\n","protected":false},"author":82,"featured_media":20154,"comment_status":"open","ping_status":"closed","sticky":false,"template":"","format":"standard","meta":{"footnotes":""},"categories":[2,20,10,9],"tags":[45],"class_list":["post-20155","post","type-post","status-publish","format-standard","has-post-thumbnail","hentry","category-politique","category-top-nouvelles","category-toutes-les-actualites","category-video","tag-burundi"],"yoast_head":"<!-- This site is optimized with the Yoast SEO Premium plugin v26.1 (Yoast SEO v27.0) - https:\/\/yoast.com\/product\/yoast-seo-premium-wordpress\/ -->\n<title>Ndayishimiye et Sassou-Nguesso Discutent Guerre en RDC et BRICS+ - Burundi<\/title>\n<meta name=\"description\" content=\"Le pre\u0301sident burundais Ndayishimiye Evariste a rencontre\u0301 Sassou-Nguesso Denis pour e\u0301voquer la coope\u0301ration bilate\u0301ral ...\" \/>\n<meta name=\"robots\" content=\"index, follow, max-snippet:-1, max-image-preview:large, max-video-preview:-1\" \/>\n<link rel=\"canonical\" href=\"https:\/\/www.africa-press.net\/burundi\/politique\/ndayishimiye-et-sassou-nguesso-discutent-guerre-en-rdc-et-brics\" \/>\n<meta property=\"og:locale\" content=\"fr_FR\" \/>\n<meta property=\"og:type\" content=\"article\" \/>\n<meta property=\"og:title\" content=\"Ndayishimiye et Sassou-Nguesso Discutent Guerre en RDC et BRICS+\" \/>\n<meta property=\"og:description\" content=\"Le pre\u0301sident burundais Ndayishimiye Evariste a rencontre\u0301 Sassou-Nguesso Denis pour e\u0301voquer la coope\u0301ration bilate\u0301ral ...\" \/>\n<meta property=\"og:url\" content=\"https:\/\/www.africa-press.net\/burundi\/politique\/ndayishimiye-et-sassou-nguesso-discutent-guerre-en-rdc-et-brics\" \/>\n<meta property=\"og:site_name\" content=\"Burundi\" \/>\n<meta property=\"article:published_time\" content=\"2025-01-30T02:05:05+00:00\" \/>\n<meta property=\"article:modified_time\" content=\"2025-05-05T18:39:14+00:00\" \/>\n<meta property=\"og:image\" content=\"https:\/\/static.africa-press.net\/burundi\/sites\/47\/2025\/02\/sm_1738451474.686356.jpg\" \/>\n\t<meta property=\"og:image:width\" content=\"1620\" \/>\n\t<meta property=\"og:image:height\" content=\"1079\" \/>\n\t<meta property=\"og:image:type\" content=\"image\/jpeg\" \/>\n<meta name=\"author\" content=\"cfeditorfr\" \/>\n<meta name=\"twitter:card\" content=\"summary_large_image\" \/>\n<meta name=\"twitter:label1\" content=\"\u00c9crit par\" \/>\n\t<meta name=\"twitter:data1\" content=\"cfeditorfr\" \/>\n\t<meta name=\"twitter:label2\" content=\"Dur\u00e9e de lecture estim\u00e9e\" \/>\n\t<meta name=\"twitter:data2\" content=\"1 minute\" \/>\n<script type=\"application\/ld+json\" class=\"yoast-schema-graph\">{\"@context\":\"https:\/\/schema.org\",\"@graph\":[{\"@type\":\"Article\",\"@id\":\"https:\/\/www.africa-press.net\/burundi\/politique\/ndayishimiye-et-sassou-nguesso-discutent-guerre-en-rdc-et-brics#article\",\"isPartOf\":{\"@id\":\"https:\/\/www.africa-press.net\/burundi\/politique\/ndayishimiye-et-sassou-nguesso-discutent-guerre-en-rdc-et-brics\"},\"author\":{\"name\":\"cfeditorfr\",\"@id\":\"https:\/\/www.africa-press.net\/burundi\/#\/schema\/person\/2b1cf3cd81a31e3cd26889ca66d677f1\"},\"headline\":\"Ndayishimiye et Sassou-Nguesso Discutent Guerre en RDC et BRICS+\",\"datePublished\":\"2025-01-30T02:05:05+00:00\",\"dateModified\":\"2025-05-05T18:39:14+00:00\",\"mainEntityOfPage\":{\"@id\":\"https:\/\/www.africa-press.net\/burundi\/politique\/ndayishimiye-et-sassou-nguesso-discutent-guerre-en-rdc-et-brics\"},\"wordCount\":196,\"commentCount\":0,\"image\":{\"@id\":\"https:\/\/www.africa-press.net\/burundi\/politique\/ndayishimiye-et-sassou-nguesso-discutent-guerre-en-rdc-et-brics#primaryimage\"},\"thumbnailUrl\":\"https:\/\/static.africa-press.net\/burundi\/sites\/47\/2025\/02\/sm_1738451474.686356.jpg\",\"keywords\":[\"Burundi\"],\"articleSection\":[\"Politique\",\"Top Nouvelles\",\"Toutes les actualit\u00e9s\",\"vid\u00e9o\"],\"inLanguage\":\"fr-FR\",\"potentialAction\":[{\"@type\":\"CommentAction\",\"name\":\"Comment\",\"target\":[\"https:\/\/www.africa-press.net\/burundi\/politique\/ndayishimiye-et-sassou-nguesso-discutent-guerre-en-rdc-et-brics#respond\"]}]},{\"@type\":\"WebPage\",\"@id\":\"https:\/\/www.africa-press.net\/burundi\/politique\/ndayishimiye-et-sassou-nguesso-discutent-guerre-en-rdc-et-brics\",\"url\":\"https:\/\/www.africa-press.net\/burundi\/politique\/ndayishimiye-et-sassou-nguesso-discutent-guerre-en-rdc-et-brics\",\"name\":\"Ndayishimiye et Sassou-Nguesso Discutent Guerre en RDC et BRICS+ - Burundi\",\"isPartOf\":{\"@id\":\"https:\/\/www.africa-press.net\/burundi\/#website\"},\"primaryImageOfPage\":{\"@id\":\"https:\/\/www.africa-press.net\/burundi\/politique\/ndayishimiye-et-sassou-nguesso-discutent-guerre-en-rdc-et-brics#primaryimage\"},\"image\":{\"@id\":\"https:\/\/www.africa-press.net\/burundi\/politique\/ndayishimiye-et-sassou-nguesso-discutent-guerre-en-rdc-et-brics#primaryimage\"},\"thumbnailUrl\":\"https:\/\/static.africa-press.net\/burundi\/sites\/47\/2025\/02\/sm_1738451474.686356.jpg\",\"datePublished\":\"2025-01-30T02:05:05+00:00\",\"dateModified\":\"2025-05-05T18:39:14+00:00\",\"author\":{\"@id\":\"https:\/\/www.africa-press.net\/burundi\/#\/schema\/person\/2b1cf3cd81a31e3cd26889ca66d677f1\"},\"description\":\"Le pre\u0301sident burundais Ndayishimiye Evariste a rencontre\u0301 Sassou-Nguesso Denis pour e\u0301voquer la coope\u0301ration bilate\u0301ral ...\",\"breadcrumb\":{\"@id\":\"https:\/\/www.africa-press.net\/burundi\/politique\/ndayishimiye-et-sassou-nguesso-discutent-guerre-en-rdc-et-brics#breadcrumb\"},\"inLanguage\":\"fr-FR\",\"potentialAction\":[{\"@type\":\"ReadAction\",\"target\":[\"https:\/\/www.africa-press.net\/burundi\/politique\/ndayishimiye-et-sassou-nguesso-discutent-guerre-en-rdc-et-brics\"]}]},{\"@type\":\"ImageObject\",\"inLanguage\":\"fr-FR\",\"@id\":\"https:\/\/www.africa-press.net\/burundi\/politique\/ndayishimiye-et-sassou-nguesso-discutent-guerre-en-rdc-et-brics#primaryimage\",\"url\":\"https:\/\/static.africa-press.net\/burundi\/sites\/47\/2025\/02\/sm_1738451474.686356.jpg\",\"contentUrl\":\"https:\/\/static.africa-press.net\/burundi\/sites\/47\/2025\/02\/sm_1738451474.686356.jpg\",\"width\":1620,\"height\":1079,\"caption\":\"Ndayishimiye et Sassou-Nguesso Discutent Guerre en RDC et BRICS+\"},{\"@type\":\"BreadcrumbList\",\"@id\":\"https:\/\/www.africa-press.net\/burundi\/politique\/ndayishimiye-et-sassou-nguesso-discutent-guerre-en-rdc-et-brics#breadcrumb\",\"itemListElement\":[{\"@type\":\"ListItem\",\"position\":1,\"name\":\"Accueil\",\"item\":\"https:\/\/www.africa-press.net\/burundi\/\"},{\"@type\":\"ListItem\",\"position\":2,\"name\":\"Ndayishimiye et Sassou-Nguesso Discutent Guerre en RDC et BRICS+\"}]},{\"@type\":\"WebSite\",\"@id\":\"https:\/\/www.africa-press.net\/burundi\/#website\",\"url\":\"https:\/\/www.africa-press.net\/burundi\/\",\"name\":\"Burundi\",\"description\":\"Just another Africa News Agency Sites site\",\"potentialAction\":[{\"@type\":\"SearchAction\",\"target\":{\"@type\":\"EntryPoint\",\"urlTemplate\":\"https:\/\/www.africa-press.net\/burundi\/?s={search_term_string}\"},\"query-input\":{\"@type\":\"PropertyValueSpecification\",\"valueRequired\":true,\"valueName\":\"search_term_string\"}}],\"inLanguage\":\"fr-FR\"},{\"@type\":\"Person\",\"@id\":\"https:\/\/www.africa-press.net\/burundi\/#\/schema\/person\/2b1cf3cd81a31e3cd26889ca66d677f1\",\"name\":\"cfeditorfr\"}]}<\/script>\n<!-- \/ Yoast SEO Premium plugin. -->","yoast_head_json":{"title":"Ndayishimiye et Sassou-Nguesso Discutent Guerre en RDC et BRICS+ - Burundi","description":"Le pre\u0301sident burundais Ndayishimiye Evariste a rencontre\u0301 Sassou-Nguesso Denis pour e\u0301voquer la coope\u0301ration bilate\u0301ral ...","robots":{"index":"index","follow":"follow","max-snippet":"max-snippet:-1","max-image-preview":"max-image-preview:large","max-video-preview":"max-video-preview:-1"},"canonical":"https:\/\/www.africa-press.net\/burundi\/politique\/ndayishimiye-et-sassou-nguesso-discutent-guerre-en-rdc-et-brics","og_locale":"fr_FR","og_type":"article","og_title":"Ndayishimiye et Sassou-Nguesso Discutent Guerre en RDC et BRICS+","og_description":"Le pre\u0301sident burundais Ndayishimiye Evariste a rencontre\u0301 Sassou-Nguesso Denis pour e\u0301voquer la coope\u0301ration bilate\u0301ral ...","og_url":"https:\/\/www.africa-press.net\/burundi\/politique\/ndayishimiye-et-sassou-nguesso-discutent-guerre-en-rdc-et-brics","og_site_name":"Burundi","article_published_time":"2025-01-30T02:05:05+00:00","article_modified_time":"2025-05-05T18:39:14+00:00","og_image":[{"width":1620,"height":1079,"url":"https:\/\/static.africa-press.net\/burundi\/sites\/47\/2025\/02\/sm_1738451474.686356.jpg","type":"image\/jpeg"}],"author":"cfeditorfr","twitter_card":"summary_large_image","twitter_misc":{"\u00c9crit par":"cfeditorfr","Dur\u00e9e de lecture estim\u00e9e":"1 minute"},"schema":{"@context":"https:\/\/schema.org","@graph":[{"@type":"Article","@id":"https:\/\/www.africa-press.net\/burundi\/politique\/ndayishimiye-et-sassou-nguesso-discutent-guerre-en-rdc-et-brics#article","isPartOf":{"@id":"https:\/\/www.africa-press.net\/burundi\/politique\/ndayishimiye-et-sassou-nguesso-discutent-guerre-en-rdc-et-brics"},"author":{"name":"cfeditorfr","@id":"https:\/\/www.africa-press.net\/burundi\/#\/schema\/person\/2b1cf3cd81a31e3cd26889ca66d677f1"},"headline":"Ndayishimiye et Sassou-Nguesso Discutent Guerre en RDC et BRICS+","datePublished":"2025-01-30T02:05:05+00:00","dateModified":"2025-05-05T18:39:14+00:00","mainEntityOfPage":{"@id":"https:\/\/www.africa-press.net\/burundi\/politique\/ndayishimiye-et-sassou-nguesso-discutent-guerre-en-rdc-et-brics"},"wordCount":196,"commentCount":0,"image":{"@id":"https:\/\/www.africa-press.net\/burundi\/politique\/ndayishimiye-et-sassou-nguesso-discutent-guerre-en-rdc-et-brics#primaryimage"},"thumbnailUrl":"https:\/\/static.africa-press.net\/burundi\/sites\/47\/2025\/02\/sm_1738451474.686356.jpg","keywords":["Burundi"],"articleSection":["Politique","Top Nouvelles","Toutes les actualit\u00e9s","vid\u00e9o"],"inLanguage":"fr-FR","potentialAction":[{"@type":"CommentAction","name":"Comment","target":["https:\/\/www.africa-press.net\/burundi\/politique\/ndayishimiye-et-sassou-nguesso-discutent-guerre-en-rdc-et-brics#respond"]}]},{"@type":"WebPage","@id":"https:\/\/www.africa-press.net\/burundi\/politique\/ndayishimiye-et-sassou-nguesso-discutent-guerre-en-rdc-et-brics","url":"https:\/\/www.africa-press.net\/burundi\/politique\/ndayishimiye-et-sassou-nguesso-discutent-guerre-en-rdc-et-brics","name":"Ndayishimiye et Sassou-Nguesso Discutent Guerre en RDC et BRICS+ - Burundi","isPartOf":{"@id":"https:\/\/www.africa-press.net\/burundi\/#website"},"primaryImageOfPage":{"@id":"https:\/\/www.africa-press.net\/burundi\/politique\/ndayishimiye-et-sassou-nguesso-discutent-guerre-en-rdc-et-brics#primaryimage"},"image":{"@id":"https:\/\/www.africa-press.net\/burundi\/politique\/ndayishimiye-et-sassou-nguesso-discutent-guerre-en-rdc-et-brics#primaryimage"},"thumbnailUrl":"https:\/\/static.africa-press.net\/burundi\/sites\/47\/2025\/02\/sm_1738451474.686356.jpg","datePublished":"2025-01-30T02:05:05+00:00","dateModified":"2025-05-05T18:39:14+00:00","author":{"@id":"https:\/\/www.africa-press.net\/burundi\/#\/schema\/person\/2b1cf3cd81a31e3cd26889ca66d677f1"},"description":"Le pre\u0301sident burundais Ndayishimiye Evariste a rencontre\u0301 Sassou-Nguesso Denis pour e\u0301voquer la coope\u0301ration bilate\u0301ral ...","breadcrumb":{"@id":"https:\/\/www.africa-press.net\/burundi\/politique\/ndayishimiye-et-sassou-nguesso-discutent-guerre-en-rdc-et-brics#breadcrumb"},"inLanguage":"fr-FR","potentialAction":[{"@type":"ReadAction","target":["https:\/\/www.africa-press.net\/burundi\/politique\/ndayishimiye-et-sassou-nguesso-discutent-guerre-en-rdc-et-brics"]}]},{"@type":"ImageObject","inLanguage":"fr-FR","@id":"https:\/\/www.africa-press.net\/burundi\/politique\/ndayishimiye-et-sassou-nguesso-discutent-guerre-en-rdc-et-brics#primaryimage","url":"https:\/\/static.africa-press.net\/burundi\/sites\/47\/2025\/02\/sm_1738451474.686356.jpg","contentUrl":"https:\/\/static.africa-press.net\/burundi\/sites\/47\/2025\/02\/sm_1738451474.686356.jpg","width":1620,"height":1079,"caption":"Ndayishimiye et Sassou-Nguesso Discutent Guerre en RDC et BRICS+"},{"@type":"BreadcrumbList","@id":"https:\/\/www.africa-press.net\/burundi\/politique\/ndayishimiye-et-sassou-nguesso-discutent-guerre-en-rdc-et-brics#breadcrumb","itemListElement":[{"@type":"ListItem","position":1,"name":"Accueil","item":"https:\/\/www.africa-press.net\/burundi\/"},{"@type":"ListItem","position":2,"name":"Ndayishimiye et Sassou-Nguesso Discutent Guerre en RDC et BRICS+"}]},{"@type":"WebSite","@id":"https:\/\/www.africa-press.net\/burundi\/#website","url":"https:\/\/www.africa-press.net\/burundi\/","name":"Burundi","description":"Just another Africa News Agency Sites site","potentialAction":[{"@type":"SearchAction","target":{"@type":"EntryPoint","urlTemplate":"https:\/\/www.africa-press.net\/burundi\/?s={search_term_string}"},"query-input":{"@type":"PropertyValueSpecification","valueRequired":true,"valueName":"search_term_string"}}],"inLanguage":"fr-FR"},{"@type":"Person","@id":"https:\/\/www.africa-press.net\/burundi\/#\/schema\/person\/2b1cf3cd81a31e3cd26889ca66d677f1","name":"cfeditorfr"}]}},"_links":{"self":[{"href":"https:\/\/www.africa-press.net\/burundi\/wp-json\/wp\/v2\/posts\/20155","targetHints":{"allow":["GET"]}}],"collection":[{"href":"https:\/\/www.africa-press.net\/burundi\/wp-json\/wp\/v2\/posts"}],"about":[{"href":"https:\/\/www.africa-press.net\/burundi\/wp-json\/wp\/v2\/types\/post"}],"author":[{"embeddable":true,"href":"https:\/\/www.africa-press.net\/burundi\/wp-json\/wp\/v2\/users\/82"}],"replies":[{"embeddable":true,"href":"https:\/\/www.africa-press.net\/burundi\/wp-json\/wp\/v2\/comments?post=20155"}],"version-history":[{"count":0,"href":"https:\/\/www.africa-press.net\/burundi\/wp-json\/wp\/v2\/posts\/20155\/revisions"}],"wp:featuredmedia":[{"embeddable":true,"href":"https:\/\/www.africa-press.net\/burundi\/wp-json\/wp\/v2\/media\/20154"}],"wp:attachment":[{"href":"https:\/\/www.africa-press.net\/burundi\/wp-json\/wp\/v2\/media?parent=20155"}],"wp:term":[{"taxonomy":"category","embeddable":true,"href":"https:\/\/www.africa-press.net\/burundi\/wp-json\/wp\/v2\/categories?post=20155"},{"taxonomy":"post_tag","embeddable":true,"href":"https:\/\/www.africa-press.net\/burundi\/wp-json\/wp\/v2\/tags?post=20155"}],"curies":[{"name":"wp","href":"https:\/\/api.w.org\/{rel}","templated":true}]}}