{"id":20171,"date":"2025-02-01T00:19:30","date_gmt":"2025-02-01T00:19:30","guid":{"rendered":"https:\/\/www.africa-press.net\/burundi\/politique\/le-president-ndayishimiye-necarte-pas-une-entree-du-rwanda-sur-le-sol-burundais"},"modified":"2025-05-05T18:40:12","modified_gmt":"2025-05-05T18:40:12","slug":"le-president-ndayishimiye-necarte-pas-une-entree-du-rwanda-sur-le-sol-burundais","status":"publish","type":"post","link":"https:\/\/www.africa-press.net\/burundi\/politique\/le-president-ndayishimiye-necarte-pas-une-entree-du-rwanda-sur-le-sol-burundais","title":{"rendered":"le Pr\u00e9sident Ndayishimiye N\u2019\u00e9carte pas une \u00ab Entr\u00e9e \u00bb du Rwanda sur le Sol Burundais"},"content":{"rendered":"<p><span style=\"color: #ff6600\"><strong>Africa-Press &#8211; Burundi. <\/strong><\/span>Dans un discours prononce\u0301 en franc\u0327ais mais pense\u0301 en kirundi, le pre\u0301sident burundais Ndayishimiye Evariste exhorte les E\u0301tats-Unis a\u0300 cesser de soutenir le Rwanda, qu\u2019il tient pour responsable du chaos dans l\u2019est de la RDC. Il s\u2019agit d\u2019une mise en garde ferme contre l\u2019inge\u0301rence occidentale dans la re\u0301gion des Grands Lacs africains, une politique qui, pourrait conduire a\u0300 l\u2019exclusion de\u0301finitive de l\u2019Occident de cette zone strate\u0301gique.<\/p>\n<p>Lors d\u2019une ce\u0301re\u0301monie au Palais pre\u0301sidentiel de Kiriri, entoure\u0301 du Corps Diplomatique et Consulaire, le pre\u0301sident burundais S.E. Ndayishimiye Evariste, Ge\u0301ne\u0301ral Major, a lance\u0301 un avertissement ferme aux E\u0301tats-Unis et a\u0300 leurs allie\u0301s occidentaux. Dans un discours prononce\u0301 en franc\u0327ais mais pense\u0301 en Kirundi ( langue du Burundi ), le chef de l\u2019E\u0301tat a de\u0301nonce\u0301 le ro\u0302le du Rwanda, soutenu par les E\u0301tats-Unis, dans la de\u0301stabilisation de l\u2019est de la Re\u0301publique de\u0301mocratique du Congo (RDC), notamment dans la re\u0301gion du Kivu.<\/p>\n<p>Il s\u2019agit d\u2019une accusation envers les de\u0301mocrates ame\u0301ricains, en fin de mandat, pour avoir intensifie\u0301 leur soutien militaire au Rwanda, allant jusqu\u2019a\u0300 lui accorder un acce\u0300s a\u0300 des technologies satellitaires pour de\u0301jouer les strate\u0301gies militaires adverses. En ce mois de janvier 2025, cette politique a permis au Rwanda de semer le chaos a\u0300 Goma (RDC), provoquant des milliers de de\u0301placements et de nombreux morts.<\/p>\n<p>Ces actions de l\u2019Occident, via le Rwanda, risquent de rendre les E\u0301tats-Unis et leurs allie\u0301s inde\u0301sirables dans la re\u0301gion des Grands Lacs pour de longues anne\u0301es. Il s\u2019agit d\u2019une situation comparable a\u0300 celle observe\u0301e en Afrique de l\u2019Ouest, ou\u0300 l\u2019influence occidentale est de plus en plus conteste\u0301e.<\/p>\n<p>Le Burundi, Ingoma y\u2019Uburundi, un E\u0301tat mille\u0301naire au c\u0153ur de l\u2019Afrique [1] et anciennement partie inte\u0301grante de l\u2019Empire Mwene Mwezi (qui englobait l\u2019Afrique de l\u2019Est actuelle), \u0153uvre pour promouvoir la stabilite\u0301 re\u0301gionale. Le pre\u0301sident burundais exhorte les E\u0301tats-Unis et leurs allie\u0301s a\u0300 \u00ab retrouver la raison \u00bb, sous peine d\u2019e\u0302tre de\u0301finitivement exclus des a\u0302mes ( ou des dynamiques politiques et e\u0301conomiques) de cette re\u0301gion ge\u0301ostrate\u0301gique.<\/p>\n<p>Ce discours intervient dans un contexte ge\u0301opolitique tendu, marque\u0301 par l\u2019e\u0301mergence d\u2019un monde multipolaire et la monte\u0301e des critiques contre l\u2019inge\u0301rence occidentale en Afrique.<\/p>\n<p>Voici ce discours de S.E. Ndayishimiye Evariste dit en franc\u0327ais mais pense\u0301 en Kirundi:<\/p>\n<p><iframe loading=\"lazy\" title=\"Le Chef de l&#039;Etat du Burundi partage un plan de paix  pour l&#039;Est de la RDC et la R\u00e9gion en egeneral.\" width=\"696\" height=\"392\" src=\"https:\/\/www.youtube.com\/embed\/__SQKMhCcsE?feature=oembed\" frameborder=\"0\" allow=\"accelerometer; autoplay; clipboard-write; encrypted-media; gyroscope; picture-in-picture; web-share\" referrerpolicy=\"strict-origin-when-cross-origin\" allowfullscreen><\/iframe><\/p>\n<p><strong>Pour plus d&rsquo;informations et d&rsquo;analyses sur la <span style=\"color: #ff6600\">Burundi<\/span>, suivez <span style=\"color: #ff6600\">Africa-Press<\/span><\/strong><\/p>\n","protected":false},"excerpt":{"rendered":"<p>Africa-Press &#8211; Burundi. Dans un discours prononce\u0301 en franc\u0327ais mais pense\u0301 en kirundi, le pre\u0301sident burundais Ndayishimiye Evariste exhorte les E\u0301tats-Unis a\u0300 cesser de soutenir le Rwanda, qu\u2019il tient pour responsable du chaos dans l\u2019est de la RDC. Il s\u2019agit d\u2019une mise en garde ferme contre l\u2019inge\u0301rence occidentale dans la re\u0301gion des Grands Lacs africains, [&hellip;]<\/p>\n","protected":false},"author":82,"featured_media":20170,"comment_status":"open","ping_status":"closed","sticky":false,"template":"","format":"standard","meta":{"footnotes":""},"categories":[2,20,10,9],"tags":[45],"class_list":["post-20171","post","type-post","status-publish","format-standard","has-post-thumbnail","hentry","category-politique","category-top-nouvelles","category-toutes-les-actualites","category-video","tag-burundi"],"yoast_head":"<!-- This site is optimized with the Yoast SEO Premium plugin v26.1 (Yoast SEO v27.0) - https:\/\/yoast.com\/product\/yoast-seo-premium-wordpress\/ -->\n<title>le Pr\u00e9sident Ndayishimiye N\u2019\u00e9carte pas une \u00ab Entr\u00e9e \u00bb du Rwanda sur le Sol Burundais - Burundi<\/title>\n<meta name=\"description\" content=\"Dans un discours prononce\u0301 en franc\u0327ais mais pense\u0301 en kirundi, le pre\u0301sident burundais Ndayishimiye Evariste exhorte le ...\" \/>\n<meta name=\"robots\" content=\"index, follow, max-snippet:-1, max-image-preview:large, max-video-preview:-1\" \/>\n<link rel=\"canonical\" href=\"https:\/\/www.africa-press.net\/burundi\/politique\/le-president-ndayishimiye-necarte-pas-une-entree-du-rwanda-sur-le-sol-burundais\" \/>\n<meta property=\"og:locale\" content=\"fr_FR\" \/>\n<meta property=\"og:type\" content=\"article\" \/>\n<meta property=\"og:title\" content=\"le Pr\u00e9sident Ndayishimiye N\u2019\u00e9carte pas une \u00ab Entr\u00e9e \u00bb du Rwanda sur le Sol Burundais\" \/>\n<meta property=\"og:description\" content=\"Dans un discours prononce\u0301 en franc\u0327ais mais pense\u0301 en kirundi, le pre\u0301sident burundais Ndayishimiye Evariste exhorte le ...\" \/>\n<meta property=\"og:url\" content=\"https:\/\/www.africa-press.net\/burundi\/politique\/le-president-ndayishimiye-necarte-pas-une-entree-du-rwanda-sur-le-sol-burundais\" \/>\n<meta property=\"og:site_name\" content=\"Burundi\" \/>\n<meta property=\"article:published_time\" content=\"2025-02-01T00:19:30+00:00\" \/>\n<meta property=\"article:modified_time\" content=\"2025-05-05T18:40:12+00:00\" \/>\n<meta property=\"og:image\" content=\"https:\/\/static.africa-press.net\/burundi\/sites\/47\/2025\/02\/sm_1738451591.505398.jpg\" \/>\n\t<meta property=\"og:image:width\" content=\"795\" \/>\n\t<meta property=\"og:image:height\" content=\"385\" \/>\n\t<meta property=\"og:image:type\" content=\"image\/jpeg\" \/>\n<meta name=\"author\" content=\"cfeditorfr\" \/>\n<meta name=\"twitter:card\" content=\"summary_large_image\" \/>\n<meta name=\"twitter:label1\" content=\"\u00c9crit par\" \/>\n\t<meta name=\"twitter:data1\" content=\"cfeditorfr\" \/>\n\t<meta name=\"twitter:label2\" content=\"Dur\u00e9e de lecture estim\u00e9e\" \/>\n\t<meta name=\"twitter:data2\" content=\"3 minutes\" \/>\n<script type=\"application\/ld+json\" class=\"yoast-schema-graph\">{\"@context\":\"https:\/\/schema.org\",\"@graph\":[{\"@type\":\"Article\",\"@id\":\"https:\/\/www.africa-press.net\/burundi\/politique\/le-president-ndayishimiye-necarte-pas-une-entree-du-rwanda-sur-le-sol-burundais#article\",\"isPartOf\":{\"@id\":\"https:\/\/www.africa-press.net\/burundi\/politique\/le-president-ndayishimiye-necarte-pas-une-entree-du-rwanda-sur-le-sol-burundais\"},\"author\":{\"name\":\"cfeditorfr\",\"@id\":\"https:\/\/www.africa-press.net\/burundi\/#\/schema\/person\/2b1cf3cd81a31e3cd26889ca66d677f1\"},\"headline\":\"le Pr\u00e9sident Ndayishimiye N\u2019\u00e9carte pas une \u00ab Entr\u00e9e \u00bb du Rwanda sur le Sol Burundais\",\"datePublished\":\"2025-02-01T00:19:30+00:00\",\"dateModified\":\"2025-05-05T18:40:12+00:00\",\"mainEntityOfPage\":{\"@id\":\"https:\/\/www.africa-press.net\/burundi\/politique\/le-president-ndayishimiye-necarte-pas-une-entree-du-rwanda-sur-le-sol-burundais\"},\"wordCount\":478,\"commentCount\":0,\"image\":{\"@id\":\"https:\/\/www.africa-press.net\/burundi\/politique\/le-president-ndayishimiye-necarte-pas-une-entree-du-rwanda-sur-le-sol-burundais#primaryimage\"},\"thumbnailUrl\":\"https:\/\/static.africa-press.net\/burundi\/sites\/47\/2025\/02\/sm_1738451591.505398.jpg\",\"keywords\":[\"Burundi\"],\"articleSection\":[\"Politique\",\"Top Nouvelles\",\"Toutes les actualit\u00e9s\",\"vid\u00e9o\"],\"inLanguage\":\"fr-FR\",\"potentialAction\":[{\"@type\":\"CommentAction\",\"name\":\"Comment\",\"target\":[\"https:\/\/www.africa-press.net\/burundi\/politique\/le-president-ndayishimiye-necarte-pas-une-entree-du-rwanda-sur-le-sol-burundais#respond\"]}]},{\"@type\":\"WebPage\",\"@id\":\"https:\/\/www.africa-press.net\/burundi\/politique\/le-president-ndayishimiye-necarte-pas-une-entree-du-rwanda-sur-le-sol-burundais\",\"url\":\"https:\/\/www.africa-press.net\/burundi\/politique\/le-president-ndayishimiye-necarte-pas-une-entree-du-rwanda-sur-le-sol-burundais\",\"name\":\"le Pr\u00e9sident Ndayishimiye N\u2019\u00e9carte pas une \u00ab Entr\u00e9e \u00bb du Rwanda sur le Sol Burundais - Burundi\",\"isPartOf\":{\"@id\":\"https:\/\/www.africa-press.net\/burundi\/#website\"},\"primaryImageOfPage\":{\"@id\":\"https:\/\/www.africa-press.net\/burundi\/politique\/le-president-ndayishimiye-necarte-pas-une-entree-du-rwanda-sur-le-sol-burundais#primaryimage\"},\"image\":{\"@id\":\"https:\/\/www.africa-press.net\/burundi\/politique\/le-president-ndayishimiye-necarte-pas-une-entree-du-rwanda-sur-le-sol-burundais#primaryimage\"},\"thumbnailUrl\":\"https:\/\/static.africa-press.net\/burundi\/sites\/47\/2025\/02\/sm_1738451591.505398.jpg\",\"datePublished\":\"2025-02-01T00:19:30+00:00\",\"dateModified\":\"2025-05-05T18:40:12+00:00\",\"author\":{\"@id\":\"https:\/\/www.africa-press.net\/burundi\/#\/schema\/person\/2b1cf3cd81a31e3cd26889ca66d677f1\"},\"description\":\"Dans un discours prononce\u0301 en franc\u0327ais mais pense\u0301 en kirundi, le pre\u0301sident burundais Ndayishimiye Evariste exhorte le ...\",\"breadcrumb\":{\"@id\":\"https:\/\/www.africa-press.net\/burundi\/politique\/le-president-ndayishimiye-necarte-pas-une-entree-du-rwanda-sur-le-sol-burundais#breadcrumb\"},\"inLanguage\":\"fr-FR\",\"potentialAction\":[{\"@type\":\"ReadAction\",\"target\":[\"https:\/\/www.africa-press.net\/burundi\/politique\/le-president-ndayishimiye-necarte-pas-une-entree-du-rwanda-sur-le-sol-burundais\"]}]},{\"@type\":\"ImageObject\",\"inLanguage\":\"fr-FR\",\"@id\":\"https:\/\/www.africa-press.net\/burundi\/politique\/le-president-ndayishimiye-necarte-pas-une-entree-du-rwanda-sur-le-sol-burundais#primaryimage\",\"url\":\"https:\/\/static.africa-press.net\/burundi\/sites\/47\/2025\/02\/sm_1738451591.505398.jpg\",\"contentUrl\":\"https:\/\/static.africa-press.net\/burundi\/sites\/47\/2025\/02\/sm_1738451591.505398.jpg\",\"width\":795,\"height\":385,\"caption\":\"le Pr\u00e9sident Ndayishimiye N\u2019\u00e9carte pas une \u00ab Entr\u00e9e \u00bb du Rwanda sur le Sol Burundais\"},{\"@type\":\"BreadcrumbList\",\"@id\":\"https:\/\/www.africa-press.net\/burundi\/politique\/le-president-ndayishimiye-necarte-pas-une-entree-du-rwanda-sur-le-sol-burundais#breadcrumb\",\"itemListElement\":[{\"@type\":\"ListItem\",\"position\":1,\"name\":\"Accueil\",\"item\":\"https:\/\/www.africa-press.net\/burundi\/\"},{\"@type\":\"ListItem\",\"position\":2,\"name\":\"le Pr\u00e9sident Ndayishimiye N\u2019\u00e9carte pas une \u00ab Entr\u00e9e \u00bb du Rwanda sur le Sol Burundais\"}]},{\"@type\":\"WebSite\",\"@id\":\"https:\/\/www.africa-press.net\/burundi\/#website\",\"url\":\"https:\/\/www.africa-press.net\/burundi\/\",\"name\":\"Burundi\",\"description\":\"Just another Africa News Agency Sites site\",\"potentialAction\":[{\"@type\":\"SearchAction\",\"target\":{\"@type\":\"EntryPoint\",\"urlTemplate\":\"https:\/\/www.africa-press.net\/burundi\/?s={search_term_string}\"},\"query-input\":{\"@type\":\"PropertyValueSpecification\",\"valueRequired\":true,\"valueName\":\"search_term_string\"}}],\"inLanguage\":\"fr-FR\"},{\"@type\":\"Person\",\"@id\":\"https:\/\/www.africa-press.net\/burundi\/#\/schema\/person\/2b1cf3cd81a31e3cd26889ca66d677f1\",\"name\":\"cfeditorfr\"}]}<\/script>\n<!-- \/ Yoast SEO Premium plugin. -->","yoast_head_json":{"title":"le Pr\u00e9sident Ndayishimiye N\u2019\u00e9carte pas une \u00ab Entr\u00e9e \u00bb du Rwanda sur le Sol Burundais - Burundi","description":"Dans un discours prononce\u0301 en franc\u0327ais mais pense\u0301 en kirundi, le pre\u0301sident burundais Ndayishimiye Evariste exhorte le ...","robots":{"index":"index","follow":"follow","max-snippet":"max-snippet:-1","max-image-preview":"max-image-preview:large","max-video-preview":"max-video-preview:-1"},"canonical":"https:\/\/www.africa-press.net\/burundi\/politique\/le-president-ndayishimiye-necarte-pas-une-entree-du-rwanda-sur-le-sol-burundais","og_locale":"fr_FR","og_type":"article","og_title":"le Pr\u00e9sident Ndayishimiye N\u2019\u00e9carte pas une \u00ab Entr\u00e9e \u00bb du Rwanda sur le Sol Burundais","og_description":"Dans un discours prononce\u0301 en franc\u0327ais mais pense\u0301 en kirundi, le pre\u0301sident burundais Ndayishimiye Evariste exhorte le ...","og_url":"https:\/\/www.africa-press.net\/burundi\/politique\/le-president-ndayishimiye-necarte-pas-une-entree-du-rwanda-sur-le-sol-burundais","og_site_name":"Burundi","article_published_time":"2025-02-01T00:19:30+00:00","article_modified_time":"2025-05-05T18:40:12+00:00","og_image":[{"width":795,"height":385,"url":"https:\/\/static.africa-press.net\/burundi\/sites\/47\/2025\/02\/sm_1738451591.505398.jpg","type":"image\/jpeg"}],"author":"cfeditorfr","twitter_card":"summary_large_image","twitter_misc":{"\u00c9crit par":"cfeditorfr","Dur\u00e9e de lecture estim\u00e9e":"3 minutes"},"schema":{"@context":"https:\/\/schema.org","@graph":[{"@type":"Article","@id":"https:\/\/www.africa-press.net\/burundi\/politique\/le-president-ndayishimiye-necarte-pas-une-entree-du-rwanda-sur-le-sol-burundais#article","isPartOf":{"@id":"https:\/\/www.africa-press.net\/burundi\/politique\/le-president-ndayishimiye-necarte-pas-une-entree-du-rwanda-sur-le-sol-burundais"},"author":{"name":"cfeditorfr","@id":"https:\/\/www.africa-press.net\/burundi\/#\/schema\/person\/2b1cf3cd81a31e3cd26889ca66d677f1"},"headline":"le Pr\u00e9sident Ndayishimiye N\u2019\u00e9carte pas une \u00ab Entr\u00e9e \u00bb du Rwanda sur le Sol Burundais","datePublished":"2025-02-01T00:19:30+00:00","dateModified":"2025-05-05T18:40:12+00:00","mainEntityOfPage":{"@id":"https:\/\/www.africa-press.net\/burundi\/politique\/le-president-ndayishimiye-necarte-pas-une-entree-du-rwanda-sur-le-sol-burundais"},"wordCount":478,"commentCount":0,"image":{"@id":"https:\/\/www.africa-press.net\/burundi\/politique\/le-president-ndayishimiye-necarte-pas-une-entree-du-rwanda-sur-le-sol-burundais#primaryimage"},"thumbnailUrl":"https:\/\/static.africa-press.net\/burundi\/sites\/47\/2025\/02\/sm_1738451591.505398.jpg","keywords":["Burundi"],"articleSection":["Politique","Top Nouvelles","Toutes les actualit\u00e9s","vid\u00e9o"],"inLanguage":"fr-FR","potentialAction":[{"@type":"CommentAction","name":"Comment","target":["https:\/\/www.africa-press.net\/burundi\/politique\/le-president-ndayishimiye-necarte-pas-une-entree-du-rwanda-sur-le-sol-burundais#respond"]}]},{"@type":"WebPage","@id":"https:\/\/www.africa-press.net\/burundi\/politique\/le-president-ndayishimiye-necarte-pas-une-entree-du-rwanda-sur-le-sol-burundais","url":"https:\/\/www.africa-press.net\/burundi\/politique\/le-president-ndayishimiye-necarte-pas-une-entree-du-rwanda-sur-le-sol-burundais","name":"le Pr\u00e9sident Ndayishimiye N\u2019\u00e9carte pas une \u00ab Entr\u00e9e \u00bb du Rwanda sur le Sol Burundais - Burundi","isPartOf":{"@id":"https:\/\/www.africa-press.net\/burundi\/#website"},"primaryImageOfPage":{"@id":"https:\/\/www.africa-press.net\/burundi\/politique\/le-president-ndayishimiye-necarte-pas-une-entree-du-rwanda-sur-le-sol-burundais#primaryimage"},"image":{"@id":"https:\/\/www.africa-press.net\/burundi\/politique\/le-president-ndayishimiye-necarte-pas-une-entree-du-rwanda-sur-le-sol-burundais#primaryimage"},"thumbnailUrl":"https:\/\/static.africa-press.net\/burundi\/sites\/47\/2025\/02\/sm_1738451591.505398.jpg","datePublished":"2025-02-01T00:19:30+00:00","dateModified":"2025-05-05T18:40:12+00:00","author":{"@id":"https:\/\/www.africa-press.net\/burundi\/#\/schema\/person\/2b1cf3cd81a31e3cd26889ca66d677f1"},"description":"Dans un discours prononce\u0301 en franc\u0327ais mais pense\u0301 en kirundi, le pre\u0301sident burundais Ndayishimiye Evariste exhorte le ...","breadcrumb":{"@id":"https:\/\/www.africa-press.net\/burundi\/politique\/le-president-ndayishimiye-necarte-pas-une-entree-du-rwanda-sur-le-sol-burundais#breadcrumb"},"inLanguage":"fr-FR","potentialAction":[{"@type":"ReadAction","target":["https:\/\/www.africa-press.net\/burundi\/politique\/le-president-ndayishimiye-necarte-pas-une-entree-du-rwanda-sur-le-sol-burundais"]}]},{"@type":"ImageObject","inLanguage":"fr-FR","@id":"https:\/\/www.africa-press.net\/burundi\/politique\/le-president-ndayishimiye-necarte-pas-une-entree-du-rwanda-sur-le-sol-burundais#primaryimage","url":"https:\/\/static.africa-press.net\/burundi\/sites\/47\/2025\/02\/sm_1738451591.505398.jpg","contentUrl":"https:\/\/static.africa-press.net\/burundi\/sites\/47\/2025\/02\/sm_1738451591.505398.jpg","width":795,"height":385,"caption":"le Pr\u00e9sident Ndayishimiye N\u2019\u00e9carte pas une \u00ab Entr\u00e9e \u00bb du Rwanda sur le Sol Burundais"},{"@type":"BreadcrumbList","@id":"https:\/\/www.africa-press.net\/burundi\/politique\/le-president-ndayishimiye-necarte-pas-une-entree-du-rwanda-sur-le-sol-burundais#breadcrumb","itemListElement":[{"@type":"ListItem","position":1,"name":"Accueil","item":"https:\/\/www.africa-press.net\/burundi\/"},{"@type":"ListItem","position":2,"name":"le Pr\u00e9sident Ndayishimiye N\u2019\u00e9carte pas une \u00ab Entr\u00e9e \u00bb du Rwanda sur le Sol Burundais"}]},{"@type":"WebSite","@id":"https:\/\/www.africa-press.net\/burundi\/#website","url":"https:\/\/www.africa-press.net\/burundi\/","name":"Burundi","description":"Just another Africa News Agency Sites site","potentialAction":[{"@type":"SearchAction","target":{"@type":"EntryPoint","urlTemplate":"https:\/\/www.africa-press.net\/burundi\/?s={search_term_string}"},"query-input":{"@type":"PropertyValueSpecification","valueRequired":true,"valueName":"search_term_string"}}],"inLanguage":"fr-FR"},{"@type":"Person","@id":"https:\/\/www.africa-press.net\/burundi\/#\/schema\/person\/2b1cf3cd81a31e3cd26889ca66d677f1","name":"cfeditorfr"}]}},"_links":{"self":[{"href":"https:\/\/www.africa-press.net\/burundi\/wp-json\/wp\/v2\/posts\/20171","targetHints":{"allow":["GET"]}}],"collection":[{"href":"https:\/\/www.africa-press.net\/burundi\/wp-json\/wp\/v2\/posts"}],"about":[{"href":"https:\/\/www.africa-press.net\/burundi\/wp-json\/wp\/v2\/types\/post"}],"author":[{"embeddable":true,"href":"https:\/\/www.africa-press.net\/burundi\/wp-json\/wp\/v2\/users\/82"}],"replies":[{"embeddable":true,"href":"https:\/\/www.africa-press.net\/burundi\/wp-json\/wp\/v2\/comments?post=20171"}],"version-history":[{"count":0,"href":"https:\/\/www.africa-press.net\/burundi\/wp-json\/wp\/v2\/posts\/20171\/revisions"}],"wp:featuredmedia":[{"embeddable":true,"href":"https:\/\/www.africa-press.net\/burundi\/wp-json\/wp\/v2\/media\/20170"}],"wp:attachment":[{"href":"https:\/\/www.africa-press.net\/burundi\/wp-json\/wp\/v2\/media?parent=20171"}],"wp:term":[{"taxonomy":"category","embeddable":true,"href":"https:\/\/www.africa-press.net\/burundi\/wp-json\/wp\/v2\/categories?post=20171"},{"taxonomy":"post_tag","embeddable":true,"href":"https:\/\/www.africa-press.net\/burundi\/wp-json\/wp\/v2\/tags?post=20171"}],"curies":[{"name":"wp","href":"https:\/\/api.w.org\/{rel}","templated":true}]}}