{"id":23113,"date":"2025-05-10T04:18:38","date_gmt":"2025-05-10T04:18:38","guid":{"rendered":"https:\/\/www.africa-press.net\/burundi\/politique\/manifestations-au-burundi-pour-celebrer-les-elections"},"modified":"2025-05-11T09:24:19","modified_gmt":"2025-05-11T09:24:19","slug":"manifestations-au-burundi-pour-celebrer-les-elections","status":"publish","type":"post","link":"https:\/\/www.africa-press.net\/burundi\/politique\/manifestations-au-burundi-pour-celebrer-les-elections","title":{"rendered":"Manifestations au Burundi pour C\u00e9l\u00e9brer les \u00c9lections"},"content":{"rendered":"<p><span style=\"color: #ff6600\"><strong>Africa-Press &#8211; Burundi. <\/strong><\/span>Le gouvernement du Burundi a organise\u0301 hier, vendredi, des manifestations de grande ampleur pour ce qu&rsquo;il a qualifie\u0301 de ce\u0301le\u0301bration de l&rsquo;atmosphe\u0300re de concorde qui marquera les e\u0301lections le\u0301gislatives et municipales, dont la campagne de\u0301butera mardi prochain.<\/p>\n<p>Les manifestations d&rsquo;hier ont vu une large participation de responsables gouvernementaux et de dirigeants des partis politiques favorables au re\u0301gime dans la capitale, afin de de\u0301montrer que le pays vit dans une atmosphe\u0300re de\u0301mocratique stable.<\/p>\n<p>Le pre\u0301sident E\u0301variste Ndayishimiye a assiste\u0301 aux festivite\u0301s et a de\u0301clare\u0301 que cette initiative refle\u0301tait le renforcement des liberte\u0301s dans le pays, soulignant que le lancement de la campagne dans un climat d&rsquo;unite\u0301 est une preuve des progre\u0300s du Burundi sur la voie de la de\u0301mocratie.<\/p>\n<p>Cependant, la fe\u0302te a e\u0301te\u0301 boycotte\u0301e par plusieurs forces d&rsquo;opposition, dont la coalition \u00ab\u00a0Burundi un pour tous\u00a0\u00bb et le parti \u00ab\u00a0Congre\u0300s De\u0301mocratique\u00a0\u00bb, qui ont proteste\u0301 contre ce qu&rsquo;ils ont qualifie\u0301 de harce\u0300lements se\u0301curitaires.<\/p>\n<p>Anicet Niyonkuru, pre\u0301sident du parti \u00ab\u00a0Congre\u0300s De\u0301mocratique\u00a0\u00bb, a de\u0301clare\u0301: \u00ab\u00a0La situation politique n&rsquo;est pas libre comme le pre\u0301tend le re\u0301gime, la concurrence politique est limite\u0301e, et la population souffre de graves crises e\u0301conomiques.\u00a0\u00bb<\/p>\n<p>Le leader de l&rsquo;opposition, Agathon Rwasa, absent de l&rsquo;e\u0301ve\u0301nement, a e\u0301te\u0301 empe\u0302che\u0301 de se pre\u0301senter aux prochaines e\u0301lections et accuse les autorite\u0301s d&rsquo;organiser une e\u0301lection dans des conditions arbitraires pour exclure les rivaux politiques.<\/p>\n<p>Ces e\u0301ve\u0301nements surviennent a\u0300 un moment ou\u0300 les demandes nationales pour renforcer la transparence, respecter les droits de participation politique et offrir a\u0300 tous les citoyens le droit de se pre\u0301senter aux e\u0301lections et de participer politiquement se multiplient.<\/p>\n<p><strong>Pour plus d&rsquo;informations et d&rsquo;analyses sur la <span style=\"color: #ff6600\">Burundi<\/span>, suivez <span style=\"color: #ff6600\">Africa-Press<\/span><\/strong><\/p>\n","protected":false},"excerpt":{"rendered":"<p>Africa-Press &#8211; Burundi. Le gouvernement du Burundi a organise\u0301 hier, vendredi, des manifestations de grande ampleur pour ce qu&rsquo;il a qualifie\u0301 de ce\u0301le\u0301bration de l&rsquo;atmosphe\u0300re de concorde qui marquera les e\u0301lections le\u0301gislatives et municipales, dont la campagne de\u0301butera mardi prochain. Les manifestations d&rsquo;hier ont vu une large participation de responsables gouvernementaux et de dirigeants des [&hellip;]<\/p>\n","protected":false},"author":82,"featured_media":23112,"comment_status":"open","ping_status":"closed","sticky":false,"template":"","format":"standard","meta":{"footnotes":""},"categories":[2,49,20,10],"tags":[45,432],"class_list":["post-23113","post","type-post","status-publish","format-standard","has-post-thumbnail","hentry","category-politique","category-to-homepage","category-top-nouvelles","category-toutes-les-actualites","tag-burundi","tag-elections"],"yoast_head":"<!-- This site is optimized with the Yoast SEO Premium plugin v26.1 (Yoast SEO v27.0) - https:\/\/yoast.com\/product\/yoast-seo-premium-wordpress\/ -->\n<title>Manifestations au Burundi pour C\u00e9l\u00e9brer les \u00c9lections - Burundi<\/title>\n<meta name=\"description\" content=\"Le gouvernement du Burundi a organise\u0301 hier, vendredi, des manifestations de grande ampleur pour ce qu&#039;il a qualifie\u0301 de ...\" \/>\n<meta name=\"robots\" content=\"index, follow, max-snippet:-1, max-image-preview:large, max-video-preview:-1\" \/>\n<link rel=\"canonical\" href=\"https:\/\/www.africa-press.net\/burundi\/politique\/manifestations-au-burundi-pour-celebrer-les-elections\" \/>\n<meta property=\"og:locale\" content=\"fr_FR\" \/>\n<meta property=\"og:type\" content=\"article\" \/>\n<meta property=\"og:title\" content=\"Manifestations au Burundi pour C\u00e9l\u00e9brer les \u00c9lections\" \/>\n<meta property=\"og:description\" content=\"Le gouvernement du Burundi a organise\u0301 hier, vendredi, des manifestations de grande ampleur pour ce qu&#039;il a qualifie\u0301 de ...\" \/>\n<meta property=\"og:url\" content=\"https:\/\/www.africa-press.net\/burundi\/politique\/manifestations-au-burundi-pour-celebrer-les-elections\" \/>\n<meta property=\"og:site_name\" content=\"Burundi\" \/>\n<meta property=\"article:published_time\" content=\"2025-05-10T04:18:38+00:00\" \/>\n<meta property=\"article:modified_time\" content=\"2025-05-11T09:24:19+00:00\" \/>\n<meta property=\"og:image\" content=\"https:\/\/static.africa-press.net\/burundi\/sites\/47\/2025\/05\/sm_1746942674.415556.jpg\" \/>\n\t<meta property=\"og:image:width\" content=\"1556\" \/>\n\t<meta property=\"og:image:height\" content=\"1167\" \/>\n\t<meta property=\"og:image:type\" content=\"image\/jpeg\" \/>\n<meta name=\"author\" content=\"cfeditorfr\" \/>\n<meta name=\"twitter:card\" content=\"summary_large_image\" \/>\n<meta name=\"twitter:label1\" content=\"\u00c9crit par\" \/>\n\t<meta name=\"twitter:data1\" content=\"cfeditorfr\" \/>\n\t<meta name=\"twitter:label2\" content=\"Dur\u00e9e de lecture estim\u00e9e\" \/>\n\t<meta name=\"twitter:data2\" content=\"2 minutes\" \/>\n<script type=\"application\/ld+json\" class=\"yoast-schema-graph\">{\"@context\":\"https:\/\/schema.org\",\"@graph\":[{\"@type\":\"Article\",\"@id\":\"https:\/\/www.africa-press.net\/burundi\/politique\/manifestations-au-burundi-pour-celebrer-les-elections#article\",\"isPartOf\":{\"@id\":\"https:\/\/www.africa-press.net\/burundi\/politique\/manifestations-au-burundi-pour-celebrer-les-elections\"},\"author\":{\"name\":\"cfeditorfr\",\"@id\":\"https:\/\/www.africa-press.net\/burundi\/#\/schema\/person\/2b1cf3cd81a31e3cd26889ca66d677f1\"},\"headline\":\"Manifestations au Burundi pour C\u00e9l\u00e9brer les \u00c9lections\",\"datePublished\":\"2025-05-10T04:18:38+00:00\",\"dateModified\":\"2025-05-11T09:24:19+00:00\",\"mainEntityOfPage\":{\"@id\":\"https:\/\/www.africa-press.net\/burundi\/politique\/manifestations-au-burundi-pour-celebrer-les-elections\"},\"wordCount\":336,\"commentCount\":0,\"image\":{\"@id\":\"https:\/\/www.africa-press.net\/burundi\/politique\/manifestations-au-burundi-pour-celebrer-les-elections#primaryimage\"},\"thumbnailUrl\":\"https:\/\/static.africa-press.net\/burundi\/sites\/47\/2025\/05\/sm_1746942674.415556.jpg\",\"keywords\":[\"Burundi\",\"Elections\"],\"articleSection\":[\"Politique\",\"to-homepage\",\"Top Nouvelles\",\"Toutes les actualit\u00e9s\"],\"inLanguage\":\"fr-FR\",\"potentialAction\":[{\"@type\":\"CommentAction\",\"name\":\"Comment\",\"target\":[\"https:\/\/www.africa-press.net\/burundi\/politique\/manifestations-au-burundi-pour-celebrer-les-elections#respond\"]}]},{\"@type\":\"WebPage\",\"@id\":\"https:\/\/www.africa-press.net\/burundi\/politique\/manifestations-au-burundi-pour-celebrer-les-elections\",\"url\":\"https:\/\/www.africa-press.net\/burundi\/politique\/manifestations-au-burundi-pour-celebrer-les-elections\",\"name\":\"Manifestations au Burundi pour C\u00e9l\u00e9brer les \u00c9lections - Burundi\",\"isPartOf\":{\"@id\":\"https:\/\/www.africa-press.net\/burundi\/#website\"},\"primaryImageOfPage\":{\"@id\":\"https:\/\/www.africa-press.net\/burundi\/politique\/manifestations-au-burundi-pour-celebrer-les-elections#primaryimage\"},\"image\":{\"@id\":\"https:\/\/www.africa-press.net\/burundi\/politique\/manifestations-au-burundi-pour-celebrer-les-elections#primaryimage\"},\"thumbnailUrl\":\"https:\/\/static.africa-press.net\/burundi\/sites\/47\/2025\/05\/sm_1746942674.415556.jpg\",\"datePublished\":\"2025-05-10T04:18:38+00:00\",\"dateModified\":\"2025-05-11T09:24:19+00:00\",\"author\":{\"@id\":\"https:\/\/www.africa-press.net\/burundi\/#\/schema\/person\/2b1cf3cd81a31e3cd26889ca66d677f1\"},\"description\":\"Le gouvernement du Burundi a organise\u0301 hier, vendredi, des manifestations de grande ampleur pour ce qu'il a qualifie\u0301 de ...\",\"breadcrumb\":{\"@id\":\"https:\/\/www.africa-press.net\/burundi\/politique\/manifestations-au-burundi-pour-celebrer-les-elections#breadcrumb\"},\"inLanguage\":\"fr-FR\",\"potentialAction\":[{\"@type\":\"ReadAction\",\"target\":[\"https:\/\/www.africa-press.net\/burundi\/politique\/manifestations-au-burundi-pour-celebrer-les-elections\"]}]},{\"@type\":\"ImageObject\",\"inLanguage\":\"fr-FR\",\"@id\":\"https:\/\/www.africa-press.net\/burundi\/politique\/manifestations-au-burundi-pour-celebrer-les-elections#primaryimage\",\"url\":\"https:\/\/static.africa-press.net\/burundi\/sites\/47\/2025\/05\/sm_1746942674.415556.jpg\",\"contentUrl\":\"https:\/\/static.africa-press.net\/burundi\/sites\/47\/2025\/05\/sm_1746942674.415556.jpg\",\"width\":1556,\"height\":1167,\"caption\":\"Manifestations au Burundi pour C\u00e9l\u00e9brer les \u00c9lections\"},{\"@type\":\"BreadcrumbList\",\"@id\":\"https:\/\/www.africa-press.net\/burundi\/politique\/manifestations-au-burundi-pour-celebrer-les-elections#breadcrumb\",\"itemListElement\":[{\"@type\":\"ListItem\",\"position\":1,\"name\":\"Accueil\",\"item\":\"https:\/\/www.africa-press.net\/burundi\/\"},{\"@type\":\"ListItem\",\"position\":2,\"name\":\"Manifestations au Burundi pour C\u00e9l\u00e9brer les \u00c9lections\"}]},{\"@type\":\"WebSite\",\"@id\":\"https:\/\/www.africa-press.net\/burundi\/#website\",\"url\":\"https:\/\/www.africa-press.net\/burundi\/\",\"name\":\"Burundi\",\"description\":\"Just another Africa News Agency Sites site\",\"potentialAction\":[{\"@type\":\"SearchAction\",\"target\":{\"@type\":\"EntryPoint\",\"urlTemplate\":\"https:\/\/www.africa-press.net\/burundi\/?s={search_term_string}\"},\"query-input\":{\"@type\":\"PropertyValueSpecification\",\"valueRequired\":true,\"valueName\":\"search_term_string\"}}],\"inLanguage\":\"fr-FR\"},{\"@type\":\"Person\",\"@id\":\"https:\/\/www.africa-press.net\/burundi\/#\/schema\/person\/2b1cf3cd81a31e3cd26889ca66d677f1\",\"name\":\"cfeditorfr\"}]}<\/script>\n<!-- \/ Yoast SEO Premium plugin. -->","yoast_head_json":{"title":"Manifestations au Burundi pour C\u00e9l\u00e9brer les \u00c9lections - Burundi","description":"Le gouvernement du Burundi a organise\u0301 hier, vendredi, des manifestations de grande ampleur pour ce qu'il a qualifie\u0301 de ...","robots":{"index":"index","follow":"follow","max-snippet":"max-snippet:-1","max-image-preview":"max-image-preview:large","max-video-preview":"max-video-preview:-1"},"canonical":"https:\/\/www.africa-press.net\/burundi\/politique\/manifestations-au-burundi-pour-celebrer-les-elections","og_locale":"fr_FR","og_type":"article","og_title":"Manifestations au Burundi pour C\u00e9l\u00e9brer les \u00c9lections","og_description":"Le gouvernement du Burundi a organise\u0301 hier, vendredi, des manifestations de grande ampleur pour ce qu'il a qualifie\u0301 de ...","og_url":"https:\/\/www.africa-press.net\/burundi\/politique\/manifestations-au-burundi-pour-celebrer-les-elections","og_site_name":"Burundi","article_published_time":"2025-05-10T04:18:38+00:00","article_modified_time":"2025-05-11T09:24:19+00:00","og_image":[{"width":1556,"height":1167,"url":"https:\/\/static.africa-press.net\/burundi\/sites\/47\/2025\/05\/sm_1746942674.415556.jpg","type":"image\/jpeg"}],"author":"cfeditorfr","twitter_card":"summary_large_image","twitter_misc":{"\u00c9crit par":"cfeditorfr","Dur\u00e9e de lecture estim\u00e9e":"2 minutes"},"schema":{"@context":"https:\/\/schema.org","@graph":[{"@type":"Article","@id":"https:\/\/www.africa-press.net\/burundi\/politique\/manifestations-au-burundi-pour-celebrer-les-elections#article","isPartOf":{"@id":"https:\/\/www.africa-press.net\/burundi\/politique\/manifestations-au-burundi-pour-celebrer-les-elections"},"author":{"name":"cfeditorfr","@id":"https:\/\/www.africa-press.net\/burundi\/#\/schema\/person\/2b1cf3cd81a31e3cd26889ca66d677f1"},"headline":"Manifestations au Burundi pour C\u00e9l\u00e9brer les \u00c9lections","datePublished":"2025-05-10T04:18:38+00:00","dateModified":"2025-05-11T09:24:19+00:00","mainEntityOfPage":{"@id":"https:\/\/www.africa-press.net\/burundi\/politique\/manifestations-au-burundi-pour-celebrer-les-elections"},"wordCount":336,"commentCount":0,"image":{"@id":"https:\/\/www.africa-press.net\/burundi\/politique\/manifestations-au-burundi-pour-celebrer-les-elections#primaryimage"},"thumbnailUrl":"https:\/\/static.africa-press.net\/burundi\/sites\/47\/2025\/05\/sm_1746942674.415556.jpg","keywords":["Burundi","Elections"],"articleSection":["Politique","to-homepage","Top Nouvelles","Toutes les actualit\u00e9s"],"inLanguage":"fr-FR","potentialAction":[{"@type":"CommentAction","name":"Comment","target":["https:\/\/www.africa-press.net\/burundi\/politique\/manifestations-au-burundi-pour-celebrer-les-elections#respond"]}]},{"@type":"WebPage","@id":"https:\/\/www.africa-press.net\/burundi\/politique\/manifestations-au-burundi-pour-celebrer-les-elections","url":"https:\/\/www.africa-press.net\/burundi\/politique\/manifestations-au-burundi-pour-celebrer-les-elections","name":"Manifestations au Burundi pour C\u00e9l\u00e9brer les \u00c9lections - Burundi","isPartOf":{"@id":"https:\/\/www.africa-press.net\/burundi\/#website"},"primaryImageOfPage":{"@id":"https:\/\/www.africa-press.net\/burundi\/politique\/manifestations-au-burundi-pour-celebrer-les-elections#primaryimage"},"image":{"@id":"https:\/\/www.africa-press.net\/burundi\/politique\/manifestations-au-burundi-pour-celebrer-les-elections#primaryimage"},"thumbnailUrl":"https:\/\/static.africa-press.net\/burundi\/sites\/47\/2025\/05\/sm_1746942674.415556.jpg","datePublished":"2025-05-10T04:18:38+00:00","dateModified":"2025-05-11T09:24:19+00:00","author":{"@id":"https:\/\/www.africa-press.net\/burundi\/#\/schema\/person\/2b1cf3cd81a31e3cd26889ca66d677f1"},"description":"Le gouvernement du Burundi a organise\u0301 hier, vendredi, des manifestations de grande ampleur pour ce qu'il a qualifie\u0301 de ...","breadcrumb":{"@id":"https:\/\/www.africa-press.net\/burundi\/politique\/manifestations-au-burundi-pour-celebrer-les-elections#breadcrumb"},"inLanguage":"fr-FR","potentialAction":[{"@type":"ReadAction","target":["https:\/\/www.africa-press.net\/burundi\/politique\/manifestations-au-burundi-pour-celebrer-les-elections"]}]},{"@type":"ImageObject","inLanguage":"fr-FR","@id":"https:\/\/www.africa-press.net\/burundi\/politique\/manifestations-au-burundi-pour-celebrer-les-elections#primaryimage","url":"https:\/\/static.africa-press.net\/burundi\/sites\/47\/2025\/05\/sm_1746942674.415556.jpg","contentUrl":"https:\/\/static.africa-press.net\/burundi\/sites\/47\/2025\/05\/sm_1746942674.415556.jpg","width":1556,"height":1167,"caption":"Manifestations au Burundi pour C\u00e9l\u00e9brer les \u00c9lections"},{"@type":"BreadcrumbList","@id":"https:\/\/www.africa-press.net\/burundi\/politique\/manifestations-au-burundi-pour-celebrer-les-elections#breadcrumb","itemListElement":[{"@type":"ListItem","position":1,"name":"Accueil","item":"https:\/\/www.africa-press.net\/burundi\/"},{"@type":"ListItem","position":2,"name":"Manifestations au Burundi pour C\u00e9l\u00e9brer les \u00c9lections"}]},{"@type":"WebSite","@id":"https:\/\/www.africa-press.net\/burundi\/#website","url":"https:\/\/www.africa-press.net\/burundi\/","name":"Burundi","description":"Just another Africa News Agency Sites site","potentialAction":[{"@type":"SearchAction","target":{"@type":"EntryPoint","urlTemplate":"https:\/\/www.africa-press.net\/burundi\/?s={search_term_string}"},"query-input":{"@type":"PropertyValueSpecification","valueRequired":true,"valueName":"search_term_string"}}],"inLanguage":"fr-FR"},{"@type":"Person","@id":"https:\/\/www.africa-press.net\/burundi\/#\/schema\/person\/2b1cf3cd81a31e3cd26889ca66d677f1","name":"cfeditorfr"}]}},"_links":{"self":[{"href":"https:\/\/www.africa-press.net\/burundi\/wp-json\/wp\/v2\/posts\/23113","targetHints":{"allow":["GET"]}}],"collection":[{"href":"https:\/\/www.africa-press.net\/burundi\/wp-json\/wp\/v2\/posts"}],"about":[{"href":"https:\/\/www.africa-press.net\/burundi\/wp-json\/wp\/v2\/types\/post"}],"author":[{"embeddable":true,"href":"https:\/\/www.africa-press.net\/burundi\/wp-json\/wp\/v2\/users\/82"}],"replies":[{"embeddable":true,"href":"https:\/\/www.africa-press.net\/burundi\/wp-json\/wp\/v2\/comments?post=23113"}],"version-history":[{"count":0,"href":"https:\/\/www.africa-press.net\/burundi\/wp-json\/wp\/v2\/posts\/23113\/revisions"}],"wp:featuredmedia":[{"embeddable":true,"href":"https:\/\/www.africa-press.net\/burundi\/wp-json\/wp\/v2\/media\/23112"}],"wp:attachment":[{"href":"https:\/\/www.africa-press.net\/burundi\/wp-json\/wp\/v2\/media?parent=23113"}],"wp:term":[{"taxonomy":"category","embeddable":true,"href":"https:\/\/www.africa-press.net\/burundi\/wp-json\/wp\/v2\/categories?post=23113"},{"taxonomy":"post_tag","embeddable":true,"href":"https:\/\/www.africa-press.net\/burundi\/wp-json\/wp\/v2\/tags?post=23113"}],"curies":[{"name":"wp","href":"https:\/\/api.w.org\/{rel}","templated":true}]}}