{"id":23909,"date":"2025-05-28T14:00:00","date_gmt":"2025-05-28T14:00:00","guid":{"rendered":"https:\/\/www.africa-press.net\/burundi\/politique\/plus-de-100-000-refugies-congolais-accueillis-depuis-janvier"},"modified":"2025-05-29T00:41:07","modified_gmt":"2025-05-29T00:41:07","slug":"plus-de-100-000-refugies-congolais-accueillis-depuis-janvier","status":"publish","type":"post","link":"https:\/\/www.africa-press.net\/burundi\/politique\/plus-de-100-000-refugies-congolais-accueillis-depuis-janvier","title":{"rendered":"Plus de 100 000 R\u00e9fugi\u00e9s Congolais Accueillis depuis Janvier"},"content":{"rendered":"<p><span style=\"color: #ff6600\"><strong>Africa-Press &#8211; Burundi. <\/strong><\/span>\u00abDepuis le de\u0301but de cette anne\u0301e 2025, le Burundi, pays frontalier de la RDC, a fraternellement accueilli plus de 100 000 re\u0301fugie\u0301s congolais sur son sol \u00bb, a de\u0301clare\u0301 mardi Albert Shingiro, ministre burundais des Relations exte\u0301rieures et de la Coope\u0301ration internationale.<\/p>\n<p>Albert Shingiro a fait ces de\u0301clarations a\u0300 l\u2019occasion d\u2019une re\u0301union ministe\u0301rielle du Me\u0301canisme re\u0301gional de suivi de l&rsquo;Accord-cadre pour la paix, la se\u0301curite\u0301 et la coope\u0301ration pour la Re\u0301publique De\u0301mocratique du Congo et la re\u0301gion des grands-lacs (MRS) ouverte mardi a\u0300 Kampala en pre\u0301lude au 12e\u0300me sommet des chefs d\u2019Etat pre\u0301vu ce mercredi.<\/p>\n<p>A cette occasion, le ministre burundais a appele\u0301 la communaute\u0301 internationale a\u0300 venir en aide au Burundi afin que ce pays puisse supporter cet afflux massif et rapide des re\u0301fugie\u0301s congolais.<\/p>\n<p>\u00ab L\u2019afflux des re\u0301fugie\u0301s n\u2019e\u0301tant pas une affaire d\u2019un seul Etat. Le Burundi souhaite saisir cette occasion pour lancer un appel vibrant a\u0300 la communaute\u0301 internationale pour appuyer le Burundi dans l\u2019accueil et l\u2019entretien de ces re\u0301fugie\u0301s dans des conditions humaines ainsi que le soutien aux communaute\u0301s d\u2019accueil \u00bb, a e\u0301galement de\u0301clare\u0301 le ministre Albert Shingiro.<\/p>\n<p>En mars dernier, l\u2019ONU estimait l\u2019effectif des re\u0301fugie\u0301s congolais accueillis au Burundi depuis janvier a\u0300 \u00ab pre\u0300s de 70 000 personnes \u2013 principalement des femmes, des enfants et des personnes a\u0302ge\u0301es \u00bb. Il s\u2019agit, a de\u0301clare\u0301 l\u2019ONU, \u00ab du plus grand afflux de re\u0301fugie\u0301s qu\u2019ait connu le Burundi depuis des de\u0301cennies \u00bb.<\/p>\n<p>Selon le ministre burundais des Relations exte\u0301rieures et de la Coope\u0301ration internationale, cet afflux massif est conse\u0301cutif a\u0300 l\u2019avance\u0301e du M23 et ses conque\u0302tes territoriales dans l\u2019est de la RDC.<\/p>\n<p>\u00ab Depuis le de\u0301but de cette anne\u0301e 2025, la conque\u0302te et l\u2019occupation des territoires congolais a\u0300 l\u2019Est par le M23, la prise de l\u2019Ae\u0301roport de Goma et de Bukavu, la destruction des infrastructures ainsi que l\u2019instauration d\u2019une administration paralle\u0300le ont occasionne\u0301 des conse\u0301quences de\u0301sastreuses du point de vue se\u0301curitaire, humanitaire et des droits humains \u00bb, a de\u0301clare\u0301 le ministre.<\/p>\n<p>Le M23 a e\u0301te\u0301 cre\u0301e\u0301 en 2012 par des militaires dissidents de l\u2019arme\u0301e congolaise. Apre\u0300s une bre\u0300ve monte\u0301e en puissance, il a e\u0301te\u0301 de\u0301fait en 2013 par les Forces arme\u0301es de la Re\u0301publique de\u0301mocratique du Congo (Fardc), appuye\u0301es par les Casques bleus de la Monusco.<\/p>\n<p>Ce mouvement rebelle a repris les armes en 2022, s\u2019emparant de plusieurs localite\u0301s dans la province du Nord-Kivu, situe\u0301e a\u0300 la frontie\u0300re du Rwanda et de l\u2019Ouganda.<\/p>\n<p>Kinshasa accuse le Rwanda de soutenir activement le M23 pour acce\u0301der aux richesses minie\u0300res de la re\u0301gion. Ces accusations sont e\u0301taye\u0301es par des rapports d\u2019agences onusiennes, qui pointent un appui militaire rwandais au mouvement rebelle.<\/p>\n<p>Le Rwanda re\u0301fute ces alle\u0301gations, affirmant que le M23 est un mouvement congolais dirige\u0301 par des Congolais, bien que ses membres parlent le kinyarwanda, la langue rwandaise. Kigali rejette e\u0301galement les conclusions des rapports onusiens et rappelle avoir de\u0301sarme\u0301 les rebelles du M23 qui s\u2019e\u0301taient re\u0301fugie\u0301s sur son sol en 2012-2013, avant de remettre leur arsenal aux autorite\u0301s congolaises.<\/p>\n<p>Pour Kigali, \u00ab\u00a0la question du M23 est une menace se\u0301curitaire pour le Rwanda\u00a0\u00bb. \u00ab\u00a0La RDC, a\u0300 cause de l\u2019assimilation permanente du M23 au Rwanda, a ba\u0302ti une large coalition militaire avec des soldats burundais, avec des mercenaires europe\u0301ens, des miliciens Wazalendo et des ge\u0301nocidaires FDLR (Forces de\u0301mocratiques de libe\u0301ration du Rwanda, NDLR)\u00a0\u00bb, avait soutenu le ministre rwandais des Affaires e\u0301trange\u0300res, Olivier Jean Patrick Nduhungirehe, dans une interview accorde\u0301e a\u0300 Africa 24.<\/p>\n<p><strong>Pour plus d&rsquo;informations et d&rsquo;analyses sur la <span style=\"color: #ff6600\">Burundi<\/span>, suivez <span style=\"color: #ff6600\">Africa-Press<\/span><\/strong><\/p>\n","protected":false},"excerpt":{"rendered":"<p>Africa-Press &#8211; Burundi. \u00abDepuis le de\u0301but de cette anne\u0301e 2025, le Burundi, pays frontalier de la RDC, a fraternellement accueilli plus de 100 000 re\u0301fugie\u0301s congolais sur son sol \u00bb, a de\u0301clare\u0301 mardi Albert Shingiro, ministre burundais des Relations exte\u0301rieures et de la Coope\u0301ration internationale. Albert Shingiro a fait ces de\u0301clarations a\u0300 l\u2019occasion d\u2019une re\u0301union [&hellip;]<\/p>\n","protected":false},"author":82,"featured_media":23908,"comment_status":"open","ping_status":"closed","sticky":false,"template":"","format":"standard","meta":{"footnotes":""},"categories":[2,20,10],"tags":[1022,1021,45,1023,650],"class_list":["post-23909","post","type-post","status-publish","format-standard","has-post-thumbnail","hentry","category-politique","category-top-nouvelles","category-toutes-les-actualites","tag-100-000-refugies","tag-albert-shingiro","tag-burundi","tag-depuis-janvier","tag-rdc"],"yoast_head":"<!-- This site is optimized with the Yoast SEO Premium plugin v26.1 (Yoast SEO v27.0) - https:\/\/yoast.com\/product\/yoast-seo-premium-wordpress\/ -->\n<title>Plus de 100 000 R\u00e9fugi\u00e9s Congolais Accueillis depuis Janvier - Burundi<\/title>\n<meta name=\"description\" content=\"\u00abDepuis le de\u0301but de cette anne\u0301e 2025, le Burundi, pays frontalier de la RDC, a fraternellement accueilli plus de 100 0 ...\" \/>\n<meta name=\"robots\" content=\"index, follow, max-snippet:-1, max-image-preview:large, max-video-preview:-1\" \/>\n<link rel=\"canonical\" href=\"https:\/\/www.africa-press.net\/burundi\/politique\/plus-de-100-000-refugies-congolais-accueillis-depuis-janvier\" \/>\n<meta property=\"og:locale\" content=\"fr_FR\" \/>\n<meta property=\"og:type\" content=\"article\" \/>\n<meta property=\"og:title\" content=\"Plus de 100 000 R\u00e9fugi\u00e9s Congolais Accueillis depuis Janvier\" \/>\n<meta property=\"og:description\" content=\"\u00abDepuis le de\u0301but de cette anne\u0301e 2025, le Burundi, pays frontalier de la RDC, a fraternellement accueilli plus de 100 0 ...\" \/>\n<meta property=\"og:url\" content=\"https:\/\/www.africa-press.net\/burundi\/politique\/plus-de-100-000-refugies-congolais-accueillis-depuis-janvier\" \/>\n<meta property=\"og:site_name\" content=\"Burundi\" \/>\n<meta property=\"article:published_time\" content=\"2025-05-28T14:00:00+00:00\" \/>\n<meta property=\"article:modified_time\" content=\"2025-05-29T00:41:07+00:00\" \/>\n<meta property=\"og:image\" content=\"https:\/\/static.africa-press.net\/burundi\/sites\/47\/2025\/05\/sm_1748507818.849825.jpg\" \/>\n\t<meta property=\"og:image:width\" content=\"863\" \/>\n\t<meta property=\"og:image:height\" content=\"486\" \/>\n\t<meta property=\"og:image:type\" content=\"image\/jpeg\" \/>\n<meta name=\"author\" content=\"cfeditorfr\" \/>\n<meta name=\"twitter:card\" content=\"summary_large_image\" \/>\n<meta name=\"twitter:label1\" content=\"\u00c9crit par\" \/>\n\t<meta name=\"twitter:data1\" content=\"cfeditorfr\" \/>\n\t<meta name=\"twitter:label2\" content=\"Dur\u00e9e de lecture estim\u00e9e\" \/>\n\t<meta name=\"twitter:data2\" content=\"4 minutes\" \/>\n<script type=\"application\/ld+json\" class=\"yoast-schema-graph\">{\"@context\":\"https:\/\/schema.org\",\"@graph\":[{\"@type\":\"Article\",\"@id\":\"https:\/\/www.africa-press.net\/burundi\/politique\/plus-de-100-000-refugies-congolais-accueillis-depuis-janvier#article\",\"isPartOf\":{\"@id\":\"https:\/\/www.africa-press.net\/burundi\/politique\/plus-de-100-000-refugies-congolais-accueillis-depuis-janvier\"},\"author\":{\"name\":\"cfeditorfr\",\"@id\":\"https:\/\/www.africa-press.net\/burundi\/#\/schema\/person\/2b1cf3cd81a31e3cd26889ca66d677f1\"},\"headline\":\"Plus de 100 000 R\u00e9fugi\u00e9s Congolais Accueillis depuis Janvier\",\"datePublished\":\"2025-05-28T14:00:00+00:00\",\"dateModified\":\"2025-05-29T00:41:07+00:00\",\"mainEntityOfPage\":{\"@id\":\"https:\/\/www.africa-press.net\/burundi\/politique\/plus-de-100-000-refugies-congolais-accueillis-depuis-janvier\"},\"wordCount\":682,\"commentCount\":0,\"image\":{\"@id\":\"https:\/\/www.africa-press.net\/burundi\/politique\/plus-de-100-000-refugies-congolais-accueillis-depuis-janvier#primaryimage\"},\"thumbnailUrl\":\"https:\/\/static.africa-press.net\/burundi\/sites\/47\/2025\/05\/sm_1748507818.849825.jpg\",\"keywords\":[\"100 000 r\u00e9fugi\u00e9s\",\"Albert Shingiro\",\"Burundi\",\"Depuis janvier\",\"RDC\"],\"articleSection\":[\"Politique\",\"Top Nouvelles\",\"Toutes les actualit\u00e9s\"],\"inLanguage\":\"fr-FR\",\"potentialAction\":[{\"@type\":\"CommentAction\",\"name\":\"Comment\",\"target\":[\"https:\/\/www.africa-press.net\/burundi\/politique\/plus-de-100-000-refugies-congolais-accueillis-depuis-janvier#respond\"]}]},{\"@type\":\"WebPage\",\"@id\":\"https:\/\/www.africa-press.net\/burundi\/politique\/plus-de-100-000-refugies-congolais-accueillis-depuis-janvier\",\"url\":\"https:\/\/www.africa-press.net\/burundi\/politique\/plus-de-100-000-refugies-congolais-accueillis-depuis-janvier\",\"name\":\"Plus de 100 000 R\u00e9fugi\u00e9s Congolais Accueillis depuis Janvier - Burundi\",\"isPartOf\":{\"@id\":\"https:\/\/www.africa-press.net\/burundi\/#website\"},\"primaryImageOfPage\":{\"@id\":\"https:\/\/www.africa-press.net\/burundi\/politique\/plus-de-100-000-refugies-congolais-accueillis-depuis-janvier#primaryimage\"},\"image\":{\"@id\":\"https:\/\/www.africa-press.net\/burundi\/politique\/plus-de-100-000-refugies-congolais-accueillis-depuis-janvier#primaryimage\"},\"thumbnailUrl\":\"https:\/\/static.africa-press.net\/burundi\/sites\/47\/2025\/05\/sm_1748507818.849825.jpg\",\"datePublished\":\"2025-05-28T14:00:00+00:00\",\"dateModified\":\"2025-05-29T00:41:07+00:00\",\"author\":{\"@id\":\"https:\/\/www.africa-press.net\/burundi\/#\/schema\/person\/2b1cf3cd81a31e3cd26889ca66d677f1\"},\"description\":\"\u00abDepuis le de\u0301but de cette anne\u0301e 2025, le Burundi, pays frontalier de la RDC, a fraternellement accueilli plus de 100 0 ...\",\"breadcrumb\":{\"@id\":\"https:\/\/www.africa-press.net\/burundi\/politique\/plus-de-100-000-refugies-congolais-accueillis-depuis-janvier#breadcrumb\"},\"inLanguage\":\"fr-FR\",\"potentialAction\":[{\"@type\":\"ReadAction\",\"target\":[\"https:\/\/www.africa-press.net\/burundi\/politique\/plus-de-100-000-refugies-congolais-accueillis-depuis-janvier\"]}]},{\"@type\":\"ImageObject\",\"inLanguage\":\"fr-FR\",\"@id\":\"https:\/\/www.africa-press.net\/burundi\/politique\/plus-de-100-000-refugies-congolais-accueillis-depuis-janvier#primaryimage\",\"url\":\"https:\/\/static.africa-press.net\/burundi\/sites\/47\/2025\/05\/sm_1748507818.849825.jpg\",\"contentUrl\":\"https:\/\/static.africa-press.net\/burundi\/sites\/47\/2025\/05\/sm_1748507818.849825.jpg\",\"width\":863,\"height\":486,\"caption\":\"Plus de 100 000 R\u00e9fugi\u00e9s Congolais Accueillis depuis Janvier\"},{\"@type\":\"BreadcrumbList\",\"@id\":\"https:\/\/www.africa-press.net\/burundi\/politique\/plus-de-100-000-refugies-congolais-accueillis-depuis-janvier#breadcrumb\",\"itemListElement\":[{\"@type\":\"ListItem\",\"position\":1,\"name\":\"Accueil\",\"item\":\"https:\/\/www.africa-press.net\/burundi\/\"},{\"@type\":\"ListItem\",\"position\":2,\"name\":\"Plus de 100 000 R\u00e9fugi\u00e9s Congolais Accueillis depuis Janvier\"}]},{\"@type\":\"WebSite\",\"@id\":\"https:\/\/www.africa-press.net\/burundi\/#website\",\"url\":\"https:\/\/www.africa-press.net\/burundi\/\",\"name\":\"Burundi\",\"description\":\"Just another Africa News Agency Sites site\",\"potentialAction\":[{\"@type\":\"SearchAction\",\"target\":{\"@type\":\"EntryPoint\",\"urlTemplate\":\"https:\/\/www.africa-press.net\/burundi\/?s={search_term_string}\"},\"query-input\":{\"@type\":\"PropertyValueSpecification\",\"valueRequired\":true,\"valueName\":\"search_term_string\"}}],\"inLanguage\":\"fr-FR\"},{\"@type\":\"Person\",\"@id\":\"https:\/\/www.africa-press.net\/burundi\/#\/schema\/person\/2b1cf3cd81a31e3cd26889ca66d677f1\",\"name\":\"cfeditorfr\"}]}<\/script>\n<!-- \/ Yoast SEO Premium plugin. -->","yoast_head_json":{"title":"Plus de 100 000 R\u00e9fugi\u00e9s Congolais Accueillis depuis Janvier - Burundi","description":"\u00abDepuis le de\u0301but de cette anne\u0301e 2025, le Burundi, pays frontalier de la RDC, a fraternellement accueilli plus de 100 0 ...","robots":{"index":"index","follow":"follow","max-snippet":"max-snippet:-1","max-image-preview":"max-image-preview:large","max-video-preview":"max-video-preview:-1"},"canonical":"https:\/\/www.africa-press.net\/burundi\/politique\/plus-de-100-000-refugies-congolais-accueillis-depuis-janvier","og_locale":"fr_FR","og_type":"article","og_title":"Plus de 100 000 R\u00e9fugi\u00e9s Congolais Accueillis depuis Janvier","og_description":"\u00abDepuis le de\u0301but de cette anne\u0301e 2025, le Burundi, pays frontalier de la RDC, a fraternellement accueilli plus de 100 0 ...","og_url":"https:\/\/www.africa-press.net\/burundi\/politique\/plus-de-100-000-refugies-congolais-accueillis-depuis-janvier","og_site_name":"Burundi","article_published_time":"2025-05-28T14:00:00+00:00","article_modified_time":"2025-05-29T00:41:07+00:00","og_image":[{"width":863,"height":486,"url":"https:\/\/static.africa-press.net\/burundi\/sites\/47\/2025\/05\/sm_1748507818.849825.jpg","type":"image\/jpeg"}],"author":"cfeditorfr","twitter_card":"summary_large_image","twitter_misc":{"\u00c9crit par":"cfeditorfr","Dur\u00e9e de lecture estim\u00e9e":"4 minutes"},"schema":{"@context":"https:\/\/schema.org","@graph":[{"@type":"Article","@id":"https:\/\/www.africa-press.net\/burundi\/politique\/plus-de-100-000-refugies-congolais-accueillis-depuis-janvier#article","isPartOf":{"@id":"https:\/\/www.africa-press.net\/burundi\/politique\/plus-de-100-000-refugies-congolais-accueillis-depuis-janvier"},"author":{"name":"cfeditorfr","@id":"https:\/\/www.africa-press.net\/burundi\/#\/schema\/person\/2b1cf3cd81a31e3cd26889ca66d677f1"},"headline":"Plus de 100 000 R\u00e9fugi\u00e9s Congolais Accueillis depuis Janvier","datePublished":"2025-05-28T14:00:00+00:00","dateModified":"2025-05-29T00:41:07+00:00","mainEntityOfPage":{"@id":"https:\/\/www.africa-press.net\/burundi\/politique\/plus-de-100-000-refugies-congolais-accueillis-depuis-janvier"},"wordCount":682,"commentCount":0,"image":{"@id":"https:\/\/www.africa-press.net\/burundi\/politique\/plus-de-100-000-refugies-congolais-accueillis-depuis-janvier#primaryimage"},"thumbnailUrl":"https:\/\/static.africa-press.net\/burundi\/sites\/47\/2025\/05\/sm_1748507818.849825.jpg","keywords":["100 000 r\u00e9fugi\u00e9s","Albert Shingiro","Burundi","Depuis janvier","RDC"],"articleSection":["Politique","Top Nouvelles","Toutes les actualit\u00e9s"],"inLanguage":"fr-FR","potentialAction":[{"@type":"CommentAction","name":"Comment","target":["https:\/\/www.africa-press.net\/burundi\/politique\/plus-de-100-000-refugies-congolais-accueillis-depuis-janvier#respond"]}]},{"@type":"WebPage","@id":"https:\/\/www.africa-press.net\/burundi\/politique\/plus-de-100-000-refugies-congolais-accueillis-depuis-janvier","url":"https:\/\/www.africa-press.net\/burundi\/politique\/plus-de-100-000-refugies-congolais-accueillis-depuis-janvier","name":"Plus de 100 000 R\u00e9fugi\u00e9s Congolais Accueillis depuis Janvier - Burundi","isPartOf":{"@id":"https:\/\/www.africa-press.net\/burundi\/#website"},"primaryImageOfPage":{"@id":"https:\/\/www.africa-press.net\/burundi\/politique\/plus-de-100-000-refugies-congolais-accueillis-depuis-janvier#primaryimage"},"image":{"@id":"https:\/\/www.africa-press.net\/burundi\/politique\/plus-de-100-000-refugies-congolais-accueillis-depuis-janvier#primaryimage"},"thumbnailUrl":"https:\/\/static.africa-press.net\/burundi\/sites\/47\/2025\/05\/sm_1748507818.849825.jpg","datePublished":"2025-05-28T14:00:00+00:00","dateModified":"2025-05-29T00:41:07+00:00","author":{"@id":"https:\/\/www.africa-press.net\/burundi\/#\/schema\/person\/2b1cf3cd81a31e3cd26889ca66d677f1"},"description":"\u00abDepuis le de\u0301but de cette anne\u0301e 2025, le Burundi, pays frontalier de la RDC, a fraternellement accueilli plus de 100 0 ...","breadcrumb":{"@id":"https:\/\/www.africa-press.net\/burundi\/politique\/plus-de-100-000-refugies-congolais-accueillis-depuis-janvier#breadcrumb"},"inLanguage":"fr-FR","potentialAction":[{"@type":"ReadAction","target":["https:\/\/www.africa-press.net\/burundi\/politique\/plus-de-100-000-refugies-congolais-accueillis-depuis-janvier"]}]},{"@type":"ImageObject","inLanguage":"fr-FR","@id":"https:\/\/www.africa-press.net\/burundi\/politique\/plus-de-100-000-refugies-congolais-accueillis-depuis-janvier#primaryimage","url":"https:\/\/static.africa-press.net\/burundi\/sites\/47\/2025\/05\/sm_1748507818.849825.jpg","contentUrl":"https:\/\/static.africa-press.net\/burundi\/sites\/47\/2025\/05\/sm_1748507818.849825.jpg","width":863,"height":486,"caption":"Plus de 100 000 R\u00e9fugi\u00e9s Congolais Accueillis depuis Janvier"},{"@type":"BreadcrumbList","@id":"https:\/\/www.africa-press.net\/burundi\/politique\/plus-de-100-000-refugies-congolais-accueillis-depuis-janvier#breadcrumb","itemListElement":[{"@type":"ListItem","position":1,"name":"Accueil","item":"https:\/\/www.africa-press.net\/burundi\/"},{"@type":"ListItem","position":2,"name":"Plus de 100 000 R\u00e9fugi\u00e9s Congolais Accueillis depuis Janvier"}]},{"@type":"WebSite","@id":"https:\/\/www.africa-press.net\/burundi\/#website","url":"https:\/\/www.africa-press.net\/burundi\/","name":"Burundi","description":"Just another Africa News Agency Sites site","potentialAction":[{"@type":"SearchAction","target":{"@type":"EntryPoint","urlTemplate":"https:\/\/www.africa-press.net\/burundi\/?s={search_term_string}"},"query-input":{"@type":"PropertyValueSpecification","valueRequired":true,"valueName":"search_term_string"}}],"inLanguage":"fr-FR"},{"@type":"Person","@id":"https:\/\/www.africa-press.net\/burundi\/#\/schema\/person\/2b1cf3cd81a31e3cd26889ca66d677f1","name":"cfeditorfr"}]}},"_links":{"self":[{"href":"https:\/\/www.africa-press.net\/burundi\/wp-json\/wp\/v2\/posts\/23909","targetHints":{"allow":["GET"]}}],"collection":[{"href":"https:\/\/www.africa-press.net\/burundi\/wp-json\/wp\/v2\/posts"}],"about":[{"href":"https:\/\/www.africa-press.net\/burundi\/wp-json\/wp\/v2\/types\/post"}],"author":[{"embeddable":true,"href":"https:\/\/www.africa-press.net\/burundi\/wp-json\/wp\/v2\/users\/82"}],"replies":[{"embeddable":true,"href":"https:\/\/www.africa-press.net\/burundi\/wp-json\/wp\/v2\/comments?post=23909"}],"version-history":[{"count":0,"href":"https:\/\/www.africa-press.net\/burundi\/wp-json\/wp\/v2\/posts\/23909\/revisions"}],"wp:featuredmedia":[{"embeddable":true,"href":"https:\/\/www.africa-press.net\/burundi\/wp-json\/wp\/v2\/media\/23908"}],"wp:attachment":[{"href":"https:\/\/www.africa-press.net\/burundi\/wp-json\/wp\/v2\/media?parent=23909"}],"wp:term":[{"taxonomy":"category","embeddable":true,"href":"https:\/\/www.africa-press.net\/burundi\/wp-json\/wp\/v2\/categories?post=23909"},{"taxonomy":"post_tag","embeddable":true,"href":"https:\/\/www.africa-press.net\/burundi\/wp-json\/wp\/v2\/tags?post=23909"}],"curies":[{"name":"wp","href":"https:\/\/api.w.org\/{rel}","templated":true}]}}