{"id":24115,"date":"2025-05-30T20:12:44","date_gmt":"2025-05-30T20:12:44","guid":{"rendered":"https:\/\/www.africa-press.net\/burundi\/politique\/burundi-2025-raddes-a-mwaro-espoirs-et-passe"},"modified":"2025-05-31T20:55:26","modified_gmt":"2025-05-31T20:55:26","slug":"burundi-2025-raddes-a-mwaro-espoirs-et-passe","status":"publish","type":"post","link":"https:\/\/www.africa-press.net\/burundi\/parties\/burundi-2025-raddes-a-mwaro-espoirs-et-passe","title":{"rendered":"Burundi 2025: RADDES A\u0300 Mwaro, Espoirs et Passe\u0301"},"content":{"rendered":"<p><span style=\"color: #ff6600\"><strong>Africa-Press &#8211; Burundi. <\/strong><\/span>Accueilli par ses \u201cBagenderangingo\u201d, Dr Ndikumana Sudi tente de redorer l\u2019image d\u2019un parti autrefois associe\u0301 aux divisions ethniques.<\/p>\n<p>A\u0300 quelques jours des e\u0301lections le\u0301gislatives et communales de juin 2025, l\u2019ambiance est e\u0301lectrique dans la commune Mwaro. Ici, le RADDES (Ralliement pour la De\u0301mocratie et le De\u0301veloppement E\u0301conomique et Social), un parti politique au passe\u0301 controverse\u0301, tente une reconque\u0302te.<\/p>\n<p>Son leader, Dr Ndikumana Sudi, a e\u0301te\u0301 accueilli chaleureusement par ses militants, les \u201cBagenderangingo\u201c. Un moment de liesse qui ne doit pas faire oublier l\u2019histoire complexe de ce parti, souvent associe\u0301 aux divisions ethniques et aux anne\u0301es de dictature.<\/p>\n<p>Devant ses partisans, le pre\u0301sident du RADDES a de\u0301voile\u0301 son programme: redonner espoir aux jeunes et aux retraite\u0301s ; ame\u0301liorer l\u2019acce\u0300s aux soins de sante\u0301 ; construire un ho\u0302pital moderne a\u0300 Gitega pour e\u0301viter les e\u0301vacuations cou\u0302teuses. \u201cNous plac\u0327ons la jeunesse au premier plan\u201c, a-t-il insiste\u0301, tout en saluant les efforts du gouvernement actuel.<\/p>\n<p>Le RADDES, classe\u0301 sous les nume\u0301ros 16 a\u0300 Bujumbura et 12 a\u0300 Gitega, espe\u0300re bien redorer son image. Mais pour beaucoup d\u2019e\u0301lecteurs, les vieux de\u0301mons du passe\u0301 \u2013 instrumentalisation ethnique, autoritarisme \u2013 restent en me\u0301moire. La campagne 2025 sera-t-elle l\u2019occasion d\u2019un vrai renouveau? Re\u0301ponse dans les urnes.<\/p>\n<p>Depuis le 19e\u0300me sie\u0300cle, les Barundi, peuple de l\u2019Ubungoma (la Cosmologie Sacre\u0301e du Tambour: Karyenda), associe\u0301s a\u0300 leurs ance\u0302tres, sont en guerre contre l\u2019Occident colonial et ne\u0301ocolonial, incluant l\u2019Angleterre, le Vatican, la France, l\u2019Allemagne, la Belgique et les E\u0301tats-Unis, en re\u0301ponse a\u0300 l\u2019agression continue de ces E\u0301tats contre Ingoma y\u2019Uburundi. Les Barundi, peuple d\u2019Ingoma y\u2019Uburundi, ont une longue histoire politique base\u0301e sur des alliances entre miryango autour d\u2019Ingoma, leur institution politique, et leur tambour, appele\u0301 Karyenda. C\u2019est le de\u0301cret colonial belge du 25 de\u0301cembre 1959 qui a introduit les partis politiques en lieu et place des miryango. En 1966, Ingoma a e\u0301te\u0301 remplace\u0301 par un E\u0301tat Ne\u0301ocolonial, la Re\u0301publique, une dictature militaire. En 1972, l\u2019Ubumu, le syste\u0300me socio-e\u0301conomique burundais, est de\u0301truit avec le Ge\u0301nocide contre les Hutu du Burundi [5], remplace\u0301 par l\u2019e\u0301conomie de marche\u0301 occidentale. En 1992, suite a\u0300 une influence de la France, l\u2019E\u0301tat Ne\u0301ocolonial a abandonne\u0301 la dictature militaire pour adopter la de\u0301mocratie, soit un Etat Ne\u0301ocolonial De\u0301mocratique. Depuis 2005, le Burundi organise re\u0301gulie\u0300rement des e\u0301lections de\u0301mocratiques tous les cinq ans. Pour en savoir plus sur la campagne e\u0301lectorale 2025, vous pouvez consulter le site CAMPAGNE ELECTORALE 2025 AU BURUNDI.<\/p>\n\r\n                <style type=\"text\/css\">\r\n                    \r\n                    #td_uid_1_69f0ecf8b7b50  .td-doubleSlider-2 .td-item1 {\r\n                        background: url(https:\/\/static.africa-press.net\/burundi\/sites\/47\/2025\/05\/sm_1748712105.196798-80x60.jpg) 0 0 no-repeat;\r\n                    }\r\n                    #td_uid_1_69f0ecf8b7b50  .td-doubleSlider-2 .td-item2 {\r\n                        background: url(https:\/\/static.africa-press.net\/burundi\/sites\/47\/2025\/05\/sm_1748712113.766084-80x60.jpg) 0 0 no-repeat;\r\n                    }\r\n                    #td_uid_1_69f0ecf8b7b50  .td-doubleSlider-2 .td-item3 {\r\n                        background: url(https:\/\/static.africa-press.net\/burundi\/sites\/47\/2025\/05\/sm_1748712124.232248-80x60.jpg) 0 0 no-repeat;\r\n                    }\r\n                <\/style>\r\n\r\n                <div id=\"td_uid_1_69f0ecf8b7b50\" class=\"td-gallery td-slide-on-2-columns\">\r\n                    <div class=\"post_td_gallery\">\r\n                        <div class=\"td-gallery-slide-top\">\r\n                           <div class=\"td-gallery-title\"><\/div>\r\n\r\n                            <div class=\"td-gallery-controls-wrapper\">\r\n                                <div class=\"td-gallery-slide-count\"><span class=\"td-gallery-slide-item-focus\">1<\/span> de 3<\/div>\r\n                                <div class=\"td-gallery-slide-prev-next-but\">\r\n                                    <i class = \"td-icon-left doubleSliderPrevButton\"><\/i>\r\n                                    <i class = \"td-icon-right doubleSliderNextButton\"><\/i>\r\n                                <\/div>\r\n                            <\/div>\r\n                        <\/div>\r\n\r\n                        <div class = \"td-doubleSlider-1 \">\r\n                            <div class = \"td-slider\">\r\n                                \r\n                    <div class = \"td-slide-item td-item1\">\r\n                        <figure class=\"td-slide-galery-figure td-slide-popup-gallery\">\r\n                            <a class=\"slide-gallery-image-link\" href=\"https:\/\/static.africa-press.net\/burundi\/sites\/47\/2025\/05\/sm_1748712105.196798.jpg\" title=\"sm_1748712105.196798\"  data-caption=\"\"  data-description=\"\">\r\n                                <img decoding=\"async\" src=\"https:\/\/static.africa-press.net\/burundi\/sites\/47\/2025\/05\/sm_1748712105.196798.jpg\" srcset=\"https:\/\/static.africa-press.net\/burundi\/sites\/47\/2025\/05\/sm_1748712105.196798.jpg 2048w, https:\/\/static.africa-press.net\/burundi\/sites\/47\/2025\/05\/sm_1748712105.196798-300x183.jpg 300w, https:\/\/static.africa-press.net\/burundi\/sites\/47\/2025\/05\/sm_1748712105.196798-1024x624.jpg 1024w, https:\/\/static.africa-press.net\/burundi\/sites\/47\/2025\/05\/sm_1748712105.196798-768x468.jpg 768w, https:\/\/static.africa-press.net\/burundi\/sites\/47\/2025\/05\/sm_1748712105.196798-1536x935.jpg 1536w\" sizes=\"(max-width: 2048px) 100vw, 2048px\" alt=\"\">\r\n                            <\/a>\r\n                            \r\n                        <\/figure>\r\n                    <\/div>\r\n                    <div class = \"td-slide-item td-item2\">\r\n                        <figure class=\"td-slide-galery-figure td-slide-popup-gallery\">\r\n                            <a class=\"slide-gallery-image-link\" href=\"https:\/\/static.africa-press.net\/burundi\/sites\/47\/2025\/05\/sm_1748712113.766084.jpg\" title=\"sm_1748712113.766084\"  data-caption=\"\"  data-description=\"\">\r\n                                <img decoding=\"async\" src=\"https:\/\/static.africa-press.net\/burundi\/sites\/47\/2025\/05\/sm_1748712113.766084.jpg\" srcset=\"https:\/\/static.africa-press.net\/burundi\/sites\/47\/2025\/05\/sm_1748712113.766084.jpg 2048w, https:\/\/static.africa-press.net\/burundi\/sites\/47\/2025\/05\/sm_1748712113.766084-300x200.jpg 300w, https:\/\/static.africa-press.net\/burundi\/sites\/47\/2025\/05\/sm_1748712113.766084-1024x683.jpg 1024w, https:\/\/static.africa-press.net\/burundi\/sites\/47\/2025\/05\/sm_1748712113.766084-768x512.jpg 768w, https:\/\/static.africa-press.net\/burundi\/sites\/47\/2025\/05\/sm_1748712113.766084-1536x1024.jpg 1536w\" sizes=\"(max-width: 2048px) 100vw, 2048px\" alt=\"\">\r\n                            <\/a>\r\n                            \r\n                        <\/figure>\r\n                    <\/div>\r\n                    <div class = \"td-slide-item td-item3\">\r\n                        <figure class=\"td-slide-galery-figure td-slide-popup-gallery\">\r\n                            <a class=\"slide-gallery-image-link\" href=\"https:\/\/static.africa-press.net\/burundi\/sites\/47\/2025\/05\/sm_1748712124.232248.jpg\" title=\"sm_1748712124.232248\"  data-caption=\"\"  data-description=\"\">\r\n                                <img decoding=\"async\" src=\"https:\/\/static.africa-press.net\/burundi\/sites\/47\/2025\/05\/sm_1748712124.232248.jpg\" srcset=\"https:\/\/static.africa-press.net\/burundi\/sites\/47\/2025\/05\/sm_1748712124.232248.jpg 2048w, https:\/\/static.africa-press.net\/burundi\/sites\/47\/2025\/05\/sm_1748712124.232248-300x175.jpg 300w, https:\/\/static.africa-press.net\/burundi\/sites\/47\/2025\/05\/sm_1748712124.232248-1024x598.jpg 1024w, https:\/\/static.africa-press.net\/burundi\/sites\/47\/2025\/05\/sm_1748712124.232248-768x449.jpg 768w, https:\/\/static.africa-press.net\/burundi\/sites\/47\/2025\/05\/sm_1748712124.232248-1536x897.jpg 1536w\" sizes=\"(max-width: 2048px) 100vw, 2048px\" alt=\"\">\r\n                            <\/a>\r\n                            \r\n                        <\/figure>\r\n                    <\/div>\r\n                            <\/div>\r\n                        <\/div>\r\n\r\n                        <div class = \"td-doubleSlider-2\">\r\n                            <div class = \"td-slider\">\r\n                                \r\n                    <div class = \"td-button td-item1\">\r\n                        <div class = \"td-border\"><\/div>\r\n                    <\/div>\r\n                    <div class = \"td-button td-item2\">\r\n                        <div class = \"td-border\"><\/div>\r\n                    <\/div>\r\n                    <div class = \"td-button td-item3\">\r\n                        <div class = \"td-border\"><\/div>\r\n                    <\/div>\r\n                            <\/div>\r\n                        <\/div>\r\n\r\n                    <\/div>\r\n\r\n                <\/div>\r\n                \n<p><strong>Pour plus d&rsquo;informations et d&rsquo;analyses sur la <span style=\"color: #ff6600\">Burundi<\/span>, suivez <span style=\"color: #ff6600\">Africa-Press<\/span><\/strong><\/p>\n","protected":false},"excerpt":{"rendered":"<p>Africa-Press &#8211; Burundi. Accueilli par ses \u201cBagenderangingo\u201d, Dr Ndikumana Sudi tente de redorer l\u2019image d\u2019un parti autrefois associe\u0301 aux divisions ethniques. A\u0300 quelques jours des e\u0301lections le\u0301gislatives et communales de juin 2025, l\u2019ambiance est e\u0301lectrique dans la commune Mwaro. Ici, le RADDES (Ralliement pour la De\u0301mocratie et le De\u0301veloppement E\u0301conomique et Social), un parti politique [&hellip;]<\/p>\n","protected":false},"author":82,"featured_media":24114,"comment_status":"open","ping_status":"closed","sticky":false,"template":"","format":"standard","meta":{"footnotes":""},"categories":[4,8,10],"tags":[45],"class_list":["post-24115","post","type-post","status-publish","format-standard","has-post-thumbnail","hentry","category-parties","category-photo","category-toutes-les-actualites","tag-burundi"],"yoast_head":"<!-- This site is optimized with the Yoast SEO Premium plugin v26.1 (Yoast SEO v27.0) - https:\/\/yoast.com\/product\/yoast-seo-premium-wordpress\/ -->\n<title>Burundi 2025: RADDES A\u0300 Mwaro, Espoirs et Passe\u0301 - Burundi<\/title>\n<meta name=\"description\" content=\"Accueilli par ses \u201cBagenderangingo\u201d, Dr Ndikumana Sudi tente de redorer l\u2019image d\u2019un parti autrefois associe\u0301 aux divisi ...\" \/>\n<meta name=\"robots\" content=\"index, follow, max-snippet:-1, max-image-preview:large, max-video-preview:-1\" \/>\n<link rel=\"canonical\" href=\"https:\/\/www.africa-press.net\/burundi\/parties\/burundi-2025-raddes-a-mwaro-espoirs-et-passe\" \/>\n<meta property=\"og:locale\" content=\"fr_FR\" \/>\n<meta property=\"og:type\" content=\"article\" \/>\n<meta property=\"og:title\" content=\"Burundi 2025: RADDES A\u0300 Mwaro, Espoirs et Passe\u0301\" \/>\n<meta property=\"og:description\" content=\"Accueilli par ses \u201cBagenderangingo\u201d, Dr Ndikumana Sudi tente de redorer l\u2019image d\u2019un parti autrefois associe\u0301 aux divisi ...\" \/>\n<meta property=\"og:url\" content=\"https:\/\/www.africa-press.net\/burundi\/parties\/burundi-2025-raddes-a-mwaro-espoirs-et-passe\" \/>\n<meta property=\"og:site_name\" content=\"Burundi\" \/>\n<meta property=\"article:published_time\" content=\"2025-05-30T20:12:44+00:00\" \/>\n<meta property=\"article:modified_time\" content=\"2025-05-31T20:55:26+00:00\" \/>\n<meta property=\"og:image\" content=\"https:\/\/static.africa-press.net\/burundi\/sites\/47\/2025\/05\/sm_1748712136.158705.jpg\" \/>\n\t<meta property=\"og:image:width\" content=\"1728\" \/>\n\t<meta property=\"og:image:height\" content=\"1008\" \/>\n\t<meta property=\"og:image:type\" content=\"image\/jpeg\" \/>\n<meta name=\"author\" content=\"cfeditorfr\" \/>\n<meta name=\"twitter:card\" content=\"summary_large_image\" \/>\n<meta name=\"twitter:label1\" content=\"\u00c9crit par\" \/>\n\t<meta name=\"twitter:data1\" content=\"cfeditorfr\" \/>\n\t<meta name=\"twitter:label2\" content=\"Dur\u00e9e de lecture estim\u00e9e\" \/>\n\t<meta name=\"twitter:data2\" content=\"3 minutes\" \/>\n<script type=\"application\/ld+json\" class=\"yoast-schema-graph\">{\"@context\":\"https:\/\/schema.org\",\"@graph\":[{\"@type\":\"Article\",\"@id\":\"https:\/\/www.africa-press.net\/burundi\/parties\/burundi-2025-raddes-a-mwaro-espoirs-et-passe#article\",\"isPartOf\":{\"@id\":\"https:\/\/www.africa-press.net\/burundi\/parties\/burundi-2025-raddes-a-mwaro-espoirs-et-passe\"},\"author\":{\"name\":\"cfeditorfr\",\"@id\":\"https:\/\/www.africa-press.net\/burundi\/#\/schema\/person\/2b1cf3cd81a31e3cd26889ca66d677f1\"},\"headline\":\"Burundi 2025: RADDES A\u0300 Mwaro, Espoirs et Passe\u0301\",\"datePublished\":\"2025-05-30T20:12:44+00:00\",\"dateModified\":\"2025-05-31T20:55:26+00:00\",\"mainEntityOfPage\":{\"@id\":\"https:\/\/www.africa-press.net\/burundi\/parties\/burundi-2025-raddes-a-mwaro-espoirs-et-passe\"},\"wordCount\":483,\"commentCount\":0,\"image\":{\"@id\":\"https:\/\/www.africa-press.net\/burundi\/parties\/burundi-2025-raddes-a-mwaro-espoirs-et-passe#primaryimage\"},\"thumbnailUrl\":\"https:\/\/static.africa-press.net\/burundi\/sites\/47\/2025\/05\/sm_1748712136.158705.jpg\",\"keywords\":[\"Burundi\"],\"articleSection\":[\"Parties\",\"Photo\",\"Toutes les actualit\u00e9s\"],\"inLanguage\":\"fr-FR\",\"potentialAction\":[{\"@type\":\"CommentAction\",\"name\":\"Comment\",\"target\":[\"https:\/\/www.africa-press.net\/burundi\/parties\/burundi-2025-raddes-a-mwaro-espoirs-et-passe#respond\"]}]},{\"@type\":\"WebPage\",\"@id\":\"https:\/\/www.africa-press.net\/burundi\/parties\/burundi-2025-raddes-a-mwaro-espoirs-et-passe\",\"url\":\"https:\/\/www.africa-press.net\/burundi\/parties\/burundi-2025-raddes-a-mwaro-espoirs-et-passe\",\"name\":\"Burundi 2025: RADDES A\u0300 Mwaro, Espoirs et Passe\u0301 - Burundi\",\"isPartOf\":{\"@id\":\"https:\/\/www.africa-press.net\/burundi\/#website\"},\"primaryImageOfPage\":{\"@id\":\"https:\/\/www.africa-press.net\/burundi\/parties\/burundi-2025-raddes-a-mwaro-espoirs-et-passe#primaryimage\"},\"image\":{\"@id\":\"https:\/\/www.africa-press.net\/burundi\/parties\/burundi-2025-raddes-a-mwaro-espoirs-et-passe#primaryimage\"},\"thumbnailUrl\":\"https:\/\/static.africa-press.net\/burundi\/sites\/47\/2025\/05\/sm_1748712136.158705.jpg\",\"datePublished\":\"2025-05-30T20:12:44+00:00\",\"dateModified\":\"2025-05-31T20:55:26+00:00\",\"author\":{\"@id\":\"https:\/\/www.africa-press.net\/burundi\/#\/schema\/person\/2b1cf3cd81a31e3cd26889ca66d677f1\"},\"description\":\"Accueilli par ses \u201cBagenderangingo\u201d, Dr Ndikumana Sudi tente de redorer l\u2019image d\u2019un parti autrefois associe\u0301 aux divisi ...\",\"breadcrumb\":{\"@id\":\"https:\/\/www.africa-press.net\/burundi\/parties\/burundi-2025-raddes-a-mwaro-espoirs-et-passe#breadcrumb\"},\"inLanguage\":\"fr-FR\",\"potentialAction\":[{\"@type\":\"ReadAction\",\"target\":[\"https:\/\/www.africa-press.net\/burundi\/parties\/burundi-2025-raddes-a-mwaro-espoirs-et-passe\"]}]},{\"@type\":\"ImageObject\",\"inLanguage\":\"fr-FR\",\"@id\":\"https:\/\/www.africa-press.net\/burundi\/parties\/burundi-2025-raddes-a-mwaro-espoirs-et-passe#primaryimage\",\"url\":\"https:\/\/static.africa-press.net\/burundi\/sites\/47\/2025\/05\/sm_1748712136.158705.jpg\",\"contentUrl\":\"https:\/\/static.africa-press.net\/burundi\/sites\/47\/2025\/05\/sm_1748712136.158705.jpg\",\"width\":1728,\"height\":1008,\"caption\":\"Burundi 2025: RADDES A\u0300 Mwaro, Espoirs et Passe\u0301\"},{\"@type\":\"BreadcrumbList\",\"@id\":\"https:\/\/www.africa-press.net\/burundi\/parties\/burundi-2025-raddes-a-mwaro-espoirs-et-passe#breadcrumb\",\"itemListElement\":[{\"@type\":\"ListItem\",\"position\":1,\"name\":\"Accueil\",\"item\":\"https:\/\/www.africa-press.net\/burundi\/\"},{\"@type\":\"ListItem\",\"position\":2,\"name\":\"Burundi 2025: RADDES A\u0300 Mwaro, Espoirs et Passe\u0301\"}]},{\"@type\":\"WebSite\",\"@id\":\"https:\/\/www.africa-press.net\/burundi\/#website\",\"url\":\"https:\/\/www.africa-press.net\/burundi\/\",\"name\":\"Burundi\",\"description\":\"Just another Africa News Agency Sites site\",\"potentialAction\":[{\"@type\":\"SearchAction\",\"target\":{\"@type\":\"EntryPoint\",\"urlTemplate\":\"https:\/\/www.africa-press.net\/burundi\/?s={search_term_string}\"},\"query-input\":{\"@type\":\"PropertyValueSpecification\",\"valueRequired\":true,\"valueName\":\"search_term_string\"}}],\"inLanguage\":\"fr-FR\"},{\"@type\":\"Person\",\"@id\":\"https:\/\/www.africa-press.net\/burundi\/#\/schema\/person\/2b1cf3cd81a31e3cd26889ca66d677f1\",\"name\":\"cfeditorfr\"}]}<\/script>\n<!-- \/ Yoast SEO Premium plugin. -->","yoast_head_json":{"title":"Burundi 2025: RADDES A\u0300 Mwaro, Espoirs et Passe\u0301 - Burundi","description":"Accueilli par ses \u201cBagenderangingo\u201d, Dr Ndikumana Sudi tente de redorer l\u2019image d\u2019un parti autrefois associe\u0301 aux divisi ...","robots":{"index":"index","follow":"follow","max-snippet":"max-snippet:-1","max-image-preview":"max-image-preview:large","max-video-preview":"max-video-preview:-1"},"canonical":"https:\/\/www.africa-press.net\/burundi\/parties\/burundi-2025-raddes-a-mwaro-espoirs-et-passe","og_locale":"fr_FR","og_type":"article","og_title":"Burundi 2025: RADDES A\u0300 Mwaro, Espoirs et Passe\u0301","og_description":"Accueilli par ses \u201cBagenderangingo\u201d, Dr Ndikumana Sudi tente de redorer l\u2019image d\u2019un parti autrefois associe\u0301 aux divisi ...","og_url":"https:\/\/www.africa-press.net\/burundi\/parties\/burundi-2025-raddes-a-mwaro-espoirs-et-passe","og_site_name":"Burundi","article_published_time":"2025-05-30T20:12:44+00:00","article_modified_time":"2025-05-31T20:55:26+00:00","og_image":[{"width":1728,"height":1008,"url":"https:\/\/static.africa-press.net\/burundi\/sites\/47\/2025\/05\/sm_1748712136.158705.jpg","type":"image\/jpeg"}],"author":"cfeditorfr","twitter_card":"summary_large_image","twitter_misc":{"\u00c9crit par":"cfeditorfr","Dur\u00e9e de lecture estim\u00e9e":"3 minutes"},"schema":{"@context":"https:\/\/schema.org","@graph":[{"@type":"Article","@id":"https:\/\/www.africa-press.net\/burundi\/parties\/burundi-2025-raddes-a-mwaro-espoirs-et-passe#article","isPartOf":{"@id":"https:\/\/www.africa-press.net\/burundi\/parties\/burundi-2025-raddes-a-mwaro-espoirs-et-passe"},"author":{"name":"cfeditorfr","@id":"https:\/\/www.africa-press.net\/burundi\/#\/schema\/person\/2b1cf3cd81a31e3cd26889ca66d677f1"},"headline":"Burundi 2025: RADDES A\u0300 Mwaro, Espoirs et Passe\u0301","datePublished":"2025-05-30T20:12:44+00:00","dateModified":"2025-05-31T20:55:26+00:00","mainEntityOfPage":{"@id":"https:\/\/www.africa-press.net\/burundi\/parties\/burundi-2025-raddes-a-mwaro-espoirs-et-passe"},"wordCount":483,"commentCount":0,"image":{"@id":"https:\/\/www.africa-press.net\/burundi\/parties\/burundi-2025-raddes-a-mwaro-espoirs-et-passe#primaryimage"},"thumbnailUrl":"https:\/\/static.africa-press.net\/burundi\/sites\/47\/2025\/05\/sm_1748712136.158705.jpg","keywords":["Burundi"],"articleSection":["Parties","Photo","Toutes les actualit\u00e9s"],"inLanguage":"fr-FR","potentialAction":[{"@type":"CommentAction","name":"Comment","target":["https:\/\/www.africa-press.net\/burundi\/parties\/burundi-2025-raddes-a-mwaro-espoirs-et-passe#respond"]}]},{"@type":"WebPage","@id":"https:\/\/www.africa-press.net\/burundi\/parties\/burundi-2025-raddes-a-mwaro-espoirs-et-passe","url":"https:\/\/www.africa-press.net\/burundi\/parties\/burundi-2025-raddes-a-mwaro-espoirs-et-passe","name":"Burundi 2025: RADDES A\u0300 Mwaro, Espoirs et Passe\u0301 - Burundi","isPartOf":{"@id":"https:\/\/www.africa-press.net\/burundi\/#website"},"primaryImageOfPage":{"@id":"https:\/\/www.africa-press.net\/burundi\/parties\/burundi-2025-raddes-a-mwaro-espoirs-et-passe#primaryimage"},"image":{"@id":"https:\/\/www.africa-press.net\/burundi\/parties\/burundi-2025-raddes-a-mwaro-espoirs-et-passe#primaryimage"},"thumbnailUrl":"https:\/\/static.africa-press.net\/burundi\/sites\/47\/2025\/05\/sm_1748712136.158705.jpg","datePublished":"2025-05-30T20:12:44+00:00","dateModified":"2025-05-31T20:55:26+00:00","author":{"@id":"https:\/\/www.africa-press.net\/burundi\/#\/schema\/person\/2b1cf3cd81a31e3cd26889ca66d677f1"},"description":"Accueilli par ses \u201cBagenderangingo\u201d, Dr Ndikumana Sudi tente de redorer l\u2019image d\u2019un parti autrefois associe\u0301 aux divisi ...","breadcrumb":{"@id":"https:\/\/www.africa-press.net\/burundi\/parties\/burundi-2025-raddes-a-mwaro-espoirs-et-passe#breadcrumb"},"inLanguage":"fr-FR","potentialAction":[{"@type":"ReadAction","target":["https:\/\/www.africa-press.net\/burundi\/parties\/burundi-2025-raddes-a-mwaro-espoirs-et-passe"]}]},{"@type":"ImageObject","inLanguage":"fr-FR","@id":"https:\/\/www.africa-press.net\/burundi\/parties\/burundi-2025-raddes-a-mwaro-espoirs-et-passe#primaryimage","url":"https:\/\/static.africa-press.net\/burundi\/sites\/47\/2025\/05\/sm_1748712136.158705.jpg","contentUrl":"https:\/\/static.africa-press.net\/burundi\/sites\/47\/2025\/05\/sm_1748712136.158705.jpg","width":1728,"height":1008,"caption":"Burundi 2025: RADDES A\u0300 Mwaro, Espoirs et Passe\u0301"},{"@type":"BreadcrumbList","@id":"https:\/\/www.africa-press.net\/burundi\/parties\/burundi-2025-raddes-a-mwaro-espoirs-et-passe#breadcrumb","itemListElement":[{"@type":"ListItem","position":1,"name":"Accueil","item":"https:\/\/www.africa-press.net\/burundi\/"},{"@type":"ListItem","position":2,"name":"Burundi 2025: RADDES A\u0300 Mwaro, Espoirs et Passe\u0301"}]},{"@type":"WebSite","@id":"https:\/\/www.africa-press.net\/burundi\/#website","url":"https:\/\/www.africa-press.net\/burundi\/","name":"Burundi","description":"Just another Africa News Agency Sites site","potentialAction":[{"@type":"SearchAction","target":{"@type":"EntryPoint","urlTemplate":"https:\/\/www.africa-press.net\/burundi\/?s={search_term_string}"},"query-input":{"@type":"PropertyValueSpecification","valueRequired":true,"valueName":"search_term_string"}}],"inLanguage":"fr-FR"},{"@type":"Person","@id":"https:\/\/www.africa-press.net\/burundi\/#\/schema\/person\/2b1cf3cd81a31e3cd26889ca66d677f1","name":"cfeditorfr"}]}},"_links":{"self":[{"href":"https:\/\/www.africa-press.net\/burundi\/wp-json\/wp\/v2\/posts\/24115","targetHints":{"allow":["GET"]}}],"collection":[{"href":"https:\/\/www.africa-press.net\/burundi\/wp-json\/wp\/v2\/posts"}],"about":[{"href":"https:\/\/www.africa-press.net\/burundi\/wp-json\/wp\/v2\/types\/post"}],"author":[{"embeddable":true,"href":"https:\/\/www.africa-press.net\/burundi\/wp-json\/wp\/v2\/users\/82"}],"replies":[{"embeddable":true,"href":"https:\/\/www.africa-press.net\/burundi\/wp-json\/wp\/v2\/comments?post=24115"}],"version-history":[{"count":0,"href":"https:\/\/www.africa-press.net\/burundi\/wp-json\/wp\/v2\/posts\/24115\/revisions"}],"wp:featuredmedia":[{"embeddable":true,"href":"https:\/\/www.africa-press.net\/burundi\/wp-json\/wp\/v2\/media\/24114"}],"wp:attachment":[{"href":"https:\/\/www.africa-press.net\/burundi\/wp-json\/wp\/v2\/media?parent=24115"}],"wp:term":[{"taxonomy":"category","embeddable":true,"href":"https:\/\/www.africa-press.net\/burundi\/wp-json\/wp\/v2\/categories?post=24115"},{"taxonomy":"post_tag","embeddable":true,"href":"https:\/\/www.africa-press.net\/burundi\/wp-json\/wp\/v2\/tags?post=24115"}],"curies":[{"name":"wp","href":"https:\/\/api.w.org\/{rel}","templated":true}]}}