{"id":24833,"date":"2025-07-08T14:00:00","date_gmt":"2025-07-08T14:00:00","guid":{"rendered":"https:\/\/www.africa-press.net\/burundi\/politique\/burundi-et-banque-mondiale-pour-croissance-durable"},"modified":"2025-07-09T00:21:48","modified_gmt":"2025-07-09T00:21:48","slug":"burundi-et-banque-mondiale-pour-croissance-durable","status":"publish","type":"post","link":"https:\/\/www.africa-press.net\/burundi\/politique\/burundi-et-banque-mondiale-pour-croissance-durable","title":{"rendered":"Burundi et Banque Mondiale pour Croissance Durable"},"content":{"rendered":"<p><span style=\"color: #ff6600\"><strong>Africa-Press &#8211; Burundi. <\/strong><\/span>Le Pre\u0301sident de la Re\u0301publique du Burundi, Son Excellence Evariste Ndayishimiye, a rec\u0327u en audience ce mardi 8 juillet 2025 au Palais de Gitega, Dr Zarau Wendeline Kibwe, nouvel administrateur du Burundi au Conseil d\u2019administration du Groupe de la Banque Mondiale.<\/p>\n<p>Les e\u0301changes ont porte\u0301 sur le renforcement de la coope\u0301ration entre le Burundi et la Banque Mondiale, et sur les moyens pour le Burundi de tirer pleinement parti des opportunite\u0301s offertes par cette institution dans le cadre de la mise en \u0153uvre de la Vision du Burundi pays e\u0301mergent en 2040 et pays de\u0301veloppe\u0301 en 2060.<\/p>\n<p>\u00ab Nous saluons la qualite\u0301 de la collaboration actuelle entre le Burundi et la Banque Mondiale \u00bb, a tenu a\u0300 pre\u0301ciser le Nume\u0301ro un burundais tout en souhaitant la bienvenue au nouveau repre\u0301sentant et en lui adressant ses v\u0153ux de succe\u0300s dans sa mission. Il a par ailleurs exprime\u0301 le souhait de voir cette coope\u0301ration s\u2019intensifier au be\u0301ne\u0301fice du de\u0301veloppement durable du pays.<\/p>\n<p>De nationalite\u0301 tanzanienne, Dr Zarau Wendeline Kibwe qui repre\u0301sente 22 pays d\u2019Afrique de l\u2019Est et du Sud au sein du Conseil d\u2019administration de la Banque Mondiale, a re\u0301affirme\u0301 sa volonte\u0301 de soutenir activement les priorite\u0301s du Burundi, en particulier dans les secteurs porteurs.<\/p>\n<p>Cet entretien a mis en lumie\u0300re des domaines strate\u0301giques tels que l\u2019employabilite\u0301 des jeunes, la construction du chemin de fer reliant le Burundi a\u0300 la Tanzanie, ainsi que la valorisation des ressources naturelles dont regorge le Burundi. Ces projets cle\u0301s, selon les deux parties, permettront de dynamiser l\u2019e\u0301conomie nationale et d\u2019acce\u0301le\u0301rer la marche vers un Burundi e\u0301mergent.<\/p>\n<p><strong>Pour plus d&rsquo;informations et d&rsquo;analyses sur la <span style=\"color: #ff6600\">Burundi<\/span>, suivez <span style=\"color: #ff6600\">Africa-Press<\/span><\/strong><\/p>\n","protected":false},"excerpt":{"rendered":"<p>Africa-Press &#8211; Burundi. Le Pre\u0301sident de la Re\u0301publique du Burundi, Son Excellence Evariste Ndayishimiye, a rec\u0327u en audience ce mardi 8 juillet 2025 au Palais de Gitega, Dr Zarau Wendeline Kibwe, nouvel administrateur du Burundi au Conseil d\u2019administration du Groupe de la Banque Mondiale. Les e\u0301changes ont porte\u0301 sur le renforcement de la coope\u0301ration entre [&hellip;]<\/p>\n","protected":false},"author":82,"featured_media":24832,"comment_status":"open","ping_status":"closed","sticky":false,"template":"","format":"standard","meta":{"footnotes":""},"categories":[3,2,49,20,10],"tags":[45],"class_list":["post-24833","post","type-post","status-publish","format-standard","has-post-thumbnail","hentry","category-economie","category-politique","category-to-homepage","category-top-nouvelles","category-toutes-les-actualites","tag-burundi"],"yoast_head":"<!-- This site is optimized with the Yoast SEO Premium plugin v26.1 (Yoast SEO v27.0) - https:\/\/yoast.com\/product\/yoast-seo-premium-wordpress\/ -->\n<title>Burundi et Banque Mondiale pour Croissance Durable - Burundi<\/title>\n<meta name=\"description\" content=\"Le Pre\u0301sident de la Re\u0301publique du Burundi, Son Excellence Evariste Ndayishimiye, a rec\u0327u en audience ce mardi 8 juillet ...\" \/>\n<meta name=\"robots\" content=\"index, follow, max-snippet:-1, max-image-preview:large, max-video-preview:-1\" \/>\n<link rel=\"canonical\" href=\"https:\/\/www.africa-press.net\/burundi\/politique\/burundi-et-banque-mondiale-pour-croissance-durable\" \/>\n<meta property=\"og:locale\" content=\"fr_FR\" \/>\n<meta property=\"og:type\" content=\"article\" \/>\n<meta property=\"og:title\" content=\"Burundi et Banque Mondiale pour Croissance Durable\" \/>\n<meta property=\"og:description\" content=\"Le Pre\u0301sident de la Re\u0301publique du Burundi, Son Excellence Evariste Ndayishimiye, a rec\u0327u en audience ce mardi 8 juillet ...\" \/>\n<meta property=\"og:url\" content=\"https:\/\/www.africa-press.net\/burundi\/politique\/burundi-et-banque-mondiale-pour-croissance-durable\" \/>\n<meta property=\"og:site_name\" content=\"Burundi\" \/>\n<meta property=\"article:published_time\" content=\"2025-07-08T14:00:00+00:00\" \/>\n<meta property=\"article:modified_time\" content=\"2025-07-09T00:21:48+00:00\" \/>\n<meta property=\"og:image\" content=\"https:\/\/static.africa-press.net\/burundi\/sites\/47\/2025\/07\/sm_1752049183.270251.jpg\" \/>\n\t<meta property=\"og:image:width\" content=\"1280\" \/>\n\t<meta property=\"og:image:height\" content=\"720\" \/>\n\t<meta property=\"og:image:type\" content=\"image\/jpeg\" \/>\n<meta name=\"author\" content=\"cfeditorfr\" \/>\n<meta name=\"twitter:card\" content=\"summary_large_image\" \/>\n<meta name=\"twitter:label1\" content=\"\u00c9crit par\" \/>\n\t<meta name=\"twitter:data1\" content=\"cfeditorfr\" \/>\n\t<meta name=\"twitter:label2\" content=\"Dur\u00e9e de lecture estim\u00e9e\" \/>\n\t<meta name=\"twitter:data2\" content=\"2 minutes\" \/>\n<script type=\"application\/ld+json\" class=\"yoast-schema-graph\">{\"@context\":\"https:\/\/schema.org\",\"@graph\":[{\"@type\":\"Article\",\"@id\":\"https:\/\/www.africa-press.net\/burundi\/politique\/burundi-et-banque-mondiale-pour-croissance-durable#article\",\"isPartOf\":{\"@id\":\"https:\/\/www.africa-press.net\/burundi\/politique\/burundi-et-banque-mondiale-pour-croissance-durable\"},\"author\":{\"name\":\"cfeditorfr\",\"@id\":\"https:\/\/www.africa-press.net\/burundi\/#\/schema\/person\/2b1cf3cd81a31e3cd26889ca66d677f1\"},\"headline\":\"Burundi et Banque Mondiale pour Croissance Durable\",\"datePublished\":\"2025-07-08T14:00:00+00:00\",\"dateModified\":\"2025-07-09T00:21:48+00:00\",\"mainEntityOfPage\":{\"@id\":\"https:\/\/www.africa-press.net\/burundi\/politique\/burundi-et-banque-mondiale-pour-croissance-durable\"},\"wordCount\":310,\"commentCount\":0,\"image\":{\"@id\":\"https:\/\/www.africa-press.net\/burundi\/politique\/burundi-et-banque-mondiale-pour-croissance-durable#primaryimage\"},\"thumbnailUrl\":\"https:\/\/static.africa-press.net\/burundi\/sites\/47\/2025\/07\/sm_1752049183.270251.jpg\",\"keywords\":[\"Burundi\"],\"articleSection\":[\"\u00c9conomie\",\"Politique\",\"to-homepage\",\"Top Nouvelles\",\"Toutes les actualit\u00e9s\"],\"inLanguage\":\"fr-FR\",\"potentialAction\":[{\"@type\":\"CommentAction\",\"name\":\"Comment\",\"target\":[\"https:\/\/www.africa-press.net\/burundi\/politique\/burundi-et-banque-mondiale-pour-croissance-durable#respond\"]}]},{\"@type\":\"WebPage\",\"@id\":\"https:\/\/www.africa-press.net\/burundi\/politique\/burundi-et-banque-mondiale-pour-croissance-durable\",\"url\":\"https:\/\/www.africa-press.net\/burundi\/politique\/burundi-et-banque-mondiale-pour-croissance-durable\",\"name\":\"Burundi et Banque Mondiale pour Croissance Durable - Burundi\",\"isPartOf\":{\"@id\":\"https:\/\/www.africa-press.net\/burundi\/#website\"},\"primaryImageOfPage\":{\"@id\":\"https:\/\/www.africa-press.net\/burundi\/politique\/burundi-et-banque-mondiale-pour-croissance-durable#primaryimage\"},\"image\":{\"@id\":\"https:\/\/www.africa-press.net\/burundi\/politique\/burundi-et-banque-mondiale-pour-croissance-durable#primaryimage\"},\"thumbnailUrl\":\"https:\/\/static.africa-press.net\/burundi\/sites\/47\/2025\/07\/sm_1752049183.270251.jpg\",\"datePublished\":\"2025-07-08T14:00:00+00:00\",\"dateModified\":\"2025-07-09T00:21:48+00:00\",\"author\":{\"@id\":\"https:\/\/www.africa-press.net\/burundi\/#\/schema\/person\/2b1cf3cd81a31e3cd26889ca66d677f1\"},\"description\":\"Le Pre\u0301sident de la Re\u0301publique du Burundi, Son Excellence Evariste Ndayishimiye, a rec\u0327u en audience ce mardi 8 juillet ...\",\"breadcrumb\":{\"@id\":\"https:\/\/www.africa-press.net\/burundi\/politique\/burundi-et-banque-mondiale-pour-croissance-durable#breadcrumb\"},\"inLanguage\":\"fr-FR\",\"potentialAction\":[{\"@type\":\"ReadAction\",\"target\":[\"https:\/\/www.africa-press.net\/burundi\/politique\/burundi-et-banque-mondiale-pour-croissance-durable\"]}]},{\"@type\":\"ImageObject\",\"inLanguage\":\"fr-FR\",\"@id\":\"https:\/\/www.africa-press.net\/burundi\/politique\/burundi-et-banque-mondiale-pour-croissance-durable#primaryimage\",\"url\":\"https:\/\/static.africa-press.net\/burundi\/sites\/47\/2025\/07\/sm_1752049183.270251.jpg\",\"contentUrl\":\"https:\/\/static.africa-press.net\/burundi\/sites\/47\/2025\/07\/sm_1752049183.270251.jpg\",\"width\":1280,\"height\":720,\"caption\":\"Burundi et Banque Mondiale pour Croissance Durable\"},{\"@type\":\"BreadcrumbList\",\"@id\":\"https:\/\/www.africa-press.net\/burundi\/politique\/burundi-et-banque-mondiale-pour-croissance-durable#breadcrumb\",\"itemListElement\":[{\"@type\":\"ListItem\",\"position\":1,\"name\":\"Accueil\",\"item\":\"https:\/\/www.africa-press.net\/burundi\/\"},{\"@type\":\"ListItem\",\"position\":2,\"name\":\"Burundi et Banque Mondiale pour Croissance Durable\"}]},{\"@type\":\"WebSite\",\"@id\":\"https:\/\/www.africa-press.net\/burundi\/#website\",\"url\":\"https:\/\/www.africa-press.net\/burundi\/\",\"name\":\"Burundi\",\"description\":\"Just another Africa News Agency Sites site\",\"potentialAction\":[{\"@type\":\"SearchAction\",\"target\":{\"@type\":\"EntryPoint\",\"urlTemplate\":\"https:\/\/www.africa-press.net\/burundi\/?s={search_term_string}\"},\"query-input\":{\"@type\":\"PropertyValueSpecification\",\"valueRequired\":true,\"valueName\":\"search_term_string\"}}],\"inLanguage\":\"fr-FR\"},{\"@type\":\"Person\",\"@id\":\"https:\/\/www.africa-press.net\/burundi\/#\/schema\/person\/2b1cf3cd81a31e3cd26889ca66d677f1\",\"name\":\"cfeditorfr\"}]}<\/script>\n<!-- \/ Yoast SEO Premium plugin. -->","yoast_head_json":{"title":"Burundi et Banque Mondiale pour Croissance Durable - Burundi","description":"Le Pre\u0301sident de la Re\u0301publique du Burundi, Son Excellence Evariste Ndayishimiye, a rec\u0327u en audience ce mardi 8 juillet ...","robots":{"index":"index","follow":"follow","max-snippet":"max-snippet:-1","max-image-preview":"max-image-preview:large","max-video-preview":"max-video-preview:-1"},"canonical":"https:\/\/www.africa-press.net\/burundi\/politique\/burundi-et-banque-mondiale-pour-croissance-durable","og_locale":"fr_FR","og_type":"article","og_title":"Burundi et Banque Mondiale pour Croissance Durable","og_description":"Le Pre\u0301sident de la Re\u0301publique du Burundi, Son Excellence Evariste Ndayishimiye, a rec\u0327u en audience ce mardi 8 juillet ...","og_url":"https:\/\/www.africa-press.net\/burundi\/politique\/burundi-et-banque-mondiale-pour-croissance-durable","og_site_name":"Burundi","article_published_time":"2025-07-08T14:00:00+00:00","article_modified_time":"2025-07-09T00:21:48+00:00","og_image":[{"width":1280,"height":720,"url":"https:\/\/static.africa-press.net\/burundi\/sites\/47\/2025\/07\/sm_1752049183.270251.jpg","type":"image\/jpeg"}],"author":"cfeditorfr","twitter_card":"summary_large_image","twitter_misc":{"\u00c9crit par":"cfeditorfr","Dur\u00e9e de lecture estim\u00e9e":"2 minutes"},"schema":{"@context":"https:\/\/schema.org","@graph":[{"@type":"Article","@id":"https:\/\/www.africa-press.net\/burundi\/politique\/burundi-et-banque-mondiale-pour-croissance-durable#article","isPartOf":{"@id":"https:\/\/www.africa-press.net\/burundi\/politique\/burundi-et-banque-mondiale-pour-croissance-durable"},"author":{"name":"cfeditorfr","@id":"https:\/\/www.africa-press.net\/burundi\/#\/schema\/person\/2b1cf3cd81a31e3cd26889ca66d677f1"},"headline":"Burundi et Banque Mondiale pour Croissance Durable","datePublished":"2025-07-08T14:00:00+00:00","dateModified":"2025-07-09T00:21:48+00:00","mainEntityOfPage":{"@id":"https:\/\/www.africa-press.net\/burundi\/politique\/burundi-et-banque-mondiale-pour-croissance-durable"},"wordCount":310,"commentCount":0,"image":{"@id":"https:\/\/www.africa-press.net\/burundi\/politique\/burundi-et-banque-mondiale-pour-croissance-durable#primaryimage"},"thumbnailUrl":"https:\/\/static.africa-press.net\/burundi\/sites\/47\/2025\/07\/sm_1752049183.270251.jpg","keywords":["Burundi"],"articleSection":["\u00c9conomie","Politique","to-homepage","Top Nouvelles","Toutes les actualit\u00e9s"],"inLanguage":"fr-FR","potentialAction":[{"@type":"CommentAction","name":"Comment","target":["https:\/\/www.africa-press.net\/burundi\/politique\/burundi-et-banque-mondiale-pour-croissance-durable#respond"]}]},{"@type":"WebPage","@id":"https:\/\/www.africa-press.net\/burundi\/politique\/burundi-et-banque-mondiale-pour-croissance-durable","url":"https:\/\/www.africa-press.net\/burundi\/politique\/burundi-et-banque-mondiale-pour-croissance-durable","name":"Burundi et Banque Mondiale pour Croissance Durable - Burundi","isPartOf":{"@id":"https:\/\/www.africa-press.net\/burundi\/#website"},"primaryImageOfPage":{"@id":"https:\/\/www.africa-press.net\/burundi\/politique\/burundi-et-banque-mondiale-pour-croissance-durable#primaryimage"},"image":{"@id":"https:\/\/www.africa-press.net\/burundi\/politique\/burundi-et-banque-mondiale-pour-croissance-durable#primaryimage"},"thumbnailUrl":"https:\/\/static.africa-press.net\/burundi\/sites\/47\/2025\/07\/sm_1752049183.270251.jpg","datePublished":"2025-07-08T14:00:00+00:00","dateModified":"2025-07-09T00:21:48+00:00","author":{"@id":"https:\/\/www.africa-press.net\/burundi\/#\/schema\/person\/2b1cf3cd81a31e3cd26889ca66d677f1"},"description":"Le Pre\u0301sident de la Re\u0301publique du Burundi, Son Excellence Evariste Ndayishimiye, a rec\u0327u en audience ce mardi 8 juillet ...","breadcrumb":{"@id":"https:\/\/www.africa-press.net\/burundi\/politique\/burundi-et-banque-mondiale-pour-croissance-durable#breadcrumb"},"inLanguage":"fr-FR","potentialAction":[{"@type":"ReadAction","target":["https:\/\/www.africa-press.net\/burundi\/politique\/burundi-et-banque-mondiale-pour-croissance-durable"]}]},{"@type":"ImageObject","inLanguage":"fr-FR","@id":"https:\/\/www.africa-press.net\/burundi\/politique\/burundi-et-banque-mondiale-pour-croissance-durable#primaryimage","url":"https:\/\/static.africa-press.net\/burundi\/sites\/47\/2025\/07\/sm_1752049183.270251.jpg","contentUrl":"https:\/\/static.africa-press.net\/burundi\/sites\/47\/2025\/07\/sm_1752049183.270251.jpg","width":1280,"height":720,"caption":"Burundi et Banque Mondiale pour Croissance Durable"},{"@type":"BreadcrumbList","@id":"https:\/\/www.africa-press.net\/burundi\/politique\/burundi-et-banque-mondiale-pour-croissance-durable#breadcrumb","itemListElement":[{"@type":"ListItem","position":1,"name":"Accueil","item":"https:\/\/www.africa-press.net\/burundi\/"},{"@type":"ListItem","position":2,"name":"Burundi et Banque Mondiale pour Croissance Durable"}]},{"@type":"WebSite","@id":"https:\/\/www.africa-press.net\/burundi\/#website","url":"https:\/\/www.africa-press.net\/burundi\/","name":"Burundi","description":"Just another Africa News Agency Sites site","potentialAction":[{"@type":"SearchAction","target":{"@type":"EntryPoint","urlTemplate":"https:\/\/www.africa-press.net\/burundi\/?s={search_term_string}"},"query-input":{"@type":"PropertyValueSpecification","valueRequired":true,"valueName":"search_term_string"}}],"inLanguage":"fr-FR"},{"@type":"Person","@id":"https:\/\/www.africa-press.net\/burundi\/#\/schema\/person\/2b1cf3cd81a31e3cd26889ca66d677f1","name":"cfeditorfr"}]}},"_links":{"self":[{"href":"https:\/\/www.africa-press.net\/burundi\/wp-json\/wp\/v2\/posts\/24833","targetHints":{"allow":["GET"]}}],"collection":[{"href":"https:\/\/www.africa-press.net\/burundi\/wp-json\/wp\/v2\/posts"}],"about":[{"href":"https:\/\/www.africa-press.net\/burundi\/wp-json\/wp\/v2\/types\/post"}],"author":[{"embeddable":true,"href":"https:\/\/www.africa-press.net\/burundi\/wp-json\/wp\/v2\/users\/82"}],"replies":[{"embeddable":true,"href":"https:\/\/www.africa-press.net\/burundi\/wp-json\/wp\/v2\/comments?post=24833"}],"version-history":[{"count":0,"href":"https:\/\/www.africa-press.net\/burundi\/wp-json\/wp\/v2\/posts\/24833\/revisions"}],"wp:featuredmedia":[{"embeddable":true,"href":"https:\/\/www.africa-press.net\/burundi\/wp-json\/wp\/v2\/media\/24832"}],"wp:attachment":[{"href":"https:\/\/www.africa-press.net\/burundi\/wp-json\/wp\/v2\/media?parent=24833"}],"wp:term":[{"taxonomy":"category","embeddable":true,"href":"https:\/\/www.africa-press.net\/burundi\/wp-json\/wp\/v2\/categories?post=24833"},{"taxonomy":"post_tag","embeddable":true,"href":"https:\/\/www.africa-press.net\/burundi\/wp-json\/wp\/v2\/tags?post=24833"}],"curies":[{"name":"wp","href":"https:\/\/api.w.org\/{rel}","templated":true}]}}