{"id":25351,"date":"2025-08-06T14:00:00","date_gmt":"2025-08-06T14:00:00","guid":{"rendered":"https:\/\/www.africa-press.net\/burundi\/politique\/nouveau-gouvernement-etabli-par-le-chef-de-letat"},"modified":"2025-08-06T21:05:17","modified_gmt":"2025-08-06T21:05:17","slug":"nouveau-gouvernement-etabli-par-le-chef-de-letat","status":"publish","type":"post","link":"https:\/\/www.africa-press.net\/burundi\/politique\/nouveau-gouvernement-etabli-par-le-chef-de-letat","title":{"rendered":"Nouveau Gouvernement \u00c9tabli par le Chef de L&rsquo;\u00c9tat"},"content":{"rendered":"<p><span style=\"color: #ff6600\"><strong>Africa-Press &#8211; Burundi. <\/strong><\/span>Le Pre\u0301sident burundais a nomme\u0301 mardi soir un nouveau cabinet ministe\u0301riel a\u0300 la suite des e\u0301lections parlementaires et communales organise\u0301es le 5 juin et le 23 juillet derniers.<\/p>\n<p>Chapeaute\u0301 par le tout nouveau premier ministre Nestor Ntahontuye, ancien ministre des finances, le nouveau cabinet ministe\u0301riel est compose\u0301 de 13 ministres, contre 15 pour le gouvernement sortant.<\/p>\n<p>Seuls trois ministres de l\u2019ancien gouvernement ont e\u0301te\u0301 retenus dans la nouvelle e\u0301quipe.<\/p>\n<p>Ce remaniement ministe\u0301riel intervient au lendemain des e\u0301lections le\u0301gislatives et communales et se\u0301natoriales remporte\u0301es par le parti pre\u0301sidentiel, CNDD-FDD (Conseil national pour la de\u0301fense de la de\u0301mocratie-Forces de de\u0301fense de la de\u0301mocratie), ancien mouvement rebelle.<\/p>\n<p>Sur les 34 partis agre\u0301e\u0301s, seul le parti au pouvoir est repre\u0301sente\u0301 dans les institutions. Le 5 juin, le parti au pouvoir est sorti unique vainqueur des le\u0301gislatives avec 96.2% des voix exprime\u0301es.<\/p>\n<p>Aucun autre parti n\u2019a atteint le seuil minimal de 2% exige\u0301 pour sie\u0301ger a\u0300 l\u2019Assemble\u0301e nationale.<\/p>\n<p>D\u2019apre\u0300s la constitution du 18 juin 2018, les se\u0301nateurs et les de\u0301pute\u0301s sont e\u0301lus pour un mandat de 5 ans alors que le Chef de l\u2019Etat est e\u0301lu pour un mandat de 7 ans. L\u2019e\u0301lection pre\u0301sidentielle est ainsi attendue en 2027.<\/p>\n<p><strong>Pour plus d&rsquo;informations et d&rsquo;analyses sur la <span style=\"color: #ff6600\">Burundi<\/span>, suivez <span style=\"color: #ff6600\">Africa-Press<\/span><\/strong><\/p>\n","protected":false},"excerpt":{"rendered":"<p>Africa-Press &#8211; Burundi. Le Pre\u0301sident burundais a nomme\u0301 mardi soir un nouveau cabinet ministe\u0301riel a\u0300 la suite des e\u0301lections parlementaires et communales organise\u0301es le 5 juin et le 23 juillet derniers. Chapeaute\u0301 par le tout nouveau premier ministre Nestor Ntahontuye, ancien ministre des finances, le nouveau cabinet ministe\u0301riel est compose\u0301 de 13 ministres, contre 15 [&hellip;]<\/p>\n","protected":false},"author":82,"featured_media":25350,"comment_status":"open","ping_status":"closed","sticky":false,"template":"","format":"standard","meta":{"footnotes":""},"categories":[2,49,20,10],"tags":[45],"class_list":["post-25351","post","type-post","status-publish","format-standard","has-post-thumbnail","hentry","category-politique","category-to-homepage","category-top-nouvelles","category-toutes-les-actualites","tag-burundi"],"yoast_head":"<!-- This site is optimized with the Yoast SEO Premium plugin v26.1 (Yoast SEO v27.0) - https:\/\/yoast.com\/product\/yoast-seo-premium-wordpress\/ -->\n<title>Nouveau Gouvernement \u00c9tabli par le Chef de L&#039;\u00c9tat - Burundi<\/title>\n<meta name=\"description\" content=\"Le Pre\u0301sident burundais a nomme\u0301 mardi soir un nouveau cabinet ministe\u0301riel a\u0300 la suite des e\u0301lections parlementaires et ...\" \/>\n<meta name=\"robots\" content=\"index, follow, max-snippet:-1, max-image-preview:large, max-video-preview:-1\" \/>\n<link rel=\"canonical\" href=\"https:\/\/www.africa-press.net\/burundi\/politique\/nouveau-gouvernement-etabli-par-le-chef-de-letat\" \/>\n<meta property=\"og:locale\" content=\"fr_FR\" \/>\n<meta property=\"og:type\" content=\"article\" \/>\n<meta property=\"og:title\" content=\"Nouveau Gouvernement \u00c9tabli par le Chef de L&#039;\u00c9tat\" \/>\n<meta property=\"og:description\" content=\"Le Pre\u0301sident burundais a nomme\u0301 mardi soir un nouveau cabinet ministe\u0301riel a\u0300 la suite des e\u0301lections parlementaires et ...\" \/>\n<meta property=\"og:url\" content=\"https:\/\/www.africa-press.net\/burundi\/politique\/nouveau-gouvernement-etabli-par-le-chef-de-letat\" \/>\n<meta property=\"og:site_name\" content=\"Burundi\" \/>\n<meta property=\"article:published_time\" content=\"2025-08-06T14:00:00+00:00\" \/>\n<meta property=\"article:modified_time\" content=\"2025-08-06T21:05:17+00:00\" \/>\n<meta property=\"og:image\" content=\"https:\/\/static.africa-press.net\/burundi\/sites\/47\/2025\/08\/sm_1754543065.548241.jpg\" \/>\n\t<meta property=\"og:image:width\" content=\"864\" \/>\n\t<meta property=\"og:image:height\" content=\"486\" \/>\n\t<meta property=\"og:image:type\" content=\"image\/jpeg\" \/>\n<meta name=\"author\" content=\"cfeditorfr\" \/>\n<meta name=\"twitter:card\" content=\"summary_large_image\" \/>\n<meta name=\"twitter:label1\" content=\"\u00c9crit par\" \/>\n\t<meta name=\"twitter:data1\" content=\"cfeditorfr\" \/>\n\t<meta name=\"twitter:label2\" content=\"Dur\u00e9e de lecture estim\u00e9e\" \/>\n\t<meta name=\"twitter:data2\" content=\"2 minutes\" \/>\n<script type=\"application\/ld+json\" class=\"yoast-schema-graph\">{\"@context\":\"https:\/\/schema.org\",\"@graph\":[{\"@type\":\"Article\",\"@id\":\"https:\/\/www.africa-press.net\/burundi\/politique\/nouveau-gouvernement-etabli-par-le-chef-de-letat#article\",\"isPartOf\":{\"@id\":\"https:\/\/www.africa-press.net\/burundi\/politique\/nouveau-gouvernement-etabli-par-le-chef-de-letat\"},\"author\":{\"name\":\"cfeditorfr\",\"@id\":\"https:\/\/www.africa-press.net\/burundi\/#\/schema\/person\/2b1cf3cd81a31e3cd26889ca66d677f1\"},\"headline\":\"Nouveau Gouvernement \u00c9tabli par le Chef de L&rsquo;\u00c9tat\",\"datePublished\":\"2025-08-06T14:00:00+00:00\",\"dateModified\":\"2025-08-06T21:05:17+00:00\",\"mainEntityOfPage\":{\"@id\":\"https:\/\/www.africa-press.net\/burundi\/politique\/nouveau-gouvernement-etabli-par-le-chef-de-letat\"},\"wordCount\":243,\"commentCount\":0,\"image\":{\"@id\":\"https:\/\/www.africa-press.net\/burundi\/politique\/nouveau-gouvernement-etabli-par-le-chef-de-letat#primaryimage\"},\"thumbnailUrl\":\"https:\/\/static.africa-press.net\/burundi\/sites\/47\/2025\/08\/sm_1754543065.548241.jpg\",\"keywords\":[\"Burundi\"],\"articleSection\":[\"Politique\",\"to-homepage\",\"Top Nouvelles\",\"Toutes les actualit\u00e9s\"],\"inLanguage\":\"fr-FR\",\"potentialAction\":[{\"@type\":\"CommentAction\",\"name\":\"Comment\",\"target\":[\"https:\/\/www.africa-press.net\/burundi\/politique\/nouveau-gouvernement-etabli-par-le-chef-de-letat#respond\"]}]},{\"@type\":\"WebPage\",\"@id\":\"https:\/\/www.africa-press.net\/burundi\/politique\/nouveau-gouvernement-etabli-par-le-chef-de-letat\",\"url\":\"https:\/\/www.africa-press.net\/burundi\/politique\/nouveau-gouvernement-etabli-par-le-chef-de-letat\",\"name\":\"Nouveau Gouvernement \u00c9tabli par le Chef de L'\u00c9tat - Burundi\",\"isPartOf\":{\"@id\":\"https:\/\/www.africa-press.net\/burundi\/#website\"},\"primaryImageOfPage\":{\"@id\":\"https:\/\/www.africa-press.net\/burundi\/politique\/nouveau-gouvernement-etabli-par-le-chef-de-letat#primaryimage\"},\"image\":{\"@id\":\"https:\/\/www.africa-press.net\/burundi\/politique\/nouveau-gouvernement-etabli-par-le-chef-de-letat#primaryimage\"},\"thumbnailUrl\":\"https:\/\/static.africa-press.net\/burundi\/sites\/47\/2025\/08\/sm_1754543065.548241.jpg\",\"datePublished\":\"2025-08-06T14:00:00+00:00\",\"dateModified\":\"2025-08-06T21:05:17+00:00\",\"author\":{\"@id\":\"https:\/\/www.africa-press.net\/burundi\/#\/schema\/person\/2b1cf3cd81a31e3cd26889ca66d677f1\"},\"description\":\"Le Pre\u0301sident burundais a nomme\u0301 mardi soir un nouveau cabinet ministe\u0301riel a\u0300 la suite des e\u0301lections parlementaires et ...\",\"breadcrumb\":{\"@id\":\"https:\/\/www.africa-press.net\/burundi\/politique\/nouveau-gouvernement-etabli-par-le-chef-de-letat#breadcrumb\"},\"inLanguage\":\"fr-FR\",\"potentialAction\":[{\"@type\":\"ReadAction\",\"target\":[\"https:\/\/www.africa-press.net\/burundi\/politique\/nouveau-gouvernement-etabli-par-le-chef-de-letat\"]}]},{\"@type\":\"ImageObject\",\"inLanguage\":\"fr-FR\",\"@id\":\"https:\/\/www.africa-press.net\/burundi\/politique\/nouveau-gouvernement-etabli-par-le-chef-de-letat#primaryimage\",\"url\":\"https:\/\/static.africa-press.net\/burundi\/sites\/47\/2025\/08\/sm_1754543065.548241.jpg\",\"contentUrl\":\"https:\/\/static.africa-press.net\/burundi\/sites\/47\/2025\/08\/sm_1754543065.548241.jpg\",\"width\":864,\"height\":486,\"caption\":\"Nouveau Gouvernement \u00c9tabli par le Chef de L'\u00c9tat\"},{\"@type\":\"BreadcrumbList\",\"@id\":\"https:\/\/www.africa-press.net\/burundi\/politique\/nouveau-gouvernement-etabli-par-le-chef-de-letat#breadcrumb\",\"itemListElement\":[{\"@type\":\"ListItem\",\"position\":1,\"name\":\"Accueil\",\"item\":\"https:\/\/www.africa-press.net\/burundi\/\"},{\"@type\":\"ListItem\",\"position\":2,\"name\":\"Nouveau Gouvernement \u00c9tabli par le Chef de L&#8217;\u00c9tat\"}]},{\"@type\":\"WebSite\",\"@id\":\"https:\/\/www.africa-press.net\/burundi\/#website\",\"url\":\"https:\/\/www.africa-press.net\/burundi\/\",\"name\":\"Burundi\",\"description\":\"Just another Africa News Agency Sites site\",\"potentialAction\":[{\"@type\":\"SearchAction\",\"target\":{\"@type\":\"EntryPoint\",\"urlTemplate\":\"https:\/\/www.africa-press.net\/burundi\/?s={search_term_string}\"},\"query-input\":{\"@type\":\"PropertyValueSpecification\",\"valueRequired\":true,\"valueName\":\"search_term_string\"}}],\"inLanguage\":\"fr-FR\"},{\"@type\":\"Person\",\"@id\":\"https:\/\/www.africa-press.net\/burundi\/#\/schema\/person\/2b1cf3cd81a31e3cd26889ca66d677f1\",\"name\":\"cfeditorfr\"}]}<\/script>\n<!-- \/ Yoast SEO Premium plugin. -->","yoast_head_json":{"title":"Nouveau Gouvernement \u00c9tabli par le Chef de L'\u00c9tat - Burundi","description":"Le Pre\u0301sident burundais a nomme\u0301 mardi soir un nouveau cabinet ministe\u0301riel a\u0300 la suite des e\u0301lections parlementaires et ...","robots":{"index":"index","follow":"follow","max-snippet":"max-snippet:-1","max-image-preview":"max-image-preview:large","max-video-preview":"max-video-preview:-1"},"canonical":"https:\/\/www.africa-press.net\/burundi\/politique\/nouveau-gouvernement-etabli-par-le-chef-de-letat","og_locale":"fr_FR","og_type":"article","og_title":"Nouveau Gouvernement \u00c9tabli par le Chef de L'\u00c9tat","og_description":"Le Pre\u0301sident burundais a nomme\u0301 mardi soir un nouveau cabinet ministe\u0301riel a\u0300 la suite des e\u0301lections parlementaires et ...","og_url":"https:\/\/www.africa-press.net\/burundi\/politique\/nouveau-gouvernement-etabli-par-le-chef-de-letat","og_site_name":"Burundi","article_published_time":"2025-08-06T14:00:00+00:00","article_modified_time":"2025-08-06T21:05:17+00:00","og_image":[{"width":864,"height":486,"url":"https:\/\/static.africa-press.net\/burundi\/sites\/47\/2025\/08\/sm_1754543065.548241.jpg","type":"image\/jpeg"}],"author":"cfeditorfr","twitter_card":"summary_large_image","twitter_misc":{"\u00c9crit par":"cfeditorfr","Dur\u00e9e de lecture estim\u00e9e":"2 minutes"},"schema":{"@context":"https:\/\/schema.org","@graph":[{"@type":"Article","@id":"https:\/\/www.africa-press.net\/burundi\/politique\/nouveau-gouvernement-etabli-par-le-chef-de-letat#article","isPartOf":{"@id":"https:\/\/www.africa-press.net\/burundi\/politique\/nouveau-gouvernement-etabli-par-le-chef-de-letat"},"author":{"name":"cfeditorfr","@id":"https:\/\/www.africa-press.net\/burundi\/#\/schema\/person\/2b1cf3cd81a31e3cd26889ca66d677f1"},"headline":"Nouveau Gouvernement \u00c9tabli par le Chef de L&rsquo;\u00c9tat","datePublished":"2025-08-06T14:00:00+00:00","dateModified":"2025-08-06T21:05:17+00:00","mainEntityOfPage":{"@id":"https:\/\/www.africa-press.net\/burundi\/politique\/nouveau-gouvernement-etabli-par-le-chef-de-letat"},"wordCount":243,"commentCount":0,"image":{"@id":"https:\/\/www.africa-press.net\/burundi\/politique\/nouveau-gouvernement-etabli-par-le-chef-de-letat#primaryimage"},"thumbnailUrl":"https:\/\/static.africa-press.net\/burundi\/sites\/47\/2025\/08\/sm_1754543065.548241.jpg","keywords":["Burundi"],"articleSection":["Politique","to-homepage","Top Nouvelles","Toutes les actualit\u00e9s"],"inLanguage":"fr-FR","potentialAction":[{"@type":"CommentAction","name":"Comment","target":["https:\/\/www.africa-press.net\/burundi\/politique\/nouveau-gouvernement-etabli-par-le-chef-de-letat#respond"]}]},{"@type":"WebPage","@id":"https:\/\/www.africa-press.net\/burundi\/politique\/nouveau-gouvernement-etabli-par-le-chef-de-letat","url":"https:\/\/www.africa-press.net\/burundi\/politique\/nouveau-gouvernement-etabli-par-le-chef-de-letat","name":"Nouveau Gouvernement \u00c9tabli par le Chef de L'\u00c9tat - Burundi","isPartOf":{"@id":"https:\/\/www.africa-press.net\/burundi\/#website"},"primaryImageOfPage":{"@id":"https:\/\/www.africa-press.net\/burundi\/politique\/nouveau-gouvernement-etabli-par-le-chef-de-letat#primaryimage"},"image":{"@id":"https:\/\/www.africa-press.net\/burundi\/politique\/nouveau-gouvernement-etabli-par-le-chef-de-letat#primaryimage"},"thumbnailUrl":"https:\/\/static.africa-press.net\/burundi\/sites\/47\/2025\/08\/sm_1754543065.548241.jpg","datePublished":"2025-08-06T14:00:00+00:00","dateModified":"2025-08-06T21:05:17+00:00","author":{"@id":"https:\/\/www.africa-press.net\/burundi\/#\/schema\/person\/2b1cf3cd81a31e3cd26889ca66d677f1"},"description":"Le Pre\u0301sident burundais a nomme\u0301 mardi soir un nouveau cabinet ministe\u0301riel a\u0300 la suite des e\u0301lections parlementaires et ...","breadcrumb":{"@id":"https:\/\/www.africa-press.net\/burundi\/politique\/nouveau-gouvernement-etabli-par-le-chef-de-letat#breadcrumb"},"inLanguage":"fr-FR","potentialAction":[{"@type":"ReadAction","target":["https:\/\/www.africa-press.net\/burundi\/politique\/nouveau-gouvernement-etabli-par-le-chef-de-letat"]}]},{"@type":"ImageObject","inLanguage":"fr-FR","@id":"https:\/\/www.africa-press.net\/burundi\/politique\/nouveau-gouvernement-etabli-par-le-chef-de-letat#primaryimage","url":"https:\/\/static.africa-press.net\/burundi\/sites\/47\/2025\/08\/sm_1754543065.548241.jpg","contentUrl":"https:\/\/static.africa-press.net\/burundi\/sites\/47\/2025\/08\/sm_1754543065.548241.jpg","width":864,"height":486,"caption":"Nouveau Gouvernement \u00c9tabli par le Chef de L'\u00c9tat"},{"@type":"BreadcrumbList","@id":"https:\/\/www.africa-press.net\/burundi\/politique\/nouveau-gouvernement-etabli-par-le-chef-de-letat#breadcrumb","itemListElement":[{"@type":"ListItem","position":1,"name":"Accueil","item":"https:\/\/www.africa-press.net\/burundi\/"},{"@type":"ListItem","position":2,"name":"Nouveau Gouvernement \u00c9tabli par le Chef de L&#8217;\u00c9tat"}]},{"@type":"WebSite","@id":"https:\/\/www.africa-press.net\/burundi\/#website","url":"https:\/\/www.africa-press.net\/burundi\/","name":"Burundi","description":"Just another Africa News Agency Sites site","potentialAction":[{"@type":"SearchAction","target":{"@type":"EntryPoint","urlTemplate":"https:\/\/www.africa-press.net\/burundi\/?s={search_term_string}"},"query-input":{"@type":"PropertyValueSpecification","valueRequired":true,"valueName":"search_term_string"}}],"inLanguage":"fr-FR"},{"@type":"Person","@id":"https:\/\/www.africa-press.net\/burundi\/#\/schema\/person\/2b1cf3cd81a31e3cd26889ca66d677f1","name":"cfeditorfr"}]}},"_links":{"self":[{"href":"https:\/\/www.africa-press.net\/burundi\/wp-json\/wp\/v2\/posts\/25351","targetHints":{"allow":["GET"]}}],"collection":[{"href":"https:\/\/www.africa-press.net\/burundi\/wp-json\/wp\/v2\/posts"}],"about":[{"href":"https:\/\/www.africa-press.net\/burundi\/wp-json\/wp\/v2\/types\/post"}],"author":[{"embeddable":true,"href":"https:\/\/www.africa-press.net\/burundi\/wp-json\/wp\/v2\/users\/82"}],"replies":[{"embeddable":true,"href":"https:\/\/www.africa-press.net\/burundi\/wp-json\/wp\/v2\/comments?post=25351"}],"version-history":[{"count":0,"href":"https:\/\/www.africa-press.net\/burundi\/wp-json\/wp\/v2\/posts\/25351\/revisions"}],"wp:featuredmedia":[{"embeddable":true,"href":"https:\/\/www.africa-press.net\/burundi\/wp-json\/wp\/v2\/media\/25350"}],"wp:attachment":[{"href":"https:\/\/www.africa-press.net\/burundi\/wp-json\/wp\/v2\/media?parent=25351"}],"wp:term":[{"taxonomy":"category","embeddable":true,"href":"https:\/\/www.africa-press.net\/burundi\/wp-json\/wp\/v2\/categories?post=25351"},{"taxonomy":"post_tag","embeddable":true,"href":"https:\/\/www.africa-press.net\/burundi\/wp-json\/wp\/v2\/tags?post=25351"}],"curies":[{"name":"wp","href":"https:\/\/api.w.org\/{rel}","templated":true}]}}