{"id":25384,"date":"2025-08-08T14:00:00","date_gmt":"2025-08-08T14:00:00","guid":{"rendered":"https:\/\/www.africa-press.net\/burundi\/politique\/hcr-salue-accueil-exemplaire-des-refugies-congolais"},"modified":"2025-08-08T20:49:08","modified_gmt":"2025-08-08T20:49:08","slug":"hcr-salue-accueil-exemplaire-des-refugies-congolais","status":"publish","type":"post","link":"https:\/\/www.africa-press.net\/burundi\/politique\/hcr-salue-accueil-exemplaire-des-refugies-congolais","title":{"rendered":"HCR Salue Accueil Exemplaire des R\u00e9fugi\u00e9s Congolais"},"content":{"rendered":"<p><span style=\"color: #ff6600\"><strong>Africa-Press &#8211; Burundi. <\/strong><\/span>Ce jeudi 8 aou\u0302t 2025, le Pre\u0301sident de la Re\u0301publique du Burundi, Son Excellence E\u0301variste Ndayishimiye, a rec\u0327u au Palais Ntare Rushatsi, une de\u0301le\u0301gation conduite par M. Mamadou Dian Balde\u0301, Directeur du Bureau re\u0301gional du Haut-Commissariat des Nations Unies pour les Re\u0301fugie\u0301s (HCR) pour l\u2019Afrique de l\u2019Est, la Corne de l\u2019Afrique et les Grands Lacs. Cette visite avait pour objectif de transmettre un message de fe\u0301licitations et de reconnaissance au peuple burundais pour l\u2019accueil, la gestion et l\u2019assistance apporte\u0301s aux re\u0301fugie\u0301s en provenance de la Re\u0301publique De\u0301mocratique du Congo (RDC).<\/p>\n<p>Au cours de l\u2019entretien, M. Mamadou Dian Balde\u0301 a salue\u0301 les efforts et l\u2019esprit d\u2019humanite\u0301 qui caracte\u0301risent le Burundi dans sa prise en charge des re\u0301fugie\u0301s congolais ayant fui les violences dans l\u2019est de la RDC. Il a souligne\u0301 que le Burundi a mis en place les conditions ne\u0301cessaires permettant a\u0300 certains re\u0301fugie\u0301s disposant de moyens financiers, de subvenir eux-me\u0302mes a\u0300 leurs besoins, et a exprime\u0301 la reconnaissance du HCR pour ces dispositions.<\/p>\n<p>La de\u0301le\u0301gation a e\u0301galement plaide\u0301 pour que les re\u0301fugie\u0301s ayant les moyens de s\u2019installer a\u0300 Bujumbura ou dans d\u2019autres localite\u0301s en dehors des camps puissent le faire, a\u0300 condition qu\u2019ils soient pre\u0301alablement enregistre\u0301s.<\/p>\n<p>Par ailleurs, M. Mamadou Dian Balde\u0301 a e\u0301voque\u0301 la situation des re\u0301fugie\u0301s burundais vivant dans la Sous-Re\u0301gion et souhaitant rentrer au pays. Il a encourage\u0301 la mise en place des conditions facilitant leur retour volontaire et leur re\u0301inte\u0301gration sociale dans les meilleures conditions.<\/p>\n<p>Le Chef de l\u2019E\u0301tat, apre\u0300s avoir souhaite\u0301 la bienvenue a\u0300 son ho\u0302te, a re\u0301affirme\u0301 que le Burundi est aujourd\u2019hui paisible, engage\u0301 a\u0300 soutenir d\u2019autres nations dans leurs efforts de paix. Il a rappele\u0301 que les re\u0301fugie\u0301s congolais ont be\u0301ne\u0301ficie\u0301 de l\u2019hospitalite\u0301 le\u0301gendaire du peuple burundais et a remercie\u0301 tous ceux qui ont de\u0301ja\u0300 contribue\u0301 a\u0300 leur assistance. Il a e\u0301galement invite\u0301 le HCR a\u0300 poursuivre son appui au Burundi pour garantir le bien-e\u0302tre de ces populations vulne\u0301rables.<\/p>\n<p>Concernant le retour des re\u0301fugie\u0301s burundais de la sous-re\u0301gion, le Pre\u0301sident Ndayishimiye a assure\u0301 que le pays est pre\u0302t a\u0300 les accueillir et a\u0300 faciliter leur re\u0301installation. Pour ceux qui n\u2019ont plus de repe\u0300res en termes de terres d\u2019origine, des terres seront mises a\u0300 leur disposition afin de favoriser leur inte\u0301gration socioe\u0301conomique.<\/p>\n<p>Quant aux re\u0301fugie\u0301s congolais ayant des moyens de s\u2019installer a\u0300 Bujumbura ou dans d\u2019autres localite\u0301s en dehors des camps, leurs cas seront e\u0301tudie\u0301s cas par cas pour question de se\u0301curite\u0301.<\/p>\n<p>Le Chef de l\u2019E\u0301tat a conclu l\u2019entretien en souhaitant a\u0300 M. Mamadou Dian Balde\u0301 un agre\u0301able se\u0301jour au Burundi et en re\u0301ite\u0301rant sa volonte\u0301 de renforcer la coope\u0301ration avec le HCR au service des re\u0301fugie\u0301s.<\/p>\n<p><strong>Pour plus d&rsquo;informations et d&rsquo;analyses sur la <span style=\"color: #ff6600\">Burundi<\/span>, suivez <span style=\"color: #ff6600\">Africa-Press<\/span><\/strong><\/p>\n","protected":false},"excerpt":{"rendered":"<p>Africa-Press &#8211; Burundi. Ce jeudi 8 aou\u0302t 2025, le Pre\u0301sident de la Re\u0301publique du Burundi, Son Excellence E\u0301variste Ndayishimiye, a rec\u0327u au Palais Ntare Rushatsi, une de\u0301le\u0301gation conduite par M. Mamadou Dian Balde\u0301, Directeur du Bureau re\u0301gional du Haut-Commissariat des Nations Unies pour les Re\u0301fugie\u0301s (HCR) pour l\u2019Afrique de l\u2019Est, la Corne de l\u2019Afrique et [&hellip;]<\/p>\n","protected":false},"author":82,"featured_media":25383,"comment_status":"open","ping_status":"closed","sticky":false,"template":"","format":"standard","meta":{"footnotes":""},"categories":[2,49,20,10],"tags":[45],"class_list":["post-25384","post","type-post","status-publish","format-standard","has-post-thumbnail","hentry","category-politique","category-to-homepage","category-top-nouvelles","category-toutes-les-actualites","tag-burundi"],"yoast_head":"<!-- This site is optimized with the Yoast SEO Premium plugin v26.1 (Yoast SEO v27.0) - https:\/\/yoast.com\/product\/yoast-seo-premium-wordpress\/ -->\n<title>HCR Salue Accueil Exemplaire des R\u00e9fugi\u00e9s Congolais - Burundi<\/title>\n<meta name=\"description\" content=\"Ce jeudi 8 aou\u0302t 2025, le Pre\u0301sident de la Re\u0301publique du Burundi, Son Excellence E\u0301variste Ndayishimiye, a rec\u0327u au Pal ...\" \/>\n<meta name=\"robots\" content=\"index, follow, max-snippet:-1, max-image-preview:large, max-video-preview:-1\" \/>\n<link rel=\"canonical\" href=\"https:\/\/www.africa-press.net\/burundi\/politique\/hcr-salue-accueil-exemplaire-des-refugies-congolais\" \/>\n<meta property=\"og:locale\" content=\"fr_FR\" \/>\n<meta property=\"og:type\" content=\"article\" \/>\n<meta property=\"og:title\" content=\"HCR Salue Accueil Exemplaire des R\u00e9fugi\u00e9s Congolais\" \/>\n<meta property=\"og:description\" content=\"Ce jeudi 8 aou\u0302t 2025, le Pre\u0301sident de la Re\u0301publique du Burundi, Son Excellence E\u0301variste Ndayishimiye, a rec\u0327u au Pal ...\" \/>\n<meta property=\"og:url\" content=\"https:\/\/www.africa-press.net\/burundi\/politique\/hcr-salue-accueil-exemplaire-des-refugies-congolais\" \/>\n<meta property=\"og:site_name\" content=\"Burundi\" \/>\n<meta property=\"article:published_time\" content=\"2025-08-08T14:00:00+00:00\" \/>\n<meta property=\"article:modified_time\" content=\"2025-08-08T20:49:08+00:00\" \/>\n<meta property=\"og:image\" content=\"https:\/\/static.africa-press.net\/burundi\/sites\/47\/2025\/08\/sm_1754714922.582809.jpg\" \/>\n\t<meta property=\"og:image:width\" content=\"1280\" \/>\n\t<meta property=\"og:image:height\" content=\"720\" \/>\n\t<meta property=\"og:image:type\" content=\"image\/jpeg\" \/>\n<meta name=\"author\" content=\"cfeditorfr\" \/>\n<meta name=\"twitter:card\" content=\"summary_large_image\" \/>\n<meta name=\"twitter:label1\" content=\"\u00c9crit par\" \/>\n\t<meta name=\"twitter:data1\" content=\"cfeditorfr\" \/>\n\t<meta name=\"twitter:label2\" content=\"Dur\u00e9e de lecture estim\u00e9e\" \/>\n\t<meta name=\"twitter:data2\" content=\"3 minutes\" \/>\n<script type=\"application\/ld+json\" class=\"yoast-schema-graph\">{\"@context\":\"https:\/\/schema.org\",\"@graph\":[{\"@type\":\"Article\",\"@id\":\"https:\/\/www.africa-press.net\/burundi\/politique\/hcr-salue-accueil-exemplaire-des-refugies-congolais#article\",\"isPartOf\":{\"@id\":\"https:\/\/www.africa-press.net\/burundi\/politique\/hcr-salue-accueil-exemplaire-des-refugies-congolais\"},\"author\":{\"name\":\"cfeditorfr\",\"@id\":\"https:\/\/www.africa-press.net\/burundi\/#\/schema\/person\/2b1cf3cd81a31e3cd26889ca66d677f1\"},\"headline\":\"HCR Salue Accueil Exemplaire des R\u00e9fugi\u00e9s Congolais\",\"datePublished\":\"2025-08-08T14:00:00+00:00\",\"dateModified\":\"2025-08-08T20:49:08+00:00\",\"mainEntityOfPage\":{\"@id\":\"https:\/\/www.africa-press.net\/burundi\/politique\/hcr-salue-accueil-exemplaire-des-refugies-congolais\"},\"wordCount\":550,\"commentCount\":0,\"image\":{\"@id\":\"https:\/\/www.africa-press.net\/burundi\/politique\/hcr-salue-accueil-exemplaire-des-refugies-congolais#primaryimage\"},\"thumbnailUrl\":\"https:\/\/static.africa-press.net\/burundi\/sites\/47\/2025\/08\/sm_1754714922.582809.jpg\",\"keywords\":[\"Burundi\"],\"articleSection\":[\"Politique\",\"to-homepage\",\"Top Nouvelles\",\"Toutes les actualit\u00e9s\"],\"inLanguage\":\"fr-FR\",\"potentialAction\":[{\"@type\":\"CommentAction\",\"name\":\"Comment\",\"target\":[\"https:\/\/www.africa-press.net\/burundi\/politique\/hcr-salue-accueil-exemplaire-des-refugies-congolais#respond\"]}]},{\"@type\":\"WebPage\",\"@id\":\"https:\/\/www.africa-press.net\/burundi\/politique\/hcr-salue-accueil-exemplaire-des-refugies-congolais\",\"url\":\"https:\/\/www.africa-press.net\/burundi\/politique\/hcr-salue-accueil-exemplaire-des-refugies-congolais\",\"name\":\"HCR Salue Accueil Exemplaire des R\u00e9fugi\u00e9s Congolais - Burundi\",\"isPartOf\":{\"@id\":\"https:\/\/www.africa-press.net\/burundi\/#website\"},\"primaryImageOfPage\":{\"@id\":\"https:\/\/www.africa-press.net\/burundi\/politique\/hcr-salue-accueil-exemplaire-des-refugies-congolais#primaryimage\"},\"image\":{\"@id\":\"https:\/\/www.africa-press.net\/burundi\/politique\/hcr-salue-accueil-exemplaire-des-refugies-congolais#primaryimage\"},\"thumbnailUrl\":\"https:\/\/static.africa-press.net\/burundi\/sites\/47\/2025\/08\/sm_1754714922.582809.jpg\",\"datePublished\":\"2025-08-08T14:00:00+00:00\",\"dateModified\":\"2025-08-08T20:49:08+00:00\",\"author\":{\"@id\":\"https:\/\/www.africa-press.net\/burundi\/#\/schema\/person\/2b1cf3cd81a31e3cd26889ca66d677f1\"},\"description\":\"Ce jeudi 8 aou\u0302t 2025, le Pre\u0301sident de la Re\u0301publique du Burundi, Son Excellence E\u0301variste Ndayishimiye, a rec\u0327u au Pal ...\",\"breadcrumb\":{\"@id\":\"https:\/\/www.africa-press.net\/burundi\/politique\/hcr-salue-accueil-exemplaire-des-refugies-congolais#breadcrumb\"},\"inLanguage\":\"fr-FR\",\"potentialAction\":[{\"@type\":\"ReadAction\",\"target\":[\"https:\/\/www.africa-press.net\/burundi\/politique\/hcr-salue-accueil-exemplaire-des-refugies-congolais\"]}]},{\"@type\":\"ImageObject\",\"inLanguage\":\"fr-FR\",\"@id\":\"https:\/\/www.africa-press.net\/burundi\/politique\/hcr-salue-accueil-exemplaire-des-refugies-congolais#primaryimage\",\"url\":\"https:\/\/static.africa-press.net\/burundi\/sites\/47\/2025\/08\/sm_1754714922.582809.jpg\",\"contentUrl\":\"https:\/\/static.africa-press.net\/burundi\/sites\/47\/2025\/08\/sm_1754714922.582809.jpg\",\"width\":1280,\"height\":720,\"caption\":\"HCR Salue Accueil Exemplaire des R\u00e9fugi\u00e9s Congolais\"},{\"@type\":\"BreadcrumbList\",\"@id\":\"https:\/\/www.africa-press.net\/burundi\/politique\/hcr-salue-accueil-exemplaire-des-refugies-congolais#breadcrumb\",\"itemListElement\":[{\"@type\":\"ListItem\",\"position\":1,\"name\":\"Accueil\",\"item\":\"https:\/\/www.africa-press.net\/burundi\/\"},{\"@type\":\"ListItem\",\"position\":2,\"name\":\"HCR Salue Accueil Exemplaire des R\u00e9fugi\u00e9s Congolais\"}]},{\"@type\":\"WebSite\",\"@id\":\"https:\/\/www.africa-press.net\/burundi\/#website\",\"url\":\"https:\/\/www.africa-press.net\/burundi\/\",\"name\":\"Burundi\",\"description\":\"Just another Africa News Agency Sites site\",\"potentialAction\":[{\"@type\":\"SearchAction\",\"target\":{\"@type\":\"EntryPoint\",\"urlTemplate\":\"https:\/\/www.africa-press.net\/burundi\/?s={search_term_string}\"},\"query-input\":{\"@type\":\"PropertyValueSpecification\",\"valueRequired\":true,\"valueName\":\"search_term_string\"}}],\"inLanguage\":\"fr-FR\"},{\"@type\":\"Person\",\"@id\":\"https:\/\/www.africa-press.net\/burundi\/#\/schema\/person\/2b1cf3cd81a31e3cd26889ca66d677f1\",\"name\":\"cfeditorfr\"}]}<\/script>\n<!-- \/ Yoast SEO Premium plugin. -->","yoast_head_json":{"title":"HCR Salue Accueil Exemplaire des R\u00e9fugi\u00e9s Congolais - Burundi","description":"Ce jeudi 8 aou\u0302t 2025, le Pre\u0301sident de la Re\u0301publique du Burundi, Son Excellence E\u0301variste Ndayishimiye, a rec\u0327u au Pal ...","robots":{"index":"index","follow":"follow","max-snippet":"max-snippet:-1","max-image-preview":"max-image-preview:large","max-video-preview":"max-video-preview:-1"},"canonical":"https:\/\/www.africa-press.net\/burundi\/politique\/hcr-salue-accueil-exemplaire-des-refugies-congolais","og_locale":"fr_FR","og_type":"article","og_title":"HCR Salue Accueil Exemplaire des R\u00e9fugi\u00e9s Congolais","og_description":"Ce jeudi 8 aou\u0302t 2025, le Pre\u0301sident de la Re\u0301publique du Burundi, Son Excellence E\u0301variste Ndayishimiye, a rec\u0327u au Pal ...","og_url":"https:\/\/www.africa-press.net\/burundi\/politique\/hcr-salue-accueil-exemplaire-des-refugies-congolais","og_site_name":"Burundi","article_published_time":"2025-08-08T14:00:00+00:00","article_modified_time":"2025-08-08T20:49:08+00:00","og_image":[{"width":1280,"height":720,"url":"https:\/\/static.africa-press.net\/burundi\/sites\/47\/2025\/08\/sm_1754714922.582809.jpg","type":"image\/jpeg"}],"author":"cfeditorfr","twitter_card":"summary_large_image","twitter_misc":{"\u00c9crit par":"cfeditorfr","Dur\u00e9e de lecture estim\u00e9e":"3 minutes"},"schema":{"@context":"https:\/\/schema.org","@graph":[{"@type":"Article","@id":"https:\/\/www.africa-press.net\/burundi\/politique\/hcr-salue-accueil-exemplaire-des-refugies-congolais#article","isPartOf":{"@id":"https:\/\/www.africa-press.net\/burundi\/politique\/hcr-salue-accueil-exemplaire-des-refugies-congolais"},"author":{"name":"cfeditorfr","@id":"https:\/\/www.africa-press.net\/burundi\/#\/schema\/person\/2b1cf3cd81a31e3cd26889ca66d677f1"},"headline":"HCR Salue Accueil Exemplaire des R\u00e9fugi\u00e9s Congolais","datePublished":"2025-08-08T14:00:00+00:00","dateModified":"2025-08-08T20:49:08+00:00","mainEntityOfPage":{"@id":"https:\/\/www.africa-press.net\/burundi\/politique\/hcr-salue-accueil-exemplaire-des-refugies-congolais"},"wordCount":550,"commentCount":0,"image":{"@id":"https:\/\/www.africa-press.net\/burundi\/politique\/hcr-salue-accueil-exemplaire-des-refugies-congolais#primaryimage"},"thumbnailUrl":"https:\/\/static.africa-press.net\/burundi\/sites\/47\/2025\/08\/sm_1754714922.582809.jpg","keywords":["Burundi"],"articleSection":["Politique","to-homepage","Top Nouvelles","Toutes les actualit\u00e9s"],"inLanguage":"fr-FR","potentialAction":[{"@type":"CommentAction","name":"Comment","target":["https:\/\/www.africa-press.net\/burundi\/politique\/hcr-salue-accueil-exemplaire-des-refugies-congolais#respond"]}]},{"@type":"WebPage","@id":"https:\/\/www.africa-press.net\/burundi\/politique\/hcr-salue-accueil-exemplaire-des-refugies-congolais","url":"https:\/\/www.africa-press.net\/burundi\/politique\/hcr-salue-accueil-exemplaire-des-refugies-congolais","name":"HCR Salue Accueil Exemplaire des R\u00e9fugi\u00e9s Congolais - Burundi","isPartOf":{"@id":"https:\/\/www.africa-press.net\/burundi\/#website"},"primaryImageOfPage":{"@id":"https:\/\/www.africa-press.net\/burundi\/politique\/hcr-salue-accueil-exemplaire-des-refugies-congolais#primaryimage"},"image":{"@id":"https:\/\/www.africa-press.net\/burundi\/politique\/hcr-salue-accueil-exemplaire-des-refugies-congolais#primaryimage"},"thumbnailUrl":"https:\/\/static.africa-press.net\/burundi\/sites\/47\/2025\/08\/sm_1754714922.582809.jpg","datePublished":"2025-08-08T14:00:00+00:00","dateModified":"2025-08-08T20:49:08+00:00","author":{"@id":"https:\/\/www.africa-press.net\/burundi\/#\/schema\/person\/2b1cf3cd81a31e3cd26889ca66d677f1"},"description":"Ce jeudi 8 aou\u0302t 2025, le Pre\u0301sident de la Re\u0301publique du Burundi, Son Excellence E\u0301variste Ndayishimiye, a rec\u0327u au Pal ...","breadcrumb":{"@id":"https:\/\/www.africa-press.net\/burundi\/politique\/hcr-salue-accueil-exemplaire-des-refugies-congolais#breadcrumb"},"inLanguage":"fr-FR","potentialAction":[{"@type":"ReadAction","target":["https:\/\/www.africa-press.net\/burundi\/politique\/hcr-salue-accueil-exemplaire-des-refugies-congolais"]}]},{"@type":"ImageObject","inLanguage":"fr-FR","@id":"https:\/\/www.africa-press.net\/burundi\/politique\/hcr-salue-accueil-exemplaire-des-refugies-congolais#primaryimage","url":"https:\/\/static.africa-press.net\/burundi\/sites\/47\/2025\/08\/sm_1754714922.582809.jpg","contentUrl":"https:\/\/static.africa-press.net\/burundi\/sites\/47\/2025\/08\/sm_1754714922.582809.jpg","width":1280,"height":720,"caption":"HCR Salue Accueil Exemplaire des R\u00e9fugi\u00e9s Congolais"},{"@type":"BreadcrumbList","@id":"https:\/\/www.africa-press.net\/burundi\/politique\/hcr-salue-accueil-exemplaire-des-refugies-congolais#breadcrumb","itemListElement":[{"@type":"ListItem","position":1,"name":"Accueil","item":"https:\/\/www.africa-press.net\/burundi\/"},{"@type":"ListItem","position":2,"name":"HCR Salue Accueil Exemplaire des R\u00e9fugi\u00e9s Congolais"}]},{"@type":"WebSite","@id":"https:\/\/www.africa-press.net\/burundi\/#website","url":"https:\/\/www.africa-press.net\/burundi\/","name":"Burundi","description":"Just another Africa News Agency Sites site","potentialAction":[{"@type":"SearchAction","target":{"@type":"EntryPoint","urlTemplate":"https:\/\/www.africa-press.net\/burundi\/?s={search_term_string}"},"query-input":{"@type":"PropertyValueSpecification","valueRequired":true,"valueName":"search_term_string"}}],"inLanguage":"fr-FR"},{"@type":"Person","@id":"https:\/\/www.africa-press.net\/burundi\/#\/schema\/person\/2b1cf3cd81a31e3cd26889ca66d677f1","name":"cfeditorfr"}]}},"_links":{"self":[{"href":"https:\/\/www.africa-press.net\/burundi\/wp-json\/wp\/v2\/posts\/25384","targetHints":{"allow":["GET"]}}],"collection":[{"href":"https:\/\/www.africa-press.net\/burundi\/wp-json\/wp\/v2\/posts"}],"about":[{"href":"https:\/\/www.africa-press.net\/burundi\/wp-json\/wp\/v2\/types\/post"}],"author":[{"embeddable":true,"href":"https:\/\/www.africa-press.net\/burundi\/wp-json\/wp\/v2\/users\/82"}],"replies":[{"embeddable":true,"href":"https:\/\/www.africa-press.net\/burundi\/wp-json\/wp\/v2\/comments?post=25384"}],"version-history":[{"count":0,"href":"https:\/\/www.africa-press.net\/burundi\/wp-json\/wp\/v2\/posts\/25384\/revisions"}],"wp:featuredmedia":[{"embeddable":true,"href":"https:\/\/www.africa-press.net\/burundi\/wp-json\/wp\/v2\/media\/25383"}],"wp:attachment":[{"href":"https:\/\/www.africa-press.net\/burundi\/wp-json\/wp\/v2\/media?parent=25384"}],"wp:term":[{"taxonomy":"category","embeddable":true,"href":"https:\/\/www.africa-press.net\/burundi\/wp-json\/wp\/v2\/categories?post=25384"},{"taxonomy":"post_tag","embeddable":true,"href":"https:\/\/www.africa-press.net\/burundi\/wp-json\/wp\/v2\/tags?post=25384"}],"curies":[{"name":"wp","href":"https:\/\/api.w.org\/{rel}","templated":true}]}}