{"id":25861,"date":"2025-09-04T12:10:00","date_gmt":"2025-09-04T12:10:00","guid":{"rendered":"https:\/\/www.africa-press.net\/burundi\/politique\/retraite-nationale-a-muyinga-dirigee-par-le-chef-de-letat"},"modified":"2025-09-07T23:16:48","modified_gmt":"2025-09-07T23:16:48","slug":"retraite-nationale-a-muyinga-dirigee-par-le-chef-de-letat","status":"publish","type":"post","link":"https:\/\/www.africa-press.net\/burundi\/politique\/retraite-nationale-a-muyinga-dirigee-par-le-chef-de-letat","title":{"rendered":"Retraite Nationale \u00e0 Muyinga Dirig\u00e9e par le Chef de L&rsquo;\u00c9tat"},"content":{"rendered":"<p><span style=\"color: #ff6600\"><strong>Africa-Press &#8211; Burundi. <\/strong><\/span>Sous la haute direction de Son Excellence E\u0301variste Ndayishimiye, Chef de l\u2019E\u0301tat et Pre\u0301sident du Conseil des Sages du parti au pouvoir CNDD-FDD, s\u2019est ouverte ce 4 septembre au Palais de Muyinga, en province Buhumuza, une retraite nationale spe\u0301ciale qui se tiendra jusqu\u2019au 5 septembre.<\/p>\n<p>Organise\u0301e par le CNDD-FDD, cette retraite re\u0301unit les hautes autorite\u0301s des trois pouvoirs de l\u2019E\u0301tat: l\u2019Exe\u0301cutif, le Le\u0301gislatif et le Judiciaire, les gouverneurs de provinces ainsi que les membres du Conseil des Sages, les Secre\u0301taires nationaux et provinciaux du parti.<\/p>\n<p>L\u2019objectif principal de cette retraite est d\u2019e\u0301valuer les me\u0301canismes de mise en \u0153uvre effective des engagements pris devant le peuple burundais lors des dernie\u0300res e\u0301lections, remporte\u0301es a\u0300 96 % par le CNDD-FDD.<\/p>\n<p>A\u0300 travers cette initiative, il est rappele\u0301 a\u0300 toutes les institutions de l\u2019E\u0301tat la ne\u0301cessite\u0301 de conjuguer leurs efforts afin de re\u0301ussir le pari de transformer le Burundi, conforme\u0301ment a\u0300 la vision nationale: faire du pays un pays e\u0301mergent a\u0300 l\u2019horizon 2050 et de\u0301veloppe\u0301e a\u0300 l\u2019horizon 2060.<\/p>\n<p><strong>Pour plus d&rsquo;informations et d&rsquo;analyses sur la <span style=\"color: #ff6600\">Burundi<\/span>, suivez <span style=\"color: #ff6600\">Africa-Press<\/span><\/strong><\/p>\n","protected":false},"excerpt":{"rendered":"<p>Africa-Press &#8211; Burundi. Sous la haute direction de Son Excellence E\u0301variste Ndayishimiye, Chef de l\u2019E\u0301tat et Pre\u0301sident du Conseil des Sages du parti au pouvoir CNDD-FDD, s\u2019est ouverte ce 4 septembre au Palais de Muyinga, en province Buhumuza, une retraite nationale spe\u0301ciale qui se tiendra jusqu\u2019au 5 septembre. Organise\u0301e par le CNDD-FDD, cette retraite re\u0301unit [&hellip;]<\/p>\n","protected":false},"author":82,"featured_media":25860,"comment_status":"open","ping_status":"closed","sticky":false,"template":"","format":"standard","meta":{"footnotes":""},"categories":[4,2,10],"tags":[45],"class_list":["post-25861","post","type-post","status-publish","format-standard","has-post-thumbnail","hentry","category-parties","category-politique","category-toutes-les-actualites","tag-burundi"],"yoast_head":"<!-- This site is optimized with the Yoast SEO Premium plugin v26.1 (Yoast SEO v27.0) - https:\/\/yoast.com\/product\/yoast-seo-premium-wordpress\/ -->\n<title>Retraite Nationale \u00e0 Muyinga Dirig\u00e9e par le Chef de L&#039;\u00c9tat - Burundi<\/title>\n<meta name=\"description\" content=\"Sous la haute direction de Son Excellence E\u0301variste Ndayishimiye, Chef de l\u2019E\u0301tat et Pre\u0301sident du Conseil des Sages du ...\" \/>\n<meta name=\"robots\" content=\"index, follow, max-snippet:-1, max-image-preview:large, max-video-preview:-1\" \/>\n<link rel=\"canonical\" href=\"https:\/\/www.africa-press.net\/burundi\/politique\/retraite-nationale-a-muyinga-dirigee-par-le-chef-de-letat\" \/>\n<meta property=\"og:locale\" content=\"fr_FR\" \/>\n<meta property=\"og:type\" content=\"article\" \/>\n<meta property=\"og:title\" content=\"Retraite Nationale \u00e0 Muyinga Dirig\u00e9e par le Chef de L&#039;\u00c9tat\" \/>\n<meta property=\"og:description\" content=\"Sous la haute direction de Son Excellence E\u0301variste Ndayishimiye, Chef de l\u2019E\u0301tat et Pre\u0301sident du Conseil des Sages du ...\" \/>\n<meta property=\"og:url\" content=\"https:\/\/www.africa-press.net\/burundi\/politique\/retraite-nationale-a-muyinga-dirigee-par-le-chef-de-letat\" \/>\n<meta property=\"og:site_name\" content=\"Burundi\" \/>\n<meta property=\"article:published_time\" content=\"2025-09-04T12:10:00+00:00\" \/>\n<meta property=\"article:modified_time\" content=\"2025-09-07T23:16:48+00:00\" \/>\n<meta property=\"og:image\" content=\"https:\/\/static.africa-press.net\/burundi\/sites\/47\/2025\/09\/sm_1757315730.742246.jpg\" \/>\n\t<meta property=\"og:image:width\" content=\"1280\" \/>\n\t<meta property=\"og:image:height\" content=\"720\" \/>\n\t<meta property=\"og:image:type\" content=\"image\/jpeg\" \/>\n<meta name=\"author\" content=\"cfeditorfr\" \/>\n<meta name=\"twitter:card\" content=\"summary_large_image\" \/>\n<meta name=\"twitter:label1\" content=\"\u00c9crit par\" \/>\n\t<meta name=\"twitter:data1\" content=\"cfeditorfr\" \/>\n\t<meta name=\"twitter:label2\" content=\"Dur\u00e9e de lecture estim\u00e9e\" \/>\n\t<meta name=\"twitter:data2\" content=\"1 minute\" \/>\n<script type=\"application\/ld+json\" class=\"yoast-schema-graph\">{\"@context\":\"https:\/\/schema.org\",\"@graph\":[{\"@type\":\"Article\",\"@id\":\"https:\/\/www.africa-press.net\/burundi\/politique\/retraite-nationale-a-muyinga-dirigee-par-le-chef-de-letat#article\",\"isPartOf\":{\"@id\":\"https:\/\/www.africa-press.net\/burundi\/politique\/retraite-nationale-a-muyinga-dirigee-par-le-chef-de-letat\"},\"author\":{\"name\":\"cfeditorfr\",\"@id\":\"https:\/\/www.africa-press.net\/burundi\/#\/schema\/person\/2b1cf3cd81a31e3cd26889ca66d677f1\"},\"headline\":\"Retraite Nationale \u00e0 Muyinga Dirig\u00e9e par le Chef de L&rsquo;\u00c9tat\",\"datePublished\":\"2025-09-04T12:10:00+00:00\",\"dateModified\":\"2025-09-07T23:16:48+00:00\",\"mainEntityOfPage\":{\"@id\":\"https:\/\/www.africa-press.net\/burundi\/politique\/retraite-nationale-a-muyinga-dirigee-par-le-chef-de-letat\"},\"wordCount\":217,\"commentCount\":0,\"image\":{\"@id\":\"https:\/\/www.africa-press.net\/burundi\/politique\/retraite-nationale-a-muyinga-dirigee-par-le-chef-de-letat#primaryimage\"},\"thumbnailUrl\":\"https:\/\/static.africa-press.net\/burundi\/sites\/47\/2025\/09\/sm_1757315730.742246.jpg\",\"keywords\":[\"Burundi\"],\"articleSection\":[\"Parties\",\"Politique\",\"Toutes les actualit\u00e9s\"],\"inLanguage\":\"fr-FR\",\"potentialAction\":[{\"@type\":\"CommentAction\",\"name\":\"Comment\",\"target\":[\"https:\/\/www.africa-press.net\/burundi\/politique\/retraite-nationale-a-muyinga-dirigee-par-le-chef-de-letat#respond\"]}]},{\"@type\":\"WebPage\",\"@id\":\"https:\/\/www.africa-press.net\/burundi\/politique\/retraite-nationale-a-muyinga-dirigee-par-le-chef-de-letat\",\"url\":\"https:\/\/www.africa-press.net\/burundi\/politique\/retraite-nationale-a-muyinga-dirigee-par-le-chef-de-letat\",\"name\":\"Retraite Nationale \u00e0 Muyinga Dirig\u00e9e par le Chef de L'\u00c9tat - Burundi\",\"isPartOf\":{\"@id\":\"https:\/\/www.africa-press.net\/burundi\/#website\"},\"primaryImageOfPage\":{\"@id\":\"https:\/\/www.africa-press.net\/burundi\/politique\/retraite-nationale-a-muyinga-dirigee-par-le-chef-de-letat#primaryimage\"},\"image\":{\"@id\":\"https:\/\/www.africa-press.net\/burundi\/politique\/retraite-nationale-a-muyinga-dirigee-par-le-chef-de-letat#primaryimage\"},\"thumbnailUrl\":\"https:\/\/static.africa-press.net\/burundi\/sites\/47\/2025\/09\/sm_1757315730.742246.jpg\",\"datePublished\":\"2025-09-04T12:10:00+00:00\",\"dateModified\":\"2025-09-07T23:16:48+00:00\",\"author\":{\"@id\":\"https:\/\/www.africa-press.net\/burundi\/#\/schema\/person\/2b1cf3cd81a31e3cd26889ca66d677f1\"},\"description\":\"Sous la haute direction de Son Excellence E\u0301variste Ndayishimiye, Chef de l\u2019E\u0301tat et Pre\u0301sident du Conseil des Sages du ...\",\"breadcrumb\":{\"@id\":\"https:\/\/www.africa-press.net\/burundi\/politique\/retraite-nationale-a-muyinga-dirigee-par-le-chef-de-letat#breadcrumb\"},\"inLanguage\":\"fr-FR\",\"potentialAction\":[{\"@type\":\"ReadAction\",\"target\":[\"https:\/\/www.africa-press.net\/burundi\/politique\/retraite-nationale-a-muyinga-dirigee-par-le-chef-de-letat\"]}]},{\"@type\":\"ImageObject\",\"inLanguage\":\"fr-FR\",\"@id\":\"https:\/\/www.africa-press.net\/burundi\/politique\/retraite-nationale-a-muyinga-dirigee-par-le-chef-de-letat#primaryimage\",\"url\":\"https:\/\/static.africa-press.net\/burundi\/sites\/47\/2025\/09\/sm_1757315730.742246.jpg\",\"contentUrl\":\"https:\/\/static.africa-press.net\/burundi\/sites\/47\/2025\/09\/sm_1757315730.742246.jpg\",\"width\":1280,\"height\":720,\"caption\":\"Retraite Nationale \u00e0 Muyinga Dirig\u00e9e par le Chef de L'\u00c9tat\"},{\"@type\":\"BreadcrumbList\",\"@id\":\"https:\/\/www.africa-press.net\/burundi\/politique\/retraite-nationale-a-muyinga-dirigee-par-le-chef-de-letat#breadcrumb\",\"itemListElement\":[{\"@type\":\"ListItem\",\"position\":1,\"name\":\"Accueil\",\"item\":\"https:\/\/www.africa-press.net\/burundi\/\"},{\"@type\":\"ListItem\",\"position\":2,\"name\":\"Retraite Nationale \u00e0 Muyinga Dirig\u00e9e par le Chef de L&#8217;\u00c9tat\"}]},{\"@type\":\"WebSite\",\"@id\":\"https:\/\/www.africa-press.net\/burundi\/#website\",\"url\":\"https:\/\/www.africa-press.net\/burundi\/\",\"name\":\"Burundi\",\"description\":\"Just another Africa News Agency Sites site\",\"potentialAction\":[{\"@type\":\"SearchAction\",\"target\":{\"@type\":\"EntryPoint\",\"urlTemplate\":\"https:\/\/www.africa-press.net\/burundi\/?s={search_term_string}\"},\"query-input\":{\"@type\":\"PropertyValueSpecification\",\"valueRequired\":true,\"valueName\":\"search_term_string\"}}],\"inLanguage\":\"fr-FR\"},{\"@type\":\"Person\",\"@id\":\"https:\/\/www.africa-press.net\/burundi\/#\/schema\/person\/2b1cf3cd81a31e3cd26889ca66d677f1\",\"name\":\"cfeditorfr\"}]}<\/script>\n<!-- \/ Yoast SEO Premium plugin. -->","yoast_head_json":{"title":"Retraite Nationale \u00e0 Muyinga Dirig\u00e9e par le Chef de L'\u00c9tat - Burundi","description":"Sous la haute direction de Son Excellence E\u0301variste Ndayishimiye, Chef de l\u2019E\u0301tat et Pre\u0301sident du Conseil des Sages du ...","robots":{"index":"index","follow":"follow","max-snippet":"max-snippet:-1","max-image-preview":"max-image-preview:large","max-video-preview":"max-video-preview:-1"},"canonical":"https:\/\/www.africa-press.net\/burundi\/politique\/retraite-nationale-a-muyinga-dirigee-par-le-chef-de-letat","og_locale":"fr_FR","og_type":"article","og_title":"Retraite Nationale \u00e0 Muyinga Dirig\u00e9e par le Chef de L'\u00c9tat","og_description":"Sous la haute direction de Son Excellence E\u0301variste Ndayishimiye, Chef de l\u2019E\u0301tat et Pre\u0301sident du Conseil des Sages du ...","og_url":"https:\/\/www.africa-press.net\/burundi\/politique\/retraite-nationale-a-muyinga-dirigee-par-le-chef-de-letat","og_site_name":"Burundi","article_published_time":"2025-09-04T12:10:00+00:00","article_modified_time":"2025-09-07T23:16:48+00:00","og_image":[{"width":1280,"height":720,"url":"https:\/\/static.africa-press.net\/burundi\/sites\/47\/2025\/09\/sm_1757315730.742246.jpg","type":"image\/jpeg"}],"author":"cfeditorfr","twitter_card":"summary_large_image","twitter_misc":{"\u00c9crit par":"cfeditorfr","Dur\u00e9e de lecture estim\u00e9e":"1 minute"},"schema":{"@context":"https:\/\/schema.org","@graph":[{"@type":"Article","@id":"https:\/\/www.africa-press.net\/burundi\/politique\/retraite-nationale-a-muyinga-dirigee-par-le-chef-de-letat#article","isPartOf":{"@id":"https:\/\/www.africa-press.net\/burundi\/politique\/retraite-nationale-a-muyinga-dirigee-par-le-chef-de-letat"},"author":{"name":"cfeditorfr","@id":"https:\/\/www.africa-press.net\/burundi\/#\/schema\/person\/2b1cf3cd81a31e3cd26889ca66d677f1"},"headline":"Retraite Nationale \u00e0 Muyinga Dirig\u00e9e par le Chef de L&rsquo;\u00c9tat","datePublished":"2025-09-04T12:10:00+00:00","dateModified":"2025-09-07T23:16:48+00:00","mainEntityOfPage":{"@id":"https:\/\/www.africa-press.net\/burundi\/politique\/retraite-nationale-a-muyinga-dirigee-par-le-chef-de-letat"},"wordCount":217,"commentCount":0,"image":{"@id":"https:\/\/www.africa-press.net\/burundi\/politique\/retraite-nationale-a-muyinga-dirigee-par-le-chef-de-letat#primaryimage"},"thumbnailUrl":"https:\/\/static.africa-press.net\/burundi\/sites\/47\/2025\/09\/sm_1757315730.742246.jpg","keywords":["Burundi"],"articleSection":["Parties","Politique","Toutes les actualit\u00e9s"],"inLanguage":"fr-FR","potentialAction":[{"@type":"CommentAction","name":"Comment","target":["https:\/\/www.africa-press.net\/burundi\/politique\/retraite-nationale-a-muyinga-dirigee-par-le-chef-de-letat#respond"]}]},{"@type":"WebPage","@id":"https:\/\/www.africa-press.net\/burundi\/politique\/retraite-nationale-a-muyinga-dirigee-par-le-chef-de-letat","url":"https:\/\/www.africa-press.net\/burundi\/politique\/retraite-nationale-a-muyinga-dirigee-par-le-chef-de-letat","name":"Retraite Nationale \u00e0 Muyinga Dirig\u00e9e par le Chef de L'\u00c9tat - Burundi","isPartOf":{"@id":"https:\/\/www.africa-press.net\/burundi\/#website"},"primaryImageOfPage":{"@id":"https:\/\/www.africa-press.net\/burundi\/politique\/retraite-nationale-a-muyinga-dirigee-par-le-chef-de-letat#primaryimage"},"image":{"@id":"https:\/\/www.africa-press.net\/burundi\/politique\/retraite-nationale-a-muyinga-dirigee-par-le-chef-de-letat#primaryimage"},"thumbnailUrl":"https:\/\/static.africa-press.net\/burundi\/sites\/47\/2025\/09\/sm_1757315730.742246.jpg","datePublished":"2025-09-04T12:10:00+00:00","dateModified":"2025-09-07T23:16:48+00:00","author":{"@id":"https:\/\/www.africa-press.net\/burundi\/#\/schema\/person\/2b1cf3cd81a31e3cd26889ca66d677f1"},"description":"Sous la haute direction de Son Excellence E\u0301variste Ndayishimiye, Chef de l\u2019E\u0301tat et Pre\u0301sident du Conseil des Sages du ...","breadcrumb":{"@id":"https:\/\/www.africa-press.net\/burundi\/politique\/retraite-nationale-a-muyinga-dirigee-par-le-chef-de-letat#breadcrumb"},"inLanguage":"fr-FR","potentialAction":[{"@type":"ReadAction","target":["https:\/\/www.africa-press.net\/burundi\/politique\/retraite-nationale-a-muyinga-dirigee-par-le-chef-de-letat"]}]},{"@type":"ImageObject","inLanguage":"fr-FR","@id":"https:\/\/www.africa-press.net\/burundi\/politique\/retraite-nationale-a-muyinga-dirigee-par-le-chef-de-letat#primaryimage","url":"https:\/\/static.africa-press.net\/burundi\/sites\/47\/2025\/09\/sm_1757315730.742246.jpg","contentUrl":"https:\/\/static.africa-press.net\/burundi\/sites\/47\/2025\/09\/sm_1757315730.742246.jpg","width":1280,"height":720,"caption":"Retraite Nationale \u00e0 Muyinga Dirig\u00e9e par le Chef de L'\u00c9tat"},{"@type":"BreadcrumbList","@id":"https:\/\/www.africa-press.net\/burundi\/politique\/retraite-nationale-a-muyinga-dirigee-par-le-chef-de-letat#breadcrumb","itemListElement":[{"@type":"ListItem","position":1,"name":"Accueil","item":"https:\/\/www.africa-press.net\/burundi\/"},{"@type":"ListItem","position":2,"name":"Retraite Nationale \u00e0 Muyinga Dirig\u00e9e par le Chef de L&#8217;\u00c9tat"}]},{"@type":"WebSite","@id":"https:\/\/www.africa-press.net\/burundi\/#website","url":"https:\/\/www.africa-press.net\/burundi\/","name":"Burundi","description":"Just another Africa News Agency Sites site","potentialAction":[{"@type":"SearchAction","target":{"@type":"EntryPoint","urlTemplate":"https:\/\/www.africa-press.net\/burundi\/?s={search_term_string}"},"query-input":{"@type":"PropertyValueSpecification","valueRequired":true,"valueName":"search_term_string"}}],"inLanguage":"fr-FR"},{"@type":"Person","@id":"https:\/\/www.africa-press.net\/burundi\/#\/schema\/person\/2b1cf3cd81a31e3cd26889ca66d677f1","name":"cfeditorfr"}]}},"_links":{"self":[{"href":"https:\/\/www.africa-press.net\/burundi\/wp-json\/wp\/v2\/posts\/25861","targetHints":{"allow":["GET"]}}],"collection":[{"href":"https:\/\/www.africa-press.net\/burundi\/wp-json\/wp\/v2\/posts"}],"about":[{"href":"https:\/\/www.africa-press.net\/burundi\/wp-json\/wp\/v2\/types\/post"}],"author":[{"embeddable":true,"href":"https:\/\/www.africa-press.net\/burundi\/wp-json\/wp\/v2\/users\/82"}],"replies":[{"embeddable":true,"href":"https:\/\/www.africa-press.net\/burundi\/wp-json\/wp\/v2\/comments?post=25861"}],"version-history":[{"count":0,"href":"https:\/\/www.africa-press.net\/burundi\/wp-json\/wp\/v2\/posts\/25861\/revisions"}],"wp:featuredmedia":[{"embeddable":true,"href":"https:\/\/www.africa-press.net\/burundi\/wp-json\/wp\/v2\/media\/25860"}],"wp:attachment":[{"href":"https:\/\/www.africa-press.net\/burundi\/wp-json\/wp\/v2\/media?parent=25861"}],"wp:term":[{"taxonomy":"category","embeddable":true,"href":"https:\/\/www.africa-press.net\/burundi\/wp-json\/wp\/v2\/categories?post=25861"},{"taxonomy":"post_tag","embeddable":true,"href":"https:\/\/www.africa-press.net\/burundi\/wp-json\/wp\/v2\/tags?post=25861"}],"curies":[{"name":"wp","href":"https:\/\/api.w.org\/{rel}","templated":true}]}}