{"id":27644,"date":"2025-12-06T14:00:00","date_gmt":"2025-12-06T14:00:00","guid":{"rendered":"https:\/\/www.africa-press.net\/burundi\/politique\/rencontre-bilaterale-du-president-burundais-a-washington"},"modified":"2025-12-06T20:37:06","modified_gmt":"2025-12-06T20:37:06","slug":"rencontre-bilaterale-du-president-burundais-a-washington","status":"publish","type":"post","link":"https:\/\/www.africa-press.net\/burundi\/politique\/rencontre-bilaterale-du-president-burundais-a-washington","title":{"rendered":"Rencontre Bilat\u00e9rale du Pr\u00e9sident Burundais \u00e0 Washington"},"content":{"rendered":"<p><span style=\"color: #ff6600\"><strong>Africa-Press &#8211; Burundi. <\/strong><\/span>Le se\u0301jour du Chef de l\u2019E\u0301tat burundais, Son Excellence E\u0301variste NDAYISHIMIYE, a\u0300 Washington D.C., aux E\u0301tats-Unis d\u2019Ame\u0301rique, ne s\u2019est pas limite\u0301 a\u0300 sa participation aux ce\u0301re\u0301monies de signature de l\u2019accord de paix entre la Re\u0301publique de\u0301mocratique du Congo et le Rwanda. Il lui a e\u0301galement offert une occasion ide\u0301ale de rencontrer de hautes personnalite\u0301s internationales, notamment le Pre\u0301sident ame\u0301ricain Donald Trump, avec qui il a eu des entretiens bilate\u0301raux.<\/p>\n<p>Dans le me\u0302me cadre des relations bilate\u0301rales entre les E\u0301tats-Unis et le Burundi, Son Excellence E\u0301variste NDAYISHIMIYE s\u2019est entretenu au De\u0301partement d\u2019E\u0301tat avec le Secre\u0301taire d\u2019E\u0301tat adjoint des E\u0301tats-Unis, M. Christopher Landau. Les deux personnalite\u0301s ont appre\u0301cie\u0301 l\u2019e\u0301tat de la coope\u0301ration entre leurs pays et ont passe\u0301 en revue les perspectives de coope\u0301ration multisectorielle, tant au niveau bilate\u0301ral qu\u2019au niveau re\u0301gional. Les secteurs cle\u0301s identifie\u0301s par la partie ame\u0301ricaine sont particulie\u0300rement le secteur minier, le commerce ainsi que les questions migratoires, afin de dynamiser la coope\u0301ration e\u0301conomique et de renforcer les liens entre les peuples ame\u0301ricain et burundais.<\/p>\n<p>A\u0300 cette occasion, le Chef de l\u2019E\u0301tat burundais et le Secre\u0301taire d\u2019E\u0301tat adjoint ont e\u0301galement e\u0301change\u0301 sur la situation qui pre\u0301vaut dans la re\u0301gion. Ce dernier, au nom du gouvernement ame\u0301ricain, a re\u0301ite\u0301re\u0301 la confiance et la conside\u0301ration que les E\u0301tats-Unis portent au Pre\u0301sident burundais pour que la paix et la se\u0301curite\u0301 puissent re\u0301gner dans la re\u0301gion. Il a rappele\u0301 que le Burundi, le Rwanda et la RDC appartiennent depuis longtemps a\u0300 une me\u0302me Communaute\u0301 e\u0301conomique des pays des Grands Lacs, et que ces trois pays formaient de\u0301ja\u0300 une seule communaute\u0301 durant la pe\u0301riode coloniale, ce qui leur confe\u0300re un lien historique inde\u0301fectible. Ils partagent d\u2019ailleurs de nombreux projets inte\u0301grateurs, notamment le projet Ruzizi III, un centre commun de recherche agricole a\u0300 Gitega, le sie\u0300ge de la CEPGL a\u0300 Gisenyi, ainsi que beaucoup d\u2019autres initiatives conjointes.<\/p>\n<p>\u00ab C\u2019est e\u0301galement dans ce cadre-la\u0300 que, pour concre\u0301tiser l\u2019accord de paix et la strate\u0301gie e\u0301conomique re\u0301gionale entre la RDC et le Rwanda, le Burundi a joue\u0301 un ro\u0302le tre\u0300s important \u00bb, ont affirme\u0301 les deux parties.<\/p>\n<p>Cette audience a ouvert la voie a\u0300 une coope\u0301ration renforce\u0301e et a\u0300 des discussions futures afin que cet accord puisse porter ses fruits et contribuer au de\u0301veloppement e\u0301conomique des trois pays au be\u0301ne\u0301fice de leurs populations.<\/p>\n<p>Le Pre\u0301sident de la Re\u0301publique du Burundi, Son Excellence E\u0301variste NDAYISHIMIYE, a e\u0301galement rec\u0327u des hommes d\u2019affaires ame\u0301ricains de\u0301sireux d\u2019investir au Burundi et de l\u2019accompagner dans la mise en \u0153uvre de sa Vision 2040-2060. Cette rencontre s\u2019inscrit e\u0301galement dans l\u2019appel lance\u0301 par le Chef de l\u2019E\u0301tat burundais, qui a ouvert les portes a\u0300 tout investisseur inte\u0301resse\u0301 par les nombreuses opportunite\u0301s qu\u2019offre le Burundi dans un cadre gagnant-gagnant.<\/p>\n<p>En premier lieu, il a rec\u0327u une de\u0301le\u0301gation de la compagnie ame\u0301ricaine Lifezone Metals, de\u0301sireuse d\u2019investir dans le secteur minier, particulie\u0300rement dans l\u2019exploitation du nickel de Musongati. Cette socie\u0301te\u0301, de\u0301ja\u0300 active a\u0300 Kabanga en Tanzanie, souhaite e\u0301tendre ses activite\u0301s au Burundi, d\u2019autant plus qu\u2019il est pre\u0301vu que l\u2019exploitation du nickel de Musongati contribue a\u0300 la construction du chemin de fer reliant le Burundi, la Tanzanie et la RDC. Le Pre\u0301sident burundais leur a souhaite\u0301 la bienvenue et les a encourage\u0301s a\u0300 pre\u0301senter leur manifestation d\u2019inte\u0301re\u0302t aux techniciens pour une ve\u0301rification pre\u0301alable.<\/p>\n<p>Le Pre\u0301sident NDAYISHIMIYE a e\u0301galement rencontre\u0301 une de\u0301le\u0301gation de la socie\u0301te\u0301 Anzana Electric Group, avec laquelle il a e\u0301change\u0301 sur l\u2019avancement du projet de partenariat public-prive\u0301 Weza Power, visant a\u0300 donner acce\u0300s a\u0300 l\u2019e\u0301lectricite\u0301 a\u0300 9 millions d\u2019habitants au Burundi. Ce projet s\u2019inscrit e\u0301galement dans le cadre de la construction du barrage Ruzizi III, un projet re\u0301gional entre la RDC, le Rwanda et le Burundi. La de\u0301le\u0301gation est venue discuter de l\u2019e\u0301tat d\u2019avancement du projet de\u0301ja\u0300 en cours ainsi que des perspectives d\u2019avenir.<\/p>\n<p>Ils ont fe\u0301licite\u0301 le Pre\u0301sident burundais pour la rapidite\u0301 et la qualite\u0301 de la collaboration avec le gouvernement, notamment en ce qui concerne le respect des principes et pre\u0301alables requis pour la mise en \u0153uvre du projet. Ils ont e\u0301galement salue\u0301 le cadre re\u0301glementaire burundais, qui offre une place importante au secteur prive\u0301, et ont re\u0301affirme\u0301 que ce projet ge\u0301ne\u0301rera d\u2019importants re\u0301sultats, constituant un exemple pour d\u2019autres pays.<\/p>\n<p>Pour sa part, le Pre\u0301sident NDAYISHIMIYE a re\u0301ite\u0301re\u0301 l\u2019engagement du Burundi a\u0300 continuer de soutenir ces investisseurs et a\u0300 ne me\u0301nager aucun effort pour atteindre les objectifs fixe\u0301s par la Vision 2040-2060 dans le domaine de l\u2019e\u0301lectricite\u0301.<\/p>\n<p><strong>Pour plus d&rsquo;informations et d&rsquo;analyses sur la <span style=\"color: #ff6600\">Burundi<\/span>, suivez <span style=\"color: #ff6600\">Africa-Press<\/span><\/strong><\/p>\n","protected":false},"excerpt":{"rendered":"<p>Africa-Press &#8211; Burundi. Le se\u0301jour du Chef de l\u2019E\u0301tat burundais, Son Excellence E\u0301variste NDAYISHIMIYE, a\u0300 Washington D.C., aux E\u0301tats-Unis d\u2019Ame\u0301rique, ne s\u2019est pas limite\u0301 a\u0300 sa participation aux ce\u0301re\u0301monies de signature de l\u2019accord de paix entre la Re\u0301publique de\u0301mocratique du Congo et le Rwanda. Il lui a e\u0301galement offert une occasion ide\u0301ale de rencontrer de [&hellip;]<\/p>\n","protected":false},"author":82,"featured_media":27643,"comment_status":"open","ping_status":"closed","sticky":false,"template":"","format":"standard","meta":{"footnotes":""},"categories":[2,49,20,10],"tags":[45],"class_list":["post-27644","post","type-post","status-publish","format-standard","has-post-thumbnail","hentry","category-politique","category-to-homepage","category-top-nouvelles","category-toutes-les-actualites","tag-burundi"],"yoast_head":"<!-- This site is optimized with the Yoast SEO Premium plugin v26.1 (Yoast SEO v27.0) - https:\/\/yoast.com\/product\/yoast-seo-premium-wordpress\/ -->\n<title>Rencontre Bilat\u00e9rale du Pr\u00e9sident Burundais \u00e0 Washington - Burundi<\/title>\n<meta name=\"description\" content=\"Le se\u0301jour du Chef de l\u2019E\u0301tat burundais, Son Excellence E\u0301variste NDAYISHIMIYE, a\u0300 Washington D.C., aux E\u0301tats-Unis d\u2019Am ...\" \/>\n<meta name=\"robots\" content=\"index, follow, max-snippet:-1, max-image-preview:large, max-video-preview:-1\" \/>\n<link rel=\"canonical\" href=\"https:\/\/www.africa-press.net\/burundi\/politique\/rencontre-bilaterale-du-president-burundais-a-washington\" \/>\n<meta property=\"og:locale\" content=\"fr_FR\" \/>\n<meta property=\"og:type\" content=\"article\" \/>\n<meta property=\"og:title\" content=\"Rencontre Bilat\u00e9rale du Pr\u00e9sident Burundais \u00e0 Washington\" \/>\n<meta property=\"og:description\" content=\"Le se\u0301jour du Chef de l\u2019E\u0301tat burundais, Son Excellence E\u0301variste NDAYISHIMIYE, a\u0300 Washington D.C., aux E\u0301tats-Unis d\u2019Am ...\" \/>\n<meta property=\"og:url\" content=\"https:\/\/www.africa-press.net\/burundi\/politique\/rencontre-bilaterale-du-president-burundais-a-washington\" \/>\n<meta property=\"og:site_name\" content=\"Burundi\" \/>\n<meta property=\"article:published_time\" content=\"2025-12-06T14:00:00+00:00\" \/>\n<meta property=\"article:modified_time\" content=\"2025-12-06T20:37:06+00:00\" \/>\n<meta property=\"og:image\" content=\"https:\/\/static.africa-press.net\/burundi\/sites\/47\/2025\/12\/sm_1765082154.76533.jpg\" \/>\n\t<meta property=\"og:image:width\" content=\"1280\" \/>\n\t<meta property=\"og:image:height\" content=\"720\" \/>\n\t<meta property=\"og:image:type\" content=\"image\/jpeg\" \/>\n<meta name=\"author\" content=\"cfeditorfr\" \/>\n<meta name=\"twitter:card\" content=\"summary_large_image\" \/>\n<meta name=\"twitter:label1\" content=\"\u00c9crit par\" \/>\n\t<meta name=\"twitter:data1\" content=\"cfeditorfr\" \/>\n\t<meta name=\"twitter:label2\" content=\"Dur\u00e9e de lecture estim\u00e9e\" \/>\n\t<meta name=\"twitter:data2\" content=\"4 minutes\" \/>\n<script type=\"application\/ld+json\" class=\"yoast-schema-graph\">{\"@context\":\"https:\/\/schema.org\",\"@graph\":[{\"@type\":\"Article\",\"@id\":\"https:\/\/www.africa-press.net\/burundi\/politique\/rencontre-bilaterale-du-president-burundais-a-washington#article\",\"isPartOf\":{\"@id\":\"https:\/\/www.africa-press.net\/burundi\/politique\/rencontre-bilaterale-du-president-burundais-a-washington\"},\"author\":{\"name\":\"cfeditorfr\",\"@id\":\"https:\/\/www.africa-press.net\/burundi\/#\/schema\/person\/2b1cf3cd81a31e3cd26889ca66d677f1\"},\"headline\":\"Rencontre Bilat\u00e9rale du Pr\u00e9sident Burundais \u00e0 Washington\",\"datePublished\":\"2025-12-06T14:00:00+00:00\",\"dateModified\":\"2025-12-06T20:37:06+00:00\",\"mainEntityOfPage\":{\"@id\":\"https:\/\/www.africa-press.net\/burundi\/politique\/rencontre-bilaterale-du-president-burundais-a-washington\"},\"wordCount\":915,\"commentCount\":0,\"image\":{\"@id\":\"https:\/\/www.africa-press.net\/burundi\/politique\/rencontre-bilaterale-du-president-burundais-a-washington#primaryimage\"},\"thumbnailUrl\":\"https:\/\/static.africa-press.net\/burundi\/sites\/47\/2025\/12\/sm_1765082154.76533.jpg\",\"keywords\":[\"Burundi\"],\"articleSection\":[\"Politique\",\"to-homepage\",\"Top Nouvelles\",\"Toutes les actualit\u00e9s\"],\"inLanguage\":\"fr-FR\",\"potentialAction\":[{\"@type\":\"CommentAction\",\"name\":\"Comment\",\"target\":[\"https:\/\/www.africa-press.net\/burundi\/politique\/rencontre-bilaterale-du-president-burundais-a-washington#respond\"]}]},{\"@type\":\"WebPage\",\"@id\":\"https:\/\/www.africa-press.net\/burundi\/politique\/rencontre-bilaterale-du-president-burundais-a-washington\",\"url\":\"https:\/\/www.africa-press.net\/burundi\/politique\/rencontre-bilaterale-du-president-burundais-a-washington\",\"name\":\"Rencontre Bilat\u00e9rale du Pr\u00e9sident Burundais \u00e0 Washington - Burundi\",\"isPartOf\":{\"@id\":\"https:\/\/www.africa-press.net\/burundi\/#website\"},\"primaryImageOfPage\":{\"@id\":\"https:\/\/www.africa-press.net\/burundi\/politique\/rencontre-bilaterale-du-president-burundais-a-washington#primaryimage\"},\"image\":{\"@id\":\"https:\/\/www.africa-press.net\/burundi\/politique\/rencontre-bilaterale-du-president-burundais-a-washington#primaryimage\"},\"thumbnailUrl\":\"https:\/\/static.africa-press.net\/burundi\/sites\/47\/2025\/12\/sm_1765082154.76533.jpg\",\"datePublished\":\"2025-12-06T14:00:00+00:00\",\"dateModified\":\"2025-12-06T20:37:06+00:00\",\"author\":{\"@id\":\"https:\/\/www.africa-press.net\/burundi\/#\/schema\/person\/2b1cf3cd81a31e3cd26889ca66d677f1\"},\"description\":\"Le se\u0301jour du Chef de l\u2019E\u0301tat burundais, Son Excellence E\u0301variste NDAYISHIMIYE, a\u0300 Washington D.C., aux E\u0301tats-Unis d\u2019Am ...\",\"breadcrumb\":{\"@id\":\"https:\/\/www.africa-press.net\/burundi\/politique\/rencontre-bilaterale-du-president-burundais-a-washington#breadcrumb\"},\"inLanguage\":\"fr-FR\",\"potentialAction\":[{\"@type\":\"ReadAction\",\"target\":[\"https:\/\/www.africa-press.net\/burundi\/politique\/rencontre-bilaterale-du-president-burundais-a-washington\"]}]},{\"@type\":\"ImageObject\",\"inLanguage\":\"fr-FR\",\"@id\":\"https:\/\/www.africa-press.net\/burundi\/politique\/rencontre-bilaterale-du-president-burundais-a-washington#primaryimage\",\"url\":\"https:\/\/static.africa-press.net\/burundi\/sites\/47\/2025\/12\/sm_1765082154.76533.jpg\",\"contentUrl\":\"https:\/\/static.africa-press.net\/burundi\/sites\/47\/2025\/12\/sm_1765082154.76533.jpg\",\"width\":1280,\"height\":720,\"caption\":\"Rencontre Bilat\u00e9rale du Pr\u00e9sident Burundais \u00e0 Washington\"},{\"@type\":\"BreadcrumbList\",\"@id\":\"https:\/\/www.africa-press.net\/burundi\/politique\/rencontre-bilaterale-du-president-burundais-a-washington#breadcrumb\",\"itemListElement\":[{\"@type\":\"ListItem\",\"position\":1,\"name\":\"Accueil\",\"item\":\"https:\/\/www.africa-press.net\/burundi\/\"},{\"@type\":\"ListItem\",\"position\":2,\"name\":\"Rencontre Bilat\u00e9rale du Pr\u00e9sident Burundais \u00e0 Washington\"}]},{\"@type\":\"WebSite\",\"@id\":\"https:\/\/www.africa-press.net\/burundi\/#website\",\"url\":\"https:\/\/www.africa-press.net\/burundi\/\",\"name\":\"Burundi\",\"description\":\"Just another Africa News Agency Sites site\",\"potentialAction\":[{\"@type\":\"SearchAction\",\"target\":{\"@type\":\"EntryPoint\",\"urlTemplate\":\"https:\/\/www.africa-press.net\/burundi\/?s={search_term_string}\"},\"query-input\":{\"@type\":\"PropertyValueSpecification\",\"valueRequired\":true,\"valueName\":\"search_term_string\"}}],\"inLanguage\":\"fr-FR\"},{\"@type\":\"Person\",\"@id\":\"https:\/\/www.africa-press.net\/burundi\/#\/schema\/person\/2b1cf3cd81a31e3cd26889ca66d677f1\",\"name\":\"cfeditorfr\"}]}<\/script>\n<!-- \/ Yoast SEO Premium plugin. -->","yoast_head_json":{"title":"Rencontre Bilat\u00e9rale du Pr\u00e9sident Burundais \u00e0 Washington - Burundi","description":"Le se\u0301jour du Chef de l\u2019E\u0301tat burundais, Son Excellence E\u0301variste NDAYISHIMIYE, a\u0300 Washington D.C., aux E\u0301tats-Unis d\u2019Am ...","robots":{"index":"index","follow":"follow","max-snippet":"max-snippet:-1","max-image-preview":"max-image-preview:large","max-video-preview":"max-video-preview:-1"},"canonical":"https:\/\/www.africa-press.net\/burundi\/politique\/rencontre-bilaterale-du-president-burundais-a-washington","og_locale":"fr_FR","og_type":"article","og_title":"Rencontre Bilat\u00e9rale du Pr\u00e9sident Burundais \u00e0 Washington","og_description":"Le se\u0301jour du Chef de l\u2019E\u0301tat burundais, Son Excellence E\u0301variste NDAYISHIMIYE, a\u0300 Washington D.C., aux E\u0301tats-Unis d\u2019Am ...","og_url":"https:\/\/www.africa-press.net\/burundi\/politique\/rencontre-bilaterale-du-president-burundais-a-washington","og_site_name":"Burundi","article_published_time":"2025-12-06T14:00:00+00:00","article_modified_time":"2025-12-06T20:37:06+00:00","og_image":[{"width":1280,"height":720,"url":"https:\/\/static.africa-press.net\/burundi\/sites\/47\/2025\/12\/sm_1765082154.76533.jpg","type":"image\/jpeg"}],"author":"cfeditorfr","twitter_card":"summary_large_image","twitter_misc":{"\u00c9crit par":"cfeditorfr","Dur\u00e9e de lecture estim\u00e9e":"4 minutes"},"schema":{"@context":"https:\/\/schema.org","@graph":[{"@type":"Article","@id":"https:\/\/www.africa-press.net\/burundi\/politique\/rencontre-bilaterale-du-president-burundais-a-washington#article","isPartOf":{"@id":"https:\/\/www.africa-press.net\/burundi\/politique\/rencontre-bilaterale-du-president-burundais-a-washington"},"author":{"name":"cfeditorfr","@id":"https:\/\/www.africa-press.net\/burundi\/#\/schema\/person\/2b1cf3cd81a31e3cd26889ca66d677f1"},"headline":"Rencontre Bilat\u00e9rale du Pr\u00e9sident Burundais \u00e0 Washington","datePublished":"2025-12-06T14:00:00+00:00","dateModified":"2025-12-06T20:37:06+00:00","mainEntityOfPage":{"@id":"https:\/\/www.africa-press.net\/burundi\/politique\/rencontre-bilaterale-du-president-burundais-a-washington"},"wordCount":915,"commentCount":0,"image":{"@id":"https:\/\/www.africa-press.net\/burundi\/politique\/rencontre-bilaterale-du-president-burundais-a-washington#primaryimage"},"thumbnailUrl":"https:\/\/static.africa-press.net\/burundi\/sites\/47\/2025\/12\/sm_1765082154.76533.jpg","keywords":["Burundi"],"articleSection":["Politique","to-homepage","Top Nouvelles","Toutes les actualit\u00e9s"],"inLanguage":"fr-FR","potentialAction":[{"@type":"CommentAction","name":"Comment","target":["https:\/\/www.africa-press.net\/burundi\/politique\/rencontre-bilaterale-du-president-burundais-a-washington#respond"]}]},{"@type":"WebPage","@id":"https:\/\/www.africa-press.net\/burundi\/politique\/rencontre-bilaterale-du-president-burundais-a-washington","url":"https:\/\/www.africa-press.net\/burundi\/politique\/rencontre-bilaterale-du-president-burundais-a-washington","name":"Rencontre Bilat\u00e9rale du Pr\u00e9sident Burundais \u00e0 Washington - Burundi","isPartOf":{"@id":"https:\/\/www.africa-press.net\/burundi\/#website"},"primaryImageOfPage":{"@id":"https:\/\/www.africa-press.net\/burundi\/politique\/rencontre-bilaterale-du-president-burundais-a-washington#primaryimage"},"image":{"@id":"https:\/\/www.africa-press.net\/burundi\/politique\/rencontre-bilaterale-du-president-burundais-a-washington#primaryimage"},"thumbnailUrl":"https:\/\/static.africa-press.net\/burundi\/sites\/47\/2025\/12\/sm_1765082154.76533.jpg","datePublished":"2025-12-06T14:00:00+00:00","dateModified":"2025-12-06T20:37:06+00:00","author":{"@id":"https:\/\/www.africa-press.net\/burundi\/#\/schema\/person\/2b1cf3cd81a31e3cd26889ca66d677f1"},"description":"Le se\u0301jour du Chef de l\u2019E\u0301tat burundais, Son Excellence E\u0301variste NDAYISHIMIYE, a\u0300 Washington D.C., aux E\u0301tats-Unis d\u2019Am ...","breadcrumb":{"@id":"https:\/\/www.africa-press.net\/burundi\/politique\/rencontre-bilaterale-du-president-burundais-a-washington#breadcrumb"},"inLanguage":"fr-FR","potentialAction":[{"@type":"ReadAction","target":["https:\/\/www.africa-press.net\/burundi\/politique\/rencontre-bilaterale-du-president-burundais-a-washington"]}]},{"@type":"ImageObject","inLanguage":"fr-FR","@id":"https:\/\/www.africa-press.net\/burundi\/politique\/rencontre-bilaterale-du-president-burundais-a-washington#primaryimage","url":"https:\/\/static.africa-press.net\/burundi\/sites\/47\/2025\/12\/sm_1765082154.76533.jpg","contentUrl":"https:\/\/static.africa-press.net\/burundi\/sites\/47\/2025\/12\/sm_1765082154.76533.jpg","width":1280,"height":720,"caption":"Rencontre Bilat\u00e9rale du Pr\u00e9sident Burundais \u00e0 Washington"},{"@type":"BreadcrumbList","@id":"https:\/\/www.africa-press.net\/burundi\/politique\/rencontre-bilaterale-du-president-burundais-a-washington#breadcrumb","itemListElement":[{"@type":"ListItem","position":1,"name":"Accueil","item":"https:\/\/www.africa-press.net\/burundi\/"},{"@type":"ListItem","position":2,"name":"Rencontre Bilat\u00e9rale du Pr\u00e9sident Burundais \u00e0 Washington"}]},{"@type":"WebSite","@id":"https:\/\/www.africa-press.net\/burundi\/#website","url":"https:\/\/www.africa-press.net\/burundi\/","name":"Burundi","description":"Just another Africa News Agency Sites site","potentialAction":[{"@type":"SearchAction","target":{"@type":"EntryPoint","urlTemplate":"https:\/\/www.africa-press.net\/burundi\/?s={search_term_string}"},"query-input":{"@type":"PropertyValueSpecification","valueRequired":true,"valueName":"search_term_string"}}],"inLanguage":"fr-FR"},{"@type":"Person","@id":"https:\/\/www.africa-press.net\/burundi\/#\/schema\/person\/2b1cf3cd81a31e3cd26889ca66d677f1","name":"cfeditorfr"}]}},"_links":{"self":[{"href":"https:\/\/www.africa-press.net\/burundi\/wp-json\/wp\/v2\/posts\/27644","targetHints":{"allow":["GET"]}}],"collection":[{"href":"https:\/\/www.africa-press.net\/burundi\/wp-json\/wp\/v2\/posts"}],"about":[{"href":"https:\/\/www.africa-press.net\/burundi\/wp-json\/wp\/v2\/types\/post"}],"author":[{"embeddable":true,"href":"https:\/\/www.africa-press.net\/burundi\/wp-json\/wp\/v2\/users\/82"}],"replies":[{"embeddable":true,"href":"https:\/\/www.africa-press.net\/burundi\/wp-json\/wp\/v2\/comments?post=27644"}],"version-history":[{"count":0,"href":"https:\/\/www.africa-press.net\/burundi\/wp-json\/wp\/v2\/posts\/27644\/revisions"}],"wp:featuredmedia":[{"embeddable":true,"href":"https:\/\/www.africa-press.net\/burundi\/wp-json\/wp\/v2\/media\/27643"}],"wp:attachment":[{"href":"https:\/\/www.africa-press.net\/burundi\/wp-json\/wp\/v2\/media?parent=27644"}],"wp:term":[{"taxonomy":"category","embeddable":true,"href":"https:\/\/www.africa-press.net\/burundi\/wp-json\/wp\/v2\/categories?post=27644"},{"taxonomy":"post_tag","embeddable":true,"href":"https:\/\/www.africa-press.net\/burundi\/wp-json\/wp\/v2\/tags?post=27644"}],"curies":[{"name":"wp","href":"https:\/\/api.w.org\/{rel}","templated":true}]}}