{"id":27689,"date":"2025-12-09T14:00:00","date_gmt":"2025-12-09T14:00:00","guid":{"rendered":"https:\/\/www.africa-press.net\/burundi\/politique\/burundi-accuse-rwanda-de-poursuivre-attaques-en-rdc"},"modified":"2025-12-09T15:27:42","modified_gmt":"2025-12-09T15:27:42","slug":"burundi-accuse-rwanda-de-poursuivre-attaques-en-rdc","status":"publish","type":"post","link":"https:\/\/www.africa-press.net\/burundi\/politique\/burundi-accuse-rwanda-de-poursuivre-attaques-en-rdc","title":{"rendered":"Burundi Accuse Rwanda de Poursuivre Attaques en RDC"},"content":{"rendered":"<p><span style=\"color: #ff6600\"><strong>Africa-Press &#8211; Burundi. <\/strong><\/span>Le ministre burundais des relations exte\u0301rieures, Edouard Bizimana, a accuse\u0301, lundi soir, Kigali de continuer a\u0300 mener des attaques contre les positions des forces de de\u0301fense nationale du Burundi a\u0300 l\u2019est de la Re\u0301publique de\u0301mocratique du Congo (RDC).<\/p>\n<p>\u00ab Le Rwanda continue de de\u0301ployer ses soldats et de mener des attaques contre les positions des Forces de De\u0301fense Nationale du Burundi pre\u0301sentes en RDC dans le cadre d\u2019une mission de soutien a\u0300 la paix et a\u0300 la se\u0301curite\u0301 \u00bb, a de\u0301clare\u0301 le ministre.<\/p>\n<p>Le MAE burundais a fait cette de\u0301claration, lors d\u2019une re\u0301union organise\u0301e a\u0300 Bujumbura a\u0300 l\u2019intention des chefs de missions diplomatiques et consulaires ainsi que des repre\u0301sentants d\u2019organisations internationales accre\u0301dite\u0301es au Burundi sur \u00ab l\u2019inse\u0301curite\u0301 persistante a\u0300 la frontie\u0300re entre le Burundi et la Re\u0301publique de\u0301mocratique du Congo \u00bb.<\/p>\n<p>Edouard Bizimana a de\u0301nonce\u0301 la poursuite des hostilite\u0301s \u00ab malgre\u0301 les accords de cessez-le-feu et de restauration de la paix \u00bb re\u0301cemment signe\u0301s.<\/p>\n<p>Selon le ministre, l\u2019inse\u0301curite\u0301 va crescendo a\u0300 la frontie\u0300re entre le Burundi et la RDC au fur et a\u0300 mesure que les combats en RDC se rapprochent de la ville congolaise d\u2019Uvira, capitale du Sud-Kivu.<\/p>\n<p>Edouard Bizimana a, malgre\u0301 tout, rassure\u0301 la population, en de\u0301clarant que le Burundi est en mesure de garantir la se\u0301curite\u0301 des citoyens.<\/p>\n<p>\u00ab Toute attaque visant les citoyens burundais ou les soldats de\u0301ploye\u0301s en RDC ne sera jamais tole\u0301re\u0301e. Bien que le Burundi ne souhaite pas la guerre et privile\u0301gie une coexistence pacifique avec ses voisins, il reste de\u0301termine\u0301 a\u0300 re\u0301pondre avec fermete\u0301 et sans ambigui\u0308te\u0301 a\u0300 toute tentative de violation de son territoire \u00bb.<\/p>\n<p>Kigali n\u2019a pas encore re\u0301agi a\u0300 ces de\u0301clarations.<\/p>\n<p>Le 4 de\u0301cembre, Tshisekedi et le pre\u0301sident rwandais Paul Kagame ont signe\u0301 un accord de paix et de coope\u0301ration e\u0301conomique qualifie\u0301 \u00ab d\u2019historique \u00bb, visant a\u0300 mettre un terme aux combats dans l\u2019est de la RDC. Cet accord a e\u0301te\u0301 conclu a\u0300 l\u2019issue d\u2019un processus de me\u0301diation parraine\u0301 par le pre\u0301sident ame\u0301ricain Donald Trump en juin.<\/p>\n<p>Les violences persistent depuis des de\u0301cennies dans l\u2019est de la RDC, faisant des milliers de morts et des millions de de\u0301place\u0301s, selon Kinshasa et les Nations unies.<\/p>\n<p>Des affrontements entre le groupe rebelle AFC-M23 et les forces gouvernementales, de\u0301clenche\u0301s la semaine dernie\u0300re, se poursuivaient lundi dans le territoire de Masisi, dans la province du Nord-Kivu, selon des sources locales et rebelles.<\/p>\n<p>Le conflit en cours a e\u0301clate\u0301 en 2021, lorsque le groupe rebelle M23 a refait surface et lance\u0301 une offensive contre les forces gouvernementales congolaises.<\/p>\n<p>L\u2019ONU, Kinshasa et d\u2019autres acteurs accusent le Rwanda de soutenir le M23, ce que Kigali de\u0301ment.<\/p>\n<p><strong>Pour plus d&rsquo;informations et d&rsquo;analyses sur la <span style=\"color: #ff6600\">Burundi<\/span>, suivez <span style=\"color: #ff6600\">Africa-Press<\/span><\/strong><\/p>\n","protected":false},"excerpt":{"rendered":"<p>Africa-Press &#8211; Burundi. Le ministre burundais des relations exte\u0301rieures, Edouard Bizimana, a accuse\u0301, lundi soir, Kigali de continuer a\u0300 mener des attaques contre les positions des forces de de\u0301fense nationale du Burundi a\u0300 l\u2019est de la Re\u0301publique de\u0301mocratique du Congo (RDC). \u00ab Le Rwanda continue de de\u0301ployer ses soldats et de mener des attaques contre [&hellip;]<\/p>\n","protected":false},"author":82,"featured_media":27688,"comment_status":"open","ping_status":"closed","sticky":false,"template":"","format":"standard","meta":{"footnotes":""},"categories":[2,20,10],"tags":[45,650,440],"class_list":["post-27689","post","type-post","status-publish","format-standard","has-post-thumbnail","hentry","category-politique","category-top-nouvelles","category-toutes-les-actualites","tag-burundi","tag-rdc","tag-rwanda"],"yoast_head":"<!-- This site is optimized with the Yoast SEO Premium plugin v26.1 (Yoast SEO v27.0) - https:\/\/yoast.com\/product\/yoast-seo-premium-wordpress\/ -->\n<title>Burundi Accuse Rwanda de Poursuivre Attaques en RDC - Burundi<\/title>\n<meta name=\"description\" content=\"Le ministre burundais des relations exte\u0301rieures, Edouard Bizimana, a accuse\u0301, lundi soir, Kigali de continuer a\u0300 mener ...\" \/>\n<meta name=\"robots\" content=\"index, follow, max-snippet:-1, max-image-preview:large, max-video-preview:-1\" \/>\n<link rel=\"canonical\" href=\"https:\/\/www.africa-press.net\/burundi\/politique\/burundi-accuse-rwanda-de-poursuivre-attaques-en-rdc\" \/>\n<meta property=\"og:locale\" content=\"fr_FR\" \/>\n<meta property=\"og:type\" content=\"article\" \/>\n<meta property=\"og:title\" content=\"Burundi Accuse Rwanda de Poursuivre Attaques en RDC\" \/>\n<meta property=\"og:description\" content=\"Le ministre burundais des relations exte\u0301rieures, Edouard Bizimana, a accuse\u0301, lundi soir, Kigali de continuer a\u0300 mener ...\" \/>\n<meta property=\"og:url\" content=\"https:\/\/www.africa-press.net\/burundi\/politique\/burundi-accuse-rwanda-de-poursuivre-attaques-en-rdc\" \/>\n<meta property=\"og:site_name\" content=\"Burundi\" \/>\n<meta property=\"article:published_time\" content=\"2025-12-09T14:00:00+00:00\" \/>\n<meta property=\"article:modified_time\" content=\"2025-12-09T15:27:42+00:00\" \/>\n<meta property=\"og:image\" content=\"https:\/\/static.africa-press.net\/burundi\/sites\/47\/2025\/12\/sm_1765322825.227824.jpg\" \/>\n\t<meta property=\"og:image:width\" content=\"864\" \/>\n\t<meta property=\"og:image:height\" content=\"486\" \/>\n\t<meta property=\"og:image:type\" content=\"image\/jpeg\" \/>\n<meta name=\"author\" content=\"cfeditorfr\" \/>\n<meta name=\"twitter:card\" content=\"summary_large_image\" \/>\n<meta name=\"twitter:label1\" content=\"\u00c9crit par\" \/>\n\t<meta name=\"twitter:data1\" content=\"cfeditorfr\" \/>\n\t<meta name=\"twitter:label2\" content=\"Dur\u00e9e de lecture estim\u00e9e\" \/>\n\t<meta name=\"twitter:data2\" content=\"3 minutes\" \/>\n<script type=\"application\/ld+json\" class=\"yoast-schema-graph\">{\"@context\":\"https:\/\/schema.org\",\"@graph\":[{\"@type\":\"Article\",\"@id\":\"https:\/\/www.africa-press.net\/burundi\/politique\/burundi-accuse-rwanda-de-poursuivre-attaques-en-rdc#article\",\"isPartOf\":{\"@id\":\"https:\/\/www.africa-press.net\/burundi\/politique\/burundi-accuse-rwanda-de-poursuivre-attaques-en-rdc\"},\"author\":{\"name\":\"cfeditorfr\",\"@id\":\"https:\/\/www.africa-press.net\/burundi\/#\/schema\/person\/2b1cf3cd81a31e3cd26889ca66d677f1\"},\"headline\":\"Burundi Accuse Rwanda de Poursuivre Attaques en RDC\",\"datePublished\":\"2025-12-09T14:00:00+00:00\",\"dateModified\":\"2025-12-09T15:27:42+00:00\",\"mainEntityOfPage\":{\"@id\":\"https:\/\/www.africa-press.net\/burundi\/politique\/burundi-accuse-rwanda-de-poursuivre-attaques-en-rdc\"},\"wordCount\":510,\"commentCount\":0,\"image\":{\"@id\":\"https:\/\/www.africa-press.net\/burundi\/politique\/burundi-accuse-rwanda-de-poursuivre-attaques-en-rdc#primaryimage\"},\"thumbnailUrl\":\"https:\/\/static.africa-press.net\/burundi\/sites\/47\/2025\/12\/sm_1765322825.227824.jpg\",\"keywords\":[\"Burundi\",\"RDC\",\"Rwanda\"],\"articleSection\":[\"Politique\",\"Top Nouvelles\",\"Toutes les actualit\u00e9s\"],\"inLanguage\":\"fr-FR\",\"potentialAction\":[{\"@type\":\"CommentAction\",\"name\":\"Comment\",\"target\":[\"https:\/\/www.africa-press.net\/burundi\/politique\/burundi-accuse-rwanda-de-poursuivre-attaques-en-rdc#respond\"]}]},{\"@type\":\"WebPage\",\"@id\":\"https:\/\/www.africa-press.net\/burundi\/politique\/burundi-accuse-rwanda-de-poursuivre-attaques-en-rdc\",\"url\":\"https:\/\/www.africa-press.net\/burundi\/politique\/burundi-accuse-rwanda-de-poursuivre-attaques-en-rdc\",\"name\":\"Burundi Accuse Rwanda de Poursuivre Attaques en RDC - Burundi\",\"isPartOf\":{\"@id\":\"https:\/\/www.africa-press.net\/burundi\/#website\"},\"primaryImageOfPage\":{\"@id\":\"https:\/\/www.africa-press.net\/burundi\/politique\/burundi-accuse-rwanda-de-poursuivre-attaques-en-rdc#primaryimage\"},\"image\":{\"@id\":\"https:\/\/www.africa-press.net\/burundi\/politique\/burundi-accuse-rwanda-de-poursuivre-attaques-en-rdc#primaryimage\"},\"thumbnailUrl\":\"https:\/\/static.africa-press.net\/burundi\/sites\/47\/2025\/12\/sm_1765322825.227824.jpg\",\"datePublished\":\"2025-12-09T14:00:00+00:00\",\"dateModified\":\"2025-12-09T15:27:42+00:00\",\"author\":{\"@id\":\"https:\/\/www.africa-press.net\/burundi\/#\/schema\/person\/2b1cf3cd81a31e3cd26889ca66d677f1\"},\"description\":\"Le ministre burundais des relations exte\u0301rieures, Edouard Bizimana, a accuse\u0301, lundi soir, Kigali de continuer a\u0300 mener ...\",\"breadcrumb\":{\"@id\":\"https:\/\/www.africa-press.net\/burundi\/politique\/burundi-accuse-rwanda-de-poursuivre-attaques-en-rdc#breadcrumb\"},\"inLanguage\":\"fr-FR\",\"potentialAction\":[{\"@type\":\"ReadAction\",\"target\":[\"https:\/\/www.africa-press.net\/burundi\/politique\/burundi-accuse-rwanda-de-poursuivre-attaques-en-rdc\"]}]},{\"@type\":\"ImageObject\",\"inLanguage\":\"fr-FR\",\"@id\":\"https:\/\/www.africa-press.net\/burundi\/politique\/burundi-accuse-rwanda-de-poursuivre-attaques-en-rdc#primaryimage\",\"url\":\"https:\/\/static.africa-press.net\/burundi\/sites\/47\/2025\/12\/sm_1765322825.227824.jpg\",\"contentUrl\":\"https:\/\/static.africa-press.net\/burundi\/sites\/47\/2025\/12\/sm_1765322825.227824.jpg\",\"width\":864,\"height\":486,\"caption\":\"Burundi Accuse Rwanda de Poursuivre Attaques en RDC\"},{\"@type\":\"BreadcrumbList\",\"@id\":\"https:\/\/www.africa-press.net\/burundi\/politique\/burundi-accuse-rwanda-de-poursuivre-attaques-en-rdc#breadcrumb\",\"itemListElement\":[{\"@type\":\"ListItem\",\"position\":1,\"name\":\"Accueil\",\"item\":\"https:\/\/www.africa-press.net\/burundi\/\"},{\"@type\":\"ListItem\",\"position\":2,\"name\":\"Burundi Accuse Rwanda de Poursuivre Attaques en RDC\"}]},{\"@type\":\"WebSite\",\"@id\":\"https:\/\/www.africa-press.net\/burundi\/#website\",\"url\":\"https:\/\/www.africa-press.net\/burundi\/\",\"name\":\"Burundi\",\"description\":\"Just another Africa News Agency Sites site\",\"potentialAction\":[{\"@type\":\"SearchAction\",\"target\":{\"@type\":\"EntryPoint\",\"urlTemplate\":\"https:\/\/www.africa-press.net\/burundi\/?s={search_term_string}\"},\"query-input\":{\"@type\":\"PropertyValueSpecification\",\"valueRequired\":true,\"valueName\":\"search_term_string\"}}],\"inLanguage\":\"fr-FR\"},{\"@type\":\"Person\",\"@id\":\"https:\/\/www.africa-press.net\/burundi\/#\/schema\/person\/2b1cf3cd81a31e3cd26889ca66d677f1\",\"name\":\"cfeditorfr\"}]}<\/script>\n<!-- \/ Yoast SEO Premium plugin. -->","yoast_head_json":{"title":"Burundi Accuse Rwanda de Poursuivre Attaques en RDC - Burundi","description":"Le ministre burundais des relations exte\u0301rieures, Edouard Bizimana, a accuse\u0301, lundi soir, Kigali de continuer a\u0300 mener ...","robots":{"index":"index","follow":"follow","max-snippet":"max-snippet:-1","max-image-preview":"max-image-preview:large","max-video-preview":"max-video-preview:-1"},"canonical":"https:\/\/www.africa-press.net\/burundi\/politique\/burundi-accuse-rwanda-de-poursuivre-attaques-en-rdc","og_locale":"fr_FR","og_type":"article","og_title":"Burundi Accuse Rwanda de Poursuivre Attaques en RDC","og_description":"Le ministre burundais des relations exte\u0301rieures, Edouard Bizimana, a accuse\u0301, lundi soir, Kigali de continuer a\u0300 mener ...","og_url":"https:\/\/www.africa-press.net\/burundi\/politique\/burundi-accuse-rwanda-de-poursuivre-attaques-en-rdc","og_site_name":"Burundi","article_published_time":"2025-12-09T14:00:00+00:00","article_modified_time":"2025-12-09T15:27:42+00:00","og_image":[{"width":864,"height":486,"url":"https:\/\/static.africa-press.net\/burundi\/sites\/47\/2025\/12\/sm_1765322825.227824.jpg","type":"image\/jpeg"}],"author":"cfeditorfr","twitter_card":"summary_large_image","twitter_misc":{"\u00c9crit par":"cfeditorfr","Dur\u00e9e de lecture estim\u00e9e":"3 minutes"},"schema":{"@context":"https:\/\/schema.org","@graph":[{"@type":"Article","@id":"https:\/\/www.africa-press.net\/burundi\/politique\/burundi-accuse-rwanda-de-poursuivre-attaques-en-rdc#article","isPartOf":{"@id":"https:\/\/www.africa-press.net\/burundi\/politique\/burundi-accuse-rwanda-de-poursuivre-attaques-en-rdc"},"author":{"name":"cfeditorfr","@id":"https:\/\/www.africa-press.net\/burundi\/#\/schema\/person\/2b1cf3cd81a31e3cd26889ca66d677f1"},"headline":"Burundi Accuse Rwanda de Poursuivre Attaques en RDC","datePublished":"2025-12-09T14:00:00+00:00","dateModified":"2025-12-09T15:27:42+00:00","mainEntityOfPage":{"@id":"https:\/\/www.africa-press.net\/burundi\/politique\/burundi-accuse-rwanda-de-poursuivre-attaques-en-rdc"},"wordCount":510,"commentCount":0,"image":{"@id":"https:\/\/www.africa-press.net\/burundi\/politique\/burundi-accuse-rwanda-de-poursuivre-attaques-en-rdc#primaryimage"},"thumbnailUrl":"https:\/\/static.africa-press.net\/burundi\/sites\/47\/2025\/12\/sm_1765322825.227824.jpg","keywords":["Burundi","RDC","Rwanda"],"articleSection":["Politique","Top Nouvelles","Toutes les actualit\u00e9s"],"inLanguage":"fr-FR","potentialAction":[{"@type":"CommentAction","name":"Comment","target":["https:\/\/www.africa-press.net\/burundi\/politique\/burundi-accuse-rwanda-de-poursuivre-attaques-en-rdc#respond"]}]},{"@type":"WebPage","@id":"https:\/\/www.africa-press.net\/burundi\/politique\/burundi-accuse-rwanda-de-poursuivre-attaques-en-rdc","url":"https:\/\/www.africa-press.net\/burundi\/politique\/burundi-accuse-rwanda-de-poursuivre-attaques-en-rdc","name":"Burundi Accuse Rwanda de Poursuivre Attaques en RDC - Burundi","isPartOf":{"@id":"https:\/\/www.africa-press.net\/burundi\/#website"},"primaryImageOfPage":{"@id":"https:\/\/www.africa-press.net\/burundi\/politique\/burundi-accuse-rwanda-de-poursuivre-attaques-en-rdc#primaryimage"},"image":{"@id":"https:\/\/www.africa-press.net\/burundi\/politique\/burundi-accuse-rwanda-de-poursuivre-attaques-en-rdc#primaryimage"},"thumbnailUrl":"https:\/\/static.africa-press.net\/burundi\/sites\/47\/2025\/12\/sm_1765322825.227824.jpg","datePublished":"2025-12-09T14:00:00+00:00","dateModified":"2025-12-09T15:27:42+00:00","author":{"@id":"https:\/\/www.africa-press.net\/burundi\/#\/schema\/person\/2b1cf3cd81a31e3cd26889ca66d677f1"},"description":"Le ministre burundais des relations exte\u0301rieures, Edouard Bizimana, a accuse\u0301, lundi soir, Kigali de continuer a\u0300 mener ...","breadcrumb":{"@id":"https:\/\/www.africa-press.net\/burundi\/politique\/burundi-accuse-rwanda-de-poursuivre-attaques-en-rdc#breadcrumb"},"inLanguage":"fr-FR","potentialAction":[{"@type":"ReadAction","target":["https:\/\/www.africa-press.net\/burundi\/politique\/burundi-accuse-rwanda-de-poursuivre-attaques-en-rdc"]}]},{"@type":"ImageObject","inLanguage":"fr-FR","@id":"https:\/\/www.africa-press.net\/burundi\/politique\/burundi-accuse-rwanda-de-poursuivre-attaques-en-rdc#primaryimage","url":"https:\/\/static.africa-press.net\/burundi\/sites\/47\/2025\/12\/sm_1765322825.227824.jpg","contentUrl":"https:\/\/static.africa-press.net\/burundi\/sites\/47\/2025\/12\/sm_1765322825.227824.jpg","width":864,"height":486,"caption":"Burundi Accuse Rwanda de Poursuivre Attaques en RDC"},{"@type":"BreadcrumbList","@id":"https:\/\/www.africa-press.net\/burundi\/politique\/burundi-accuse-rwanda-de-poursuivre-attaques-en-rdc#breadcrumb","itemListElement":[{"@type":"ListItem","position":1,"name":"Accueil","item":"https:\/\/www.africa-press.net\/burundi\/"},{"@type":"ListItem","position":2,"name":"Burundi Accuse Rwanda de Poursuivre Attaques en RDC"}]},{"@type":"WebSite","@id":"https:\/\/www.africa-press.net\/burundi\/#website","url":"https:\/\/www.africa-press.net\/burundi\/","name":"Burundi","description":"Just another Africa News Agency Sites site","potentialAction":[{"@type":"SearchAction","target":{"@type":"EntryPoint","urlTemplate":"https:\/\/www.africa-press.net\/burundi\/?s={search_term_string}"},"query-input":{"@type":"PropertyValueSpecification","valueRequired":true,"valueName":"search_term_string"}}],"inLanguage":"fr-FR"},{"@type":"Person","@id":"https:\/\/www.africa-press.net\/burundi\/#\/schema\/person\/2b1cf3cd81a31e3cd26889ca66d677f1","name":"cfeditorfr"}]}},"_links":{"self":[{"href":"https:\/\/www.africa-press.net\/burundi\/wp-json\/wp\/v2\/posts\/27689","targetHints":{"allow":["GET"]}}],"collection":[{"href":"https:\/\/www.africa-press.net\/burundi\/wp-json\/wp\/v2\/posts"}],"about":[{"href":"https:\/\/www.africa-press.net\/burundi\/wp-json\/wp\/v2\/types\/post"}],"author":[{"embeddable":true,"href":"https:\/\/www.africa-press.net\/burundi\/wp-json\/wp\/v2\/users\/82"}],"replies":[{"embeddable":true,"href":"https:\/\/www.africa-press.net\/burundi\/wp-json\/wp\/v2\/comments?post=27689"}],"version-history":[{"count":0,"href":"https:\/\/www.africa-press.net\/burundi\/wp-json\/wp\/v2\/posts\/27689\/revisions"}],"wp:featuredmedia":[{"embeddable":true,"href":"https:\/\/www.africa-press.net\/burundi\/wp-json\/wp\/v2\/media\/27688"}],"wp:attachment":[{"href":"https:\/\/www.africa-press.net\/burundi\/wp-json\/wp\/v2\/media?parent=27689"}],"wp:term":[{"taxonomy":"category","embeddable":true,"href":"https:\/\/www.africa-press.net\/burundi\/wp-json\/wp\/v2\/categories?post=27689"},{"taxonomy":"post_tag","embeddable":true,"href":"https:\/\/www.africa-press.net\/burundi\/wp-json\/wp\/v2\/tags?post=27689"}],"curies":[{"name":"wp","href":"https:\/\/api.w.org\/{rel}","templated":true}]}}