{"id":28980,"date":"2026-02-14T14:10:00","date_gmt":"2026-02-14T14:10:00","guid":{"rendered":"https:\/\/www.africa-press.net\/burundi\/politique\/evariste-ndayishimiye-devient-president-de-lunion-africaine"},"modified":"2026-02-16T03:28:17","modified_gmt":"2026-02-16T03:28:17","slug":"evariste-ndayishimiye-devient-president-de-lunion-africaine","status":"publish","type":"post","link":"https:\/\/www.africa-press.net\/burundi\/politique\/evariste-ndayishimiye-devient-president-de-lunion-africaine","title":{"rendered":"Evariste Ndayishimiye Devient Pr\u00e9sident de L&rsquo;Union Africaine"},"content":{"rendered":"<p><span style=\"color: #ff6600\"><strong>Africa-Press &#8211; Burundi. <\/strong><\/span>La 39e\u0300me Confe\u0301rence des Chefs d\u2019E\u0301tat et de Gouvernement de l\u2019Union africaine tenue samedi 14 fe\u0301vrier 2026 vient de porter le Pre\u0301sident de la Re\u0301publique du Burundi, Son Excellence E\u0301variste Ndayishimiye, au plus haut sommet du continent africain, en lui confiant les re\u0302nes de cette Organisation continentale.<\/p>\n<p>Avec son mandat place\u0301 sous le signe de l\u2019unite\u0301, de l\u2019inte\u0301gration e\u0301conomique et de la stabilite\u0301 du continent, un nouveau chapitre s\u2019ouvre pour le continent africain sous le leadership de Son Excellence E\u0301variste Ndayishimiye, succe\u0301dant au Pre\u0301sident Angolais Joa\u0303o Lourenc\u0327o<\/p>\n<p>Dans son discours d\u2019acceptation, le Pre\u0301sident Ndayishimiye a annonce\u0301 que son mandat a\u0300 la te\u0302te de l\u2019 Union Africaine sera axe\u0301 sur un contexte africain marque\u0301 par des de\u0301fis multidimensionnels. Il envisage d\u2019articuler son action autour de trois piliers strate\u0301giques qui guideront son mandat, a\u0300 savoir le renforcement de la paix et de la se\u0301curite\u0301, acce\u0301le\u0301ration de l\u2019inte\u0301gration e\u0301conomique du continent, notamment a\u0300 travers la mise en \u0153uvre effective de la Zone de Libre-e\u0301change Continentale Africaine, ainsi que la gouvernance et la solidarite\u0301 entre E\u0301tats membres.<\/p>\n<p>Le Pre\u0301sident entrant s\u2019attellera au renforcement de la paix dans la re\u0301gion des Grands Lacs et a\u0300 l\u2019activation des dossiers de la jeunesse, de la paix et de la se\u0301curite\u0301, en plus de la mise en \u0153uvre de la the\u0301matique de cette anne\u0301e, a\u0300 savoir \u201cl\u2019eau et l\u2019assainissement\u201d.<\/p>\n<p>La mise en oeuvre de l\u2019Agenda 2063 sera e\u0301galement sa grande pre\u0301occupation, a martele\u0301 le Pre\u0301sident Ndayishimiye. Cet Agenda est pour les leaders africains un contrat moral qui engage plusieures ge\u0301ne\u0301rations africaines et trace la voie d\u2019une Afrique inte\u0301gre\u0301e, prospe\u0300re, pacifique et mai\u0302tresse de son destin.<\/p>\n<p>Dans son allocution a\u0300 l\u2019ouverture des travaux de la 39e\u0300me session ordinaire du Sommet de l\u2019Union africaine, le Secre\u0301taire Ge\u0301ne\u0301ral des Nations Unies, Antonio Guterres a re\u0301pe\u0301te\u0301 et appuye\u0301 l\u2019ide\u0301e qui a e\u0301te\u0301 exprime\u0301 par le Pre\u0301sident Ndayishimiye lors de son discours d\u2019acceptation, qu\u2019il est \u201cinadmissible que l\u2019Afrique ne dispose pas de sie\u0300ges permanents au Conseil de se\u0301curite\u0301\u201d, mentionnant que l\u2019Afrique doit sie\u0301ger et participer a\u0300 toutes les re\u0301solutions lie\u0301es au continent.<\/p>\n<p>Le Pre\u0301sident sortant, Joa\u0303o Lourenc\u0327o, a quant a\u0300 lui mis l\u2019accent sur la ne\u0301cessite\u0301 de faire taire les armes face a\u0300 la persistance des conflits et des changements anticonstitutionnels de gouvernement. Il a encourage\u0301 la solidarite\u0301 et le multilate\u0301ralisme pour surmonter les crises se\u0301curitaires, notamment dans l\u2019est de la RDC.<\/p>\n<p><strong>Pour plus d&rsquo;informations et d&rsquo;analyses sur la <span style=\"color: #ff6600\">Burundi<\/span>, suivez <span style=\"color: #ff6600\">Africa-Press<\/span><\/strong><\/p>\n","protected":false},"excerpt":{"rendered":"<p>Africa-Press &#8211; Burundi. La 39e\u0300me Confe\u0301rence des Chefs d\u2019E\u0301tat et de Gouvernement de l\u2019Union africaine tenue samedi 14 fe\u0301vrier 2026 vient de porter le Pre\u0301sident de la Re\u0301publique du Burundi, Son Excellence E\u0301variste Ndayishimiye, au plus haut sommet du continent africain, en lui confiant les re\u0302nes de cette Organisation continentale. Avec son mandat place\u0301 sous [&hellip;]<\/p>\n","protected":false},"author":82,"featured_media":28979,"comment_status":"open","ping_status":"closed","sticky":false,"template":"","format":"standard","meta":{"footnotes":""},"categories":[2,20,10],"tags":[45],"class_list":["post-28980","post","type-post","status-publish","format-standard","has-post-thumbnail","hentry","category-politique","category-top-nouvelles","category-toutes-les-actualites","tag-burundi"],"yoast_head":"<!-- This site is optimized with the Yoast SEO Premium plugin v26.1 (Yoast SEO v27.0) - https:\/\/yoast.com\/product\/yoast-seo-premium-wordpress\/ -->\n<title>Evariste Ndayishimiye Devient Pr\u00e9sident de L&#039;Union Africaine - Burundi<\/title>\n<meta name=\"description\" content=\"La 39e\u0300me Confe\u0301rence des Chefs d\u2019E\u0301tat et de Gouvernement de l\u2019Union africaine tenue samedi 14 fe\u0301vrier 2026 vient de p ...\" \/>\n<meta name=\"robots\" content=\"index, follow, max-snippet:-1, max-image-preview:large, max-video-preview:-1\" \/>\n<link rel=\"canonical\" href=\"https:\/\/www.africa-press.net\/burundi\/politique\/evariste-ndayishimiye-devient-president-de-lunion-africaine\" \/>\n<meta property=\"og:locale\" content=\"fr_FR\" \/>\n<meta property=\"og:type\" content=\"article\" \/>\n<meta property=\"og:title\" content=\"Evariste Ndayishimiye Devient Pr\u00e9sident de L&#039;Union Africaine\" \/>\n<meta property=\"og:description\" content=\"La 39e\u0300me Confe\u0301rence des Chefs d\u2019E\u0301tat et de Gouvernement de l\u2019Union africaine tenue samedi 14 fe\u0301vrier 2026 vient de p ...\" \/>\n<meta property=\"og:url\" content=\"https:\/\/www.africa-press.net\/burundi\/politique\/evariste-ndayishimiye-devient-president-de-lunion-africaine\" \/>\n<meta property=\"og:site_name\" content=\"Burundi\" \/>\n<meta property=\"article:published_time\" content=\"2026-02-14T14:10:00+00:00\" \/>\n<meta property=\"article:modified_time\" content=\"2026-02-16T03:28:17+00:00\" \/>\n<meta property=\"og:image\" content=\"https:\/\/static.africa-press.net\/burundi\/sites\/47\/2026\/02\/sm_1771240771.433279.jpg\" \/>\n\t<meta property=\"og:image:width\" content=\"1280\" \/>\n\t<meta property=\"og:image:height\" content=\"720\" \/>\n\t<meta property=\"og:image:type\" content=\"image\/jpeg\" \/>\n<meta name=\"author\" content=\"cfeditorfr\" \/>\n<meta name=\"twitter:card\" content=\"summary_large_image\" \/>\n<meta name=\"twitter:label1\" content=\"\u00c9crit par\" \/>\n\t<meta name=\"twitter:data1\" content=\"cfeditorfr\" \/>\n\t<meta name=\"twitter:label2\" content=\"Dur\u00e9e de lecture estim\u00e9e\" \/>\n\t<meta name=\"twitter:data2\" content=\"2 minutes\" \/>\n<script type=\"application\/ld+json\" class=\"yoast-schema-graph\">{\"@context\":\"https:\/\/schema.org\",\"@graph\":[{\"@type\":\"Article\",\"@id\":\"https:\/\/www.africa-press.net\/burundi\/politique\/evariste-ndayishimiye-devient-president-de-lunion-africaine#article\",\"isPartOf\":{\"@id\":\"https:\/\/www.africa-press.net\/burundi\/politique\/evariste-ndayishimiye-devient-president-de-lunion-africaine\"},\"author\":{\"name\":\"cfeditorfr\",\"@id\":\"https:\/\/www.africa-press.net\/burundi\/#\/schema\/person\/2b1cf3cd81a31e3cd26889ca66d677f1\"},\"headline\":\"Evariste Ndayishimiye Devient Pr\u00e9sident de L&rsquo;Union Africaine\",\"datePublished\":\"2026-02-14T14:10:00+00:00\",\"dateModified\":\"2026-02-16T03:28:17+00:00\",\"mainEntityOfPage\":{\"@id\":\"https:\/\/www.africa-press.net\/burundi\/politique\/evariste-ndayishimiye-devient-president-de-lunion-africaine\"},\"wordCount\":493,\"commentCount\":0,\"image\":{\"@id\":\"https:\/\/www.africa-press.net\/burundi\/politique\/evariste-ndayishimiye-devient-president-de-lunion-africaine#primaryimage\"},\"thumbnailUrl\":\"https:\/\/static.africa-press.net\/burundi\/sites\/47\/2026\/02\/sm_1771240771.433279.jpg\",\"keywords\":[\"Burundi\"],\"articleSection\":[\"Politique\",\"Top Nouvelles\",\"Toutes les actualit\u00e9s\"],\"inLanguage\":\"fr-FR\",\"potentialAction\":[{\"@type\":\"CommentAction\",\"name\":\"Comment\",\"target\":[\"https:\/\/www.africa-press.net\/burundi\/politique\/evariste-ndayishimiye-devient-president-de-lunion-africaine#respond\"]}]},{\"@type\":\"WebPage\",\"@id\":\"https:\/\/www.africa-press.net\/burundi\/politique\/evariste-ndayishimiye-devient-president-de-lunion-africaine\",\"url\":\"https:\/\/www.africa-press.net\/burundi\/politique\/evariste-ndayishimiye-devient-president-de-lunion-africaine\",\"name\":\"Evariste Ndayishimiye Devient Pr\u00e9sident de L'Union Africaine - Burundi\",\"isPartOf\":{\"@id\":\"https:\/\/www.africa-press.net\/burundi\/#website\"},\"primaryImageOfPage\":{\"@id\":\"https:\/\/www.africa-press.net\/burundi\/politique\/evariste-ndayishimiye-devient-president-de-lunion-africaine#primaryimage\"},\"image\":{\"@id\":\"https:\/\/www.africa-press.net\/burundi\/politique\/evariste-ndayishimiye-devient-president-de-lunion-africaine#primaryimage\"},\"thumbnailUrl\":\"https:\/\/static.africa-press.net\/burundi\/sites\/47\/2026\/02\/sm_1771240771.433279.jpg\",\"datePublished\":\"2026-02-14T14:10:00+00:00\",\"dateModified\":\"2026-02-16T03:28:17+00:00\",\"author\":{\"@id\":\"https:\/\/www.africa-press.net\/burundi\/#\/schema\/person\/2b1cf3cd81a31e3cd26889ca66d677f1\"},\"description\":\"La 39e\u0300me Confe\u0301rence des Chefs d\u2019E\u0301tat et de Gouvernement de l\u2019Union africaine tenue samedi 14 fe\u0301vrier 2026 vient de p ...\",\"breadcrumb\":{\"@id\":\"https:\/\/www.africa-press.net\/burundi\/politique\/evariste-ndayishimiye-devient-president-de-lunion-africaine#breadcrumb\"},\"inLanguage\":\"fr-FR\",\"potentialAction\":[{\"@type\":\"ReadAction\",\"target\":[\"https:\/\/www.africa-press.net\/burundi\/politique\/evariste-ndayishimiye-devient-president-de-lunion-africaine\"]}]},{\"@type\":\"ImageObject\",\"inLanguage\":\"fr-FR\",\"@id\":\"https:\/\/www.africa-press.net\/burundi\/politique\/evariste-ndayishimiye-devient-president-de-lunion-africaine#primaryimage\",\"url\":\"https:\/\/static.africa-press.net\/burundi\/sites\/47\/2026\/02\/sm_1771240771.433279.jpg\",\"contentUrl\":\"https:\/\/static.africa-press.net\/burundi\/sites\/47\/2026\/02\/sm_1771240771.433279.jpg\",\"width\":1280,\"height\":720,\"caption\":\"Evariste Ndayishimiye Devient Pr\u00e9sident de L'Union Africaine\"},{\"@type\":\"BreadcrumbList\",\"@id\":\"https:\/\/www.africa-press.net\/burundi\/politique\/evariste-ndayishimiye-devient-president-de-lunion-africaine#breadcrumb\",\"itemListElement\":[{\"@type\":\"ListItem\",\"position\":1,\"name\":\"Accueil\",\"item\":\"https:\/\/www.africa-press.net\/burundi\/\"},{\"@type\":\"ListItem\",\"position\":2,\"name\":\"Evariste Ndayishimiye Devient Pr\u00e9sident de L&#8217;Union Africaine\"}]},{\"@type\":\"WebSite\",\"@id\":\"https:\/\/www.africa-press.net\/burundi\/#website\",\"url\":\"https:\/\/www.africa-press.net\/burundi\/\",\"name\":\"Burundi\",\"description\":\"Just another Africa News Agency Sites site\",\"potentialAction\":[{\"@type\":\"SearchAction\",\"target\":{\"@type\":\"EntryPoint\",\"urlTemplate\":\"https:\/\/www.africa-press.net\/burundi\/?s={search_term_string}\"},\"query-input\":{\"@type\":\"PropertyValueSpecification\",\"valueRequired\":true,\"valueName\":\"search_term_string\"}}],\"inLanguage\":\"fr-FR\"},{\"@type\":\"Person\",\"@id\":\"https:\/\/www.africa-press.net\/burundi\/#\/schema\/person\/2b1cf3cd81a31e3cd26889ca66d677f1\",\"name\":\"cfeditorfr\"}]}<\/script>\n<!-- \/ Yoast SEO Premium plugin. -->","yoast_head_json":{"title":"Evariste Ndayishimiye Devient Pr\u00e9sident de L'Union Africaine - Burundi","description":"La 39e\u0300me Confe\u0301rence des Chefs d\u2019E\u0301tat et de Gouvernement de l\u2019Union africaine tenue samedi 14 fe\u0301vrier 2026 vient de p ...","robots":{"index":"index","follow":"follow","max-snippet":"max-snippet:-1","max-image-preview":"max-image-preview:large","max-video-preview":"max-video-preview:-1"},"canonical":"https:\/\/www.africa-press.net\/burundi\/politique\/evariste-ndayishimiye-devient-president-de-lunion-africaine","og_locale":"fr_FR","og_type":"article","og_title":"Evariste Ndayishimiye Devient Pr\u00e9sident de L'Union Africaine","og_description":"La 39e\u0300me Confe\u0301rence des Chefs d\u2019E\u0301tat et de Gouvernement de l\u2019Union africaine tenue samedi 14 fe\u0301vrier 2026 vient de p ...","og_url":"https:\/\/www.africa-press.net\/burundi\/politique\/evariste-ndayishimiye-devient-president-de-lunion-africaine","og_site_name":"Burundi","article_published_time":"2026-02-14T14:10:00+00:00","article_modified_time":"2026-02-16T03:28:17+00:00","og_image":[{"width":1280,"height":720,"url":"https:\/\/static.africa-press.net\/burundi\/sites\/47\/2026\/02\/sm_1771240771.433279.jpg","type":"image\/jpeg"}],"author":"cfeditorfr","twitter_card":"summary_large_image","twitter_misc":{"\u00c9crit par":"cfeditorfr","Dur\u00e9e de lecture estim\u00e9e":"2 minutes"},"schema":{"@context":"https:\/\/schema.org","@graph":[{"@type":"Article","@id":"https:\/\/www.africa-press.net\/burundi\/politique\/evariste-ndayishimiye-devient-president-de-lunion-africaine#article","isPartOf":{"@id":"https:\/\/www.africa-press.net\/burundi\/politique\/evariste-ndayishimiye-devient-president-de-lunion-africaine"},"author":{"name":"cfeditorfr","@id":"https:\/\/www.africa-press.net\/burundi\/#\/schema\/person\/2b1cf3cd81a31e3cd26889ca66d677f1"},"headline":"Evariste Ndayishimiye Devient Pr\u00e9sident de L&rsquo;Union Africaine","datePublished":"2026-02-14T14:10:00+00:00","dateModified":"2026-02-16T03:28:17+00:00","mainEntityOfPage":{"@id":"https:\/\/www.africa-press.net\/burundi\/politique\/evariste-ndayishimiye-devient-president-de-lunion-africaine"},"wordCount":493,"commentCount":0,"image":{"@id":"https:\/\/www.africa-press.net\/burundi\/politique\/evariste-ndayishimiye-devient-president-de-lunion-africaine#primaryimage"},"thumbnailUrl":"https:\/\/static.africa-press.net\/burundi\/sites\/47\/2026\/02\/sm_1771240771.433279.jpg","keywords":["Burundi"],"articleSection":["Politique","Top Nouvelles","Toutes les actualit\u00e9s"],"inLanguage":"fr-FR","potentialAction":[{"@type":"CommentAction","name":"Comment","target":["https:\/\/www.africa-press.net\/burundi\/politique\/evariste-ndayishimiye-devient-president-de-lunion-africaine#respond"]}]},{"@type":"WebPage","@id":"https:\/\/www.africa-press.net\/burundi\/politique\/evariste-ndayishimiye-devient-president-de-lunion-africaine","url":"https:\/\/www.africa-press.net\/burundi\/politique\/evariste-ndayishimiye-devient-president-de-lunion-africaine","name":"Evariste Ndayishimiye Devient Pr\u00e9sident de L'Union Africaine - Burundi","isPartOf":{"@id":"https:\/\/www.africa-press.net\/burundi\/#website"},"primaryImageOfPage":{"@id":"https:\/\/www.africa-press.net\/burundi\/politique\/evariste-ndayishimiye-devient-president-de-lunion-africaine#primaryimage"},"image":{"@id":"https:\/\/www.africa-press.net\/burundi\/politique\/evariste-ndayishimiye-devient-president-de-lunion-africaine#primaryimage"},"thumbnailUrl":"https:\/\/static.africa-press.net\/burundi\/sites\/47\/2026\/02\/sm_1771240771.433279.jpg","datePublished":"2026-02-14T14:10:00+00:00","dateModified":"2026-02-16T03:28:17+00:00","author":{"@id":"https:\/\/www.africa-press.net\/burundi\/#\/schema\/person\/2b1cf3cd81a31e3cd26889ca66d677f1"},"description":"La 39e\u0300me Confe\u0301rence des Chefs d\u2019E\u0301tat et de Gouvernement de l\u2019Union africaine tenue samedi 14 fe\u0301vrier 2026 vient de p ...","breadcrumb":{"@id":"https:\/\/www.africa-press.net\/burundi\/politique\/evariste-ndayishimiye-devient-president-de-lunion-africaine#breadcrumb"},"inLanguage":"fr-FR","potentialAction":[{"@type":"ReadAction","target":["https:\/\/www.africa-press.net\/burundi\/politique\/evariste-ndayishimiye-devient-president-de-lunion-africaine"]}]},{"@type":"ImageObject","inLanguage":"fr-FR","@id":"https:\/\/www.africa-press.net\/burundi\/politique\/evariste-ndayishimiye-devient-president-de-lunion-africaine#primaryimage","url":"https:\/\/static.africa-press.net\/burundi\/sites\/47\/2026\/02\/sm_1771240771.433279.jpg","contentUrl":"https:\/\/static.africa-press.net\/burundi\/sites\/47\/2026\/02\/sm_1771240771.433279.jpg","width":1280,"height":720,"caption":"Evariste Ndayishimiye Devient Pr\u00e9sident de L'Union Africaine"},{"@type":"BreadcrumbList","@id":"https:\/\/www.africa-press.net\/burundi\/politique\/evariste-ndayishimiye-devient-president-de-lunion-africaine#breadcrumb","itemListElement":[{"@type":"ListItem","position":1,"name":"Accueil","item":"https:\/\/www.africa-press.net\/burundi\/"},{"@type":"ListItem","position":2,"name":"Evariste Ndayishimiye Devient Pr\u00e9sident de L&#8217;Union Africaine"}]},{"@type":"WebSite","@id":"https:\/\/www.africa-press.net\/burundi\/#website","url":"https:\/\/www.africa-press.net\/burundi\/","name":"Burundi","description":"Just another Africa News Agency Sites site","potentialAction":[{"@type":"SearchAction","target":{"@type":"EntryPoint","urlTemplate":"https:\/\/www.africa-press.net\/burundi\/?s={search_term_string}"},"query-input":{"@type":"PropertyValueSpecification","valueRequired":true,"valueName":"search_term_string"}}],"inLanguage":"fr-FR"},{"@type":"Person","@id":"https:\/\/www.africa-press.net\/burundi\/#\/schema\/person\/2b1cf3cd81a31e3cd26889ca66d677f1","name":"cfeditorfr"}]}},"_links":{"self":[{"href":"https:\/\/www.africa-press.net\/burundi\/wp-json\/wp\/v2\/posts\/28980","targetHints":{"allow":["GET"]}}],"collection":[{"href":"https:\/\/www.africa-press.net\/burundi\/wp-json\/wp\/v2\/posts"}],"about":[{"href":"https:\/\/www.africa-press.net\/burundi\/wp-json\/wp\/v2\/types\/post"}],"author":[{"embeddable":true,"href":"https:\/\/www.africa-press.net\/burundi\/wp-json\/wp\/v2\/users\/82"}],"replies":[{"embeddable":true,"href":"https:\/\/www.africa-press.net\/burundi\/wp-json\/wp\/v2\/comments?post=28980"}],"version-history":[{"count":0,"href":"https:\/\/www.africa-press.net\/burundi\/wp-json\/wp\/v2\/posts\/28980\/revisions"}],"wp:featuredmedia":[{"embeddable":true,"href":"https:\/\/www.africa-press.net\/burundi\/wp-json\/wp\/v2\/media\/28979"}],"wp:attachment":[{"href":"https:\/\/www.africa-press.net\/burundi\/wp-json\/wp\/v2\/media?parent=28980"}],"wp:term":[{"taxonomy":"category","embeddable":true,"href":"https:\/\/www.africa-press.net\/burundi\/wp-json\/wp\/v2\/categories?post=28980"},{"taxonomy":"post_tag","embeddable":true,"href":"https:\/\/www.africa-press.net\/burundi\/wp-json\/wp\/v2\/tags?post=28980"}],"curies":[{"name":"wp","href":"https:\/\/api.w.org\/{rel}","templated":true}]}}