{"id":29307,"date":"2026-03-13T12:10:00","date_gmt":"2026-03-13T12:10:00","guid":{"rendered":"https:\/\/www.africa-press.net\/burundi\/politique\/caf-augmente-primes-ligue-des-champions-et-coupe"},"modified":"2026-03-13T12:10:00","modified_gmt":"2026-03-13T12:10:00","slug":"caf-augmente-primes-ligue-des-champions-et-coupe","status":"publish","type":"post","link":"https:\/\/www.africa-press.net\/burundi\/sports\/caf-augmente-primes-ligue-des-champions-et-coupe","title":{"rendered":"CAF Augmente Primes Ligue des Champions et Coupe"},"content":{"rendered":"<p><span style=\"color: #ff6600\"><strong>Africa-Press &#8211; Burundi. <\/strong><\/span>La Confe\u0301de\u0301ration africaine de football (CAF) a annonce\u0301, lundi, une hausse des primes accorde\u0301es aux vainqueurs de la Ligue des champions africaine et de la Coupe de la Confe\u0301de\u0301ration a\u0300 partir de la saison 2025\/2026.<\/p>\n<p>Dans un communique\u0301, le pre\u0301sident de la CAF, Patrice Motsepe, a indique\u0301 que la prime du vainqueur de la Ligue des champions de la CAF passera a\u0300 6 millions de dollars, soit une augmentation de 2 millions de dollars et une hausse de 50 %.<\/p>\n<p>De son co\u0302te\u0301, le vainqueur de la Coupe de la Confe\u0301de\u0301ration de la CAF recevra de\u0301sormais 4 millions de dollars, ce qui repre\u0301sente une augmentation de 2 millions de dollars, soit une hausse de 100 %.<\/p>\n<p>La CAF souligne que ces augmentations s\u2019inscrivent dans la strate\u0301gie visant a\u0300 renforcer la compe\u0301titivite\u0301 du football de clubs africain et a\u0300 ame\u0301liorer le soutien financier aux clubs.<\/p>\n<p>Selon la me\u0302me source, depuis l\u2019e\u0301lection de Patrice Motsepe a\u0300 la pre\u0301sidence de la CAF, la prime du vainqueur de la Ligue des champions est passe\u0301e de 2,5 millions de dollars en 2021 a\u0300 6 millions de dollars, soit une augmentation de 140 %.<\/p>\n<p>Dans le me\u0302me temps, la prime du vainqueur de la Coupe de la Confe\u0301de\u0301ration est passe\u0301e de 1,25 million de dollars en 2021 a\u0300 4 millions de dollars, soit une hausse de 220 %.<\/p>\n<p>La CAF a e\u0301galement indique\u0301 que le montant total des primes et des paiements de solidarite\u0301 verse\u0301s aux clubs africains de\u0301passe de\u0301sormais 42 millions de dollars par saison, contre 18,8 millions de dollars en 2021, soit une augmentation de 114 %.<\/p>\n<p>Dans le cadre du renforcement du soutien financier aux clubs, l\u2019instance africaine rappelle e\u0301galement avoir instaure\u0301 une aide financie\u0300re pour les e\u0301quipes e\u0301limine\u0301es lors des tours pre\u0301liminaires des compe\u0301titions interclubs.<\/p>\n<p>Initialement fixe\u0301e a\u0300 50 000 dollars par club en 2024\/2025, cette aide a e\u0301te\u0301 porte\u0301e a\u0300 100 000 dollars pour la saison 2025\/2026.<\/p>\n<p>Selon la CAF, ces mesures ont contribue\u0301 a\u0300 une participation record de 130 clubs africains a\u0300 la Ligue des champions et a\u0300 la Coupe de la Confe\u0301de\u0301ration pour la saison 2025\/2026.<\/p>\n<p>Les finales aller-retour de la Ligue des champions de la CAF 2025\/2026 se joueront les 15 et 24 mai, tandis que celles de la Coupe de la Confe\u0301de\u0301ration sont pre\u0301vues les 9 et 16 mai.<\/p>\n<p><strong>Pour plus d&rsquo;informations et d&rsquo;analyses sur la <span style=\"color: #ff6600\">Burundi<\/span>, suivez <span style=\"color: #ff6600\">Africa-Press<span style=\"color: #ff6600\"><\/span><\/strong><\/p>\n","protected":false},"excerpt":{"rendered":"<p>Africa-Press &#8211; Burundi. La Confe\u0301de\u0301ration africaine de football (CAF) a annonce\u0301, lundi, une hausse des primes accorde\u0301es aux vainqueurs de la Ligue des champions africaine et de la Coupe de la Confe\u0301de\u0301ration a\u0300 partir de la saison 2025\/2026. Dans un communique\u0301, le pre\u0301sident de la CAF, Patrice Motsepe, a indique\u0301 que la prime du vainqueur [&hellip;]<\/p>\n","protected":false},"author":82,"featured_media":29306,"comment_status":"open","ping_status":"closed","sticky":false,"template":"","format":"standard","meta":{"footnotes":""},"categories":[6,10],"tags":[45,354,381,1167,1168],"class_list":["post-29307","post","type-post","status-publish","format-standard","has-post-thumbnail","hentry","category-sports","category-toutes-les-actualites","tag-burundi","tag-caf","tag-football-africain","tag-patrice-motsepe","tag-primes"],"yoast_head":"<!-- This site is optimized with the Yoast SEO Premium plugin v26.1 (Yoast SEO v27.0) - https:\/\/yoast.com\/product\/yoast-seo-premium-wordpress\/ -->\n<title>CAF Augmente Primes Ligue des Champions et Coupe - Burundi<\/title>\n<meta name=\"robots\" content=\"index, follow, max-snippet:-1, max-image-preview:large, max-video-preview:-1\" \/>\n<link rel=\"canonical\" href=\"https:\/\/www.africa-press.net\/burundi\/politique\/caf-augmente-primes-ligue-des-champions-et-coupe\" \/>\n<meta property=\"og:locale\" content=\"fr_FR\" \/>\n<meta property=\"og:type\" content=\"article\" \/>\n<meta property=\"og:title\" content=\"CAF Augmente Primes Ligue des Champions et Coupe\" \/>\n<meta property=\"og:description\" content=\"Africa-Press &#8211; Burundi. La Confe\u0301de\u0301ration africaine de football (CAF) a annonce\u0301, lundi, une hausse des primes accorde\u0301es aux vainqueurs de la Ligue des champions africaine et de la Coupe de la Confe\u0301de\u0301ration a\u0300 partir de la saison 2025\/2026. Dans un communique\u0301, le pre\u0301sident de la CAF, Patrice Motsepe, a indique\u0301 que la prime du vainqueur [&hellip;]\" \/>\n<meta property=\"og:url\" content=\"https:\/\/www.africa-press.net\/burundi\/politique\/caf-augmente-primes-ligue-des-champions-et-coupe\" \/>\n<meta property=\"og:site_name\" content=\"Burundi\" \/>\n<meta property=\"article:published_time\" content=\"2026-03-13T12:10:00+00:00\" \/>\n<meta name=\"author\" content=\"cfeditorfr\" \/>\n<meta name=\"twitter:card\" content=\"summary_large_image\" \/>\n<meta name=\"twitter:label1\" content=\"\u00c9crit par\" \/>\n\t<meta name=\"twitter:data1\" content=\"cfeditorfr\" \/>\n\t<meta name=\"twitter:label2\" content=\"Dur\u00e9e de lecture estim\u00e9e\" \/>\n\t<meta name=\"twitter:data2\" content=\"2 minutes\" \/>\n<script type=\"application\/ld+json\" class=\"yoast-schema-graph\">{\"@context\":\"https:\/\/schema.org\",\"@graph\":[{\"@type\":\"Article\",\"@id\":\"https:\/\/www.africa-press.net\/burundi\/politique\/caf-augmente-primes-ligue-des-champions-et-coupe#article\",\"isPartOf\":{\"@id\":\"https:\/\/www.africa-press.net\/burundi\/politique\/caf-augmente-primes-ligue-des-champions-et-coupe\"},\"author\":{\"name\":\"cfeditorfr\",\"@id\":\"https:\/\/www.africa-press.net\/burundi\/#\/schema\/person\/2b1cf3cd81a31e3cd26889ca66d677f1\"},\"headline\":\"CAF Augmente Primes Ligue des Champions et Coupe\",\"datePublished\":\"2026-03-13T12:10:00+00:00\",\"mainEntityOfPage\":{\"@id\":\"https:\/\/www.africa-press.net\/burundi\/politique\/caf-augmente-primes-ligue-des-champions-et-coupe\"},\"wordCount\":412,\"commentCount\":0,\"image\":{\"@id\":\"https:\/\/www.africa-press.net\/burundi\/politique\/caf-augmente-primes-ligue-des-champions-et-coupe#primaryimage\"},\"thumbnailUrl\":\"https:\/\/static.africa-press.net\/burundi\/sites\/47\/2026\/03\/sm_1773413652.649064.jpg\",\"keywords\":[\"Burundi\",\"CAF\",\"Football africain\",\"Patrice Motsepe\",\"Primes\"],\"articleSection\":[\"Sports\",\"Toutes les actualit\u00e9s\"],\"inLanguage\":\"fr-FR\",\"potentialAction\":[{\"@type\":\"CommentAction\",\"name\":\"Comment\",\"target\":[\"https:\/\/www.africa-press.net\/burundi\/politique\/caf-augmente-primes-ligue-des-champions-et-coupe#respond\"]}]},{\"@type\":\"WebPage\",\"@id\":\"https:\/\/www.africa-press.net\/burundi\/politique\/caf-augmente-primes-ligue-des-champions-et-coupe\",\"url\":\"https:\/\/www.africa-press.net\/burundi\/politique\/caf-augmente-primes-ligue-des-champions-et-coupe\",\"name\":\"CAF Augmente Primes Ligue des Champions et Coupe - Burundi\",\"isPartOf\":{\"@id\":\"https:\/\/www.africa-press.net\/burundi\/#website\"},\"primaryImageOfPage\":{\"@id\":\"https:\/\/www.africa-press.net\/burundi\/politique\/caf-augmente-primes-ligue-des-champions-et-coupe#primaryimage\"},\"image\":{\"@id\":\"https:\/\/www.africa-press.net\/burundi\/politique\/caf-augmente-primes-ligue-des-champions-et-coupe#primaryimage\"},\"thumbnailUrl\":\"https:\/\/static.africa-press.net\/burundi\/sites\/47\/2026\/03\/sm_1773413652.649064.jpg\",\"datePublished\":\"2026-03-13T12:10:00+00:00\",\"author\":{\"@id\":\"https:\/\/www.africa-press.net\/burundi\/#\/schema\/person\/2b1cf3cd81a31e3cd26889ca66d677f1\"},\"breadcrumb\":{\"@id\":\"https:\/\/www.africa-press.net\/burundi\/politique\/caf-augmente-primes-ligue-des-champions-et-coupe#breadcrumb\"},\"inLanguage\":\"fr-FR\",\"potentialAction\":[{\"@type\":\"ReadAction\",\"target\":[\"https:\/\/www.africa-press.net\/burundi\/politique\/caf-augmente-primes-ligue-des-champions-et-coupe\"]}]},{\"@type\":\"ImageObject\",\"inLanguage\":\"fr-FR\",\"@id\":\"https:\/\/www.africa-press.net\/burundi\/politique\/caf-augmente-primes-ligue-des-champions-et-coupe#primaryimage\",\"url\":\"https:\/\/static.africa-press.net\/burundi\/sites\/47\/2026\/03\/sm_1773413652.649064.jpg\",\"contentUrl\":\"https:\/\/static.africa-press.net\/burundi\/sites\/47\/2026\/03\/sm_1773413652.649064.jpg\",\"width\":864,\"height\":486,\"caption\":\"CAF Augmente Primes Ligue des Champions et Coupe\"},{\"@type\":\"BreadcrumbList\",\"@id\":\"https:\/\/www.africa-press.net\/burundi\/politique\/caf-augmente-primes-ligue-des-champions-et-coupe#breadcrumb\",\"itemListElement\":[{\"@type\":\"ListItem\",\"position\":1,\"name\":\"Accueil\",\"item\":\"https:\/\/www.africa-press.net\/burundi\/\"},{\"@type\":\"ListItem\",\"position\":2,\"name\":\"CAF Augmente Primes Ligue des Champions et Coupe\"}]},{\"@type\":\"WebSite\",\"@id\":\"https:\/\/www.africa-press.net\/burundi\/#website\",\"url\":\"https:\/\/www.africa-press.net\/burundi\/\",\"name\":\"Burundi\",\"description\":\"Just another Africa News Agency Sites site\",\"potentialAction\":[{\"@type\":\"SearchAction\",\"target\":{\"@type\":\"EntryPoint\",\"urlTemplate\":\"https:\/\/www.africa-press.net\/burundi\/?s={search_term_string}\"},\"query-input\":{\"@type\":\"PropertyValueSpecification\",\"valueRequired\":true,\"valueName\":\"search_term_string\"}}],\"inLanguage\":\"fr-FR\"},{\"@type\":\"Person\",\"@id\":\"https:\/\/www.africa-press.net\/burundi\/#\/schema\/person\/2b1cf3cd81a31e3cd26889ca66d677f1\",\"name\":\"cfeditorfr\"}]}<\/script>\n<!-- \/ Yoast SEO Premium plugin. -->","yoast_head_json":{"title":"CAF Augmente Primes Ligue des Champions et Coupe - Burundi","robots":{"index":"index","follow":"follow","max-snippet":"max-snippet:-1","max-image-preview":"max-image-preview:large","max-video-preview":"max-video-preview:-1"},"canonical":"https:\/\/www.africa-press.net\/burundi\/politique\/caf-augmente-primes-ligue-des-champions-et-coupe","og_locale":"fr_FR","og_type":"article","og_title":"CAF Augmente Primes Ligue des Champions et Coupe","og_description":"Africa-Press &#8211; Burundi. La Confe\u0301de\u0301ration africaine de football (CAF) a annonce\u0301, lundi, une hausse des primes accorde\u0301es aux vainqueurs de la Ligue des champions africaine et de la Coupe de la Confe\u0301de\u0301ration a\u0300 partir de la saison 2025\/2026. Dans un communique\u0301, le pre\u0301sident de la CAF, Patrice Motsepe, a indique\u0301 que la prime du vainqueur [&hellip;]","og_url":"https:\/\/www.africa-press.net\/burundi\/politique\/caf-augmente-primes-ligue-des-champions-et-coupe","og_site_name":"Burundi","article_published_time":"2026-03-13T12:10:00+00:00","author":"cfeditorfr","twitter_card":"summary_large_image","twitter_misc":{"\u00c9crit par":"cfeditorfr","Dur\u00e9e de lecture estim\u00e9e":"2 minutes"},"schema":{"@context":"https:\/\/schema.org","@graph":[{"@type":"Article","@id":"https:\/\/www.africa-press.net\/burundi\/politique\/caf-augmente-primes-ligue-des-champions-et-coupe#article","isPartOf":{"@id":"https:\/\/www.africa-press.net\/burundi\/politique\/caf-augmente-primes-ligue-des-champions-et-coupe"},"author":{"name":"cfeditorfr","@id":"https:\/\/www.africa-press.net\/burundi\/#\/schema\/person\/2b1cf3cd81a31e3cd26889ca66d677f1"},"headline":"CAF Augmente Primes Ligue des Champions et Coupe","datePublished":"2026-03-13T12:10:00+00:00","mainEntityOfPage":{"@id":"https:\/\/www.africa-press.net\/burundi\/politique\/caf-augmente-primes-ligue-des-champions-et-coupe"},"wordCount":412,"commentCount":0,"image":{"@id":"https:\/\/www.africa-press.net\/burundi\/politique\/caf-augmente-primes-ligue-des-champions-et-coupe#primaryimage"},"thumbnailUrl":"https:\/\/static.africa-press.net\/burundi\/sites\/47\/2026\/03\/sm_1773413652.649064.jpg","keywords":["Burundi","CAF","Football africain","Patrice Motsepe","Primes"],"articleSection":["Sports","Toutes les actualit\u00e9s"],"inLanguage":"fr-FR","potentialAction":[{"@type":"CommentAction","name":"Comment","target":["https:\/\/www.africa-press.net\/burundi\/politique\/caf-augmente-primes-ligue-des-champions-et-coupe#respond"]}]},{"@type":"WebPage","@id":"https:\/\/www.africa-press.net\/burundi\/politique\/caf-augmente-primes-ligue-des-champions-et-coupe","url":"https:\/\/www.africa-press.net\/burundi\/politique\/caf-augmente-primes-ligue-des-champions-et-coupe","name":"CAF Augmente Primes Ligue des Champions et Coupe - Burundi","isPartOf":{"@id":"https:\/\/www.africa-press.net\/burundi\/#website"},"primaryImageOfPage":{"@id":"https:\/\/www.africa-press.net\/burundi\/politique\/caf-augmente-primes-ligue-des-champions-et-coupe#primaryimage"},"image":{"@id":"https:\/\/www.africa-press.net\/burundi\/politique\/caf-augmente-primes-ligue-des-champions-et-coupe#primaryimage"},"thumbnailUrl":"https:\/\/static.africa-press.net\/burundi\/sites\/47\/2026\/03\/sm_1773413652.649064.jpg","datePublished":"2026-03-13T12:10:00+00:00","author":{"@id":"https:\/\/www.africa-press.net\/burundi\/#\/schema\/person\/2b1cf3cd81a31e3cd26889ca66d677f1"},"breadcrumb":{"@id":"https:\/\/www.africa-press.net\/burundi\/politique\/caf-augmente-primes-ligue-des-champions-et-coupe#breadcrumb"},"inLanguage":"fr-FR","potentialAction":[{"@type":"ReadAction","target":["https:\/\/www.africa-press.net\/burundi\/politique\/caf-augmente-primes-ligue-des-champions-et-coupe"]}]},{"@type":"ImageObject","inLanguage":"fr-FR","@id":"https:\/\/www.africa-press.net\/burundi\/politique\/caf-augmente-primes-ligue-des-champions-et-coupe#primaryimage","url":"https:\/\/static.africa-press.net\/burundi\/sites\/47\/2026\/03\/sm_1773413652.649064.jpg","contentUrl":"https:\/\/static.africa-press.net\/burundi\/sites\/47\/2026\/03\/sm_1773413652.649064.jpg","width":864,"height":486,"caption":"CAF Augmente Primes Ligue des Champions et Coupe"},{"@type":"BreadcrumbList","@id":"https:\/\/www.africa-press.net\/burundi\/politique\/caf-augmente-primes-ligue-des-champions-et-coupe#breadcrumb","itemListElement":[{"@type":"ListItem","position":1,"name":"Accueil","item":"https:\/\/www.africa-press.net\/burundi\/"},{"@type":"ListItem","position":2,"name":"CAF Augmente Primes Ligue des Champions et Coupe"}]},{"@type":"WebSite","@id":"https:\/\/www.africa-press.net\/burundi\/#website","url":"https:\/\/www.africa-press.net\/burundi\/","name":"Burundi","description":"Just another Africa News Agency Sites site","potentialAction":[{"@type":"SearchAction","target":{"@type":"EntryPoint","urlTemplate":"https:\/\/www.africa-press.net\/burundi\/?s={search_term_string}"},"query-input":{"@type":"PropertyValueSpecification","valueRequired":true,"valueName":"search_term_string"}}],"inLanguage":"fr-FR"},{"@type":"Person","@id":"https:\/\/www.africa-press.net\/burundi\/#\/schema\/person\/2b1cf3cd81a31e3cd26889ca66d677f1","name":"cfeditorfr"}]}},"_links":{"self":[{"href":"https:\/\/www.africa-press.net\/burundi\/wp-json\/wp\/v2\/posts\/29307","targetHints":{"allow":["GET"]}}],"collection":[{"href":"https:\/\/www.africa-press.net\/burundi\/wp-json\/wp\/v2\/posts"}],"about":[{"href":"https:\/\/www.africa-press.net\/burundi\/wp-json\/wp\/v2\/types\/post"}],"author":[{"embeddable":true,"href":"https:\/\/www.africa-press.net\/burundi\/wp-json\/wp\/v2\/users\/82"}],"replies":[{"embeddable":true,"href":"https:\/\/www.africa-press.net\/burundi\/wp-json\/wp\/v2\/comments?post=29307"}],"version-history":[{"count":0,"href":"https:\/\/www.africa-press.net\/burundi\/wp-json\/wp\/v2\/posts\/29307\/revisions"}],"wp:featuredmedia":[{"embeddable":true,"href":"https:\/\/www.africa-press.net\/burundi\/wp-json\/wp\/v2\/media\/29306"}],"wp:attachment":[{"href":"https:\/\/www.africa-press.net\/burundi\/wp-json\/wp\/v2\/media?parent=29307"}],"wp:term":[{"taxonomy":"category","embeddable":true,"href":"https:\/\/www.africa-press.net\/burundi\/wp-json\/wp\/v2\/categories?post=29307"},{"taxonomy":"post_tag","embeddable":true,"href":"https:\/\/www.africa-press.net\/burundi\/wp-json\/wp\/v2\/tags?post=29307"}],"curies":[{"name":"wp","href":"https:\/\/api.w.org\/{rel}","templated":true}]}}