{"id":29858,"date":"2026-04-30T15:53:21","date_gmt":"2026-04-30T15:53:21","guid":{"rendered":"https:\/\/www.africa-press.net\/burundi\/politique\/chef-de-letat-encourage-appropriation-de-vision-2040-2060"},"modified":"2026-04-30T16:40:35","modified_gmt":"2026-04-30T16:40:35","slug":"chef-de-letat-encourage-appropriation-de-vision-2040-2060","status":"publish","type":"post","link":"https:\/\/www.africa-press.net\/burundi\/politique\/chef-de-letat-encourage-appropriation-de-vision-2040-2060","title":{"rendered":"Chef de l&rsquo;\u00c9tat Encourage Appropriation de Vision 2040-2060"},"content":{"rendered":"<p><span class=\"ap-article-header-tag\"> <strong>Africa-Press &#8211; Burundi. <\/strong> <\/span>Ce mercredi 29 avril 2026, au chef-lieu de la province de Bujumbura, le Pre\u0301sident de la Re\u0301publique du Burundi, Son Excellence Evariste Ndayishimiye, a re\u0301uni les responsables des services de\u0301concentre\u0301s et de\u0301centralise\u0301s des ministe\u0300res \u0153uvrant dans cette province. Il les a exhorte\u0301s a\u0300 s\u2019approprier les cinq piliers et les 22 objectifs de la vision nationale d\u2019un Burundi e\u0301mergent en 2040 et de\u0301veloppe\u0301 en 2060.<\/p>\n<p>Au cours de cette re\u0301union, organise\u0301e dans le souci de pre\u0301senter une nouvelle approche dans la gestion du pays afin de renforcer la bonne gouvernance, et alors que le Burundi est engage\u0301 dans une nouvelle re\u0301forme administrative pour le bien-e\u0302tre de la population, le Nume\u0301ro Un burundais a appele\u0301 les autorite\u0301s provinciales et communales a\u0300 faire preuve de plus de rigueur et de transparence afin d\u2019obtenir davantage de re\u0301sultats dans la gestion de la chose publique. Il a rappele\u0301 que, dans l\u2019objectif de faire avancer le de\u0301veloppement du pays, l\u2019E\u0301tat doit s\u2019appuyer sur ces services qui rapprochent l\u2019administration du citoyen.<\/p>\n<p>Lors de cette rencontre, Son Excellence Evariste Ndayishimiye a en outre insiste\u0301 sur les secteurs lie\u0301s au bien-e\u0302tre de la population, avec un accent particulier sur la performance et la responsabilite\u0301 de chacun. \u00ab Chaque responsable sera de\u0301sormais e\u0301value\u0301 sur base de ses re\u0301alisations concre\u0300tes \u00bb, a-t-il averti, tout en appelant une fois de plus a\u0300 une appropriation effective de la Vision nationale 2040-2060, invitant chacun a\u0300 s\u2019y re\u0301fe\u0301rer pour orienter ses actions quotidiennes.<\/p>\n<p>Concernant le budget de l\u2019Etat, le Pre\u0301sident de la Re\u0301publique, Son Excellence Evariste Ndayishimiye, n\u2019a pas manque\u0301 d\u2019avertir encore une fois les ministres incapables de justifier l\u2019utilisation des fonds publics qu\u2019ils ne be\u0301ne\u0301ficieront plus de budget. Dans ce me\u0302me contexte, il a insiste\u0301 sur la lutte contre la corruption, e\u0301tablissant un lien direct entre le de\u0301tournement des ressources publiques et les conse\u0301quences dramatiques sur la vie des citoyens, notamment en matie\u0300re de sante\u0301 et d\u2019infrastructures.<\/p>\n<p>En effet, Son Excellence Evariste Ndayishimiye a compare\u0301 le vol et la corruption a\u0300 un crime ou a\u0300 un meurtre.<\/p>\n<p>\u00ab Ces actes de vol et de corruption ne diffe\u0300rent en rien d\u2019un meurtre \u00bb, a-t-il de\u0301clare\u0301, appelant a\u0300 les e\u0301viter et a\u0300 travailler d\u2019arrache-pied pour permettre au pays de se de\u0301velopper.<\/p>\n<p>\u00ab Prenons l\u2019exemple de celui qui ose de\u0301tourner l\u2019argent destine\u0301 a\u0300 l\u2019achat d\u2019une ambulance et qu\u2019un patient meurt en chemin faute d\u2019avoir pu atteindre l\u2019ho\u0302pital. Celui qui l\u2019a tue\u0301, c\u2019est celui qui a vole\u0301 l\u2019argent pre\u0301vu pour l\u2019achat de cette ambulance. Comprenons donc que nous cohabitons avec des assassins \u00bb, a-t-il illustre\u0301.<\/p>\n<p>Avant de clo\u0302turer son propos liminaire, le Chef de l\u2019Etat, Son Excellence Evariste Ndayishimiye, a annonce\u0301 un programme de de\u0301centralisation effective des services dans toutes les provinces, afin de rapprocher davantage l\u2019administration des citoyens et de freiner l\u2019exode vers les centres urbains, souvent marque\u0301 par le cho\u0302mage.<\/p>\n<p class=\"ap-article-footer-note\">Retrouvez plus d\u2019actualit\u00e9s et d\u2019analyses sur <span class=\"ap-highlight-country\">Burundi<\/span> sur le site <span class=\"ap-highlight-brand\">Africa Press<\/span><\/p>\n","protected":false},"excerpt":{"rendered":"<p>Africa-Press &#8211; Burundi. Ce mercredi 29 avril 2026, au chef-lieu de la province de Bujumbura, le Pre\u0301sident de la Re\u0301publique du Burundi, Son Excellence Evariste Ndayishimiye, a re\u0301uni les responsables des services de\u0301concentre\u0301s et de\u0301centralise\u0301s des ministe\u0300res \u0153uvrant dans cette province. Il les a exhorte\u0301s a\u0300 s\u2019approprier les cinq piliers et les 22 objectifs de [&hellip;]<\/p>\n","protected":false},"author":82,"featured_media":29857,"comment_status":"open","ping_status":"closed","sticky":false,"template":"","format":"standard","meta":{"footnotes":""},"categories":[2,20,10],"tags":[45],"class_list":["post-29858","post","type-post","status-publish","format-standard","has-post-thumbnail","hentry","category-politique","category-top-nouvelles","category-toutes-les-actualites","tag-burundi"],"yoast_head":"<!-- This site is optimized with the Yoast SEO Premium plugin v26.1 (Yoast SEO v27.0) - https:\/\/yoast.com\/product\/yoast-seo-premium-wordpress\/ -->\n<title>Chef de l&#039;\u00c9tat Encourage Appropriation de Vision 2040-2060 - Burundi<\/title>\n<meta name=\"description\" content=\"-article-header-tag&quot;&gt; Africa-Press - Burundi. Ce mercredi 29 avril 2026, au c ...\" \/>\n<meta name=\"robots\" content=\"index, follow, max-snippet:-1, max-image-preview:large, max-video-preview:-1\" \/>\n<link rel=\"canonical\" href=\"https:\/\/www.africa-press.net\/burundi\/politique\/chef-de-letat-encourage-appropriation-de-vision-2040-2060\" \/>\n<meta property=\"og:locale\" content=\"fr_FR\" \/>\n<meta property=\"og:type\" content=\"article\" \/>\n<meta property=\"og:title\" content=\"Chef de l&#039;\u00c9tat Encourage Appropriation de Vision 2040-2060\" \/>\n<meta property=\"og:description\" content=\"-article-header-tag&quot;&gt; Africa-Press - Burundi. Ce mercredi 29 avril 2026, au c ...\" \/>\n<meta property=\"og:url\" content=\"https:\/\/www.africa-press.net\/burundi\/politique\/chef-de-letat-encourage-appropriation-de-vision-2040-2060\" \/>\n<meta property=\"og:site_name\" content=\"Burundi\" \/>\n<meta property=\"article:published_time\" content=\"2026-04-30T15:53:21+00:00\" \/>\n<meta property=\"article:modified_time\" content=\"2026-04-30T16:40:35+00:00\" \/>\n<meta property=\"og:image\" content=\"https:\/\/static.africa-press.net\/burundi\/sites\/47\/2026\/04\/sm_1777567014.032242.jpg\" \/>\n\t<meta property=\"og:image:width\" content=\"1080\" \/>\n\t<meta property=\"og:image:height\" content=\"671\" \/>\n\t<meta property=\"og:image:type\" content=\"image\/jpeg\" \/>\n<meta name=\"author\" content=\"cfeditorfr\" \/>\n<meta name=\"twitter:card\" content=\"summary_large_image\" \/>\n<meta name=\"twitter:label1\" content=\"\u00c9crit par\" \/>\n\t<meta name=\"twitter:data1\" content=\"cfeditorfr\" \/>\n\t<meta name=\"twitter:label2\" content=\"Dur\u00e9e de lecture estim\u00e9e\" \/>\n\t<meta name=\"twitter:data2\" content=\"3 minutes\" \/>\n<script type=\"application\/ld+json\" class=\"yoast-schema-graph\">{\"@context\":\"https:\/\/schema.org\",\"@graph\":[{\"@type\":\"Article\",\"@id\":\"https:\/\/www.africa-press.net\/burundi\/politique\/chef-de-letat-encourage-appropriation-de-vision-2040-2060#article\",\"isPartOf\":{\"@id\":\"https:\/\/www.africa-press.net\/burundi\/politique\/chef-de-letat-encourage-appropriation-de-vision-2040-2060\"},\"author\":{\"name\":\"cfeditorfr\",\"@id\":\"https:\/\/www.africa-press.net\/burundi\/#\/schema\/person\/2b1cf3cd81a31e3cd26889ca66d677f1\"},\"headline\":\"Chef de l&rsquo;\u00c9tat Encourage Appropriation de Vision 2040-2060\",\"datePublished\":\"2026-04-30T15:53:21+00:00\",\"dateModified\":\"2026-04-30T16:40:35+00:00\",\"mainEntityOfPage\":{\"@id\":\"https:\/\/www.africa-press.net\/burundi\/politique\/chef-de-letat-encourage-appropriation-de-vision-2040-2060\"},\"wordCount\":558,\"commentCount\":0,\"image\":{\"@id\":\"https:\/\/www.africa-press.net\/burundi\/politique\/chef-de-letat-encourage-appropriation-de-vision-2040-2060#primaryimage\"},\"thumbnailUrl\":\"https:\/\/static.africa-press.net\/burundi\/sites\/47\/2026\/04\/sm_1777567014.032242.jpg\",\"keywords\":[\"Burundi\"],\"articleSection\":[\"Politique\",\"Top Nouvelles\",\"Toutes les actualit\u00e9s\"],\"inLanguage\":\"fr-FR\",\"potentialAction\":[{\"@type\":\"CommentAction\",\"name\":\"Comment\",\"target\":[\"https:\/\/www.africa-press.net\/burundi\/politique\/chef-de-letat-encourage-appropriation-de-vision-2040-2060#respond\"]}]},{\"@type\":\"WebPage\",\"@id\":\"https:\/\/www.africa-press.net\/burundi\/politique\/chef-de-letat-encourage-appropriation-de-vision-2040-2060\",\"url\":\"https:\/\/www.africa-press.net\/burundi\/politique\/chef-de-letat-encourage-appropriation-de-vision-2040-2060\",\"name\":\"Chef de l'\u00c9tat Encourage Appropriation de Vision 2040-2060 - Burundi\",\"isPartOf\":{\"@id\":\"https:\/\/www.africa-press.net\/burundi\/#website\"},\"primaryImageOfPage\":{\"@id\":\"https:\/\/www.africa-press.net\/burundi\/politique\/chef-de-letat-encourage-appropriation-de-vision-2040-2060#primaryimage\"},\"image\":{\"@id\":\"https:\/\/www.africa-press.net\/burundi\/politique\/chef-de-letat-encourage-appropriation-de-vision-2040-2060#primaryimage\"},\"thumbnailUrl\":\"https:\/\/static.africa-press.net\/burundi\/sites\/47\/2026\/04\/sm_1777567014.032242.jpg\",\"datePublished\":\"2026-04-30T15:53:21+00:00\",\"dateModified\":\"2026-04-30T16:40:35+00:00\",\"author\":{\"@id\":\"https:\/\/www.africa-press.net\/burundi\/#\/schema\/person\/2b1cf3cd81a31e3cd26889ca66d677f1\"},\"description\":\"-article-header-tag\\\"> Africa-Press - Burundi. Ce mercredi 29 avril 2026, au c ...\",\"breadcrumb\":{\"@id\":\"https:\/\/www.africa-press.net\/burundi\/politique\/chef-de-letat-encourage-appropriation-de-vision-2040-2060#breadcrumb\"},\"inLanguage\":\"fr-FR\",\"potentialAction\":[{\"@type\":\"ReadAction\",\"target\":[\"https:\/\/www.africa-press.net\/burundi\/politique\/chef-de-letat-encourage-appropriation-de-vision-2040-2060\"]}]},{\"@type\":\"ImageObject\",\"inLanguage\":\"fr-FR\",\"@id\":\"https:\/\/www.africa-press.net\/burundi\/politique\/chef-de-letat-encourage-appropriation-de-vision-2040-2060#primaryimage\",\"url\":\"https:\/\/static.africa-press.net\/burundi\/sites\/47\/2026\/04\/sm_1777567014.032242.jpg\",\"contentUrl\":\"https:\/\/static.africa-press.net\/burundi\/sites\/47\/2026\/04\/sm_1777567014.032242.jpg\",\"width\":1080,\"height\":671,\"caption\":\"Chef de l'\u00c9tat Encourage Appropriation de Vision 2040-2060\"},{\"@type\":\"BreadcrumbList\",\"@id\":\"https:\/\/www.africa-press.net\/burundi\/politique\/chef-de-letat-encourage-appropriation-de-vision-2040-2060#breadcrumb\",\"itemListElement\":[{\"@type\":\"ListItem\",\"position\":1,\"name\":\"Accueil\",\"item\":\"https:\/\/www.africa-press.net\/burundi\/\"},{\"@type\":\"ListItem\",\"position\":2,\"name\":\"Chef de l&#8217;\u00c9tat Encourage Appropriation de Vision 2040-2060\"}]},{\"@type\":\"WebSite\",\"@id\":\"https:\/\/www.africa-press.net\/burundi\/#website\",\"url\":\"https:\/\/www.africa-press.net\/burundi\/\",\"name\":\"Burundi\",\"description\":\"Just another Africa News Agency Sites site\",\"potentialAction\":[{\"@type\":\"SearchAction\",\"target\":{\"@type\":\"EntryPoint\",\"urlTemplate\":\"https:\/\/www.africa-press.net\/burundi\/?s={search_term_string}\"},\"query-input\":{\"@type\":\"PropertyValueSpecification\",\"valueRequired\":true,\"valueName\":\"search_term_string\"}}],\"inLanguage\":\"fr-FR\"},{\"@type\":\"Person\",\"@id\":\"https:\/\/www.africa-press.net\/burundi\/#\/schema\/person\/2b1cf3cd81a31e3cd26889ca66d677f1\",\"name\":\"cfeditorfr\"}]}<\/script>\n<!-- \/ Yoast SEO Premium plugin. -->","yoast_head_json":{"title":"Chef de l'\u00c9tat Encourage Appropriation de Vision 2040-2060 - Burundi","description":"-article-header-tag\"> Africa-Press - Burundi. Ce mercredi 29 avril 2026, au c ...","robots":{"index":"index","follow":"follow","max-snippet":"max-snippet:-1","max-image-preview":"max-image-preview:large","max-video-preview":"max-video-preview:-1"},"canonical":"https:\/\/www.africa-press.net\/burundi\/politique\/chef-de-letat-encourage-appropriation-de-vision-2040-2060","og_locale":"fr_FR","og_type":"article","og_title":"Chef de l'\u00c9tat Encourage Appropriation de Vision 2040-2060","og_description":"-article-header-tag\"> Africa-Press - Burundi. Ce mercredi 29 avril 2026, au c ...","og_url":"https:\/\/www.africa-press.net\/burundi\/politique\/chef-de-letat-encourage-appropriation-de-vision-2040-2060","og_site_name":"Burundi","article_published_time":"2026-04-30T15:53:21+00:00","article_modified_time":"2026-04-30T16:40:35+00:00","og_image":[{"width":1080,"height":671,"url":"https:\/\/static.africa-press.net\/burundi\/sites\/47\/2026\/04\/sm_1777567014.032242.jpg","type":"image\/jpeg"}],"author":"cfeditorfr","twitter_card":"summary_large_image","twitter_misc":{"\u00c9crit par":"cfeditorfr","Dur\u00e9e de lecture estim\u00e9e":"3 minutes"},"schema":{"@context":"https:\/\/schema.org","@graph":[{"@type":"Article","@id":"https:\/\/www.africa-press.net\/burundi\/politique\/chef-de-letat-encourage-appropriation-de-vision-2040-2060#article","isPartOf":{"@id":"https:\/\/www.africa-press.net\/burundi\/politique\/chef-de-letat-encourage-appropriation-de-vision-2040-2060"},"author":{"name":"cfeditorfr","@id":"https:\/\/www.africa-press.net\/burundi\/#\/schema\/person\/2b1cf3cd81a31e3cd26889ca66d677f1"},"headline":"Chef de l&rsquo;\u00c9tat Encourage Appropriation de Vision 2040-2060","datePublished":"2026-04-30T15:53:21+00:00","dateModified":"2026-04-30T16:40:35+00:00","mainEntityOfPage":{"@id":"https:\/\/www.africa-press.net\/burundi\/politique\/chef-de-letat-encourage-appropriation-de-vision-2040-2060"},"wordCount":558,"commentCount":0,"image":{"@id":"https:\/\/www.africa-press.net\/burundi\/politique\/chef-de-letat-encourage-appropriation-de-vision-2040-2060#primaryimage"},"thumbnailUrl":"https:\/\/static.africa-press.net\/burundi\/sites\/47\/2026\/04\/sm_1777567014.032242.jpg","keywords":["Burundi"],"articleSection":["Politique","Top Nouvelles","Toutes les actualit\u00e9s"],"inLanguage":"fr-FR","potentialAction":[{"@type":"CommentAction","name":"Comment","target":["https:\/\/www.africa-press.net\/burundi\/politique\/chef-de-letat-encourage-appropriation-de-vision-2040-2060#respond"]}]},{"@type":"WebPage","@id":"https:\/\/www.africa-press.net\/burundi\/politique\/chef-de-letat-encourage-appropriation-de-vision-2040-2060","url":"https:\/\/www.africa-press.net\/burundi\/politique\/chef-de-letat-encourage-appropriation-de-vision-2040-2060","name":"Chef de l'\u00c9tat Encourage Appropriation de Vision 2040-2060 - Burundi","isPartOf":{"@id":"https:\/\/www.africa-press.net\/burundi\/#website"},"primaryImageOfPage":{"@id":"https:\/\/www.africa-press.net\/burundi\/politique\/chef-de-letat-encourage-appropriation-de-vision-2040-2060#primaryimage"},"image":{"@id":"https:\/\/www.africa-press.net\/burundi\/politique\/chef-de-letat-encourage-appropriation-de-vision-2040-2060#primaryimage"},"thumbnailUrl":"https:\/\/static.africa-press.net\/burundi\/sites\/47\/2026\/04\/sm_1777567014.032242.jpg","datePublished":"2026-04-30T15:53:21+00:00","dateModified":"2026-04-30T16:40:35+00:00","author":{"@id":"https:\/\/www.africa-press.net\/burundi\/#\/schema\/person\/2b1cf3cd81a31e3cd26889ca66d677f1"},"description":"-article-header-tag\"> Africa-Press - Burundi. Ce mercredi 29 avril 2026, au c ...","breadcrumb":{"@id":"https:\/\/www.africa-press.net\/burundi\/politique\/chef-de-letat-encourage-appropriation-de-vision-2040-2060#breadcrumb"},"inLanguage":"fr-FR","potentialAction":[{"@type":"ReadAction","target":["https:\/\/www.africa-press.net\/burundi\/politique\/chef-de-letat-encourage-appropriation-de-vision-2040-2060"]}]},{"@type":"ImageObject","inLanguage":"fr-FR","@id":"https:\/\/www.africa-press.net\/burundi\/politique\/chef-de-letat-encourage-appropriation-de-vision-2040-2060#primaryimage","url":"https:\/\/static.africa-press.net\/burundi\/sites\/47\/2026\/04\/sm_1777567014.032242.jpg","contentUrl":"https:\/\/static.africa-press.net\/burundi\/sites\/47\/2026\/04\/sm_1777567014.032242.jpg","width":1080,"height":671,"caption":"Chef de l'\u00c9tat Encourage Appropriation de Vision 2040-2060"},{"@type":"BreadcrumbList","@id":"https:\/\/www.africa-press.net\/burundi\/politique\/chef-de-letat-encourage-appropriation-de-vision-2040-2060#breadcrumb","itemListElement":[{"@type":"ListItem","position":1,"name":"Accueil","item":"https:\/\/www.africa-press.net\/burundi\/"},{"@type":"ListItem","position":2,"name":"Chef de l&#8217;\u00c9tat Encourage Appropriation de Vision 2040-2060"}]},{"@type":"WebSite","@id":"https:\/\/www.africa-press.net\/burundi\/#website","url":"https:\/\/www.africa-press.net\/burundi\/","name":"Burundi","description":"Just another Africa News Agency Sites site","potentialAction":[{"@type":"SearchAction","target":{"@type":"EntryPoint","urlTemplate":"https:\/\/www.africa-press.net\/burundi\/?s={search_term_string}"},"query-input":{"@type":"PropertyValueSpecification","valueRequired":true,"valueName":"search_term_string"}}],"inLanguage":"fr-FR"},{"@type":"Person","@id":"https:\/\/www.africa-press.net\/burundi\/#\/schema\/person\/2b1cf3cd81a31e3cd26889ca66d677f1","name":"cfeditorfr"}]}},"_links":{"self":[{"href":"https:\/\/www.africa-press.net\/burundi\/wp-json\/wp\/v2\/posts\/29858","targetHints":{"allow":["GET"]}}],"collection":[{"href":"https:\/\/www.africa-press.net\/burundi\/wp-json\/wp\/v2\/posts"}],"about":[{"href":"https:\/\/www.africa-press.net\/burundi\/wp-json\/wp\/v2\/types\/post"}],"author":[{"embeddable":true,"href":"https:\/\/www.africa-press.net\/burundi\/wp-json\/wp\/v2\/users\/82"}],"replies":[{"embeddable":true,"href":"https:\/\/www.africa-press.net\/burundi\/wp-json\/wp\/v2\/comments?post=29858"}],"version-history":[{"count":1,"href":"https:\/\/www.africa-press.net\/burundi\/wp-json\/wp\/v2\/posts\/29858\/revisions"}],"predecessor-version":[{"id":29865,"href":"https:\/\/www.africa-press.net\/burundi\/wp-json\/wp\/v2\/posts\/29858\/revisions\/29865"}],"wp:featuredmedia":[{"embeddable":true,"href":"https:\/\/www.africa-press.net\/burundi\/wp-json\/wp\/v2\/media\/29857"}],"wp:attachment":[{"href":"https:\/\/www.africa-press.net\/burundi\/wp-json\/wp\/v2\/media?parent=29858"}],"wp:term":[{"taxonomy":"category","embeddable":true,"href":"https:\/\/www.africa-press.net\/burundi\/wp-json\/wp\/v2\/categories?post=29858"},{"taxonomy":"post_tag","embeddable":true,"href":"https:\/\/www.africa-press.net\/burundi\/wp-json\/wp\/v2\/tags?post=29858"}],"curies":[{"name":"wp","href":"https:\/\/api.w.org\/{rel}","templated":true}]}}