{"id":29860,"date":"2026-04-30T15:55:12","date_gmt":"2026-04-30T15:55:12","guid":{"rendered":"https:\/\/www.africa-press.net\/burundi\/politique\/ndayishimiye-rencontre-diplomates-a-bujumbura"},"modified":"2026-04-30T16:41:01","modified_gmt":"2026-04-30T16:41:01","slug":"ndayishimiye-rencontre-diplomates-a-bujumbura","status":"publish","type":"post","link":"https:\/\/www.africa-press.net\/burundi\/politique\/ndayishimiye-rencontre-diplomates-a-bujumbura","title":{"rendered":"Ndayishimiye Rencontre Diplomates \u00e0 Bujumbura"},"content":{"rendered":"<p><span class=\"ap-article-header-tag\"> <strong>Africa-Press &#8211; Burundi. <\/strong> <\/span>Le Pre\u0301sident de la Re\u0301publique du Burundi et Pre\u0301sident en exercice de l\u2019Union africaine, Son Excellence E\u0301variste Ndayishimiye, s\u2019est entretenu ce mardi 28 avril 2026 au Palais Ntare Rushatsi avec le groupe des diplomates africains accre\u0301dite\u0301s a\u0300 Bujumbura.<\/p>\n<p>Cette rencontre, la premie\u0300re du genre depuis son accession a\u0300 la pre\u0301sidence de l\u2019instance continentale, a constitue\u0301 une occasion privile\u0301gie\u0301e d\u2019e\u0301changes autour de deux axes majeurs: les fe\u0301licitations adresse\u0301es au Chef de l\u2019E\u0301tat burundais pour sa prise de fonction a\u0300 la te\u0302te de l\u2019Union africaine, ainsi que les pre\u0301paratifs de la ce\u0301le\u0301bration de la Journe\u0301e de l\u2019Afrique 2026, pre\u0301vue au Burundi les 24 et 25 mai prochain.<\/p>\n<p>Dans son allocution introductive, le Pre\u0301sident Ndayishimiye a salue\u0301 la mobilisation des repre\u0301sentants diplomatiques, soulignant l\u2019importance de cette premie\u0300re prise de contact avec les E\u0301tats membres. Ont pris part a\u0300 cette rencontre des diplomates repre\u0301sentant notamment l\u2019Ouganda, le Rwanda, la Tanzanie, la Libye, l\u2019Afrique du Sud, l\u2019E\u0301gypte, le Maroc, le Nigeria, le Kenya et l\u2019Alge\u0301rie, ainsi que des repre\u0301sentants de l\u2019Union africaine et de la Communaute\u0301 e\u0301conomique des E\u0301tats de l\u2019Afrique centrale.<\/p>\n<p>Les participants ont unanimement re\u0301affirme\u0301 leur soutien au leadership du Pre\u0301sident Ndayishimiye et a\u0300 l\u2019action qu\u2019il entend mener durant son mandat a\u0300 la te\u0302te de l\u2019Union africaine. Ils ont e\u0301galement saisi cette opportunite\u0301 pour saluer sa de\u0301signation comme candidat a\u0300 l\u2019e\u0301lection pre\u0301sidentielle par le parti CNDD-FDD, te\u0301moignant ainsi de leur confiance en sa vision politique.<\/p>\n<p>Au cours des e\u0301changes, le Chef de l\u2019E\u0301tat burundais a pre\u0301sente\u0301 une analyse approfondie de la situation se\u0301curitaire et politique dans la re\u0301gion du Sahel et dans d\u2019autres parties du continent africain. Son expose\u0301, salue\u0301 par les diplomates, a mis en lumie\u0300re sa volonte\u0301 de promouvoir une Afrique pacifique, solidaire et re\u0301solument tourne\u0301e vers le de\u0301veloppement e\u0301conomique.<\/p>\n<p>Cette rencontre marque ainsi une e\u0301tape importante dans le renforcement de la concertation diplomatique et de la coope\u0301ration africaine, dans un contexte ou\u0300 les de\u0301fis communs exigent des re\u0301ponses collectives et coordonne\u0301es.<\/p>\n<p class=\"ap-article-footer-note\">Retrouvez plus d\u2019actualit\u00e9s et d\u2019analyses sur <span class=\"ap-highlight-country\">Burundi<\/span> sur le site <span class=\"ap-highlight-brand\">Africa Press<\/span><\/p>\n","protected":false},"excerpt":{"rendered":"<p>Africa-Press &#8211; Burundi. Le Pre\u0301sident de la Re\u0301publique du Burundi et Pre\u0301sident en exercice de l\u2019Union africaine, Son Excellence E\u0301variste Ndayishimiye, s\u2019est entretenu ce mardi 28 avril 2026 au Palais Ntare Rushatsi avec le groupe des diplomates africains accre\u0301dite\u0301s a\u0300 Bujumbura. Cette rencontre, la premie\u0300re du genre depuis son accession a\u0300 la pre\u0301sidence de l\u2019instance [&hellip;]<\/p>\n","protected":false},"author":82,"featured_media":29859,"comment_status":"open","ping_status":"closed","sticky":false,"template":"","format":"standard","meta":{"footnotes":""},"categories":[2,20,10],"tags":[45],"class_list":["post-29860","post","type-post","status-publish","format-standard","has-post-thumbnail","hentry","category-politique","category-top-nouvelles","category-toutes-les-actualites","tag-burundi"],"yoast_head":"<!-- This site is optimized with the Yoast SEO Premium plugin v26.1 (Yoast SEO v27.0) - https:\/\/yoast.com\/product\/yoast-seo-premium-wordpress\/ -->\n<title>Ndayishimiye Rencontre Diplomates \u00e0 Bujumbura - Burundi<\/title>\n<meta name=\"description\" content=\"-article-header-tag&quot;&gt; Africa-Press - Burundi. Le Pre\u0301sident de la Re\u0301publique ...\" \/>\n<meta name=\"robots\" content=\"index, follow, max-snippet:-1, max-image-preview:large, max-video-preview:-1\" \/>\n<link rel=\"canonical\" href=\"https:\/\/www.africa-press.net\/burundi\/politique\/ndayishimiye-rencontre-diplomates-a-bujumbura\" \/>\n<meta property=\"og:locale\" content=\"fr_FR\" \/>\n<meta property=\"og:type\" content=\"article\" \/>\n<meta property=\"og:title\" content=\"Ndayishimiye Rencontre Diplomates \u00e0 Bujumbura\" \/>\n<meta property=\"og:description\" content=\"-article-header-tag&quot;&gt; Africa-Press - Burundi. Le Pre\u0301sident de la Re\u0301publique ...\" \/>\n<meta property=\"og:url\" content=\"https:\/\/www.africa-press.net\/burundi\/politique\/ndayishimiye-rencontre-diplomates-a-bujumbura\" \/>\n<meta property=\"og:site_name\" content=\"Burundi\" \/>\n<meta property=\"article:published_time\" content=\"2026-04-30T15:55:12+00:00\" \/>\n<meta property=\"article:modified_time\" content=\"2026-04-30T16:41:01+00:00\" \/>\n<meta property=\"og:image\" content=\"https:\/\/static.africa-press.net\/burundi\/sites\/47\/2026\/04\/sm_1777567042.718431.jpg\" \/>\n\t<meta property=\"og:image:width\" content=\"1080\" \/>\n\t<meta property=\"og:image:height\" content=\"709\" \/>\n\t<meta property=\"og:image:type\" content=\"image\/jpeg\" \/>\n<meta name=\"author\" content=\"cfeditorfr\" \/>\n<meta name=\"twitter:card\" content=\"summary_large_image\" \/>\n<meta name=\"twitter:label1\" content=\"\u00c9crit par\" \/>\n\t<meta name=\"twitter:data1\" content=\"cfeditorfr\" \/>\n\t<meta name=\"twitter:label2\" content=\"Dur\u00e9e de lecture estim\u00e9e\" \/>\n\t<meta name=\"twitter:data2\" content=\"2 minutes\" \/>\n<script type=\"application\/ld+json\" class=\"yoast-schema-graph\">{\"@context\":\"https:\/\/schema.org\",\"@graph\":[{\"@type\":\"Article\",\"@id\":\"https:\/\/www.africa-press.net\/burundi\/politique\/ndayishimiye-rencontre-diplomates-a-bujumbura#article\",\"isPartOf\":{\"@id\":\"https:\/\/www.africa-press.net\/burundi\/politique\/ndayishimiye-rencontre-diplomates-a-bujumbura\"},\"author\":{\"name\":\"cfeditorfr\",\"@id\":\"https:\/\/www.africa-press.net\/burundi\/#\/schema\/person\/2b1cf3cd81a31e3cd26889ca66d677f1\"},\"headline\":\"Ndayishimiye Rencontre Diplomates \u00e0 Bujumbura\",\"datePublished\":\"2026-04-30T15:55:12+00:00\",\"dateModified\":\"2026-04-30T16:41:01+00:00\",\"mainEntityOfPage\":{\"@id\":\"https:\/\/www.africa-press.net\/burundi\/politique\/ndayishimiye-rencontre-diplomates-a-bujumbura\"},\"wordCount\":411,\"commentCount\":0,\"image\":{\"@id\":\"https:\/\/www.africa-press.net\/burundi\/politique\/ndayishimiye-rencontre-diplomates-a-bujumbura#primaryimage\"},\"thumbnailUrl\":\"https:\/\/static.africa-press.net\/burundi\/sites\/47\/2026\/04\/sm_1777567042.718431.jpg\",\"keywords\":[\"Burundi\"],\"articleSection\":[\"Politique\",\"Top Nouvelles\",\"Toutes les actualit\u00e9s\"],\"inLanguage\":\"fr-FR\",\"potentialAction\":[{\"@type\":\"CommentAction\",\"name\":\"Comment\",\"target\":[\"https:\/\/www.africa-press.net\/burundi\/politique\/ndayishimiye-rencontre-diplomates-a-bujumbura#respond\"]}]},{\"@type\":\"WebPage\",\"@id\":\"https:\/\/www.africa-press.net\/burundi\/politique\/ndayishimiye-rencontre-diplomates-a-bujumbura\",\"url\":\"https:\/\/www.africa-press.net\/burundi\/politique\/ndayishimiye-rencontre-diplomates-a-bujumbura\",\"name\":\"Ndayishimiye Rencontre Diplomates \u00e0 Bujumbura - Burundi\",\"isPartOf\":{\"@id\":\"https:\/\/www.africa-press.net\/burundi\/#website\"},\"primaryImageOfPage\":{\"@id\":\"https:\/\/www.africa-press.net\/burundi\/politique\/ndayishimiye-rencontre-diplomates-a-bujumbura#primaryimage\"},\"image\":{\"@id\":\"https:\/\/www.africa-press.net\/burundi\/politique\/ndayishimiye-rencontre-diplomates-a-bujumbura#primaryimage\"},\"thumbnailUrl\":\"https:\/\/static.africa-press.net\/burundi\/sites\/47\/2026\/04\/sm_1777567042.718431.jpg\",\"datePublished\":\"2026-04-30T15:55:12+00:00\",\"dateModified\":\"2026-04-30T16:41:01+00:00\",\"author\":{\"@id\":\"https:\/\/www.africa-press.net\/burundi\/#\/schema\/person\/2b1cf3cd81a31e3cd26889ca66d677f1\"},\"description\":\"-article-header-tag\\\"> Africa-Press - Burundi. Le Pre\u0301sident de la Re\u0301publique ...\",\"breadcrumb\":{\"@id\":\"https:\/\/www.africa-press.net\/burundi\/politique\/ndayishimiye-rencontre-diplomates-a-bujumbura#breadcrumb\"},\"inLanguage\":\"fr-FR\",\"potentialAction\":[{\"@type\":\"ReadAction\",\"target\":[\"https:\/\/www.africa-press.net\/burundi\/politique\/ndayishimiye-rencontre-diplomates-a-bujumbura\"]}]},{\"@type\":\"ImageObject\",\"inLanguage\":\"fr-FR\",\"@id\":\"https:\/\/www.africa-press.net\/burundi\/politique\/ndayishimiye-rencontre-diplomates-a-bujumbura#primaryimage\",\"url\":\"https:\/\/static.africa-press.net\/burundi\/sites\/47\/2026\/04\/sm_1777567042.718431.jpg\",\"contentUrl\":\"https:\/\/static.africa-press.net\/burundi\/sites\/47\/2026\/04\/sm_1777567042.718431.jpg\",\"width\":1080,\"height\":709,\"caption\":\"Ndayishimiye Rencontre Diplomates \u00e0 Bujumbura\"},{\"@type\":\"BreadcrumbList\",\"@id\":\"https:\/\/www.africa-press.net\/burundi\/politique\/ndayishimiye-rencontre-diplomates-a-bujumbura#breadcrumb\",\"itemListElement\":[{\"@type\":\"ListItem\",\"position\":1,\"name\":\"Accueil\",\"item\":\"https:\/\/www.africa-press.net\/burundi\/\"},{\"@type\":\"ListItem\",\"position\":2,\"name\":\"Ndayishimiye Rencontre Diplomates \u00e0 Bujumbura\"}]},{\"@type\":\"WebSite\",\"@id\":\"https:\/\/www.africa-press.net\/burundi\/#website\",\"url\":\"https:\/\/www.africa-press.net\/burundi\/\",\"name\":\"Burundi\",\"description\":\"Just another Africa News Agency Sites site\",\"potentialAction\":[{\"@type\":\"SearchAction\",\"target\":{\"@type\":\"EntryPoint\",\"urlTemplate\":\"https:\/\/www.africa-press.net\/burundi\/?s={search_term_string}\"},\"query-input\":{\"@type\":\"PropertyValueSpecification\",\"valueRequired\":true,\"valueName\":\"search_term_string\"}}],\"inLanguage\":\"fr-FR\"},{\"@type\":\"Person\",\"@id\":\"https:\/\/www.africa-press.net\/burundi\/#\/schema\/person\/2b1cf3cd81a31e3cd26889ca66d677f1\",\"name\":\"cfeditorfr\"}]}<\/script>\n<!-- \/ Yoast SEO Premium plugin. -->","yoast_head_json":{"title":"Ndayishimiye Rencontre Diplomates \u00e0 Bujumbura - Burundi","description":"-article-header-tag\"> Africa-Press - Burundi. Le Pre\u0301sident de la Re\u0301publique ...","robots":{"index":"index","follow":"follow","max-snippet":"max-snippet:-1","max-image-preview":"max-image-preview:large","max-video-preview":"max-video-preview:-1"},"canonical":"https:\/\/www.africa-press.net\/burundi\/politique\/ndayishimiye-rencontre-diplomates-a-bujumbura","og_locale":"fr_FR","og_type":"article","og_title":"Ndayishimiye Rencontre Diplomates \u00e0 Bujumbura","og_description":"-article-header-tag\"> Africa-Press - Burundi. Le Pre\u0301sident de la Re\u0301publique ...","og_url":"https:\/\/www.africa-press.net\/burundi\/politique\/ndayishimiye-rencontre-diplomates-a-bujumbura","og_site_name":"Burundi","article_published_time":"2026-04-30T15:55:12+00:00","article_modified_time":"2026-04-30T16:41:01+00:00","og_image":[{"width":1080,"height":709,"url":"https:\/\/static.africa-press.net\/burundi\/sites\/47\/2026\/04\/sm_1777567042.718431.jpg","type":"image\/jpeg"}],"author":"cfeditorfr","twitter_card":"summary_large_image","twitter_misc":{"\u00c9crit par":"cfeditorfr","Dur\u00e9e de lecture estim\u00e9e":"2 minutes"},"schema":{"@context":"https:\/\/schema.org","@graph":[{"@type":"Article","@id":"https:\/\/www.africa-press.net\/burundi\/politique\/ndayishimiye-rencontre-diplomates-a-bujumbura#article","isPartOf":{"@id":"https:\/\/www.africa-press.net\/burundi\/politique\/ndayishimiye-rencontre-diplomates-a-bujumbura"},"author":{"name":"cfeditorfr","@id":"https:\/\/www.africa-press.net\/burundi\/#\/schema\/person\/2b1cf3cd81a31e3cd26889ca66d677f1"},"headline":"Ndayishimiye Rencontre Diplomates \u00e0 Bujumbura","datePublished":"2026-04-30T15:55:12+00:00","dateModified":"2026-04-30T16:41:01+00:00","mainEntityOfPage":{"@id":"https:\/\/www.africa-press.net\/burundi\/politique\/ndayishimiye-rencontre-diplomates-a-bujumbura"},"wordCount":411,"commentCount":0,"image":{"@id":"https:\/\/www.africa-press.net\/burundi\/politique\/ndayishimiye-rencontre-diplomates-a-bujumbura#primaryimage"},"thumbnailUrl":"https:\/\/static.africa-press.net\/burundi\/sites\/47\/2026\/04\/sm_1777567042.718431.jpg","keywords":["Burundi"],"articleSection":["Politique","Top Nouvelles","Toutes les actualit\u00e9s"],"inLanguage":"fr-FR","potentialAction":[{"@type":"CommentAction","name":"Comment","target":["https:\/\/www.africa-press.net\/burundi\/politique\/ndayishimiye-rencontre-diplomates-a-bujumbura#respond"]}]},{"@type":"WebPage","@id":"https:\/\/www.africa-press.net\/burundi\/politique\/ndayishimiye-rencontre-diplomates-a-bujumbura","url":"https:\/\/www.africa-press.net\/burundi\/politique\/ndayishimiye-rencontre-diplomates-a-bujumbura","name":"Ndayishimiye Rencontre Diplomates \u00e0 Bujumbura - Burundi","isPartOf":{"@id":"https:\/\/www.africa-press.net\/burundi\/#website"},"primaryImageOfPage":{"@id":"https:\/\/www.africa-press.net\/burundi\/politique\/ndayishimiye-rencontre-diplomates-a-bujumbura#primaryimage"},"image":{"@id":"https:\/\/www.africa-press.net\/burundi\/politique\/ndayishimiye-rencontre-diplomates-a-bujumbura#primaryimage"},"thumbnailUrl":"https:\/\/static.africa-press.net\/burundi\/sites\/47\/2026\/04\/sm_1777567042.718431.jpg","datePublished":"2026-04-30T15:55:12+00:00","dateModified":"2026-04-30T16:41:01+00:00","author":{"@id":"https:\/\/www.africa-press.net\/burundi\/#\/schema\/person\/2b1cf3cd81a31e3cd26889ca66d677f1"},"description":"-article-header-tag\"> Africa-Press - Burundi. Le Pre\u0301sident de la Re\u0301publique ...","breadcrumb":{"@id":"https:\/\/www.africa-press.net\/burundi\/politique\/ndayishimiye-rencontre-diplomates-a-bujumbura#breadcrumb"},"inLanguage":"fr-FR","potentialAction":[{"@type":"ReadAction","target":["https:\/\/www.africa-press.net\/burundi\/politique\/ndayishimiye-rencontre-diplomates-a-bujumbura"]}]},{"@type":"ImageObject","inLanguage":"fr-FR","@id":"https:\/\/www.africa-press.net\/burundi\/politique\/ndayishimiye-rencontre-diplomates-a-bujumbura#primaryimage","url":"https:\/\/static.africa-press.net\/burundi\/sites\/47\/2026\/04\/sm_1777567042.718431.jpg","contentUrl":"https:\/\/static.africa-press.net\/burundi\/sites\/47\/2026\/04\/sm_1777567042.718431.jpg","width":1080,"height":709,"caption":"Ndayishimiye Rencontre Diplomates \u00e0 Bujumbura"},{"@type":"BreadcrumbList","@id":"https:\/\/www.africa-press.net\/burundi\/politique\/ndayishimiye-rencontre-diplomates-a-bujumbura#breadcrumb","itemListElement":[{"@type":"ListItem","position":1,"name":"Accueil","item":"https:\/\/www.africa-press.net\/burundi\/"},{"@type":"ListItem","position":2,"name":"Ndayishimiye Rencontre Diplomates \u00e0 Bujumbura"}]},{"@type":"WebSite","@id":"https:\/\/www.africa-press.net\/burundi\/#website","url":"https:\/\/www.africa-press.net\/burundi\/","name":"Burundi","description":"Just another Africa News Agency Sites site","potentialAction":[{"@type":"SearchAction","target":{"@type":"EntryPoint","urlTemplate":"https:\/\/www.africa-press.net\/burundi\/?s={search_term_string}"},"query-input":{"@type":"PropertyValueSpecification","valueRequired":true,"valueName":"search_term_string"}}],"inLanguage":"fr-FR"},{"@type":"Person","@id":"https:\/\/www.africa-press.net\/burundi\/#\/schema\/person\/2b1cf3cd81a31e3cd26889ca66d677f1","name":"cfeditorfr"}]}},"_links":{"self":[{"href":"https:\/\/www.africa-press.net\/burundi\/wp-json\/wp\/v2\/posts\/29860","targetHints":{"allow":["GET"]}}],"collection":[{"href":"https:\/\/www.africa-press.net\/burundi\/wp-json\/wp\/v2\/posts"}],"about":[{"href":"https:\/\/www.africa-press.net\/burundi\/wp-json\/wp\/v2\/types\/post"}],"author":[{"embeddable":true,"href":"https:\/\/www.africa-press.net\/burundi\/wp-json\/wp\/v2\/users\/82"}],"replies":[{"embeddable":true,"href":"https:\/\/www.africa-press.net\/burundi\/wp-json\/wp\/v2\/comments?post=29860"}],"version-history":[{"count":1,"href":"https:\/\/www.africa-press.net\/burundi\/wp-json\/wp\/v2\/posts\/29860\/revisions"}],"predecessor-version":[{"id":29866,"href":"https:\/\/www.africa-press.net\/burundi\/wp-json\/wp\/v2\/posts\/29860\/revisions\/29866"}],"wp:featuredmedia":[{"embeddable":true,"href":"https:\/\/www.africa-press.net\/burundi\/wp-json\/wp\/v2\/media\/29859"}],"wp:attachment":[{"href":"https:\/\/www.africa-press.net\/burundi\/wp-json\/wp\/v2\/media?parent=29860"}],"wp:term":[{"taxonomy":"category","embeddable":true,"href":"https:\/\/www.africa-press.net\/burundi\/wp-json\/wp\/v2\/categories?post=29860"},{"taxonomy":"post_tag","embeddable":true,"href":"https:\/\/www.africa-press.net\/burundi\/wp-json\/wp\/v2\/tags?post=29860"}],"curies":[{"name":"wp","href":"https:\/\/api.w.org\/{rel}","templated":true}]}}