{"id":29864,"date":"2026-04-26T16:02:04","date_gmt":"2026-04-26T16:02:04","guid":{"rendered":"https:\/\/www.africa-press.net\/burundi\/politique\/cndd-fdd-designe-evariste-ndayishimiye-pour-2027"},"modified":"2026-04-30T16:41:42","modified_gmt":"2026-04-30T16:41:42","slug":"cndd-fdd-designe-evariste-ndayishimiye-pour-2027","status":"publish","type":"post","link":"https:\/\/www.africa-press.net\/burundi\/politique\/cndd-fdd-designe-evariste-ndayishimiye-pour-2027","title":{"rendered":"CNDD-FDD D\u00e9signe Evariste Ndayishimiye pour 2027"},"content":{"rendered":"<p><span class=\"ap-article-header-tag\"> <strong>Africa-Press &#8211; Burundi. <\/strong> <\/span>Re\u0301uni le 26 avril 2026, au lendemain de la croisade interconfessionnelle tenue au stade Ingoma et de la retraite d\u2019autoe\u0301valuation du Comite\u0301 Central au Grand Se\u0301minaire Jean-Paul II, dans la province de Gitega, le congre\u0300s extraordinaire du CNDD-FDD a de\u0301signe\u0301 le Pre\u0301sident de la Re\u0301publique du Burundi, Son Excellence Evariste Ndayishimiye, comme candidat a\u0300 l\u2019e\u0301lection pre\u0301sidentielle de 2027.<\/p>\n<p>Cette de\u0301signation intervient dans un climat de forte adhe\u0301sion des militants, qui ont exprime\u0301 leur confiance renouvele\u0301e en reconnaissance du leadership du Chef de l\u2019Etat Burundais, Son Excellence Evariste Ndayishimiye, de son engagement en faveur de la paix et de sa vision axe\u0301e sur le de\u0301veloppement national et le bien-e\u0302tre de la population.<\/p>\n<p>Durant les assises, les congressistes ont e\u0301galement adopte\u0301 plusieurs re\u0301solutions issues des propositions du Comite\u0301 Central, portant notamment sur des secteurs prioritaires tels que l\u2019agriculture, le commerce, l\u2019e\u0301ducation et le domaine social, en vue de renforcer les actions de de\u0301veloppement en cours.<\/p>\n<p>A ce moment, le Pre\u0301sident Ndayishimiye a pre\u0302te\u0301 serment devant les instances du parti, re\u0301affirmant sa de\u0301termination a\u0300 poursuivre son engagement au service du pays avec loyaute\u0301 et constance, dans la continuite\u0301 des initiatives de\u0301ja\u0300 engage\u0301es.<\/p>\n<p>Dans son allocution, le Chef de l\u2019Etat burundais Son Excellence Evariste Ndayishimiye Ndayishimiye a exprime\u0301 sa gratitude aux Bagumyabanga pour la confiance renouvele\u0301e, tout en re\u0301affirmant son ambition de poursuivre la dynamique de de\u0301veloppement national et de consolidation des acquis, sous la bannie\u0300re de la continuite\u0301 et de la performance.<\/p>\n<p>L\u2019e\u0301ve\u0301nement a re\u0301uni des repre\u0301sentants de partis politiques amis, notamment l\u2019UPRONA, le FRODEBU, le PRP, l\u2019APDR et le FNL, ainsi que des membres du corps diplomatique et consulaire accre\u0301dite\u0301 au Burundi. Des de\u0301le\u0301gations venues du Tchad, de l\u2019Ouganda, de la Tanzanie et du Nigeria ont e\u0301galement pris part a\u0300 ces assises, illustrant la dimension re\u0301gionale et internationale de la rencontre.<\/p>\n<p>A l\u2019issue des travaux, une foule nombreuse de militants, mobilise\u0301e le long du parcours menant au palais de Kibimba, a re\u0301serve\u0301 un accueil chaleureux au candidat, en compagnie de la Premie\u0300re Dame et des membres du Conseil des Sages.<\/p>\n<p class=\"ap-article-footer-note\">Retrouvez plus d\u2019actualit\u00e9s et d\u2019analyses sur <span class=\"ap-highlight-country\">Burundi<\/span> sur le site <span class=\"ap-highlight-brand\">Africa Press<\/span><\/p>\n","protected":false},"excerpt":{"rendered":"<p>Africa-Press &#8211; Burundi. Re\u0301uni le 26 avril 2026, au lendemain de la croisade interconfessionnelle tenue au stade Ingoma et de la retraite d\u2019autoe\u0301valuation du Comite\u0301 Central au Grand Se\u0301minaire Jean-Paul II, dans la province de Gitega, le congre\u0300s extraordinaire du CNDD-FDD a de\u0301signe\u0301 le Pre\u0301sident de la Re\u0301publique du Burundi, Son Excellence Evariste Ndayishimiye, comme [&hellip;]<\/p>\n","protected":false},"author":82,"featured_media":29863,"comment_status":"open","ping_status":"closed","sticky":false,"template":"","format":"standard","meta":{"footnotes":""},"categories":[2,20,10],"tags":[45],"class_list":["post-29864","post","type-post","status-publish","format-standard","has-post-thumbnail","hentry","category-politique","category-top-nouvelles","category-toutes-les-actualites","tag-burundi"],"yoast_head":"<!-- This site is optimized with the Yoast SEO Premium plugin v26.1 (Yoast SEO v27.0) - https:\/\/yoast.com\/product\/yoast-seo-premium-wordpress\/ -->\n<title>CNDD-FDD D\u00e9signe Evariste Ndayishimiye pour 2027 - Burundi<\/title>\n<meta name=\"description\" content=\"-article-header-tag&quot;&gt; Africa-Press - Burundi. Re\u0301uni le 26 avril 2026, au len ...\" \/>\n<meta name=\"robots\" content=\"index, follow, max-snippet:-1, max-image-preview:large, max-video-preview:-1\" \/>\n<link rel=\"canonical\" href=\"https:\/\/www.africa-press.net\/burundi\/politique\/cndd-fdd-designe-evariste-ndayishimiye-pour-2027\" \/>\n<meta property=\"og:locale\" content=\"fr_FR\" \/>\n<meta property=\"og:type\" content=\"article\" \/>\n<meta property=\"og:title\" content=\"CNDD-FDD D\u00e9signe Evariste Ndayishimiye pour 2027\" \/>\n<meta property=\"og:description\" content=\"-article-header-tag&quot;&gt; Africa-Press - Burundi. Re\u0301uni le 26 avril 2026, au len ...\" \/>\n<meta property=\"og:url\" content=\"https:\/\/www.africa-press.net\/burundi\/politique\/cndd-fdd-designe-evariste-ndayishimiye-pour-2027\" \/>\n<meta property=\"og:site_name\" content=\"Burundi\" \/>\n<meta property=\"article:published_time\" content=\"2026-04-26T16:02:04+00:00\" \/>\n<meta property=\"article:modified_time\" content=\"2026-04-30T16:41:42+00:00\" \/>\n<meta property=\"og:image\" content=\"https:\/\/static.africa-press.net\/burundi\/sites\/47\/2026\/04\/sm_1777567096.033326.jpg\" \/>\n\t<meta property=\"og:image:width\" content=\"1280\" \/>\n\t<meta property=\"og:image:height\" content=\"720\" \/>\n\t<meta property=\"og:image:type\" content=\"image\/jpeg\" \/>\n<meta name=\"author\" content=\"cfeditorfr\" \/>\n<meta name=\"twitter:card\" content=\"summary_large_image\" \/>\n<meta name=\"twitter:label1\" content=\"\u00c9crit par\" \/>\n\t<meta name=\"twitter:data1\" content=\"cfeditorfr\" \/>\n\t<meta name=\"twitter:label2\" content=\"Dur\u00e9e de lecture estim\u00e9e\" \/>\n\t<meta name=\"twitter:data2\" content=\"3 minutes\" \/>\n<script type=\"application\/ld+json\" class=\"yoast-schema-graph\">{\"@context\":\"https:\/\/schema.org\",\"@graph\":[{\"@type\":\"Article\",\"@id\":\"https:\/\/www.africa-press.net\/burundi\/politique\/cndd-fdd-designe-evariste-ndayishimiye-pour-2027#article\",\"isPartOf\":{\"@id\":\"https:\/\/www.africa-press.net\/burundi\/politique\/cndd-fdd-designe-evariste-ndayishimiye-pour-2027\"},\"author\":{\"name\":\"cfeditorfr\",\"@id\":\"https:\/\/www.africa-press.net\/burundi\/#\/schema\/person\/2b1cf3cd81a31e3cd26889ca66d677f1\"},\"headline\":\"CNDD-FDD D\u00e9signe Evariste Ndayishimiye pour 2027\",\"datePublished\":\"2026-04-26T16:02:04+00:00\",\"dateModified\":\"2026-04-30T16:41:42+00:00\",\"mainEntityOfPage\":{\"@id\":\"https:\/\/www.africa-press.net\/burundi\/politique\/cndd-fdd-designe-evariste-ndayishimiye-pour-2027\"},\"wordCount\":411,\"commentCount\":0,\"image\":{\"@id\":\"https:\/\/www.africa-press.net\/burundi\/politique\/cndd-fdd-designe-evariste-ndayishimiye-pour-2027#primaryimage\"},\"thumbnailUrl\":\"https:\/\/static.africa-press.net\/burundi\/sites\/47\/2026\/04\/sm_1777567096.033326.jpg\",\"keywords\":[\"Burundi\"],\"articleSection\":[\"Politique\",\"Top Nouvelles\",\"Toutes les actualit\u00e9s\"],\"inLanguage\":\"fr-FR\",\"potentialAction\":[{\"@type\":\"CommentAction\",\"name\":\"Comment\",\"target\":[\"https:\/\/www.africa-press.net\/burundi\/politique\/cndd-fdd-designe-evariste-ndayishimiye-pour-2027#respond\"]}]},{\"@type\":\"WebPage\",\"@id\":\"https:\/\/www.africa-press.net\/burundi\/politique\/cndd-fdd-designe-evariste-ndayishimiye-pour-2027\",\"url\":\"https:\/\/www.africa-press.net\/burundi\/politique\/cndd-fdd-designe-evariste-ndayishimiye-pour-2027\",\"name\":\"CNDD-FDD D\u00e9signe Evariste Ndayishimiye pour 2027 - Burundi\",\"isPartOf\":{\"@id\":\"https:\/\/www.africa-press.net\/burundi\/#website\"},\"primaryImageOfPage\":{\"@id\":\"https:\/\/www.africa-press.net\/burundi\/politique\/cndd-fdd-designe-evariste-ndayishimiye-pour-2027#primaryimage\"},\"image\":{\"@id\":\"https:\/\/www.africa-press.net\/burundi\/politique\/cndd-fdd-designe-evariste-ndayishimiye-pour-2027#primaryimage\"},\"thumbnailUrl\":\"https:\/\/static.africa-press.net\/burundi\/sites\/47\/2026\/04\/sm_1777567096.033326.jpg\",\"datePublished\":\"2026-04-26T16:02:04+00:00\",\"dateModified\":\"2026-04-30T16:41:42+00:00\",\"author\":{\"@id\":\"https:\/\/www.africa-press.net\/burundi\/#\/schema\/person\/2b1cf3cd81a31e3cd26889ca66d677f1\"},\"description\":\"-article-header-tag\\\"> Africa-Press - Burundi. Re\u0301uni le 26 avril 2026, au len ...\",\"breadcrumb\":{\"@id\":\"https:\/\/www.africa-press.net\/burundi\/politique\/cndd-fdd-designe-evariste-ndayishimiye-pour-2027#breadcrumb\"},\"inLanguage\":\"fr-FR\",\"potentialAction\":[{\"@type\":\"ReadAction\",\"target\":[\"https:\/\/www.africa-press.net\/burundi\/politique\/cndd-fdd-designe-evariste-ndayishimiye-pour-2027\"]}]},{\"@type\":\"ImageObject\",\"inLanguage\":\"fr-FR\",\"@id\":\"https:\/\/www.africa-press.net\/burundi\/politique\/cndd-fdd-designe-evariste-ndayishimiye-pour-2027#primaryimage\",\"url\":\"https:\/\/static.africa-press.net\/burundi\/sites\/47\/2026\/04\/sm_1777567096.033326.jpg\",\"contentUrl\":\"https:\/\/static.africa-press.net\/burundi\/sites\/47\/2026\/04\/sm_1777567096.033326.jpg\",\"width\":1280,\"height\":720,\"caption\":\"CNDD-FDD D\u00e9signe Evariste Ndayishimiye pour 2027\"},{\"@type\":\"BreadcrumbList\",\"@id\":\"https:\/\/www.africa-press.net\/burundi\/politique\/cndd-fdd-designe-evariste-ndayishimiye-pour-2027#breadcrumb\",\"itemListElement\":[{\"@type\":\"ListItem\",\"position\":1,\"name\":\"Accueil\",\"item\":\"https:\/\/www.africa-press.net\/burundi\/\"},{\"@type\":\"ListItem\",\"position\":2,\"name\":\"CNDD-FDD D\u00e9signe Evariste Ndayishimiye pour 2027\"}]},{\"@type\":\"WebSite\",\"@id\":\"https:\/\/www.africa-press.net\/burundi\/#website\",\"url\":\"https:\/\/www.africa-press.net\/burundi\/\",\"name\":\"Burundi\",\"description\":\"Just another Africa News Agency Sites site\",\"potentialAction\":[{\"@type\":\"SearchAction\",\"target\":{\"@type\":\"EntryPoint\",\"urlTemplate\":\"https:\/\/www.africa-press.net\/burundi\/?s={search_term_string}\"},\"query-input\":{\"@type\":\"PropertyValueSpecification\",\"valueRequired\":true,\"valueName\":\"search_term_string\"}}],\"inLanguage\":\"fr-FR\"},{\"@type\":\"Person\",\"@id\":\"https:\/\/www.africa-press.net\/burundi\/#\/schema\/person\/2b1cf3cd81a31e3cd26889ca66d677f1\",\"name\":\"cfeditorfr\"}]}<\/script>\n<!-- \/ Yoast SEO Premium plugin. -->","yoast_head_json":{"title":"CNDD-FDD D\u00e9signe Evariste Ndayishimiye pour 2027 - Burundi","description":"-article-header-tag\"> Africa-Press - Burundi. Re\u0301uni le 26 avril 2026, au len ...","robots":{"index":"index","follow":"follow","max-snippet":"max-snippet:-1","max-image-preview":"max-image-preview:large","max-video-preview":"max-video-preview:-1"},"canonical":"https:\/\/www.africa-press.net\/burundi\/politique\/cndd-fdd-designe-evariste-ndayishimiye-pour-2027","og_locale":"fr_FR","og_type":"article","og_title":"CNDD-FDD D\u00e9signe Evariste Ndayishimiye pour 2027","og_description":"-article-header-tag\"> Africa-Press - Burundi. Re\u0301uni le 26 avril 2026, au len ...","og_url":"https:\/\/www.africa-press.net\/burundi\/politique\/cndd-fdd-designe-evariste-ndayishimiye-pour-2027","og_site_name":"Burundi","article_published_time":"2026-04-26T16:02:04+00:00","article_modified_time":"2026-04-30T16:41:42+00:00","og_image":[{"width":1280,"height":720,"url":"https:\/\/static.africa-press.net\/burundi\/sites\/47\/2026\/04\/sm_1777567096.033326.jpg","type":"image\/jpeg"}],"author":"cfeditorfr","twitter_card":"summary_large_image","twitter_misc":{"\u00c9crit par":"cfeditorfr","Dur\u00e9e de lecture estim\u00e9e":"3 minutes"},"schema":{"@context":"https:\/\/schema.org","@graph":[{"@type":"Article","@id":"https:\/\/www.africa-press.net\/burundi\/politique\/cndd-fdd-designe-evariste-ndayishimiye-pour-2027#article","isPartOf":{"@id":"https:\/\/www.africa-press.net\/burundi\/politique\/cndd-fdd-designe-evariste-ndayishimiye-pour-2027"},"author":{"name":"cfeditorfr","@id":"https:\/\/www.africa-press.net\/burundi\/#\/schema\/person\/2b1cf3cd81a31e3cd26889ca66d677f1"},"headline":"CNDD-FDD D\u00e9signe Evariste Ndayishimiye pour 2027","datePublished":"2026-04-26T16:02:04+00:00","dateModified":"2026-04-30T16:41:42+00:00","mainEntityOfPage":{"@id":"https:\/\/www.africa-press.net\/burundi\/politique\/cndd-fdd-designe-evariste-ndayishimiye-pour-2027"},"wordCount":411,"commentCount":0,"image":{"@id":"https:\/\/www.africa-press.net\/burundi\/politique\/cndd-fdd-designe-evariste-ndayishimiye-pour-2027#primaryimage"},"thumbnailUrl":"https:\/\/static.africa-press.net\/burundi\/sites\/47\/2026\/04\/sm_1777567096.033326.jpg","keywords":["Burundi"],"articleSection":["Politique","Top Nouvelles","Toutes les actualit\u00e9s"],"inLanguage":"fr-FR","potentialAction":[{"@type":"CommentAction","name":"Comment","target":["https:\/\/www.africa-press.net\/burundi\/politique\/cndd-fdd-designe-evariste-ndayishimiye-pour-2027#respond"]}]},{"@type":"WebPage","@id":"https:\/\/www.africa-press.net\/burundi\/politique\/cndd-fdd-designe-evariste-ndayishimiye-pour-2027","url":"https:\/\/www.africa-press.net\/burundi\/politique\/cndd-fdd-designe-evariste-ndayishimiye-pour-2027","name":"CNDD-FDD D\u00e9signe Evariste Ndayishimiye pour 2027 - Burundi","isPartOf":{"@id":"https:\/\/www.africa-press.net\/burundi\/#website"},"primaryImageOfPage":{"@id":"https:\/\/www.africa-press.net\/burundi\/politique\/cndd-fdd-designe-evariste-ndayishimiye-pour-2027#primaryimage"},"image":{"@id":"https:\/\/www.africa-press.net\/burundi\/politique\/cndd-fdd-designe-evariste-ndayishimiye-pour-2027#primaryimage"},"thumbnailUrl":"https:\/\/static.africa-press.net\/burundi\/sites\/47\/2026\/04\/sm_1777567096.033326.jpg","datePublished":"2026-04-26T16:02:04+00:00","dateModified":"2026-04-30T16:41:42+00:00","author":{"@id":"https:\/\/www.africa-press.net\/burundi\/#\/schema\/person\/2b1cf3cd81a31e3cd26889ca66d677f1"},"description":"-article-header-tag\"> Africa-Press - Burundi. Re\u0301uni le 26 avril 2026, au len ...","breadcrumb":{"@id":"https:\/\/www.africa-press.net\/burundi\/politique\/cndd-fdd-designe-evariste-ndayishimiye-pour-2027#breadcrumb"},"inLanguage":"fr-FR","potentialAction":[{"@type":"ReadAction","target":["https:\/\/www.africa-press.net\/burundi\/politique\/cndd-fdd-designe-evariste-ndayishimiye-pour-2027"]}]},{"@type":"ImageObject","inLanguage":"fr-FR","@id":"https:\/\/www.africa-press.net\/burundi\/politique\/cndd-fdd-designe-evariste-ndayishimiye-pour-2027#primaryimage","url":"https:\/\/static.africa-press.net\/burundi\/sites\/47\/2026\/04\/sm_1777567096.033326.jpg","contentUrl":"https:\/\/static.africa-press.net\/burundi\/sites\/47\/2026\/04\/sm_1777567096.033326.jpg","width":1280,"height":720,"caption":"CNDD-FDD D\u00e9signe Evariste Ndayishimiye pour 2027"},{"@type":"BreadcrumbList","@id":"https:\/\/www.africa-press.net\/burundi\/politique\/cndd-fdd-designe-evariste-ndayishimiye-pour-2027#breadcrumb","itemListElement":[{"@type":"ListItem","position":1,"name":"Accueil","item":"https:\/\/www.africa-press.net\/burundi\/"},{"@type":"ListItem","position":2,"name":"CNDD-FDD D\u00e9signe Evariste Ndayishimiye pour 2027"}]},{"@type":"WebSite","@id":"https:\/\/www.africa-press.net\/burundi\/#website","url":"https:\/\/www.africa-press.net\/burundi\/","name":"Burundi","description":"Just another Africa News Agency Sites site","potentialAction":[{"@type":"SearchAction","target":{"@type":"EntryPoint","urlTemplate":"https:\/\/www.africa-press.net\/burundi\/?s={search_term_string}"},"query-input":{"@type":"PropertyValueSpecification","valueRequired":true,"valueName":"search_term_string"}}],"inLanguage":"fr-FR"},{"@type":"Person","@id":"https:\/\/www.africa-press.net\/burundi\/#\/schema\/person\/2b1cf3cd81a31e3cd26889ca66d677f1","name":"cfeditorfr"}]}},"_links":{"self":[{"href":"https:\/\/www.africa-press.net\/burundi\/wp-json\/wp\/v2\/posts\/29864","targetHints":{"allow":["GET"]}}],"collection":[{"href":"https:\/\/www.africa-press.net\/burundi\/wp-json\/wp\/v2\/posts"}],"about":[{"href":"https:\/\/www.africa-press.net\/burundi\/wp-json\/wp\/v2\/types\/post"}],"author":[{"embeddable":true,"href":"https:\/\/www.africa-press.net\/burundi\/wp-json\/wp\/v2\/users\/82"}],"replies":[{"embeddable":true,"href":"https:\/\/www.africa-press.net\/burundi\/wp-json\/wp\/v2\/comments?post=29864"}],"version-history":[{"count":1,"href":"https:\/\/www.africa-press.net\/burundi\/wp-json\/wp\/v2\/posts\/29864\/revisions"}],"predecessor-version":[{"id":29868,"href":"https:\/\/www.africa-press.net\/burundi\/wp-json\/wp\/v2\/posts\/29864\/revisions\/29868"}],"wp:featuredmedia":[{"embeddable":true,"href":"https:\/\/www.africa-press.net\/burundi\/wp-json\/wp\/v2\/media\/29863"}],"wp:attachment":[{"href":"https:\/\/www.africa-press.net\/burundi\/wp-json\/wp\/v2\/media?parent=29864"}],"wp:term":[{"taxonomy":"category","embeddable":true,"href":"https:\/\/www.africa-press.net\/burundi\/wp-json\/wp\/v2\/categories?post=29864"},{"taxonomy":"post_tag","embeddable":true,"href":"https:\/\/www.africa-press.net\/burundi\/wp-json\/wp\/v2\/tags?post=29864"}],"curies":[{"name":"wp","href":"https:\/\/api.w.org\/{rel}","templated":true}]}}