{"id":30289,"date":"2026-08-24T16:08:29","date_gmt":"2026-08-24T16:08:29","guid":{"rendered":"https:\/\/www.africa-press.net\/burundi\/politique\/ouganda-et-burundi-discutent-avec-israel-dun-deploiement-a-gaza"},"modified":"2026-08-24T16:18:02","modified_gmt":"2026-08-24T16:18:02","slug":"ouganda-et-burundi-discutent-avec-israel-dun-deploiement-a-gaza","status":"publish","type":"post","link":"https:\/\/www.africa-press.net\/burundi\/politique\/ouganda-et-burundi-discutent-avec-israel-dun-deploiement-a-gaza","title":{"rendered":"Ouganda et Burundi Discutent avec Isra\u00ebl D&rsquo;Un D\u00e9ploiement \u00e0 Gaza"},"content":{"rendered":"<p><span class=\"ap-article-header-tag\"> <strong>Africa-Press &#8211; Burundi. <\/strong> <\/span>Des responsables militaires d&rsquo;Ouganda et du Burundi ont discute\u0301, lors d&rsquo;une visite en Israe\u0308l la semaine dernie\u0300re, de la possibilite\u0301 de de\u0301ployer des troupes a\u0300 Gaza dans le cadre d&rsquo;une force de se\u0301curite\u0301 internationale que l&rsquo;administration ame\u0301ricaine envisage de former pour e\u0301tablir un cessez-le-feu fragile dans la re\u0301gion.<\/p>\n<p>Un responsable du Conseil de la paix a indique\u0301 que des responsables ougandais avaient rejoint une de\u0301le\u0301gation militaire burundaise, alors que l&rsquo;Ouganda s&rsquo;efforce de finaliser les de\u0301tails de sa participation apre\u0300s que son parlement a approuve\u0301 ce mois-ci l&rsquo;envoi de troupes.<\/p>\n<p>La participation du Burundi n&rsquo;est pas encore confirme\u0301e, mais le responsable a de\u0301clare\u0301 que le conseil espe\u0300re entamer les de\u0301marches pour sa contribution.<\/p>\n<p>Il a ajoute\u0301 que les deux parties avaient e\u0301change\u0301 \u00ab\u00a0une grande quantite\u0301 de connaissances\u00a0\u00bb, et que les repre\u0301sentants burundais avaient manifeste\u0301 un inte\u0301re\u0302t pour la mission, s&rsquo;exprimant sous couvert d&rsquo;anonymat en raison de la sensibilite\u0301 des ne\u0301gociations avec les pays potentiellement contributeurs.<\/p>\n<p>Un responsable militaire burundais a mentionne\u0301 que trois autres officiers supe\u0301rieurs avaient dirige\u0301 la de\u0301le\u0301gation en Israe\u0308l, soulignant que le Burundi semble de\u0301termine\u0301 a\u0300 rejoindre la force.<\/p>\n<p>Il n&rsquo;est pas encore clair ce que l&rsquo;Ouganda et le Burundi fourniront en termes de troupes ou ce qu&rsquo;ils recevront en retour, et les porte-paroles des arme\u0301es des deux pays n&rsquo;ont pas re\u0301pondu aux demandes de commentaires.<\/p>\n<p>Les initiatives ougandaise et burundaise interviennent alors que la formation de la force internationale pour Gaza avance lentement.<\/p>\n<p>Si le Burundi de\u0301cide de participer, les deux pays deviendront les derniers pays africains a\u0300 rejoindre la force, apre\u0300s que le Maroc, le Kosovo, le Kazakhstan et l&rsquo;Albanie ont promis d&rsquo;envoyer des troupes.<\/p>\n<p>L&rsquo;Ouganda a promis environ 1200 soldats, tandis que le Maroc s&rsquo;est engage\u0301 a\u0300 envoyer jusqu&rsquo;a\u0300 500 soldats, et le Kosovo, le Kazakhstan et l&rsquo;Albanie ont collectivement promis environ 80 soldats.<\/p>\n<p>L&rsquo;Indone\u0301sie avait pre\u0301ce\u0301demment annonce\u0301 sa volonte\u0301 d&rsquo;envoyer 8000 soldats, la plus grande contribution propose\u0301e jusqu&rsquo;a\u0300 pre\u0301sent, mais a suspendu le plan apre\u0300s les attaques ame\u0301ricaines et israe\u0301liennes contre l&rsquo;Iran.<\/p>\n<p>La force internationale vise a\u0300 de\u0301ployer environ 20 000 soldats, sous le commandement du ge\u0301ne\u0301ral ame\u0301ricain Jasper Jeffers, mais le nombre de troupes engage\u0301es jusqu&rsquo;a\u0300 pre\u0301sent reste bien en dec\u0327a\u0300 de l&rsquo;objectif.<\/p>\n<p>Le mois dernier, Trump a annonce\u0301 un accord incluant le de\u0301sarmement du Hamas et le retrait des troupes israe\u0301liennes de Gaza.<\/p>\n<p>Selon cet accord, les troupes internationales doivent e\u0302tre de\u0301ploye\u0301es dans les zones palestiniennes qui seront ge\u0301re\u0301es par un futur comite\u0301 de technocrates, en me\u0302me temps que le retrait des forces israe\u0301liennes.<\/p>\n<p>La force aura pour mission de surveiller le cessez-le-feu, de former la police palestinienne et d&rsquo;assurer l&rsquo;acheminement de l&rsquo;aide humanitaire, ainsi que d&rsquo;autres missions de se\u0301curite\u0301.<\/p>\n<p>Cependant, la mise en \u0153uvre de l&rsquo;accord a e\u0301te\u0301 entrave\u0301e par des de\u0301saccords concernant le retrait d&rsquo;Israe\u0308l de la re\u0301gion et le de\u0301sarmement du Hamas.<\/p>\n<p>Paul D. Williams, directeur du programme d&rsquo;e\u0301tudes sur les politiques de se\u0301curite\u0301 a\u0300 l&rsquo;Universite\u0301 George Washington, a de\u0301clare\u0301 que l&rsquo;Ouganda et le Burundi avaient acquis une grande expe\u0301rience en matie\u0300re de maintien de la paix au sein d&rsquo;une mission de l&rsquo;Union africaine gra\u0302ce a\u0300 leur de\u0301ploiement prolonge\u0301 en Somalie pour faire face a\u0300 Al-Shabaab, lie\u0301 a\u0300 Al-Qai\u0308da.<\/p>\n<p>Il a ajoute\u0301 que les dirigeants des deux pays avaient montre\u0301 une volonte\u0301 d&rsquo;accepter des pertes humaines importantes sans se retirer, conside\u0301rant que la fin de leur mission en Somalie les pousse a\u0300 chercher des moyens d&rsquo;obtenir un soutien financier et mate\u0301riel pour leurs forces arme\u0301es.<\/p>\n<p>Il a estime\u0301 que participer a\u0300 la mission a\u0300 Gaza avec le soutien ame\u0301ricain pourrait repre\u0301senter l&rsquo;un de ces moyens.<\/p>\n<p>Dans ce contexte, un officier de l&rsquo;arme\u0301e ougandaise, au fait du de\u0301ploiement imminent, a indique\u0301 que le choix des soldats qui seront envoye\u0301s a\u0300 Gaza avait de\u0301ja\u0300 commence\u0301.<\/p>\n<p class=\"ap-article-footer-note\">Retrouvez plus d\u2019actualit\u00e9s et d\u2019analyses sur <span class=\"ap-highlight-country\">Burundi<\/span> sur le site <span class=\"ap-highlight-brand\">Africa Press<\/span><\/p>\n","protected":false},"excerpt":{"rendered":"<p>Africa-Press &#8211; Burundi. Des responsables militaires d&rsquo;Ouganda et du Burundi ont discute\u0301, lors d&rsquo;une visite en Israe\u0308l la semaine dernie\u0300re, de la possibilite\u0301 de de\u0301ployer des troupes a\u0300 Gaza dans le cadre d&rsquo;une force de se\u0301curite\u0301 internationale que l&rsquo;administration ame\u0301ricaine envisage de former pour e\u0301tablir un cessez-le-feu fragile dans la re\u0301gion. Un responsable du Conseil [&hellip;]<\/p>\n","protected":false},"author":82,"featured_media":30288,"comment_status":"open","ping_status":"closed","sticky":false,"template":"","format":"standard","meta":{"footnotes":""},"categories":[2,20,10],"tags":[45],"class_list":["post-30289","post","type-post","status-publish","format-standard","has-post-thumbnail","hentry","category-politique","category-top-nouvelles","category-toutes-les-actualites","tag-burundi"],"yoast_head":"<!-- This site is optimized with the Yoast SEO Premium plugin v26.1 (Yoast SEO v27.0) - https:\/\/yoast.com\/product\/yoast-seo-premium-wordpress\/ -->\n<title>Ouganda et Burundi Discutent avec Isra\u00ebl D&#039;Un D\u00e9ploiement \u00e0 Gaza - Burundi<\/title>\n<meta name=\"description\" content=\"Des responsables militaires d&#039;Ouganda et du Burundi ont discute\u0301, lors d&#039;une visite en Israe\u0308l la semaine\" \/>\n<meta name=\"robots\" content=\"index, follow, max-snippet:-1, max-image-preview:large, max-video-preview:-1\" \/>\n<link rel=\"canonical\" href=\"https:\/\/www.africa-press.net\/burundi\/politique\/ouganda-et-burundi-discutent-avec-israel-dun-deploiement-a-gaza\" \/>\n<meta property=\"og:locale\" content=\"fr_FR\" \/>\n<meta property=\"og:type\" content=\"article\" \/>\n<meta property=\"og:title\" content=\"Ouganda et Burundi Discutent avec Isra\u00ebl D&#039;Un D\u00e9ploiement \u00e0 Gaza\" \/>\n<meta property=\"og:description\" content=\"Des responsables militaires d&#039;Ouganda et du Burundi ont discute\u0301, lors d&#039;une visite en Israe\u0308l la semaine\" \/>\n<meta property=\"og:url\" content=\"https:\/\/www.africa-press.net\/burundi\/politique\/ouganda-et-burundi-discutent-avec-israel-dun-deploiement-a-gaza\" \/>\n<meta property=\"og:site_name\" content=\"Burundi\" \/>\n<meta property=\"article:published_time\" content=\"2026-08-24T16:08:29+00:00\" \/>\n<meta property=\"article:modified_time\" content=\"2026-08-24T16:18:02+00:00\" \/>\n<meta property=\"og:image\" content=\"https:\/\/static.africa-press.net\/burundi\/sites\/47\/2026\/08\/sm_1787588124.880589.jpg\" \/>\n\t<meta property=\"og:image:width\" content=\"1129\" \/>\n\t<meta property=\"og:image:height\" content=\"753\" \/>\n\t<meta property=\"og:image:type\" content=\"image\/jpeg\" \/>\n<meta name=\"author\" content=\"cfeditorfr\" \/>\n<meta name=\"twitter:card\" content=\"summary_large_image\" \/>\n<meta name=\"twitter:label1\" content=\"\u00c9crit par\" \/>\n\t<meta name=\"twitter:data1\" content=\"cfeditorfr\" \/>\n\t<meta name=\"twitter:label2\" content=\"Dur\u00e9e de lecture estim\u00e9e\" \/>\n\t<meta name=\"twitter:data2\" content=\"4 minutes\" \/>\n<script type=\"application\/ld+json\" class=\"yoast-schema-graph\">{\"@context\":\"https:\/\/schema.org\",\"@graph\":[{\"@type\":\"Article\",\"@id\":\"https:\/\/www.africa-press.net\/burundi\/politique\/ouganda-et-burundi-discutent-avec-israel-dun-deploiement-a-gaza#article\",\"isPartOf\":{\"@id\":\"https:\/\/www.africa-press.net\/burundi\/politique\/ouganda-et-burundi-discutent-avec-israel-dun-deploiement-a-gaza\"},\"author\":{\"name\":\"cfeditorfr\",\"@id\":\"https:\/\/www.africa-press.net\/burundi\/#\/schema\/person\/2b1cf3cd81a31e3cd26889ca66d677f1\"},\"headline\":\"Ouganda et Burundi Discutent avec Isra\u00ebl D&rsquo;Un D\u00e9ploiement \u00e0 Gaza\",\"datePublished\":\"2026-08-24T16:08:29+00:00\",\"dateModified\":\"2026-08-24T16:18:02+00:00\",\"mainEntityOfPage\":{\"@id\":\"https:\/\/www.africa-press.net\/burundi\/politique\/ouganda-et-burundi-discutent-avec-israel-dun-deploiement-a-gaza\"},\"wordCount\":756,\"commentCount\":0,\"image\":{\"@id\":\"https:\/\/www.africa-press.net\/burundi\/politique\/ouganda-et-burundi-discutent-avec-israel-dun-deploiement-a-gaza#primaryimage\"},\"thumbnailUrl\":\"https:\/\/static.africa-press.net\/burundi\/sites\/47\/2026\/08\/sm_1787588124.880589.jpg\",\"keywords\":[\"Burundi\"],\"articleSection\":[\"Politique\",\"Top Nouvelles\",\"Toutes les actualit\u00e9s\"],\"inLanguage\":\"fr-FR\",\"potentialAction\":[{\"@type\":\"CommentAction\",\"name\":\"Comment\",\"target\":[\"https:\/\/www.africa-press.net\/burundi\/politique\/ouganda-et-burundi-discutent-avec-israel-dun-deploiement-a-gaza#respond\"]}]},{\"@type\":\"WebPage\",\"@id\":\"https:\/\/www.africa-press.net\/burundi\/politique\/ouganda-et-burundi-discutent-avec-israel-dun-deploiement-a-gaza\",\"url\":\"https:\/\/www.africa-press.net\/burundi\/politique\/ouganda-et-burundi-discutent-avec-israel-dun-deploiement-a-gaza\",\"name\":\"Ouganda et Burundi Discutent avec Isra\u00ebl D'Un D\u00e9ploiement \u00e0 Gaza - Burundi\",\"isPartOf\":{\"@id\":\"https:\/\/www.africa-press.net\/burundi\/#website\"},\"primaryImageOfPage\":{\"@id\":\"https:\/\/www.africa-press.net\/burundi\/politique\/ouganda-et-burundi-discutent-avec-israel-dun-deploiement-a-gaza#primaryimage\"},\"image\":{\"@id\":\"https:\/\/www.africa-press.net\/burundi\/politique\/ouganda-et-burundi-discutent-avec-israel-dun-deploiement-a-gaza#primaryimage\"},\"thumbnailUrl\":\"https:\/\/static.africa-press.net\/burundi\/sites\/47\/2026\/08\/sm_1787588124.880589.jpg\",\"datePublished\":\"2026-08-24T16:08:29+00:00\",\"dateModified\":\"2026-08-24T16:18:02+00:00\",\"author\":{\"@id\":\"https:\/\/www.africa-press.net\/burundi\/#\/schema\/person\/2b1cf3cd81a31e3cd26889ca66d677f1\"},\"description\":\"Des responsables militaires d'Ouganda et du Burundi ont discute\u0301, lors d'une visite en Israe\u0308l la semaine\",\"breadcrumb\":{\"@id\":\"https:\/\/www.africa-press.net\/burundi\/politique\/ouganda-et-burundi-discutent-avec-israel-dun-deploiement-a-gaza#breadcrumb\"},\"inLanguage\":\"fr-FR\",\"potentialAction\":[{\"@type\":\"ReadAction\",\"target\":[\"https:\/\/www.africa-press.net\/burundi\/politique\/ouganda-et-burundi-discutent-avec-israel-dun-deploiement-a-gaza\"]}]},{\"@type\":\"ImageObject\",\"inLanguage\":\"fr-FR\",\"@id\":\"https:\/\/www.africa-press.net\/burundi\/politique\/ouganda-et-burundi-discutent-avec-israel-dun-deploiement-a-gaza#primaryimage\",\"url\":\"https:\/\/static.africa-press.net\/burundi\/sites\/47\/2026\/08\/sm_1787588124.880589.jpg\",\"contentUrl\":\"https:\/\/static.africa-press.net\/burundi\/sites\/47\/2026\/08\/sm_1787588124.880589.jpg\",\"width\":1129,\"height\":753,\"caption\":\"Ouganda et Burundi Discutent avec Isra\u00ebl D'Un D\u00e9ploiement \u00e0 Gaza\"},{\"@type\":\"BreadcrumbList\",\"@id\":\"https:\/\/www.africa-press.net\/burundi\/politique\/ouganda-et-burundi-discutent-avec-israel-dun-deploiement-a-gaza#breadcrumb\",\"itemListElement\":[{\"@type\":\"ListItem\",\"position\":1,\"name\":\"Accueil\",\"item\":\"https:\/\/www.africa-press.net\/burundi\/\"},{\"@type\":\"ListItem\",\"position\":2,\"name\":\"Ouganda et Burundi Discutent avec Isra\u00ebl D&#8217;Un D\u00e9ploiement \u00e0 Gaza\"}]},{\"@type\":\"WebSite\",\"@id\":\"https:\/\/www.africa-press.net\/burundi\/#website\",\"url\":\"https:\/\/www.africa-press.net\/burundi\/\",\"name\":\"Burundi\",\"description\":\"Just another Africa News Agency Sites site\",\"potentialAction\":[{\"@type\":\"SearchAction\",\"target\":{\"@type\":\"EntryPoint\",\"urlTemplate\":\"https:\/\/www.africa-press.net\/burundi\/?s={search_term_string}\"},\"query-input\":{\"@type\":\"PropertyValueSpecification\",\"valueRequired\":true,\"valueName\":\"search_term_string\"}}],\"inLanguage\":\"fr-FR\"},{\"@type\":\"Person\",\"@id\":\"https:\/\/www.africa-press.net\/burundi\/#\/schema\/person\/2b1cf3cd81a31e3cd26889ca66d677f1\",\"name\":\"cfeditorfr\"}]}<\/script>\n<!-- \/ Yoast SEO Premium plugin. -->","yoast_head_json":{"title":"Ouganda et Burundi Discutent avec Isra\u00ebl D'Un D\u00e9ploiement \u00e0 Gaza - Burundi","description":"Des responsables militaires d'Ouganda et du Burundi ont discute\u0301, lors d'une visite en Israe\u0308l la semaine","robots":{"index":"index","follow":"follow","max-snippet":"max-snippet:-1","max-image-preview":"max-image-preview:large","max-video-preview":"max-video-preview:-1"},"canonical":"https:\/\/www.africa-press.net\/burundi\/politique\/ouganda-et-burundi-discutent-avec-israel-dun-deploiement-a-gaza","og_locale":"fr_FR","og_type":"article","og_title":"Ouganda et Burundi Discutent avec Isra\u00ebl D'Un D\u00e9ploiement \u00e0 Gaza","og_description":"Des responsables militaires d'Ouganda et du Burundi ont discute\u0301, lors d'une visite en Israe\u0308l la semaine","og_url":"https:\/\/www.africa-press.net\/burundi\/politique\/ouganda-et-burundi-discutent-avec-israel-dun-deploiement-a-gaza","og_site_name":"Burundi","article_published_time":"2026-08-24T16:08:29+00:00","article_modified_time":"2026-08-24T16:18:02+00:00","og_image":[{"width":1129,"height":753,"url":"https:\/\/static.africa-press.net\/burundi\/sites\/47\/2026\/08\/sm_1787588124.880589.jpg","type":"image\/jpeg"}],"author":"cfeditorfr","twitter_card":"summary_large_image","twitter_misc":{"\u00c9crit par":"cfeditorfr","Dur\u00e9e de lecture estim\u00e9e":"4 minutes"},"schema":{"@context":"https:\/\/schema.org","@graph":[{"@type":"Article","@id":"https:\/\/www.africa-press.net\/burundi\/politique\/ouganda-et-burundi-discutent-avec-israel-dun-deploiement-a-gaza#article","isPartOf":{"@id":"https:\/\/www.africa-press.net\/burundi\/politique\/ouganda-et-burundi-discutent-avec-israel-dun-deploiement-a-gaza"},"author":{"name":"cfeditorfr","@id":"https:\/\/www.africa-press.net\/burundi\/#\/schema\/person\/2b1cf3cd81a31e3cd26889ca66d677f1"},"headline":"Ouganda et Burundi Discutent avec Isra\u00ebl D&rsquo;Un D\u00e9ploiement \u00e0 Gaza","datePublished":"2026-08-24T16:08:29+00:00","dateModified":"2026-08-24T16:18:02+00:00","mainEntityOfPage":{"@id":"https:\/\/www.africa-press.net\/burundi\/politique\/ouganda-et-burundi-discutent-avec-israel-dun-deploiement-a-gaza"},"wordCount":756,"commentCount":0,"image":{"@id":"https:\/\/www.africa-press.net\/burundi\/politique\/ouganda-et-burundi-discutent-avec-israel-dun-deploiement-a-gaza#primaryimage"},"thumbnailUrl":"https:\/\/static.africa-press.net\/burundi\/sites\/47\/2026\/08\/sm_1787588124.880589.jpg","keywords":["Burundi"],"articleSection":["Politique","Top Nouvelles","Toutes les actualit\u00e9s"],"inLanguage":"fr-FR","potentialAction":[{"@type":"CommentAction","name":"Comment","target":["https:\/\/www.africa-press.net\/burundi\/politique\/ouganda-et-burundi-discutent-avec-israel-dun-deploiement-a-gaza#respond"]}]},{"@type":"WebPage","@id":"https:\/\/www.africa-press.net\/burundi\/politique\/ouganda-et-burundi-discutent-avec-israel-dun-deploiement-a-gaza","url":"https:\/\/www.africa-press.net\/burundi\/politique\/ouganda-et-burundi-discutent-avec-israel-dun-deploiement-a-gaza","name":"Ouganda et Burundi Discutent avec Isra\u00ebl D'Un D\u00e9ploiement \u00e0 Gaza - Burundi","isPartOf":{"@id":"https:\/\/www.africa-press.net\/burundi\/#website"},"primaryImageOfPage":{"@id":"https:\/\/www.africa-press.net\/burundi\/politique\/ouganda-et-burundi-discutent-avec-israel-dun-deploiement-a-gaza#primaryimage"},"image":{"@id":"https:\/\/www.africa-press.net\/burundi\/politique\/ouganda-et-burundi-discutent-avec-israel-dun-deploiement-a-gaza#primaryimage"},"thumbnailUrl":"https:\/\/static.africa-press.net\/burundi\/sites\/47\/2026\/08\/sm_1787588124.880589.jpg","datePublished":"2026-08-24T16:08:29+00:00","dateModified":"2026-08-24T16:18:02+00:00","author":{"@id":"https:\/\/www.africa-press.net\/burundi\/#\/schema\/person\/2b1cf3cd81a31e3cd26889ca66d677f1"},"description":"Des responsables militaires d'Ouganda et du Burundi ont discute\u0301, lors d'une visite en Israe\u0308l la semaine","breadcrumb":{"@id":"https:\/\/www.africa-press.net\/burundi\/politique\/ouganda-et-burundi-discutent-avec-israel-dun-deploiement-a-gaza#breadcrumb"},"inLanguage":"fr-FR","potentialAction":[{"@type":"ReadAction","target":["https:\/\/www.africa-press.net\/burundi\/politique\/ouganda-et-burundi-discutent-avec-israel-dun-deploiement-a-gaza"]}]},{"@type":"ImageObject","inLanguage":"fr-FR","@id":"https:\/\/www.africa-press.net\/burundi\/politique\/ouganda-et-burundi-discutent-avec-israel-dun-deploiement-a-gaza#primaryimage","url":"https:\/\/static.africa-press.net\/burundi\/sites\/47\/2026\/08\/sm_1787588124.880589.jpg","contentUrl":"https:\/\/static.africa-press.net\/burundi\/sites\/47\/2026\/08\/sm_1787588124.880589.jpg","width":1129,"height":753,"caption":"Ouganda et Burundi Discutent avec Isra\u00ebl D'Un D\u00e9ploiement \u00e0 Gaza"},{"@type":"BreadcrumbList","@id":"https:\/\/www.africa-press.net\/burundi\/politique\/ouganda-et-burundi-discutent-avec-israel-dun-deploiement-a-gaza#breadcrumb","itemListElement":[{"@type":"ListItem","position":1,"name":"Accueil","item":"https:\/\/www.africa-press.net\/burundi\/"},{"@type":"ListItem","position":2,"name":"Ouganda et Burundi Discutent avec Isra\u00ebl D&#8217;Un D\u00e9ploiement \u00e0 Gaza"}]},{"@type":"WebSite","@id":"https:\/\/www.africa-press.net\/burundi\/#website","url":"https:\/\/www.africa-press.net\/burundi\/","name":"Burundi","description":"Just another Africa News Agency Sites site","potentialAction":[{"@type":"SearchAction","target":{"@type":"EntryPoint","urlTemplate":"https:\/\/www.africa-press.net\/burundi\/?s={search_term_string}"},"query-input":{"@type":"PropertyValueSpecification","valueRequired":true,"valueName":"search_term_string"}}],"inLanguage":"fr-FR"},{"@type":"Person","@id":"https:\/\/www.africa-press.net\/burundi\/#\/schema\/person\/2b1cf3cd81a31e3cd26889ca66d677f1","name":"cfeditorfr"}]}},"_links":{"self":[{"href":"https:\/\/www.africa-press.net\/burundi\/wp-json\/wp\/v2\/posts\/30289","targetHints":{"allow":["GET"]}}],"collection":[{"href":"https:\/\/www.africa-press.net\/burundi\/wp-json\/wp\/v2\/posts"}],"about":[{"href":"https:\/\/www.africa-press.net\/burundi\/wp-json\/wp\/v2\/types\/post"}],"author":[{"embeddable":true,"href":"https:\/\/www.africa-press.net\/burundi\/wp-json\/wp\/v2\/users\/82"}],"replies":[{"embeddable":true,"href":"https:\/\/www.africa-press.net\/burundi\/wp-json\/wp\/v2\/comments?post=30289"}],"version-history":[{"count":1,"href":"https:\/\/www.africa-press.net\/burundi\/wp-json\/wp\/v2\/posts\/30289\/revisions"}],"predecessor-version":[{"id":30290,"href":"https:\/\/www.africa-press.net\/burundi\/wp-json\/wp\/v2\/posts\/30289\/revisions\/30290"}],"wp:featuredmedia":[{"embeddable":true,"href":"https:\/\/www.africa-press.net\/burundi\/wp-json\/wp\/v2\/media\/30288"}],"wp:attachment":[{"href":"https:\/\/www.africa-press.net\/burundi\/wp-json\/wp\/v2\/media?parent=30289"}],"wp:term":[{"taxonomy":"category","embeddable":true,"href":"https:\/\/www.africa-press.net\/burundi\/wp-json\/wp\/v2\/categories?post=30289"},{"taxonomy":"post_tag","embeddable":true,"href":"https:\/\/www.africa-press.net\/burundi\/wp-json\/wp\/v2\/tags?post=30289"}],"curies":[{"name":"wp","href":"https:\/\/api.w.org\/{rel}","templated":true}]}}