{"id":4137,"date":"2022-06-28T21:26:27","date_gmt":"2022-06-28T21:26:27","guid":{"rendered":"https:\/\/www.africa-press.net\/burundi\/politique\/semaine-diplomatique-le-burundi-prendra-part-a-la-force-regionale-de-leac"},"modified":"2022-06-28T21:41:01","modified_gmt":"2022-06-28T21:41:01","slug":"semaine-diplomatique-le-burundi-prendra-part-a-la-force-regionale-de-leac","status":"publish","type":"post","link":"https:\/\/www.africa-press.net\/burundi\/politique\/semaine-diplomatique-le-burundi-prendra-part-a-la-force-regionale-de-leac","title":{"rendered":"Semaine diplomatique\u00a0: \u00ab\u00a0Le Burundi prendra part \u00e0 la force r\u00e9gionale de l\u2019EAC\u00a0\u00bb"},"content":{"rendered":"<p><span style=\"color: #ff6600\"><strong>Africa-Press &#8211; Burundi. <\/strong><\/span>Lors de l\u2019ouverture de la semaine diplomatique \u00e9dition 2022, ce 27 juin, le ministre burundais des Affaires Etrang\u00e8res et de la Coop\u00e9ration au D\u00e9veloppement, Albert Shingiro, a condamn\u00e9 les attaques \u00ab terroristes \u00bb \u00e0 l\u2019est de la R\u00e9publique d\u00e9mocratique du Congo (RDC). Il d\u00e9plore aussi des guerres par procuration qui, pour lui, se multiplient de plus en plus dans la r\u00e9gion des Grands-Lacs et sur le continent africain.<\/p>\n<p>Selon lui, le gouvernement du Burundi soutient enti\u00e8rement les recommandations issues des conclaves r\u00e9gionaux des chefs d\u2019Etat tenus \u00e0 Nairobi, ces derniers jours, sur la s\u00e9curit\u00e9 \u00e0 l\u2019est de la RDC et encourage leur mise en \u0153uvre int\u00e9gral.<\/p>\n<p>\u00ab Epris de paix et de s\u00e9curit\u00e9, le Burundi prendra part \u00e0 cette force r\u00e9gionale pour le but ultime de pacifier et stabiliser cette r\u00e9gion qui a tant souffert \u00bb, souligne-t-il. Et de noter que ces groupes arm\u00e9s op\u00e9rant dans la partie Est de la RDC doivent \u00eatre d\u00e9finitivement \u00e9radiqu\u00e9s.<\/p>\n<p>Cependant, il mart\u00e8le que les d\u00e9fis s\u00e9curitaires dans la sous-r\u00e9gion ne peuvent trouver des solutions que par la voie du dialogue, de la coop\u00e9ration et de la concertation : \u00ab C\u2019est une voie incontournable pour une paix et une s\u00e9curit\u00e9 durable tant souhait\u00e9e dans la sous-r\u00e9gion \u00bb.<\/p>\n<p>Sur le plan international, Albert Shingiro rappelle que la lutte contre le terrorisme est devenue la principale pr\u00e9occupation mondiale. Selon lui, cette lutte est loin d\u2019\u00eatre achev\u00e9e : \u00ab La communaut\u00e9 internationale doit promouvoir, renforcer et exercer l\u2019esprit multilat\u00e9ral en vue de faire face aux nombreux d\u00e9fis actuels \u00bb.<\/p>\n<p>Il fait savoir que le Burundi continue \u00e0 apporter son appui dans la lutte contre le terrorisme et diff\u00e9rentes menaces \u00e0 la s\u00e9curit\u00e9 mondiale \u00e0 travers les missions internationales de maintien de la paix.<\/p>\n<p>Pour rappel, le deuxi\u00e8me conclave r\u00e9gional des chefs d\u2019Etat de la communaut\u00e9 Est-Africaine tenu \u00e0 Nairobi ce 21 avril a d\u00e9cid\u00e9 la constitution d\u2019une force r\u00e9gionale commune pour lutter contre les groupes arm\u00e9s op\u00e9rant dans l\u2019est de la RDC.<\/p>\n<p><strong>Pour plus d&rsquo;informations et d&rsquo;analyses sur la <a href=\"https:\/\/www.africa-press.net\/burundi\">Burundi<\/a>, suivez <a href=\"https:\/\/www.africa-press.net\/\">Africa-Press<\/a><\/strong><\/p>\n","protected":false},"excerpt":{"rendered":"<p>Africa-Press &#8211; Burundi. Lors de l\u2019ouverture de la semaine diplomatique \u00e9dition 2022, ce 27 juin, le ministre burundais des Affaires Etrang\u00e8res et de la Coop\u00e9ration au D\u00e9veloppement, Albert Shingiro, a condamn\u00e9 les attaques \u00ab terroristes \u00bb \u00e0 l\u2019est de la R\u00e9publique d\u00e9mocratique du Congo (RDC). Il d\u00e9plore aussi des guerres par procuration qui, pour lui, [&hellip;]<\/p>\n","protected":false},"author":82,"featured_media":4136,"comment_status":"open","ping_status":"closed","sticky":false,"template":"","format":"standard","meta":{"footnotes":""},"categories":[11,2,10],"tags":[36,48,45],"class_list":["post-4137","post","type-post","status-publish","format-standard","has-post-thumbnail","hentry","category-homepage-french","category-politique","category-toutes-les-actualites","tag-africa-press","tag-africa-press-burundi","tag-burundi"],"yoast_head":"<!-- This site is optimized with the Yoast SEO Premium plugin v26.1 (Yoast SEO v27.0) - https:\/\/yoast.com\/product\/yoast-seo-premium-wordpress\/ -->\n<title>Semaine diplomatique\u00a0: \u00ab\u00a0Le Burundi prendra part \u00e0 la force r\u00e9gionale de l\u2019EAC\u00a0\u00bb - Burundi<\/title>\n<meta name=\"description\" content=\"Lors de l\u2019ouverture de la semaine diplomatique \u00e9dition 2022, ce 27 juin, le ministre burundais des Affaires Etrang\u00e8res e ...\" \/>\n<meta name=\"robots\" content=\"index, follow, max-snippet:-1, max-image-preview:large, max-video-preview:-1\" \/>\n<link rel=\"canonical\" href=\"https:\/\/www.africa-press.net\/burundi\/politique\/semaine-diplomatique-le-burundi-prendra-part-a-la-force-regionale-de-leac\" \/>\n<meta property=\"og:locale\" content=\"fr_FR\" \/>\n<meta property=\"og:type\" content=\"article\" \/>\n<meta property=\"og:title\" content=\"Semaine diplomatique\u00a0: \u00ab\u00a0Le Burundi prendra part \u00e0 la force r\u00e9gionale de l\u2019EAC\u00a0\u00bb\" \/>\n<meta property=\"og:description\" content=\"Lors de l\u2019ouverture de la semaine diplomatique \u00e9dition 2022, ce 27 juin, le ministre burundais des Affaires Etrang\u00e8res e ...\" \/>\n<meta property=\"og:url\" content=\"https:\/\/www.africa-press.net\/burundi\/politique\/semaine-diplomatique-le-burundi-prendra-part-a-la-force-regionale-de-leac\" \/>\n<meta property=\"og:site_name\" content=\"Burundi\" \/>\n<meta property=\"article:published_time\" content=\"2022-06-28T21:26:27+00:00\" \/>\n<meta property=\"article:modified_time\" content=\"2022-06-28T21:41:01+00:00\" \/>\n<meta property=\"og:image\" content=\"https:\/\/static.africa-press.net\/burundi\/sites\/47\/2022\/06\/postQueueImg_4-62bb7558df64c.jpg\" \/>\n\t<meta property=\"og:image:width\" content=\"800\" \/>\n\t<meta property=\"og:image:height\" content=\"460\" \/>\n\t<meta property=\"og:image:type\" content=\"image\/jpeg\" \/>\n<meta name=\"author\" content=\"cfeditorfr\" \/>\n<meta name=\"twitter:card\" content=\"summary_large_image\" \/>\n<meta name=\"twitter:label1\" content=\"\u00c9crit par\" \/>\n\t<meta name=\"twitter:data1\" content=\"cfeditorfr\" \/>\n\t<meta name=\"twitter:label2\" content=\"Dur\u00e9e de lecture estim\u00e9e\" \/>\n\t<meta name=\"twitter:data2\" content=\"2 minutes\" \/>\n<script type=\"application\/ld+json\" class=\"yoast-schema-graph\">{\"@context\":\"https:\/\/schema.org\",\"@graph\":[{\"@type\":\"Article\",\"@id\":\"https:\/\/www.africa-press.net\/burundi\/politique\/semaine-diplomatique-le-burundi-prendra-part-a-la-force-regionale-de-leac#article\",\"isPartOf\":{\"@id\":\"https:\/\/www.africa-press.net\/burundi\/politique\/semaine-diplomatique-le-burundi-prendra-part-a-la-force-regionale-de-leac\"},\"author\":{\"name\":\"cfeditorfr\",\"@id\":\"https:\/\/www.africa-press.net\/burundi\/#\/schema\/person\/2b1cf3cd81a31e3cd26889ca66d677f1\"},\"headline\":\"Semaine diplomatique\u00a0: \u00ab\u00a0Le Burundi prendra part \u00e0 la force r\u00e9gionale de l\u2019EAC\u00a0\u00bb\",\"datePublished\":\"2022-06-28T21:26:27+00:00\",\"dateModified\":\"2022-06-28T21:41:01+00:00\",\"mainEntityOfPage\":{\"@id\":\"https:\/\/www.africa-press.net\/burundi\/politique\/semaine-diplomatique-le-burundi-prendra-part-a-la-force-regionale-de-leac\"},\"wordCount\":380,\"commentCount\":0,\"image\":{\"@id\":\"https:\/\/www.africa-press.net\/burundi\/politique\/semaine-diplomatique-le-burundi-prendra-part-a-la-force-regionale-de-leac#primaryimage\"},\"thumbnailUrl\":\"https:\/\/static.africa-press.net\/burundi\/sites\/47\/2022\/06\/postQueueImg_4-62bb7558df64c.jpg\",\"keywords\":[\"Africa Press\",\"Africa Press-Burundi\",\"Burundi\"],\"articleSection\":[\"homepage-french\",\"Politique\",\"Toutes les actualit\u00e9s\"],\"inLanguage\":\"fr-FR\",\"potentialAction\":[{\"@type\":\"CommentAction\",\"name\":\"Comment\",\"target\":[\"https:\/\/www.africa-press.net\/burundi\/politique\/semaine-diplomatique-le-burundi-prendra-part-a-la-force-regionale-de-leac#respond\"]}]},{\"@type\":\"WebPage\",\"@id\":\"https:\/\/www.africa-press.net\/burundi\/politique\/semaine-diplomatique-le-burundi-prendra-part-a-la-force-regionale-de-leac\",\"url\":\"https:\/\/www.africa-press.net\/burundi\/politique\/semaine-diplomatique-le-burundi-prendra-part-a-la-force-regionale-de-leac\",\"name\":\"Semaine diplomatique\u00a0: \u00ab\u00a0Le Burundi prendra part \u00e0 la force r\u00e9gionale de l\u2019EAC\u00a0\u00bb - Burundi\",\"isPartOf\":{\"@id\":\"https:\/\/www.africa-press.net\/burundi\/#website\"},\"primaryImageOfPage\":{\"@id\":\"https:\/\/www.africa-press.net\/burundi\/politique\/semaine-diplomatique-le-burundi-prendra-part-a-la-force-regionale-de-leac#primaryimage\"},\"image\":{\"@id\":\"https:\/\/www.africa-press.net\/burundi\/politique\/semaine-diplomatique-le-burundi-prendra-part-a-la-force-regionale-de-leac#primaryimage\"},\"thumbnailUrl\":\"https:\/\/static.africa-press.net\/burundi\/sites\/47\/2022\/06\/postQueueImg_4-62bb7558df64c.jpg\",\"datePublished\":\"2022-06-28T21:26:27+00:00\",\"dateModified\":\"2022-06-28T21:41:01+00:00\",\"author\":{\"@id\":\"https:\/\/www.africa-press.net\/burundi\/#\/schema\/person\/2b1cf3cd81a31e3cd26889ca66d677f1\"},\"description\":\"Lors de l\u2019ouverture de la semaine diplomatique \u00e9dition 2022, ce 27 juin, le ministre burundais des Affaires Etrang\u00e8res e ...\",\"breadcrumb\":{\"@id\":\"https:\/\/www.africa-press.net\/burundi\/politique\/semaine-diplomatique-le-burundi-prendra-part-a-la-force-regionale-de-leac#breadcrumb\"},\"inLanguage\":\"fr-FR\",\"potentialAction\":[{\"@type\":\"ReadAction\",\"target\":[\"https:\/\/www.africa-press.net\/burundi\/politique\/semaine-diplomatique-le-burundi-prendra-part-a-la-force-regionale-de-leac\"]}]},{\"@type\":\"ImageObject\",\"inLanguage\":\"fr-FR\",\"@id\":\"https:\/\/www.africa-press.net\/burundi\/politique\/semaine-diplomatique-le-burundi-prendra-part-a-la-force-regionale-de-leac#primaryimage\",\"url\":\"https:\/\/static.africa-press.net\/burundi\/sites\/47\/2022\/06\/postQueueImg_4-62bb7558df64c.jpg\",\"contentUrl\":\"https:\/\/static.africa-press.net\/burundi\/sites\/47\/2022\/06\/postQueueImg_4-62bb7558df64c.jpg\",\"width\":800,\"height\":460,\"caption\":\"Semaine diplomatique\u00a0: \u00ab\u00a0Le Burundi prendra part \u00e0 la force r\u00e9gionale de l\u2019EAC\u00a0\u00bb\"},{\"@type\":\"BreadcrumbList\",\"@id\":\"https:\/\/www.africa-press.net\/burundi\/politique\/semaine-diplomatique-le-burundi-prendra-part-a-la-force-regionale-de-leac#breadcrumb\",\"itemListElement\":[{\"@type\":\"ListItem\",\"position\":1,\"name\":\"Accueil\",\"item\":\"https:\/\/www.africa-press.net\/burundi\/\"},{\"@type\":\"ListItem\",\"position\":2,\"name\":\"Semaine diplomatique\u00a0: \u00ab\u00a0Le Burundi prendra part \u00e0 la force r\u00e9gionale de l\u2019EAC\u00a0\u00bb\"}]},{\"@type\":\"WebSite\",\"@id\":\"https:\/\/www.africa-press.net\/burundi\/#website\",\"url\":\"https:\/\/www.africa-press.net\/burundi\/\",\"name\":\"Burundi\",\"description\":\"Just another Africa News Agency Sites site\",\"potentialAction\":[{\"@type\":\"SearchAction\",\"target\":{\"@type\":\"EntryPoint\",\"urlTemplate\":\"https:\/\/www.africa-press.net\/burundi\/?s={search_term_string}\"},\"query-input\":{\"@type\":\"PropertyValueSpecification\",\"valueRequired\":true,\"valueName\":\"search_term_string\"}}],\"inLanguage\":\"fr-FR\"},{\"@type\":\"Person\",\"@id\":\"https:\/\/www.africa-press.net\/burundi\/#\/schema\/person\/2b1cf3cd81a31e3cd26889ca66d677f1\",\"name\":\"cfeditorfr\"}]}<\/script>\n<!-- \/ Yoast SEO Premium plugin. -->","yoast_head_json":{"title":"Semaine diplomatique\u00a0: \u00ab\u00a0Le Burundi prendra part \u00e0 la force r\u00e9gionale de l\u2019EAC\u00a0\u00bb - Burundi","description":"Lors de l\u2019ouverture de la semaine diplomatique \u00e9dition 2022, ce 27 juin, le ministre burundais des Affaires Etrang\u00e8res e ...","robots":{"index":"index","follow":"follow","max-snippet":"max-snippet:-1","max-image-preview":"max-image-preview:large","max-video-preview":"max-video-preview:-1"},"canonical":"https:\/\/www.africa-press.net\/burundi\/politique\/semaine-diplomatique-le-burundi-prendra-part-a-la-force-regionale-de-leac","og_locale":"fr_FR","og_type":"article","og_title":"Semaine diplomatique\u00a0: \u00ab\u00a0Le Burundi prendra part \u00e0 la force r\u00e9gionale de l\u2019EAC\u00a0\u00bb","og_description":"Lors de l\u2019ouverture de la semaine diplomatique \u00e9dition 2022, ce 27 juin, le ministre burundais des Affaires Etrang\u00e8res e ...","og_url":"https:\/\/www.africa-press.net\/burundi\/politique\/semaine-diplomatique-le-burundi-prendra-part-a-la-force-regionale-de-leac","og_site_name":"Burundi","article_published_time":"2022-06-28T21:26:27+00:00","article_modified_time":"2022-06-28T21:41:01+00:00","og_image":[{"width":800,"height":460,"url":"https:\/\/static.africa-press.net\/burundi\/sites\/47\/2022\/06\/postQueueImg_4-62bb7558df64c.jpg","type":"image\/jpeg"}],"author":"cfeditorfr","twitter_card":"summary_large_image","twitter_misc":{"\u00c9crit par":"cfeditorfr","Dur\u00e9e de lecture estim\u00e9e":"2 minutes"},"schema":{"@context":"https:\/\/schema.org","@graph":[{"@type":"Article","@id":"https:\/\/www.africa-press.net\/burundi\/politique\/semaine-diplomatique-le-burundi-prendra-part-a-la-force-regionale-de-leac#article","isPartOf":{"@id":"https:\/\/www.africa-press.net\/burundi\/politique\/semaine-diplomatique-le-burundi-prendra-part-a-la-force-regionale-de-leac"},"author":{"name":"cfeditorfr","@id":"https:\/\/www.africa-press.net\/burundi\/#\/schema\/person\/2b1cf3cd81a31e3cd26889ca66d677f1"},"headline":"Semaine diplomatique\u00a0: \u00ab\u00a0Le Burundi prendra part \u00e0 la force r\u00e9gionale de l\u2019EAC\u00a0\u00bb","datePublished":"2022-06-28T21:26:27+00:00","dateModified":"2022-06-28T21:41:01+00:00","mainEntityOfPage":{"@id":"https:\/\/www.africa-press.net\/burundi\/politique\/semaine-diplomatique-le-burundi-prendra-part-a-la-force-regionale-de-leac"},"wordCount":380,"commentCount":0,"image":{"@id":"https:\/\/www.africa-press.net\/burundi\/politique\/semaine-diplomatique-le-burundi-prendra-part-a-la-force-regionale-de-leac#primaryimage"},"thumbnailUrl":"https:\/\/static.africa-press.net\/burundi\/sites\/47\/2022\/06\/postQueueImg_4-62bb7558df64c.jpg","keywords":["Africa Press","Africa Press-Burundi","Burundi"],"articleSection":["homepage-french","Politique","Toutes les actualit\u00e9s"],"inLanguage":"fr-FR","potentialAction":[{"@type":"CommentAction","name":"Comment","target":["https:\/\/www.africa-press.net\/burundi\/politique\/semaine-diplomatique-le-burundi-prendra-part-a-la-force-regionale-de-leac#respond"]}]},{"@type":"WebPage","@id":"https:\/\/www.africa-press.net\/burundi\/politique\/semaine-diplomatique-le-burundi-prendra-part-a-la-force-regionale-de-leac","url":"https:\/\/www.africa-press.net\/burundi\/politique\/semaine-diplomatique-le-burundi-prendra-part-a-la-force-regionale-de-leac","name":"Semaine diplomatique\u00a0: \u00ab\u00a0Le Burundi prendra part \u00e0 la force r\u00e9gionale de l\u2019EAC\u00a0\u00bb - Burundi","isPartOf":{"@id":"https:\/\/www.africa-press.net\/burundi\/#website"},"primaryImageOfPage":{"@id":"https:\/\/www.africa-press.net\/burundi\/politique\/semaine-diplomatique-le-burundi-prendra-part-a-la-force-regionale-de-leac#primaryimage"},"image":{"@id":"https:\/\/www.africa-press.net\/burundi\/politique\/semaine-diplomatique-le-burundi-prendra-part-a-la-force-regionale-de-leac#primaryimage"},"thumbnailUrl":"https:\/\/static.africa-press.net\/burundi\/sites\/47\/2022\/06\/postQueueImg_4-62bb7558df64c.jpg","datePublished":"2022-06-28T21:26:27+00:00","dateModified":"2022-06-28T21:41:01+00:00","author":{"@id":"https:\/\/www.africa-press.net\/burundi\/#\/schema\/person\/2b1cf3cd81a31e3cd26889ca66d677f1"},"description":"Lors de l\u2019ouverture de la semaine diplomatique \u00e9dition 2022, ce 27 juin, le ministre burundais des Affaires Etrang\u00e8res e ...","breadcrumb":{"@id":"https:\/\/www.africa-press.net\/burundi\/politique\/semaine-diplomatique-le-burundi-prendra-part-a-la-force-regionale-de-leac#breadcrumb"},"inLanguage":"fr-FR","potentialAction":[{"@type":"ReadAction","target":["https:\/\/www.africa-press.net\/burundi\/politique\/semaine-diplomatique-le-burundi-prendra-part-a-la-force-regionale-de-leac"]}]},{"@type":"ImageObject","inLanguage":"fr-FR","@id":"https:\/\/www.africa-press.net\/burundi\/politique\/semaine-diplomatique-le-burundi-prendra-part-a-la-force-regionale-de-leac#primaryimage","url":"https:\/\/static.africa-press.net\/burundi\/sites\/47\/2022\/06\/postQueueImg_4-62bb7558df64c.jpg","contentUrl":"https:\/\/static.africa-press.net\/burundi\/sites\/47\/2022\/06\/postQueueImg_4-62bb7558df64c.jpg","width":800,"height":460,"caption":"Semaine diplomatique\u00a0: \u00ab\u00a0Le Burundi prendra part \u00e0 la force r\u00e9gionale de l\u2019EAC\u00a0\u00bb"},{"@type":"BreadcrumbList","@id":"https:\/\/www.africa-press.net\/burundi\/politique\/semaine-diplomatique-le-burundi-prendra-part-a-la-force-regionale-de-leac#breadcrumb","itemListElement":[{"@type":"ListItem","position":1,"name":"Accueil","item":"https:\/\/www.africa-press.net\/burundi\/"},{"@type":"ListItem","position":2,"name":"Semaine diplomatique\u00a0: \u00ab\u00a0Le Burundi prendra part \u00e0 la force r\u00e9gionale de l\u2019EAC\u00a0\u00bb"}]},{"@type":"WebSite","@id":"https:\/\/www.africa-press.net\/burundi\/#website","url":"https:\/\/www.africa-press.net\/burundi\/","name":"Burundi","description":"Just another Africa News Agency Sites site","potentialAction":[{"@type":"SearchAction","target":{"@type":"EntryPoint","urlTemplate":"https:\/\/www.africa-press.net\/burundi\/?s={search_term_string}"},"query-input":{"@type":"PropertyValueSpecification","valueRequired":true,"valueName":"search_term_string"}}],"inLanguage":"fr-FR"},{"@type":"Person","@id":"https:\/\/www.africa-press.net\/burundi\/#\/schema\/person\/2b1cf3cd81a31e3cd26889ca66d677f1","name":"cfeditorfr"}]}},"_links":{"self":[{"href":"https:\/\/www.africa-press.net\/burundi\/wp-json\/wp\/v2\/posts\/4137","targetHints":{"allow":["GET"]}}],"collection":[{"href":"https:\/\/www.africa-press.net\/burundi\/wp-json\/wp\/v2\/posts"}],"about":[{"href":"https:\/\/www.africa-press.net\/burundi\/wp-json\/wp\/v2\/types\/post"}],"author":[{"embeddable":true,"href":"https:\/\/www.africa-press.net\/burundi\/wp-json\/wp\/v2\/users\/82"}],"replies":[{"embeddable":true,"href":"https:\/\/www.africa-press.net\/burundi\/wp-json\/wp\/v2\/comments?post=4137"}],"version-history":[{"count":0,"href":"https:\/\/www.africa-press.net\/burundi\/wp-json\/wp\/v2\/posts\/4137\/revisions"}],"wp:featuredmedia":[{"embeddable":true,"href":"https:\/\/www.africa-press.net\/burundi\/wp-json\/wp\/v2\/media\/4136"}],"wp:attachment":[{"href":"https:\/\/www.africa-press.net\/burundi\/wp-json\/wp\/v2\/media?parent=4137"}],"wp:term":[{"taxonomy":"category","embeddable":true,"href":"https:\/\/www.africa-press.net\/burundi\/wp-json\/wp\/v2\/categories?post=4137"},{"taxonomy":"post_tag","embeddable":true,"href":"https:\/\/www.africa-press.net\/burundi\/wp-json\/wp\/v2\/tags?post=4137"}],"curies":[{"name":"wp","href":"https:\/\/api.w.org\/{rel}","templated":true}]}}