{"id":4209,"date":"2022-06-30T17:32:54","date_gmt":"2022-06-30T17:32:54","guid":{"rendered":"https:\/\/www.africa-press.net\/burundi\/politique\/burundi-le-1er-ministre-recoit-le-resident-coordinateur-onu"},"modified":"2022-06-30T17:55:20","modified_gmt":"2022-06-30T17:55:20","slug":"burundi-le-1er-ministre-recoit-le-resident-coordinateur-onu","status":"publish","type":"post","link":"https:\/\/www.africa-press.net\/burundi\/politique\/burundi-le-1er-ministre-recoit-le-resident-coordinateur-onu","title":{"rendered":"Burundi : Le 1er Ministre re\u00e7oit le R\u00e9sident Coordinateur ONU"},"content":{"rendered":"<p><span style=\"color: #ff6600\"><strong>Africa-Press &#8211; Burundi. <\/strong><\/span><b>Rencontre entre le 1er Ministre et le R\u00e9sident coordinateur de l\u2019ONU au Burundi<\/b><\/p>\n<p>S\u2019agissant d\u2019une organisation internationale d\u2019essence occidentale, outil de la globalisation occidentale, les Nations Unis ONU ont \u00e9t\u00e9 cr\u00e9\u00e9es en 1945 rempla\u00e7ant la Soci\u00e9t\u00e9 des Nations SDN introduite par le trait\u00e9 de Versailles en 1919, mettant fin \u00e0 la Premi\u00e8re Guerre mondiale \u2013 occidentale \u2013. C\u2019est ce trait\u00e9 qui a mis le Burundi sous colonisation de la Belgique, un crime contre l\u2019Humanit\u00e9.<\/p>\n<p>Ce jeudi, M. Bunyoni Alain Guillaume (Commissaire de Police G\u00e9n\u00e9ral), Premier Ministre du Burundi, a re\u00e7u la visite de M. Mama Damien, R\u00e9sident Coordinateur de l\u2019ONU au Burundi. S\u2019agissant d\u2019\u00e9changer sur la coop\u00e9ration socio-\u00e9conomique entre le Burundi et les agences et syst\u00e8mes ONU \u0153uvrant au Burundi.<\/p>\n\r\n                <style type=\"text\/css\">\r\n                    \r\n                    #td_uid_1_69ec90d57b45f  .td-doubleSlider-2 .td-item1 {\r\n                        background: url(https:\/\/static.africa-press.net\/burundi\/sites\/47\/2022\/06\/postMediaimg_13_1-62bde34b7a423-80x60.jpg) 0 0 no-repeat;\r\n                    }\r\n                    #td_uid_1_69ec90d57b45f  .td-doubleSlider-2 .td-item2 {\r\n                        background: url(https:\/\/static.africa-press.net\/burundi\/sites\/47\/2022\/06\/postMediaimg_13_2-62bde35a93258-80x60.jpg) 0 0 no-repeat;\r\n                    }\r\n                    #td_uid_1_69ec90d57b45f  .td-doubleSlider-2 .td-item3 {\r\n                        background: url(https:\/\/static.africa-press.net\/burundi\/sites\/47\/2022\/06\/postMediaimg_13_3-62bde36807caf-80x60.jpg) 0 0 no-repeat;\r\n                    }\r\n                <\/style>\r\n\r\n                <div id=\"td_uid_1_69ec90d57b45f\" class=\"td-gallery td-slide-on-2-columns\">\r\n                    <div class=\"post_td_gallery\">\r\n                        <div class=\"td-gallery-slide-top\">\r\n                           <div class=\"td-gallery-title\"><\/div>\r\n\r\n                            <div class=\"td-gallery-controls-wrapper\">\r\n                                <div class=\"td-gallery-slide-count\"><span class=\"td-gallery-slide-item-focus\">1<\/span> de 3<\/div>\r\n                                <div class=\"td-gallery-slide-prev-next-but\">\r\n                                    <i class = \"td-icon-left doubleSliderPrevButton\"><\/i>\r\n                                    <i class = \"td-icon-right doubleSliderNextButton\"><\/i>\r\n                                <\/div>\r\n                            <\/div>\r\n                        <\/div>\r\n\r\n                        <div class = \"td-doubleSlider-1 \">\r\n                            <div class = \"td-slider\">\r\n                                \r\n                    <div class = \"td-slide-item td-item1\">\r\n                        <figure class=\"td-slide-galery-figure td-slide-popup-gallery\">\r\n                            <a class=\"slide-gallery-image-link\" href=\"https:\/\/static.africa-press.net\/burundi\/sites\/47\/2022\/06\/postMediaimg_13_1-62bde34b7a423.jpg\" title=\"postMediaimg_13_1-62bde34b7a423\"  data-caption=\"\"  data-description=\"\">\r\n                                <img decoding=\"async\" src=\"https:\/\/static.africa-press.net\/burundi\/sites\/47\/2022\/06\/postMediaimg_13_1-62bde34b7a423.jpg\" srcset=\"https:\/\/static.africa-press.net\/burundi\/sites\/47\/2022\/06\/postMediaimg_13_1-62bde34b7a423.jpg 1920w, https:\/\/static.africa-press.net\/burundi\/sites\/47\/2022\/06\/postMediaimg_13_1-62bde34b7a423-300x200.jpg 300w, https:\/\/static.africa-press.net\/burundi\/sites\/47\/2022\/06\/postMediaimg_13_1-62bde34b7a423-1024x682.jpg 1024w, https:\/\/static.africa-press.net\/burundi\/sites\/47\/2022\/06\/postMediaimg_13_1-62bde34b7a423-768x512.jpg 768w, https:\/\/static.africa-press.net\/burundi\/sites\/47\/2022\/06\/postMediaimg_13_1-62bde34b7a423-1536x1023.jpg 1536w\" sizes=\"(max-width: 1920px) 100vw, 1920px\" alt=\"\">\r\n                            <\/a>\r\n                            \r\n                        <\/figure>\r\n                    <\/div>\r\n                    <div class = \"td-slide-item td-item2\">\r\n                        <figure class=\"td-slide-galery-figure td-slide-popup-gallery\">\r\n                            <a class=\"slide-gallery-image-link\" href=\"https:\/\/static.africa-press.net\/burundi\/sites\/47\/2022\/06\/postMediaimg_13_2-62bde35a93258.jpg\" title=\"postMediaimg_13_2-62bde35a93258\"  data-caption=\"\"  data-description=\"\">\r\n                                <img decoding=\"async\" src=\"https:\/\/static.africa-press.net\/burundi\/sites\/47\/2022\/06\/postMediaimg_13_2-62bde35a93258.jpg\" srcset=\"https:\/\/static.africa-press.net\/burundi\/sites\/47\/2022\/06\/postMediaimg_13_2-62bde35a93258.jpg 1920w, https:\/\/static.africa-press.net\/burundi\/sites\/47\/2022\/06\/postMediaimg_13_2-62bde35a93258-300x200.jpg 300w, https:\/\/static.africa-press.net\/burundi\/sites\/47\/2022\/06\/postMediaimg_13_2-62bde35a93258-1024x682.jpg 1024w, https:\/\/static.africa-press.net\/burundi\/sites\/47\/2022\/06\/postMediaimg_13_2-62bde35a93258-768x512.jpg 768w, https:\/\/static.africa-press.net\/burundi\/sites\/47\/2022\/06\/postMediaimg_13_2-62bde35a93258-1536x1023.jpg 1536w\" sizes=\"(max-width: 1920px) 100vw, 1920px\" alt=\"\">\r\n                            <\/a>\r\n                            \r\n                        <\/figure>\r\n                    <\/div>\r\n                    <div class = \"td-slide-item td-item3\">\r\n                        <figure class=\"td-slide-galery-figure td-slide-popup-gallery\">\r\n                            <a class=\"slide-gallery-image-link\" href=\"https:\/\/static.africa-press.net\/burundi\/sites\/47\/2022\/06\/postMediaimg_13_3-62bde36807caf.jpg\" title=\"postMediaimg_13_3-62bde36807caf\"  data-caption=\"\"  data-description=\"\">\r\n                                <img decoding=\"async\" src=\"https:\/\/static.africa-press.net\/burundi\/sites\/47\/2022\/06\/postMediaimg_13_3-62bde36807caf.jpg\" srcset=\"https:\/\/static.africa-press.net\/burundi\/sites\/47\/2022\/06\/postMediaimg_13_3-62bde36807caf.jpg 768w, https:\/\/static.africa-press.net\/burundi\/sites\/47\/2022\/06\/postMediaimg_13_3-62bde36807caf-225x300.jpg 225w\" sizes=\"(max-width: 768px) 100vw, 768px\" alt=\"\">\r\n                            <\/a>\r\n                            \r\n                        <\/figure>\r\n                    <\/div>\r\n                            <\/div>\r\n                        <\/div>\r\n\r\n                        <div class = \"td-doubleSlider-2\">\r\n                            <div class = \"td-slider\">\r\n                                \r\n                    <div class = \"td-button td-item1\">\r\n                        <div class = \"td-border\"><\/div>\r\n                    <\/div>\r\n                    <div class = \"td-button td-item2\">\r\n                        <div class = \"td-border\"><\/div>\r\n                    <\/div>\r\n                    <div class = \"td-button td-item3\">\r\n                        <div class = \"td-border\"><\/div>\r\n                    <\/div>\r\n                            <\/div>\r\n                        <\/div>\r\n\r\n                    <\/div>\r\n\r\n                <\/div>\r\n                \n<p><strong>Pour plus d&rsquo;informations et d&rsquo;analyses sur la <a href=\"https:\/\/www.africa-press.net\/burundi\">Burundi<\/a>, suivez <a href=\"https:\/\/www.africa-press.net\/\">Africa-Press<\/a><\/strong><\/p>\n","protected":false},"excerpt":{"rendered":"<p>Africa-Press &#8211; Burundi. Rencontre entre le 1er Ministre et le R\u00e9sident coordinateur de l\u2019ONU au Burundi S\u2019agissant d\u2019une organisation internationale d\u2019essence occidentale, outil de la globalisation occidentale, les Nations Unis ONU ont \u00e9t\u00e9 cr\u00e9\u00e9es en 1945 rempla\u00e7ant la Soci\u00e9t\u00e9 des Nations SDN introduite par le trait\u00e9 de Versailles en 1919, mettant fin \u00e0 la Premi\u00e8re [&hellip;]<\/p>\n","protected":false},"author":82,"featured_media":4208,"comment_status":"open","ping_status":"closed","sticky":false,"template":"","format":"standard","meta":{"footnotes":""},"categories":[11,8,2,10],"tags":[36,48,45],"class_list":["post-4209","post","type-post","status-publish","format-standard","has-post-thumbnail","hentry","category-homepage-french","category-photo","category-politique","category-toutes-les-actualites","tag-africa-press","tag-africa-press-burundi","tag-burundi"],"yoast_head":"<!-- This site is optimized with the Yoast SEO Premium plugin v26.1 (Yoast SEO v27.0) - https:\/\/yoast.com\/product\/yoast-seo-premium-wordpress\/ -->\n<title>Burundi : Le 1er Ministre re\u00e7oit le R\u00e9sident Coordinateur ONU - Burundi<\/title>\n<meta name=\"description\" content=\"Rencontre entre le 1er Ministre et le R\u00e9sident coordinateur de l\u2019ONU au Burundi S\u2019agissant d\u2019une organisation in ...\" \/>\n<meta name=\"robots\" content=\"index, follow, max-snippet:-1, max-image-preview:large, max-video-preview:-1\" \/>\n<link rel=\"canonical\" href=\"https:\/\/www.africa-press.net\/burundi\/politique\/burundi-le-1er-ministre-recoit-le-resident-coordinateur-onu\" \/>\n<meta property=\"og:locale\" content=\"fr_FR\" \/>\n<meta property=\"og:type\" content=\"article\" \/>\n<meta property=\"og:title\" content=\"Burundi : Le 1er Ministre re\u00e7oit le R\u00e9sident Coordinateur ONU\" \/>\n<meta property=\"og:description\" content=\"Rencontre entre le 1er Ministre et le R\u00e9sident coordinateur de l\u2019ONU au Burundi S\u2019agissant d\u2019une organisation in ...\" \/>\n<meta property=\"og:url\" content=\"https:\/\/www.africa-press.net\/burundi\/politique\/burundi-le-1er-ministre-recoit-le-resident-coordinateur-onu\" \/>\n<meta property=\"og:site_name\" content=\"Burundi\" \/>\n<meta property=\"article:published_time\" content=\"2022-06-30T17:32:54+00:00\" \/>\n<meta property=\"article:modified_time\" content=\"2022-06-30T17:55:20+00:00\" \/>\n<meta property=\"og:image\" content=\"https:\/\/static.africa-press.net\/burundi\/sites\/47\/2022\/06\/postQueueImg_13-62bde372e6433.jpg\" \/>\n\t<meta property=\"og:image:width\" content=\"1280\" \/>\n\t<meta property=\"og:image:height\" content=\"720\" \/>\n\t<meta property=\"og:image:type\" content=\"image\/jpeg\" \/>\n<meta name=\"author\" content=\"cfeditorfr\" \/>\n<meta name=\"twitter:card\" content=\"summary_large_image\" \/>\n<meta name=\"twitter:label1\" content=\"\u00c9crit par\" \/>\n\t<meta name=\"twitter:data1\" content=\"cfeditorfr\" \/>\n\t<meta name=\"twitter:label2\" content=\"Dur\u00e9e de lecture estim\u00e9e\" \/>\n\t<meta name=\"twitter:data2\" content=\"1 minute\" \/>\n<script type=\"application\/ld+json\" class=\"yoast-schema-graph\">{\"@context\":\"https:\/\/schema.org\",\"@graph\":[{\"@type\":\"Article\",\"@id\":\"https:\/\/www.africa-press.net\/burundi\/politique\/burundi-le-1er-ministre-recoit-le-resident-coordinateur-onu#article\",\"isPartOf\":{\"@id\":\"https:\/\/www.africa-press.net\/burundi\/politique\/burundi-le-1er-ministre-recoit-le-resident-coordinateur-onu\"},\"author\":{\"name\":\"cfeditorfr\",\"@id\":\"https:\/\/www.africa-press.net\/burundi\/#\/schema\/person\/2b1cf3cd81a31e3cd26889ca66d677f1\"},\"headline\":\"Burundi : Le 1er Ministre re\u00e7oit le R\u00e9sident Coordinateur ONU\",\"datePublished\":\"2022-06-30T17:32:54+00:00\",\"dateModified\":\"2022-06-30T17:55:20+00:00\",\"mainEntityOfPage\":{\"@id\":\"https:\/\/www.africa-press.net\/burundi\/politique\/burundi-le-1er-ministre-recoit-le-resident-coordinateur-onu\"},\"wordCount\":172,\"commentCount\":0,\"image\":{\"@id\":\"https:\/\/www.africa-press.net\/burundi\/politique\/burundi-le-1er-ministre-recoit-le-resident-coordinateur-onu#primaryimage\"},\"thumbnailUrl\":\"https:\/\/static.africa-press.net\/burundi\/sites\/47\/2022\/06\/postQueueImg_13-62bde372e6433.jpg\",\"keywords\":[\"Africa Press\",\"Africa Press-Burundi\",\"Burundi\"],\"articleSection\":[\"homepage-french\",\"Photo\",\"Politique\",\"Toutes les actualit\u00e9s\"],\"inLanguage\":\"fr-FR\",\"potentialAction\":[{\"@type\":\"CommentAction\",\"name\":\"Comment\",\"target\":[\"https:\/\/www.africa-press.net\/burundi\/politique\/burundi-le-1er-ministre-recoit-le-resident-coordinateur-onu#respond\"]}]},{\"@type\":\"WebPage\",\"@id\":\"https:\/\/www.africa-press.net\/burundi\/politique\/burundi-le-1er-ministre-recoit-le-resident-coordinateur-onu\",\"url\":\"https:\/\/www.africa-press.net\/burundi\/politique\/burundi-le-1er-ministre-recoit-le-resident-coordinateur-onu\",\"name\":\"Burundi : Le 1er Ministre re\u00e7oit le R\u00e9sident Coordinateur ONU - Burundi\",\"isPartOf\":{\"@id\":\"https:\/\/www.africa-press.net\/burundi\/#website\"},\"primaryImageOfPage\":{\"@id\":\"https:\/\/www.africa-press.net\/burundi\/politique\/burundi-le-1er-ministre-recoit-le-resident-coordinateur-onu#primaryimage\"},\"image\":{\"@id\":\"https:\/\/www.africa-press.net\/burundi\/politique\/burundi-le-1er-ministre-recoit-le-resident-coordinateur-onu#primaryimage\"},\"thumbnailUrl\":\"https:\/\/static.africa-press.net\/burundi\/sites\/47\/2022\/06\/postQueueImg_13-62bde372e6433.jpg\",\"datePublished\":\"2022-06-30T17:32:54+00:00\",\"dateModified\":\"2022-06-30T17:55:20+00:00\",\"author\":{\"@id\":\"https:\/\/www.africa-press.net\/burundi\/#\/schema\/person\/2b1cf3cd81a31e3cd26889ca66d677f1\"},\"description\":\"Rencontre entre le 1er Ministre et le R\u00e9sident coordinateur de l\u2019ONU au Burundi S\u2019agissant d\u2019une organisation in ...\",\"breadcrumb\":{\"@id\":\"https:\/\/www.africa-press.net\/burundi\/politique\/burundi-le-1er-ministre-recoit-le-resident-coordinateur-onu#breadcrumb\"},\"inLanguage\":\"fr-FR\",\"potentialAction\":[{\"@type\":\"ReadAction\",\"target\":[\"https:\/\/www.africa-press.net\/burundi\/politique\/burundi-le-1er-ministre-recoit-le-resident-coordinateur-onu\"]}]},{\"@type\":\"ImageObject\",\"inLanguage\":\"fr-FR\",\"@id\":\"https:\/\/www.africa-press.net\/burundi\/politique\/burundi-le-1er-ministre-recoit-le-resident-coordinateur-onu#primaryimage\",\"url\":\"https:\/\/static.africa-press.net\/burundi\/sites\/47\/2022\/06\/postQueueImg_13-62bde372e6433.jpg\",\"contentUrl\":\"https:\/\/static.africa-press.net\/burundi\/sites\/47\/2022\/06\/postQueueImg_13-62bde372e6433.jpg\",\"width\":1280,\"height\":720,\"caption\":\"Burundi : Le 1er Ministre re\u00e7oit le R\u00e9sident Coordinateur ONU\"},{\"@type\":\"BreadcrumbList\",\"@id\":\"https:\/\/www.africa-press.net\/burundi\/politique\/burundi-le-1er-ministre-recoit-le-resident-coordinateur-onu#breadcrumb\",\"itemListElement\":[{\"@type\":\"ListItem\",\"position\":1,\"name\":\"Accueil\",\"item\":\"https:\/\/www.africa-press.net\/burundi\/\"},{\"@type\":\"ListItem\",\"position\":2,\"name\":\"Burundi : Le 1er Ministre re\u00e7oit le R\u00e9sident Coordinateur ONU\"}]},{\"@type\":\"WebSite\",\"@id\":\"https:\/\/www.africa-press.net\/burundi\/#website\",\"url\":\"https:\/\/www.africa-press.net\/burundi\/\",\"name\":\"Burundi\",\"description\":\"Just another Africa News Agency Sites site\",\"potentialAction\":[{\"@type\":\"SearchAction\",\"target\":{\"@type\":\"EntryPoint\",\"urlTemplate\":\"https:\/\/www.africa-press.net\/burundi\/?s={search_term_string}\"},\"query-input\":{\"@type\":\"PropertyValueSpecification\",\"valueRequired\":true,\"valueName\":\"search_term_string\"}}],\"inLanguage\":\"fr-FR\"},{\"@type\":\"Person\",\"@id\":\"https:\/\/www.africa-press.net\/burundi\/#\/schema\/person\/2b1cf3cd81a31e3cd26889ca66d677f1\",\"name\":\"cfeditorfr\"}]}<\/script>\n<!-- \/ Yoast SEO Premium plugin. -->","yoast_head_json":{"title":"Burundi : Le 1er Ministre re\u00e7oit le R\u00e9sident Coordinateur ONU - Burundi","description":"Rencontre entre le 1er Ministre et le R\u00e9sident coordinateur de l\u2019ONU au Burundi S\u2019agissant d\u2019une organisation in ...","robots":{"index":"index","follow":"follow","max-snippet":"max-snippet:-1","max-image-preview":"max-image-preview:large","max-video-preview":"max-video-preview:-1"},"canonical":"https:\/\/www.africa-press.net\/burundi\/politique\/burundi-le-1er-ministre-recoit-le-resident-coordinateur-onu","og_locale":"fr_FR","og_type":"article","og_title":"Burundi : Le 1er Ministre re\u00e7oit le R\u00e9sident Coordinateur ONU","og_description":"Rencontre entre le 1er Ministre et le R\u00e9sident coordinateur de l\u2019ONU au Burundi S\u2019agissant d\u2019une organisation in ...","og_url":"https:\/\/www.africa-press.net\/burundi\/politique\/burundi-le-1er-ministre-recoit-le-resident-coordinateur-onu","og_site_name":"Burundi","article_published_time":"2022-06-30T17:32:54+00:00","article_modified_time":"2022-06-30T17:55:20+00:00","og_image":[{"width":1280,"height":720,"url":"https:\/\/static.africa-press.net\/burundi\/sites\/47\/2022\/06\/postQueueImg_13-62bde372e6433.jpg","type":"image\/jpeg"}],"author":"cfeditorfr","twitter_card":"summary_large_image","twitter_misc":{"\u00c9crit par":"cfeditorfr","Dur\u00e9e de lecture estim\u00e9e":"1 minute"},"schema":{"@context":"https:\/\/schema.org","@graph":[{"@type":"Article","@id":"https:\/\/www.africa-press.net\/burundi\/politique\/burundi-le-1er-ministre-recoit-le-resident-coordinateur-onu#article","isPartOf":{"@id":"https:\/\/www.africa-press.net\/burundi\/politique\/burundi-le-1er-ministre-recoit-le-resident-coordinateur-onu"},"author":{"name":"cfeditorfr","@id":"https:\/\/www.africa-press.net\/burundi\/#\/schema\/person\/2b1cf3cd81a31e3cd26889ca66d677f1"},"headline":"Burundi : Le 1er Ministre re\u00e7oit le R\u00e9sident Coordinateur ONU","datePublished":"2022-06-30T17:32:54+00:00","dateModified":"2022-06-30T17:55:20+00:00","mainEntityOfPage":{"@id":"https:\/\/www.africa-press.net\/burundi\/politique\/burundi-le-1er-ministre-recoit-le-resident-coordinateur-onu"},"wordCount":172,"commentCount":0,"image":{"@id":"https:\/\/www.africa-press.net\/burundi\/politique\/burundi-le-1er-ministre-recoit-le-resident-coordinateur-onu#primaryimage"},"thumbnailUrl":"https:\/\/static.africa-press.net\/burundi\/sites\/47\/2022\/06\/postQueueImg_13-62bde372e6433.jpg","keywords":["Africa Press","Africa Press-Burundi","Burundi"],"articleSection":["homepage-french","Photo","Politique","Toutes les actualit\u00e9s"],"inLanguage":"fr-FR","potentialAction":[{"@type":"CommentAction","name":"Comment","target":["https:\/\/www.africa-press.net\/burundi\/politique\/burundi-le-1er-ministre-recoit-le-resident-coordinateur-onu#respond"]}]},{"@type":"WebPage","@id":"https:\/\/www.africa-press.net\/burundi\/politique\/burundi-le-1er-ministre-recoit-le-resident-coordinateur-onu","url":"https:\/\/www.africa-press.net\/burundi\/politique\/burundi-le-1er-ministre-recoit-le-resident-coordinateur-onu","name":"Burundi : Le 1er Ministre re\u00e7oit le R\u00e9sident Coordinateur ONU - Burundi","isPartOf":{"@id":"https:\/\/www.africa-press.net\/burundi\/#website"},"primaryImageOfPage":{"@id":"https:\/\/www.africa-press.net\/burundi\/politique\/burundi-le-1er-ministre-recoit-le-resident-coordinateur-onu#primaryimage"},"image":{"@id":"https:\/\/www.africa-press.net\/burundi\/politique\/burundi-le-1er-ministre-recoit-le-resident-coordinateur-onu#primaryimage"},"thumbnailUrl":"https:\/\/static.africa-press.net\/burundi\/sites\/47\/2022\/06\/postQueueImg_13-62bde372e6433.jpg","datePublished":"2022-06-30T17:32:54+00:00","dateModified":"2022-06-30T17:55:20+00:00","author":{"@id":"https:\/\/www.africa-press.net\/burundi\/#\/schema\/person\/2b1cf3cd81a31e3cd26889ca66d677f1"},"description":"Rencontre entre le 1er Ministre et le R\u00e9sident coordinateur de l\u2019ONU au Burundi S\u2019agissant d\u2019une organisation in ...","breadcrumb":{"@id":"https:\/\/www.africa-press.net\/burundi\/politique\/burundi-le-1er-ministre-recoit-le-resident-coordinateur-onu#breadcrumb"},"inLanguage":"fr-FR","potentialAction":[{"@type":"ReadAction","target":["https:\/\/www.africa-press.net\/burundi\/politique\/burundi-le-1er-ministre-recoit-le-resident-coordinateur-onu"]}]},{"@type":"ImageObject","inLanguage":"fr-FR","@id":"https:\/\/www.africa-press.net\/burundi\/politique\/burundi-le-1er-ministre-recoit-le-resident-coordinateur-onu#primaryimage","url":"https:\/\/static.africa-press.net\/burundi\/sites\/47\/2022\/06\/postQueueImg_13-62bde372e6433.jpg","contentUrl":"https:\/\/static.africa-press.net\/burundi\/sites\/47\/2022\/06\/postQueueImg_13-62bde372e6433.jpg","width":1280,"height":720,"caption":"Burundi : Le 1er Ministre re\u00e7oit le R\u00e9sident Coordinateur ONU"},{"@type":"BreadcrumbList","@id":"https:\/\/www.africa-press.net\/burundi\/politique\/burundi-le-1er-ministre-recoit-le-resident-coordinateur-onu#breadcrumb","itemListElement":[{"@type":"ListItem","position":1,"name":"Accueil","item":"https:\/\/www.africa-press.net\/burundi\/"},{"@type":"ListItem","position":2,"name":"Burundi : Le 1er Ministre re\u00e7oit le R\u00e9sident Coordinateur ONU"}]},{"@type":"WebSite","@id":"https:\/\/www.africa-press.net\/burundi\/#website","url":"https:\/\/www.africa-press.net\/burundi\/","name":"Burundi","description":"Just another Africa News Agency Sites site","potentialAction":[{"@type":"SearchAction","target":{"@type":"EntryPoint","urlTemplate":"https:\/\/www.africa-press.net\/burundi\/?s={search_term_string}"},"query-input":{"@type":"PropertyValueSpecification","valueRequired":true,"valueName":"search_term_string"}}],"inLanguage":"fr-FR"},{"@type":"Person","@id":"https:\/\/www.africa-press.net\/burundi\/#\/schema\/person\/2b1cf3cd81a31e3cd26889ca66d677f1","name":"cfeditorfr"}]}},"_links":{"self":[{"href":"https:\/\/www.africa-press.net\/burundi\/wp-json\/wp\/v2\/posts\/4209","targetHints":{"allow":["GET"]}}],"collection":[{"href":"https:\/\/www.africa-press.net\/burundi\/wp-json\/wp\/v2\/posts"}],"about":[{"href":"https:\/\/www.africa-press.net\/burundi\/wp-json\/wp\/v2\/types\/post"}],"author":[{"embeddable":true,"href":"https:\/\/www.africa-press.net\/burundi\/wp-json\/wp\/v2\/users\/82"}],"replies":[{"embeddable":true,"href":"https:\/\/www.africa-press.net\/burundi\/wp-json\/wp\/v2\/comments?post=4209"}],"version-history":[{"count":0,"href":"https:\/\/www.africa-press.net\/burundi\/wp-json\/wp\/v2\/posts\/4209\/revisions"}],"wp:featuredmedia":[{"embeddable":true,"href":"https:\/\/www.africa-press.net\/burundi\/wp-json\/wp\/v2\/media\/4208"}],"wp:attachment":[{"href":"https:\/\/www.africa-press.net\/burundi\/wp-json\/wp\/v2\/media?parent=4209"}],"wp:term":[{"taxonomy":"category","embeddable":true,"href":"https:\/\/www.africa-press.net\/burundi\/wp-json\/wp\/v2\/categories?post=4209"},{"taxonomy":"post_tag","embeddable":true,"href":"https:\/\/www.africa-press.net\/burundi\/wp-json\/wp\/v2\/tags?post=4209"}],"curies":[{"name":"wp","href":"https:\/\/api.w.org\/{rel}","templated":true}]}}