{"id":5034,"date":"2022-07-29T21:09:30","date_gmt":"2022-07-29T21:09:30","guid":{"rendered":"https:\/\/www.africa-press.net\/burundi\/politique\/burundi-reunion-dinformation-sur-la-vaccination-du-betail-en-cours-a-ruyigi"},"modified":"2022-07-29T21:24:18","modified_gmt":"2022-07-29T21:24:18","slug":"burundi-reunion-dinformation-sur-la-vaccination-du-betail-en-cours-a-ruyigi","status":"publish","type":"post","link":"https:\/\/www.africa-press.net\/burundi\/photo\/burundi-reunion-dinformation-sur-la-vaccination-du-betail-en-cours-a-ruyigi","title":{"rendered":"Burundi : R\u00e9union d\u2019information sur la vaccination du b\u00e9tail en cours \u00e0 Ruyigi"},"content":{"rendered":"<p><span style=\"color: #ff6600\"><strong>Africa-Press &#8211; Burundi. <\/strong><\/span>R\u00e9union d\u2019information \u00e0 Ruyigi sur la vaccination du b\u00e9tail en cours suite \u00e0 la fi\u00e8vre de la vall\u00e9e du rift.<\/p>\n<p>Depuis quelques temps, le Burundi fait face \u00e0 \u2013 la fi\u00e8vre de la vall\u00e9e du rift \u2013 suite \u00e0 un dysfonctionnement d\u00fb \u00e0 un non respect de la mise en quarantaine des animaux import\u00e9s ( art.98 ) selon la loi n\u00b01\/28 du 24 d\u00e9cembre 2009 relative \u00e0 la police sanitaire des animaux [1].<\/p>\n<p>Ce vendredi, Mme Tabu Emmerencienne, Gouverneure de Ruyigi, organisait une rencontre d\u2019information, destin\u00e9e aux responsables sanitaires et aux \u00e9leveurs locaux, sur la vaccination du b\u00e9tail en cours, suite \u00e0 la fi\u00e8vre de la vall\u00e9e du rift. Les invitant \u00e0 s\u2019impliquer d\u2019avantage en respectant la loi en vigueur\u2026<\/p>\n\r\n                <style type=\"text\/css\">\r\n                    \r\n                    #td_uid_1_69ee376cc55b2  .td-doubleSlider-2 .td-item1 {\r\n                        background: url(https:\/\/static.africa-press.net\/burundi\/sites\/47\/2022\/07\/postMediaimg_5_1-62e44fc985f91-80x60.jpg) 0 0 no-repeat;\r\n                    }\r\n                    #td_uid_1_69ee376cc55b2  .td-doubleSlider-2 .td-item2 {\r\n                        background: url(https:\/\/static.africa-press.net\/burundi\/sites\/47\/2022\/07\/postMediaimg_5_2-62e44fd21ab94-80x60.jpg) 0 0 no-repeat;\r\n                    }\r\n                    #td_uid_1_69ee376cc55b2  .td-doubleSlider-2 .td-item3 {\r\n                        background: url(https:\/\/static.africa-press.net\/burundi\/sites\/47\/2022\/07\/postMediaimg_5_3-62e44fda7a5c6-80x60.jpg) 0 0 no-repeat;\r\n                    }\r\n                    #td_uid_1_69ee376cc55b2  .td-doubleSlider-2 .td-item4 {\r\n                        background: url(https:\/\/static.africa-press.net\/burundi\/sites\/47\/2022\/07\/postMediaimg_5_4-62e44fe4236d9-80x60.jpg) 0 0 no-repeat;\r\n                    }\r\n                <\/style>\r\n\r\n                <div id=\"td_uid_1_69ee376cc55b2\" class=\"td-gallery td-slide-on-2-columns\">\r\n                    <div class=\"post_td_gallery\">\r\n                        <div class=\"td-gallery-slide-top\">\r\n                           <div class=\"td-gallery-title\"><\/div>\r\n\r\n                            <div class=\"td-gallery-controls-wrapper\">\r\n                                <div class=\"td-gallery-slide-count\"><span class=\"td-gallery-slide-item-focus\">1<\/span> de 4<\/div>\r\n                                <div class=\"td-gallery-slide-prev-next-but\">\r\n                                    <i class = \"td-icon-left doubleSliderPrevButton\"><\/i>\r\n                                    <i class = \"td-icon-right doubleSliderNextButton\"><\/i>\r\n                                <\/div>\r\n                            <\/div>\r\n                        <\/div>\r\n\r\n                        <div class = \"td-doubleSlider-1 \">\r\n                            <div class = \"td-slider\">\r\n                                \r\n                    <div class = \"td-slide-item td-item1\">\r\n                        <figure class=\"td-slide-galery-figure td-slide-popup-gallery\">\r\n                            <a class=\"slide-gallery-image-link\" href=\"https:\/\/static.africa-press.net\/burundi\/sites\/47\/2022\/07\/postMediaimg_5_1-62e44fc985f91.jpg\" title=\"postMediaimg_5_1-62e44fc985f91\"  data-caption=\"\"  data-description=\"\">\r\n                                <img decoding=\"async\" src=\"https:\/\/static.africa-press.net\/burundi\/sites\/47\/2022\/07\/postMediaimg_5_1-62e44fc985f91.jpg\" srcset=\"https:\/\/static.africa-press.net\/burundi\/sites\/47\/2022\/07\/postMediaimg_5_1-62e44fc985f91.jpg 607w, https:\/\/static.africa-press.net\/burundi\/sites\/47\/2022\/07\/postMediaimg_5_1-62e44fc985f91-169x300.jpg 169w, https:\/\/static.africa-press.net\/burundi\/sites\/47\/2022\/07\/postMediaimg_5_1-62e44fc985f91-576x1024.jpg 576w\" sizes=\"(max-width: 607px) 100vw, 607px\" alt=\"\">\r\n                            <\/a>\r\n                            \r\n                        <\/figure>\r\n                    <\/div>\r\n                    <div class = \"td-slide-item td-item2\">\r\n                        <figure class=\"td-slide-galery-figure td-slide-popup-gallery\">\r\n                            <a class=\"slide-gallery-image-link\" href=\"https:\/\/static.africa-press.net\/burundi\/sites\/47\/2022\/07\/postMediaimg_5_2-62e44fd21ab94.jpg\" title=\"postMediaimg_5_2-62e44fd21ab94\"  data-caption=\"\"  data-description=\"\">\r\n                                <img decoding=\"async\" src=\"https:\/\/static.africa-press.net\/burundi\/sites\/47\/2022\/07\/postMediaimg_5_2-62e44fd21ab94.jpg\" srcset=\"https:\/\/static.africa-press.net\/burundi\/sites\/47\/2022\/07\/postMediaimg_5_2-62e44fd21ab94.jpg 581w, https:\/\/static.africa-press.net\/burundi\/sites\/47\/2022\/07\/postMediaimg_5_2-62e44fd21ab94-169x300.jpg 169w, https:\/\/static.africa-press.net\/burundi\/sites\/47\/2022\/07\/postMediaimg_5_2-62e44fd21ab94-576x1024.jpg 576w\" sizes=\"(max-width: 581px) 100vw, 581px\" alt=\"\">\r\n                            <\/a>\r\n                            \r\n                        <\/figure>\r\n                    <\/div>\r\n                    <div class = \"td-slide-item td-item3\">\r\n                        <figure class=\"td-slide-galery-figure td-slide-popup-gallery\">\r\n                            <a class=\"slide-gallery-image-link\" href=\"https:\/\/static.africa-press.net\/burundi\/sites\/47\/2022\/07\/postMediaimg_5_3-62e44fda7a5c6.jpg\" title=\"postMediaimg_5_3-62e44fda7a5c6\"  data-caption=\"\"  data-description=\"\">\r\n                                <img decoding=\"async\" src=\"https:\/\/static.africa-press.net\/burundi\/sites\/47\/2022\/07\/postMediaimg_5_3-62e44fda7a5c6.jpg\" srcset=\"https:\/\/static.africa-press.net\/burundi\/sites\/47\/2022\/07\/postMediaimg_5_3-62e44fda7a5c6.jpg 1080w, https:\/\/static.africa-press.net\/burundi\/sites\/47\/2022\/07\/postMediaimg_5_3-62e44fda7a5c6-300x169.jpg 300w, https:\/\/static.africa-press.net\/burundi\/sites\/47\/2022\/07\/postMediaimg_5_3-62e44fda7a5c6-1024x576.jpg 1024w, https:\/\/static.africa-press.net\/burundi\/sites\/47\/2022\/07\/postMediaimg_5_3-62e44fda7a5c6-768x432.jpg 768w\" sizes=\"(max-width: 1080px) 100vw, 1080px\" alt=\"\">\r\n                            <\/a>\r\n                            \r\n                        <\/figure>\r\n                    <\/div>\r\n                    <div class = \"td-slide-item td-item4\">\r\n                        <figure class=\"td-slide-galery-figure td-slide-popup-gallery\">\r\n                            <a class=\"slide-gallery-image-link\" href=\"https:\/\/static.africa-press.net\/burundi\/sites\/47\/2022\/07\/postMediaimg_5_4-62e44fe4236d9.jpg\" title=\"postMediaimg_5_4-62e44fe4236d9\"  data-caption=\"\"  data-description=\"\">\r\n                                <img decoding=\"async\" src=\"https:\/\/static.africa-press.net\/burundi\/sites\/47\/2022\/07\/postMediaimg_5_4-62e44fe4236d9.jpg\" srcset=\"https:\/\/static.africa-press.net\/burundi\/sites\/47\/2022\/07\/postMediaimg_5_4-62e44fe4236d9.jpg 1080w, https:\/\/static.africa-press.net\/burundi\/sites\/47\/2022\/07\/postMediaimg_5_4-62e44fe4236d9-300x169.jpg 300w, https:\/\/static.africa-press.net\/burundi\/sites\/47\/2022\/07\/postMediaimg_5_4-62e44fe4236d9-1024x576.jpg 1024w, https:\/\/static.africa-press.net\/burundi\/sites\/47\/2022\/07\/postMediaimg_5_4-62e44fe4236d9-768x432.jpg 768w\" sizes=\"(max-width: 1080px) 100vw, 1080px\" alt=\"\">\r\n                            <\/a>\r\n                            \r\n                        <\/figure>\r\n                    <\/div>\r\n                            <\/div>\r\n                        <\/div>\r\n\r\n                        <div class = \"td-doubleSlider-2\">\r\n                            <div class = \"td-slider\">\r\n                                \r\n                    <div class = \"td-button td-item1\">\r\n                        <div class = \"td-border\"><\/div>\r\n                    <\/div>\r\n                    <div class = \"td-button td-item2\">\r\n                        <div class = \"td-border\"><\/div>\r\n                    <\/div>\r\n                    <div class = \"td-button td-item3\">\r\n                        <div class = \"td-border\"><\/div>\r\n                    <\/div>\r\n                    <div class = \"td-button td-item4\">\r\n                        <div class = \"td-border\"><\/div>\r\n                    <\/div>\r\n                            <\/div>\r\n                        <\/div>\r\n\r\n                    <\/div>\r\n\r\n                <\/div>\r\n                \n<p><strong>Pour plus d&rsquo;informations et d&rsquo;analyses sur la <a href=\"https:\/\/www.africa-press.net\/burundi\">Burundi<\/a>, suivez <a href=\"https:\/\/www.africa-press.net\/\">Africa-Press<\/a><\/strong><\/p>\n","protected":false},"excerpt":{"rendered":"<p>Africa-Press &#8211; Burundi. R\u00e9union d\u2019information \u00e0 Ruyigi sur la vaccination du b\u00e9tail en cours suite \u00e0 la fi\u00e8vre de la vall\u00e9e du rift. Depuis quelques temps, le Burundi fait face \u00e0 \u2013 la fi\u00e8vre de la vall\u00e9e du rift \u2013 suite \u00e0 un dysfonctionnement d\u00fb \u00e0 un non respect de la mise en quarantaine des [&hellip;]<\/p>\n","protected":false},"author":82,"featured_media":5033,"comment_status":"open","ping_status":"closed","sticky":false,"template":"","format":"standard","meta":{"footnotes":""},"categories":[21,11,8,10],"tags":[36,48,45],"class_list":["post-5034","post","type-post","status-publish","format-standard","has-post-thumbnail","hentry","category-communaute","category-homepage-french","category-photo","category-toutes-les-actualites","tag-africa-press","tag-africa-press-burundi","tag-burundi"],"yoast_head":"<!-- This site is optimized with the Yoast SEO Premium plugin v26.1 (Yoast SEO v27.0) - https:\/\/yoast.com\/product\/yoast-seo-premium-wordpress\/ -->\n<title>Burundi : R\u00e9union d\u2019information sur la vaccination du b\u00e9tail en cours \u00e0 Ruyigi - Burundi<\/title>\n<meta name=\"description\" content=\"R\u00e9union d\u2019information \u00e0 Ruyigi sur la vaccination du b\u00e9tail en cours suite \u00e0 la fi\u00e8vre de la vall\u00e9e du rift. Depuis que ...\" \/>\n<meta name=\"robots\" content=\"index, follow, max-snippet:-1, max-image-preview:large, max-video-preview:-1\" \/>\n<link rel=\"canonical\" href=\"https:\/\/www.africa-press.net\/burundi\/photo\/burundi-reunion-dinformation-sur-la-vaccination-du-betail-en-cours-a-ruyigi\" \/>\n<meta property=\"og:locale\" content=\"fr_FR\" \/>\n<meta property=\"og:type\" content=\"article\" \/>\n<meta property=\"og:title\" content=\"Burundi : R\u00e9union d\u2019information sur la vaccination du b\u00e9tail en cours \u00e0 Ruyigi\" \/>\n<meta property=\"og:description\" content=\"R\u00e9union d\u2019information \u00e0 Ruyigi sur la vaccination du b\u00e9tail en cours suite \u00e0 la fi\u00e8vre de la vall\u00e9e du rift. Depuis que ...\" \/>\n<meta property=\"og:url\" content=\"https:\/\/www.africa-press.net\/burundi\/photo\/burundi-reunion-dinformation-sur-la-vaccination-du-betail-en-cours-a-ruyigi\" \/>\n<meta property=\"og:site_name\" content=\"Burundi\" \/>\n<meta property=\"article:published_time\" content=\"2022-07-29T21:09:30+00:00\" \/>\n<meta property=\"article:modified_time\" content=\"2022-07-29T21:24:18+00:00\" \/>\n<meta property=\"og:image\" content=\"https:\/\/static.africa-press.net\/burundi\/sites\/47\/2022\/07\/postQueueImg_5-62e44fed92d73.jpg\" \/>\n\t<meta property=\"og:image:width\" content=\"1080\" \/>\n\t<meta property=\"og:image:height\" content=\"607\" \/>\n\t<meta property=\"og:image:type\" content=\"image\/jpeg\" \/>\n<meta name=\"author\" content=\"cfeditorfr\" \/>\n<meta name=\"twitter:card\" content=\"summary_large_image\" \/>\n<meta name=\"twitter:label1\" content=\"\u00c9crit par\" \/>\n\t<meta name=\"twitter:data1\" content=\"cfeditorfr\" \/>\n\t<meta name=\"twitter:label2\" content=\"Dur\u00e9e de lecture estim\u00e9e\" \/>\n\t<meta name=\"twitter:data2\" content=\"1 minute\" \/>\n<script type=\"application\/ld+json\" class=\"yoast-schema-graph\">{\"@context\":\"https:\/\/schema.org\",\"@graph\":[{\"@type\":\"Article\",\"@id\":\"https:\/\/www.africa-press.net\/burundi\/photo\/burundi-reunion-dinformation-sur-la-vaccination-du-betail-en-cours-a-ruyigi#article\",\"isPartOf\":{\"@id\":\"https:\/\/www.africa-press.net\/burundi\/photo\/burundi-reunion-dinformation-sur-la-vaccination-du-betail-en-cours-a-ruyigi\"},\"author\":{\"name\":\"cfeditorfr\",\"@id\":\"https:\/\/www.africa-press.net\/burundi\/#\/schema\/person\/2b1cf3cd81a31e3cd26889ca66d677f1\"},\"headline\":\"Burundi : R\u00e9union d\u2019information sur la vaccination du b\u00e9tail en cours \u00e0 Ruyigi\",\"datePublished\":\"2022-07-29T21:09:30+00:00\",\"dateModified\":\"2022-07-29T21:24:18+00:00\",\"mainEntityOfPage\":{\"@id\":\"https:\/\/www.africa-press.net\/burundi\/photo\/burundi-reunion-dinformation-sur-la-vaccination-du-betail-en-cours-a-ruyigi\"},\"wordCount\":160,\"commentCount\":0,\"image\":{\"@id\":\"https:\/\/www.africa-press.net\/burundi\/photo\/burundi-reunion-dinformation-sur-la-vaccination-du-betail-en-cours-a-ruyigi#primaryimage\"},\"thumbnailUrl\":\"https:\/\/static.africa-press.net\/burundi\/sites\/47\/2022\/07\/postQueueImg_5-62e44fed92d73.jpg\",\"keywords\":[\"Africa Press\",\"Africa Press-Burundi\",\"Burundi\"],\"articleSection\":[\"Communaut\u00e9\",\"homepage-french\",\"Photo\",\"Toutes les actualit\u00e9s\"],\"inLanguage\":\"fr-FR\",\"potentialAction\":[{\"@type\":\"CommentAction\",\"name\":\"Comment\",\"target\":[\"https:\/\/www.africa-press.net\/burundi\/photo\/burundi-reunion-dinformation-sur-la-vaccination-du-betail-en-cours-a-ruyigi#respond\"]}]},{\"@type\":\"WebPage\",\"@id\":\"https:\/\/www.africa-press.net\/burundi\/photo\/burundi-reunion-dinformation-sur-la-vaccination-du-betail-en-cours-a-ruyigi\",\"url\":\"https:\/\/www.africa-press.net\/burundi\/photo\/burundi-reunion-dinformation-sur-la-vaccination-du-betail-en-cours-a-ruyigi\",\"name\":\"Burundi : R\u00e9union d\u2019information sur la vaccination du b\u00e9tail en cours \u00e0 Ruyigi - Burundi\",\"isPartOf\":{\"@id\":\"https:\/\/www.africa-press.net\/burundi\/#website\"},\"primaryImageOfPage\":{\"@id\":\"https:\/\/www.africa-press.net\/burundi\/photo\/burundi-reunion-dinformation-sur-la-vaccination-du-betail-en-cours-a-ruyigi#primaryimage\"},\"image\":{\"@id\":\"https:\/\/www.africa-press.net\/burundi\/photo\/burundi-reunion-dinformation-sur-la-vaccination-du-betail-en-cours-a-ruyigi#primaryimage\"},\"thumbnailUrl\":\"https:\/\/static.africa-press.net\/burundi\/sites\/47\/2022\/07\/postQueueImg_5-62e44fed92d73.jpg\",\"datePublished\":\"2022-07-29T21:09:30+00:00\",\"dateModified\":\"2022-07-29T21:24:18+00:00\",\"author\":{\"@id\":\"https:\/\/www.africa-press.net\/burundi\/#\/schema\/person\/2b1cf3cd81a31e3cd26889ca66d677f1\"},\"description\":\"R\u00e9union d\u2019information \u00e0 Ruyigi sur la vaccination du b\u00e9tail en cours suite \u00e0 la fi\u00e8vre de la vall\u00e9e du rift. Depuis que ...\",\"breadcrumb\":{\"@id\":\"https:\/\/www.africa-press.net\/burundi\/photo\/burundi-reunion-dinformation-sur-la-vaccination-du-betail-en-cours-a-ruyigi#breadcrumb\"},\"inLanguage\":\"fr-FR\",\"potentialAction\":[{\"@type\":\"ReadAction\",\"target\":[\"https:\/\/www.africa-press.net\/burundi\/photo\/burundi-reunion-dinformation-sur-la-vaccination-du-betail-en-cours-a-ruyigi\"]}]},{\"@type\":\"ImageObject\",\"inLanguage\":\"fr-FR\",\"@id\":\"https:\/\/www.africa-press.net\/burundi\/photo\/burundi-reunion-dinformation-sur-la-vaccination-du-betail-en-cours-a-ruyigi#primaryimage\",\"url\":\"https:\/\/static.africa-press.net\/burundi\/sites\/47\/2022\/07\/postQueueImg_5-62e44fed92d73.jpg\",\"contentUrl\":\"https:\/\/static.africa-press.net\/burundi\/sites\/47\/2022\/07\/postQueueImg_5-62e44fed92d73.jpg\",\"width\":1080,\"height\":607,\"caption\":\"Burundi : R\u00e9union d\u2019information sur la vaccination du b\u00e9tail en cours \u00e0 Ruyigi\"},{\"@type\":\"BreadcrumbList\",\"@id\":\"https:\/\/www.africa-press.net\/burundi\/photo\/burundi-reunion-dinformation-sur-la-vaccination-du-betail-en-cours-a-ruyigi#breadcrumb\",\"itemListElement\":[{\"@type\":\"ListItem\",\"position\":1,\"name\":\"Accueil\",\"item\":\"https:\/\/www.africa-press.net\/burundi\/\"},{\"@type\":\"ListItem\",\"position\":2,\"name\":\"Burundi : R\u00e9union d\u2019information sur la vaccination du b\u00e9tail en cours \u00e0 Ruyigi\"}]},{\"@type\":\"WebSite\",\"@id\":\"https:\/\/www.africa-press.net\/burundi\/#website\",\"url\":\"https:\/\/www.africa-press.net\/burundi\/\",\"name\":\"Burundi\",\"description\":\"Just another Africa News Agency Sites site\",\"potentialAction\":[{\"@type\":\"SearchAction\",\"target\":{\"@type\":\"EntryPoint\",\"urlTemplate\":\"https:\/\/www.africa-press.net\/burundi\/?s={search_term_string}\"},\"query-input\":{\"@type\":\"PropertyValueSpecification\",\"valueRequired\":true,\"valueName\":\"search_term_string\"}}],\"inLanguage\":\"fr-FR\"},{\"@type\":\"Person\",\"@id\":\"https:\/\/www.africa-press.net\/burundi\/#\/schema\/person\/2b1cf3cd81a31e3cd26889ca66d677f1\",\"name\":\"cfeditorfr\"}]}<\/script>\n<!-- \/ Yoast SEO Premium plugin. -->","yoast_head_json":{"title":"Burundi : R\u00e9union d\u2019information sur la vaccination du b\u00e9tail en cours \u00e0 Ruyigi - Burundi","description":"R\u00e9union d\u2019information \u00e0 Ruyigi sur la vaccination du b\u00e9tail en cours suite \u00e0 la fi\u00e8vre de la vall\u00e9e du rift. Depuis que ...","robots":{"index":"index","follow":"follow","max-snippet":"max-snippet:-1","max-image-preview":"max-image-preview:large","max-video-preview":"max-video-preview:-1"},"canonical":"https:\/\/www.africa-press.net\/burundi\/photo\/burundi-reunion-dinformation-sur-la-vaccination-du-betail-en-cours-a-ruyigi","og_locale":"fr_FR","og_type":"article","og_title":"Burundi : R\u00e9union d\u2019information sur la vaccination du b\u00e9tail en cours \u00e0 Ruyigi","og_description":"R\u00e9union d\u2019information \u00e0 Ruyigi sur la vaccination du b\u00e9tail en cours suite \u00e0 la fi\u00e8vre de la vall\u00e9e du rift. Depuis que ...","og_url":"https:\/\/www.africa-press.net\/burundi\/photo\/burundi-reunion-dinformation-sur-la-vaccination-du-betail-en-cours-a-ruyigi","og_site_name":"Burundi","article_published_time":"2022-07-29T21:09:30+00:00","article_modified_time":"2022-07-29T21:24:18+00:00","og_image":[{"width":1080,"height":607,"url":"https:\/\/static.africa-press.net\/burundi\/sites\/47\/2022\/07\/postQueueImg_5-62e44fed92d73.jpg","type":"image\/jpeg"}],"author":"cfeditorfr","twitter_card":"summary_large_image","twitter_misc":{"\u00c9crit par":"cfeditorfr","Dur\u00e9e de lecture estim\u00e9e":"1 minute"},"schema":{"@context":"https:\/\/schema.org","@graph":[{"@type":"Article","@id":"https:\/\/www.africa-press.net\/burundi\/photo\/burundi-reunion-dinformation-sur-la-vaccination-du-betail-en-cours-a-ruyigi#article","isPartOf":{"@id":"https:\/\/www.africa-press.net\/burundi\/photo\/burundi-reunion-dinformation-sur-la-vaccination-du-betail-en-cours-a-ruyigi"},"author":{"name":"cfeditorfr","@id":"https:\/\/www.africa-press.net\/burundi\/#\/schema\/person\/2b1cf3cd81a31e3cd26889ca66d677f1"},"headline":"Burundi : R\u00e9union d\u2019information sur la vaccination du b\u00e9tail en cours \u00e0 Ruyigi","datePublished":"2022-07-29T21:09:30+00:00","dateModified":"2022-07-29T21:24:18+00:00","mainEntityOfPage":{"@id":"https:\/\/www.africa-press.net\/burundi\/photo\/burundi-reunion-dinformation-sur-la-vaccination-du-betail-en-cours-a-ruyigi"},"wordCount":160,"commentCount":0,"image":{"@id":"https:\/\/www.africa-press.net\/burundi\/photo\/burundi-reunion-dinformation-sur-la-vaccination-du-betail-en-cours-a-ruyigi#primaryimage"},"thumbnailUrl":"https:\/\/static.africa-press.net\/burundi\/sites\/47\/2022\/07\/postQueueImg_5-62e44fed92d73.jpg","keywords":["Africa Press","Africa Press-Burundi","Burundi"],"articleSection":["Communaut\u00e9","homepage-french","Photo","Toutes les actualit\u00e9s"],"inLanguage":"fr-FR","potentialAction":[{"@type":"CommentAction","name":"Comment","target":["https:\/\/www.africa-press.net\/burundi\/photo\/burundi-reunion-dinformation-sur-la-vaccination-du-betail-en-cours-a-ruyigi#respond"]}]},{"@type":"WebPage","@id":"https:\/\/www.africa-press.net\/burundi\/photo\/burundi-reunion-dinformation-sur-la-vaccination-du-betail-en-cours-a-ruyigi","url":"https:\/\/www.africa-press.net\/burundi\/photo\/burundi-reunion-dinformation-sur-la-vaccination-du-betail-en-cours-a-ruyigi","name":"Burundi : R\u00e9union d\u2019information sur la vaccination du b\u00e9tail en cours \u00e0 Ruyigi - Burundi","isPartOf":{"@id":"https:\/\/www.africa-press.net\/burundi\/#website"},"primaryImageOfPage":{"@id":"https:\/\/www.africa-press.net\/burundi\/photo\/burundi-reunion-dinformation-sur-la-vaccination-du-betail-en-cours-a-ruyigi#primaryimage"},"image":{"@id":"https:\/\/www.africa-press.net\/burundi\/photo\/burundi-reunion-dinformation-sur-la-vaccination-du-betail-en-cours-a-ruyigi#primaryimage"},"thumbnailUrl":"https:\/\/static.africa-press.net\/burundi\/sites\/47\/2022\/07\/postQueueImg_5-62e44fed92d73.jpg","datePublished":"2022-07-29T21:09:30+00:00","dateModified":"2022-07-29T21:24:18+00:00","author":{"@id":"https:\/\/www.africa-press.net\/burundi\/#\/schema\/person\/2b1cf3cd81a31e3cd26889ca66d677f1"},"description":"R\u00e9union d\u2019information \u00e0 Ruyigi sur la vaccination du b\u00e9tail en cours suite \u00e0 la fi\u00e8vre de la vall\u00e9e du rift. Depuis que ...","breadcrumb":{"@id":"https:\/\/www.africa-press.net\/burundi\/photo\/burundi-reunion-dinformation-sur-la-vaccination-du-betail-en-cours-a-ruyigi#breadcrumb"},"inLanguage":"fr-FR","potentialAction":[{"@type":"ReadAction","target":["https:\/\/www.africa-press.net\/burundi\/photo\/burundi-reunion-dinformation-sur-la-vaccination-du-betail-en-cours-a-ruyigi"]}]},{"@type":"ImageObject","inLanguage":"fr-FR","@id":"https:\/\/www.africa-press.net\/burundi\/photo\/burundi-reunion-dinformation-sur-la-vaccination-du-betail-en-cours-a-ruyigi#primaryimage","url":"https:\/\/static.africa-press.net\/burundi\/sites\/47\/2022\/07\/postQueueImg_5-62e44fed92d73.jpg","contentUrl":"https:\/\/static.africa-press.net\/burundi\/sites\/47\/2022\/07\/postQueueImg_5-62e44fed92d73.jpg","width":1080,"height":607,"caption":"Burundi : R\u00e9union d\u2019information sur la vaccination du b\u00e9tail en cours \u00e0 Ruyigi"},{"@type":"BreadcrumbList","@id":"https:\/\/www.africa-press.net\/burundi\/photo\/burundi-reunion-dinformation-sur-la-vaccination-du-betail-en-cours-a-ruyigi#breadcrumb","itemListElement":[{"@type":"ListItem","position":1,"name":"Accueil","item":"https:\/\/www.africa-press.net\/burundi\/"},{"@type":"ListItem","position":2,"name":"Burundi : R\u00e9union d\u2019information sur la vaccination du b\u00e9tail en cours \u00e0 Ruyigi"}]},{"@type":"WebSite","@id":"https:\/\/www.africa-press.net\/burundi\/#website","url":"https:\/\/www.africa-press.net\/burundi\/","name":"Burundi","description":"Just another Africa News Agency Sites site","potentialAction":[{"@type":"SearchAction","target":{"@type":"EntryPoint","urlTemplate":"https:\/\/www.africa-press.net\/burundi\/?s={search_term_string}"},"query-input":{"@type":"PropertyValueSpecification","valueRequired":true,"valueName":"search_term_string"}}],"inLanguage":"fr-FR"},{"@type":"Person","@id":"https:\/\/www.africa-press.net\/burundi\/#\/schema\/person\/2b1cf3cd81a31e3cd26889ca66d677f1","name":"cfeditorfr"}]}},"_links":{"self":[{"href":"https:\/\/www.africa-press.net\/burundi\/wp-json\/wp\/v2\/posts\/5034","targetHints":{"allow":["GET"]}}],"collection":[{"href":"https:\/\/www.africa-press.net\/burundi\/wp-json\/wp\/v2\/posts"}],"about":[{"href":"https:\/\/www.africa-press.net\/burundi\/wp-json\/wp\/v2\/types\/post"}],"author":[{"embeddable":true,"href":"https:\/\/www.africa-press.net\/burundi\/wp-json\/wp\/v2\/users\/82"}],"replies":[{"embeddable":true,"href":"https:\/\/www.africa-press.net\/burundi\/wp-json\/wp\/v2\/comments?post=5034"}],"version-history":[{"count":0,"href":"https:\/\/www.africa-press.net\/burundi\/wp-json\/wp\/v2\/posts\/5034\/revisions"}],"wp:featuredmedia":[{"embeddable":true,"href":"https:\/\/www.africa-press.net\/burundi\/wp-json\/wp\/v2\/media\/5033"}],"wp:attachment":[{"href":"https:\/\/www.africa-press.net\/burundi\/wp-json\/wp\/v2\/media?parent=5034"}],"wp:term":[{"taxonomy":"category","embeddable":true,"href":"https:\/\/www.africa-press.net\/burundi\/wp-json\/wp\/v2\/categories?post=5034"},{"taxonomy":"post_tag","embeddable":true,"href":"https:\/\/www.africa-press.net\/burundi\/wp-json\/wp\/v2\/tags?post=5034"}],"curies":[{"name":"wp","href":"https:\/\/api.w.org\/{rel}","templated":true}]}}