{"id":5118,"date":"2022-08-01T18:14:38","date_gmt":"2022-08-01T18:14:38","guid":{"rendered":"https:\/\/www.africa-press.net\/burundi\/politique\/burundi-a-myandagaro-le-couple-mukakaryenda-karyenda-donnait-naissance-imana"},"modified":"2022-08-01T18:41:34","modified_gmt":"2022-08-01T18:41:34","slug":"burundi-a-myandagaro-le-couple-mukakaryenda-karyenda-donnait-naissance-imana","status":"publish","type":"post","link":"https:\/\/www.africa-press.net\/burundi\/culture-et-art\/burundi-a-myandagaro-le-couple-mukakaryenda-karyenda-donnait-naissance-imana","title":{"rendered":"Burundi : A Myandagaro, le couple MukaKaryenda \u2013 Karyenda donnait naissance -Imana-"},"content":{"rendered":"<p><span style=\"color: #ff6600\"><strong>Africa-Press &#8211; Burundi. <\/strong><\/span>Au d\u00e9but du mois de Myandagaro ( Ao\u00fbt ), le couple MukaKaryenda \u2013 Karyenda donnait naissance \u00e0 -Imana-\u2026<\/p>\n<p>Les Barundi sont un peuple de l\u2019Ubuntu. A la p\u00e9riode du mois de \u2013 Mukakaro \u2013 ( juillet ), les Barundi, \u00e0 l\u2019\u00e9poque d\u2019 \u2013ingoma y\u2019uburundi \u2013 , f\u00eataient le couple MukaKaryenda \u2013 Karyenda. Mukakaryenda, la femme Tambour, \u00e9pouse du Tambour Sacr\u00e9 des Barundi \u2013 Karyenda -, portant l\u2019\u00e9nergie vitale de toute chose, \u00e9tait repr\u00e9sent\u00e9e symboliquement humainement par une femme institutionnalis\u00e9e appel\u00e9e Mukakaryenda ( cfr. Ruburisoni en 1928 ), v\u00e9g\u00e9talement par \u2013 amasaka \u2013 le sorgho ( Mukakaro \u00e9tait aussi un mois du sorgho -amasaka-), et animalement, par inka, la vache. .<\/p>\n<p>Pour les Bagumyabanga Bapfumu \u2013 Bahanuza \u2013 , astronomes Barundi, \u2013uburemagi \u2013 ( l\u2019univers , le cosmos ), \u00e9tait\/est la cr\u00e9ation \u2013 irema \u2013 de \u2013Ma\u2013 Mukakaryenda.<\/p>\n<p>Ainsi, au d\u00e9but du mois de Myandagaro ( Ao\u00fbt ), le couple MukaKaryenda \u2013 Karyenda donnait naissance ( kuvuka ) \u00e0 \u2013Imana-. Myandagaro \u00e9tait un moment joyeux au niveau temporel. On venait de quitter l\u2019univers du \u2013 Monde non Existant \u2013 du couple MukaKaryenda \u2013 Karyenda ( soit le mois de Mukakaro ) et on entrait dans l\u2019univers du \u2013 Monde Existant \u2013 d\u2019imana, soit le d\u00e9but du monde \/ de l\u2019univers int\u00e9rieur. C\u2019\u00e9tait le d\u00e9but d\u2019une ann\u00e9e \u2013 umwaka \u2013 nouvelle de notre univers du \u2013 Monde Existant \u2013 .<\/p>\n<p>A ne pas confondre avec l\u2019- umuganuro \u2013 au mois de \u2013Kigarama-, o\u00f9 les Barundi f\u00eataient le d\u00e9but d\u2019une ann\u00e9e \u2013 umwaka \u2013 nouvelle de notre univers du \u2013 Monde non Existant \u2013.<\/p>\n<p><img loading=\"lazy\" decoding=\"async\" width=\"660\" height=\"1176\" class=\"alignnone wp-image-5116 size-full\" src=\"https:\/\/static.africa-press.net\/burundi\/sites\/47\/2022\/08\/postMediaimg_5_1.jpg\" srcset=\"https:\/\/static.africa-press.net\/burundi\/sites\/47\/2022\/08\/postMediaimg_5_1.jpg 660w, https:\/\/static.africa-press.net\/burundi\/sites\/47\/2022\/08\/postMediaimg_5_1-168x300.jpg 168w, https:\/\/static.africa-press.net\/burundi\/sites\/47\/2022\/08\/postMediaimg_5_1-575x1024.jpg 575w\" sizes=\"auto, (max-width: 660px) 100vw, 660px\" \/><\/p>\n<p><strong>Pour plus d&rsquo;informations et d&rsquo;analyses sur la <a href=\"https:\/\/www.africa-press.net\/burundi\">Burundi<\/a>, suivez <a href=\"https:\/\/www.africa-press.net\/\">Africa-Press<\/a><\/strong><\/p>\n","protected":false},"excerpt":{"rendered":"<p>Africa-Press &#8211; Burundi. Au d\u00e9but du mois de Myandagaro ( Ao\u00fbt ), le couple MukaKaryenda \u2013 Karyenda donnait naissance \u00e0 -Imana-\u2026 Les Barundi sont un peuple de l\u2019Ubuntu. A la p\u00e9riode du mois de \u2013 Mukakaro \u2013 ( juillet ), les Barundi, \u00e0 l\u2019\u00e9poque d\u2019 \u2013ingoma y\u2019uburundi \u2013 , f\u00eataient le couple MukaKaryenda \u2013 Karyenda. [&hellip;]<\/p>\n","protected":false},"author":82,"featured_media":5117,"comment_status":"open","ping_status":"closed","sticky":false,"template":"","format":"standard","meta":{"footnotes":""},"categories":[5,11,8,10],"tags":[36,48,45],"class_list":["post-5118","post","type-post","status-publish","format-standard","has-post-thumbnail","hentry","category-culture-et-art","category-homepage-french","category-photo","category-toutes-les-actualites","tag-africa-press","tag-africa-press-burundi","tag-burundi"],"yoast_head":"<!-- This site is optimized with the Yoast SEO Premium plugin v26.1 (Yoast SEO v27.0) - https:\/\/yoast.com\/product\/yoast-seo-premium-wordpress\/ -->\n<title>Burundi : A Myandagaro, le couple MukaKaryenda \u2013 Karyenda donnait naissance -Imana- Burundi<\/title>\n<meta name=\"description\" content=\"Au d\u00e9but du mois de Myandagaro ( Ao\u00fbt ), le couple MukaKaryenda \u2013 Karyenda donnait naissance \u00e0 -Imana-\u2026 Les Barundi son ...\" \/>\n<meta name=\"robots\" content=\"index, follow, max-snippet:-1, max-image-preview:large, max-video-preview:-1\" \/>\n<link rel=\"canonical\" href=\"https:\/\/www.africa-press.net\/burundi\/culture-et-art\/burundi-a-myandagaro-le-couple-mukakaryenda-karyenda-donnait-naissance-imana\" \/>\n<meta property=\"og:locale\" content=\"fr_FR\" \/>\n<meta property=\"og:type\" content=\"article\" \/>\n<meta property=\"og:title\" content=\"Burundi : A Myandagaro, le couple MukaKaryenda \u2013 Karyenda donnait naissance -Imana-\" \/>\n<meta property=\"og:description\" content=\"Au d\u00e9but du mois de Myandagaro ( Ao\u00fbt ), le couple MukaKaryenda \u2013 Karyenda donnait naissance \u00e0 -Imana-\u2026 Les Barundi son ...\" \/>\n<meta property=\"og:url\" content=\"https:\/\/www.africa-press.net\/burundi\/culture-et-art\/burundi-a-myandagaro-le-couple-mukakaryenda-karyenda-donnait-naissance-imana\" \/>\n<meta property=\"og:site_name\" content=\"Burundi\" \/>\n<meta property=\"article:published_time\" content=\"2022-08-01T18:14:38+00:00\" \/>\n<meta property=\"article:modified_time\" content=\"2022-08-01T18:41:34+00:00\" \/>\n<meta property=\"og:image\" content=\"https:\/\/static.africa-press.net\/burundi\/sites\/47\/2022\/08\/postQueueImg_5.jpg\" \/>\n\t<meta property=\"og:image:width\" content=\"1089\" \/>\n\t<meta property=\"og:image:height\" content=\"634\" \/>\n\t<meta property=\"og:image:type\" content=\"image\/jpeg\" \/>\n<meta name=\"author\" content=\"cfeditorfr\" \/>\n<meta name=\"twitter:card\" content=\"summary_large_image\" \/>\n<meta name=\"twitter:label1\" content=\"\u00c9crit par\" \/>\n\t<meta name=\"twitter:data1\" content=\"cfeditorfr\" \/>\n\t<meta name=\"twitter:label2\" content=\"Dur\u00e9e de lecture estim\u00e9e\" \/>\n\t<meta name=\"twitter:data2\" content=\"2 minutes\" \/>\n<script type=\"application\/ld+json\" class=\"yoast-schema-graph\">{\"@context\":\"https:\/\/schema.org\",\"@graph\":[{\"@type\":\"Article\",\"@id\":\"https:\/\/www.africa-press.net\/burundi\/culture-et-art\/burundi-a-myandagaro-le-couple-mukakaryenda-karyenda-donnait-naissance-imana#article\",\"isPartOf\":{\"@id\":\"https:\/\/www.africa-press.net\/burundi\/culture-et-art\/burundi-a-myandagaro-le-couple-mukakaryenda-karyenda-donnait-naissance-imana\"},\"author\":{\"name\":\"cfeditorfr\",\"@id\":\"https:\/\/www.africa-press.net\/burundi\/#\/schema\/person\/2b1cf3cd81a31e3cd26889ca66d677f1\"},\"headline\":\"Burundi : A Myandagaro, le couple MukaKaryenda \u2013 Karyenda donnait naissance -Imana-\",\"datePublished\":\"2022-08-01T18:14:38+00:00\",\"dateModified\":\"2022-08-01T18:41:34+00:00\",\"mainEntityOfPage\":{\"@id\":\"https:\/\/www.africa-press.net\/burundi\/culture-et-art\/burundi-a-myandagaro-le-couple-mukakaryenda-karyenda-donnait-naissance-imana\"},\"wordCount\":267,\"commentCount\":0,\"image\":{\"@id\":\"https:\/\/www.africa-press.net\/burundi\/culture-et-art\/burundi-a-myandagaro-le-couple-mukakaryenda-karyenda-donnait-naissance-imana#primaryimage\"},\"thumbnailUrl\":\"https:\/\/static.africa-press.net\/burundi\/sites\/47\/2022\/08\/postQueueImg_5.jpg\",\"keywords\":[\"Africa Press\",\"Africa Press-Burundi\",\"Burundi\"],\"articleSection\":[\"Culture et Art\",\"homepage-french\",\"Photo\",\"Toutes les actualit\u00e9s\"],\"inLanguage\":\"fr-FR\",\"potentialAction\":[{\"@type\":\"CommentAction\",\"name\":\"Comment\",\"target\":[\"https:\/\/www.africa-press.net\/burundi\/culture-et-art\/burundi-a-myandagaro-le-couple-mukakaryenda-karyenda-donnait-naissance-imana#respond\"]}]},{\"@type\":\"WebPage\",\"@id\":\"https:\/\/www.africa-press.net\/burundi\/culture-et-art\/burundi-a-myandagaro-le-couple-mukakaryenda-karyenda-donnait-naissance-imana\",\"url\":\"https:\/\/www.africa-press.net\/burundi\/culture-et-art\/burundi-a-myandagaro-le-couple-mukakaryenda-karyenda-donnait-naissance-imana\",\"name\":\"Burundi : A Myandagaro, le couple MukaKaryenda \u2013 Karyenda donnait naissance -Imana- Burundi\",\"isPartOf\":{\"@id\":\"https:\/\/www.africa-press.net\/burundi\/#website\"},\"primaryImageOfPage\":{\"@id\":\"https:\/\/www.africa-press.net\/burundi\/culture-et-art\/burundi-a-myandagaro-le-couple-mukakaryenda-karyenda-donnait-naissance-imana#primaryimage\"},\"image\":{\"@id\":\"https:\/\/www.africa-press.net\/burundi\/culture-et-art\/burundi-a-myandagaro-le-couple-mukakaryenda-karyenda-donnait-naissance-imana#primaryimage\"},\"thumbnailUrl\":\"https:\/\/static.africa-press.net\/burundi\/sites\/47\/2022\/08\/postQueueImg_5.jpg\",\"datePublished\":\"2022-08-01T18:14:38+00:00\",\"dateModified\":\"2022-08-01T18:41:34+00:00\",\"author\":{\"@id\":\"https:\/\/www.africa-press.net\/burundi\/#\/schema\/person\/2b1cf3cd81a31e3cd26889ca66d677f1\"},\"description\":\"Au d\u00e9but du mois de Myandagaro ( Ao\u00fbt ), le couple MukaKaryenda \u2013 Karyenda donnait naissance \u00e0 -Imana-\u2026 Les Barundi son ...\",\"breadcrumb\":{\"@id\":\"https:\/\/www.africa-press.net\/burundi\/culture-et-art\/burundi-a-myandagaro-le-couple-mukakaryenda-karyenda-donnait-naissance-imana#breadcrumb\"},\"inLanguage\":\"fr-FR\",\"potentialAction\":[{\"@type\":\"ReadAction\",\"target\":[\"https:\/\/www.africa-press.net\/burundi\/culture-et-art\/burundi-a-myandagaro-le-couple-mukakaryenda-karyenda-donnait-naissance-imana\"]}]},{\"@type\":\"ImageObject\",\"inLanguage\":\"fr-FR\",\"@id\":\"https:\/\/www.africa-press.net\/burundi\/culture-et-art\/burundi-a-myandagaro-le-couple-mukakaryenda-karyenda-donnait-naissance-imana#primaryimage\",\"url\":\"https:\/\/static.africa-press.net\/burundi\/sites\/47\/2022\/08\/postQueueImg_5.jpg\",\"contentUrl\":\"https:\/\/static.africa-press.net\/burundi\/sites\/47\/2022\/08\/postQueueImg_5.jpg\",\"width\":1089,\"height\":634,\"caption\":\"Burundi : A Myandagaro, le couple MukaKaryenda \u2013 Karyenda donnait naissance -Imana-\"},{\"@type\":\"BreadcrumbList\",\"@id\":\"https:\/\/www.africa-press.net\/burundi\/culture-et-art\/burundi-a-myandagaro-le-couple-mukakaryenda-karyenda-donnait-naissance-imana#breadcrumb\",\"itemListElement\":[{\"@type\":\"ListItem\",\"position\":1,\"name\":\"Accueil\",\"item\":\"https:\/\/www.africa-press.net\/burundi\/\"},{\"@type\":\"ListItem\",\"position\":2,\"name\":\"Burundi : A Myandagaro, le couple MukaKaryenda \u2013 Karyenda donnait naissance -Imana-\"}]},{\"@type\":\"WebSite\",\"@id\":\"https:\/\/www.africa-press.net\/burundi\/#website\",\"url\":\"https:\/\/www.africa-press.net\/burundi\/\",\"name\":\"Burundi\",\"description\":\"Just another Africa News Agency Sites site\",\"potentialAction\":[{\"@type\":\"SearchAction\",\"target\":{\"@type\":\"EntryPoint\",\"urlTemplate\":\"https:\/\/www.africa-press.net\/burundi\/?s={search_term_string}\"},\"query-input\":{\"@type\":\"PropertyValueSpecification\",\"valueRequired\":true,\"valueName\":\"search_term_string\"}}],\"inLanguage\":\"fr-FR\"},{\"@type\":\"Person\",\"@id\":\"https:\/\/www.africa-press.net\/burundi\/#\/schema\/person\/2b1cf3cd81a31e3cd26889ca66d677f1\",\"name\":\"cfeditorfr\"}]}<\/script>\n<!-- \/ Yoast SEO Premium plugin. -->","yoast_head_json":{"title":"Burundi : A Myandagaro, le couple MukaKaryenda \u2013 Karyenda donnait naissance -Imana- Burundi","description":"Au d\u00e9but du mois de Myandagaro ( Ao\u00fbt ), le couple MukaKaryenda \u2013 Karyenda donnait naissance \u00e0 -Imana-\u2026 Les Barundi son ...","robots":{"index":"index","follow":"follow","max-snippet":"max-snippet:-1","max-image-preview":"max-image-preview:large","max-video-preview":"max-video-preview:-1"},"canonical":"https:\/\/www.africa-press.net\/burundi\/culture-et-art\/burundi-a-myandagaro-le-couple-mukakaryenda-karyenda-donnait-naissance-imana","og_locale":"fr_FR","og_type":"article","og_title":"Burundi : A Myandagaro, le couple MukaKaryenda \u2013 Karyenda donnait naissance -Imana-","og_description":"Au d\u00e9but du mois de Myandagaro ( Ao\u00fbt ), le couple MukaKaryenda \u2013 Karyenda donnait naissance \u00e0 -Imana-\u2026 Les Barundi son ...","og_url":"https:\/\/www.africa-press.net\/burundi\/culture-et-art\/burundi-a-myandagaro-le-couple-mukakaryenda-karyenda-donnait-naissance-imana","og_site_name":"Burundi","article_published_time":"2022-08-01T18:14:38+00:00","article_modified_time":"2022-08-01T18:41:34+00:00","og_image":[{"width":1089,"height":634,"url":"https:\/\/static.africa-press.net\/burundi\/sites\/47\/2022\/08\/postQueueImg_5.jpg","type":"image\/jpeg"}],"author":"cfeditorfr","twitter_card":"summary_large_image","twitter_misc":{"\u00c9crit par":"cfeditorfr","Dur\u00e9e de lecture estim\u00e9e":"2 minutes"},"schema":{"@context":"https:\/\/schema.org","@graph":[{"@type":"Article","@id":"https:\/\/www.africa-press.net\/burundi\/culture-et-art\/burundi-a-myandagaro-le-couple-mukakaryenda-karyenda-donnait-naissance-imana#article","isPartOf":{"@id":"https:\/\/www.africa-press.net\/burundi\/culture-et-art\/burundi-a-myandagaro-le-couple-mukakaryenda-karyenda-donnait-naissance-imana"},"author":{"name":"cfeditorfr","@id":"https:\/\/www.africa-press.net\/burundi\/#\/schema\/person\/2b1cf3cd81a31e3cd26889ca66d677f1"},"headline":"Burundi : A Myandagaro, le couple MukaKaryenda \u2013 Karyenda donnait naissance -Imana-","datePublished":"2022-08-01T18:14:38+00:00","dateModified":"2022-08-01T18:41:34+00:00","mainEntityOfPage":{"@id":"https:\/\/www.africa-press.net\/burundi\/culture-et-art\/burundi-a-myandagaro-le-couple-mukakaryenda-karyenda-donnait-naissance-imana"},"wordCount":267,"commentCount":0,"image":{"@id":"https:\/\/www.africa-press.net\/burundi\/culture-et-art\/burundi-a-myandagaro-le-couple-mukakaryenda-karyenda-donnait-naissance-imana#primaryimage"},"thumbnailUrl":"https:\/\/static.africa-press.net\/burundi\/sites\/47\/2022\/08\/postQueueImg_5.jpg","keywords":["Africa Press","Africa Press-Burundi","Burundi"],"articleSection":["Culture et Art","homepage-french","Photo","Toutes les actualit\u00e9s"],"inLanguage":"fr-FR","potentialAction":[{"@type":"CommentAction","name":"Comment","target":["https:\/\/www.africa-press.net\/burundi\/culture-et-art\/burundi-a-myandagaro-le-couple-mukakaryenda-karyenda-donnait-naissance-imana#respond"]}]},{"@type":"WebPage","@id":"https:\/\/www.africa-press.net\/burundi\/culture-et-art\/burundi-a-myandagaro-le-couple-mukakaryenda-karyenda-donnait-naissance-imana","url":"https:\/\/www.africa-press.net\/burundi\/culture-et-art\/burundi-a-myandagaro-le-couple-mukakaryenda-karyenda-donnait-naissance-imana","name":"Burundi : A Myandagaro, le couple MukaKaryenda \u2013 Karyenda donnait naissance -Imana- Burundi","isPartOf":{"@id":"https:\/\/www.africa-press.net\/burundi\/#website"},"primaryImageOfPage":{"@id":"https:\/\/www.africa-press.net\/burundi\/culture-et-art\/burundi-a-myandagaro-le-couple-mukakaryenda-karyenda-donnait-naissance-imana#primaryimage"},"image":{"@id":"https:\/\/www.africa-press.net\/burundi\/culture-et-art\/burundi-a-myandagaro-le-couple-mukakaryenda-karyenda-donnait-naissance-imana#primaryimage"},"thumbnailUrl":"https:\/\/static.africa-press.net\/burundi\/sites\/47\/2022\/08\/postQueueImg_5.jpg","datePublished":"2022-08-01T18:14:38+00:00","dateModified":"2022-08-01T18:41:34+00:00","author":{"@id":"https:\/\/www.africa-press.net\/burundi\/#\/schema\/person\/2b1cf3cd81a31e3cd26889ca66d677f1"},"description":"Au d\u00e9but du mois de Myandagaro ( Ao\u00fbt ), le couple MukaKaryenda \u2013 Karyenda donnait naissance \u00e0 -Imana-\u2026 Les Barundi son ...","breadcrumb":{"@id":"https:\/\/www.africa-press.net\/burundi\/culture-et-art\/burundi-a-myandagaro-le-couple-mukakaryenda-karyenda-donnait-naissance-imana#breadcrumb"},"inLanguage":"fr-FR","potentialAction":[{"@type":"ReadAction","target":["https:\/\/www.africa-press.net\/burundi\/culture-et-art\/burundi-a-myandagaro-le-couple-mukakaryenda-karyenda-donnait-naissance-imana"]}]},{"@type":"ImageObject","inLanguage":"fr-FR","@id":"https:\/\/www.africa-press.net\/burundi\/culture-et-art\/burundi-a-myandagaro-le-couple-mukakaryenda-karyenda-donnait-naissance-imana#primaryimage","url":"https:\/\/static.africa-press.net\/burundi\/sites\/47\/2022\/08\/postQueueImg_5.jpg","contentUrl":"https:\/\/static.africa-press.net\/burundi\/sites\/47\/2022\/08\/postQueueImg_5.jpg","width":1089,"height":634,"caption":"Burundi : A Myandagaro, le couple MukaKaryenda \u2013 Karyenda donnait naissance -Imana-"},{"@type":"BreadcrumbList","@id":"https:\/\/www.africa-press.net\/burundi\/culture-et-art\/burundi-a-myandagaro-le-couple-mukakaryenda-karyenda-donnait-naissance-imana#breadcrumb","itemListElement":[{"@type":"ListItem","position":1,"name":"Accueil","item":"https:\/\/www.africa-press.net\/burundi\/"},{"@type":"ListItem","position":2,"name":"Burundi : A Myandagaro, le couple MukaKaryenda \u2013 Karyenda donnait naissance -Imana-"}]},{"@type":"WebSite","@id":"https:\/\/www.africa-press.net\/burundi\/#website","url":"https:\/\/www.africa-press.net\/burundi\/","name":"Burundi","description":"Just another Africa News Agency Sites site","potentialAction":[{"@type":"SearchAction","target":{"@type":"EntryPoint","urlTemplate":"https:\/\/www.africa-press.net\/burundi\/?s={search_term_string}"},"query-input":{"@type":"PropertyValueSpecification","valueRequired":true,"valueName":"search_term_string"}}],"inLanguage":"fr-FR"},{"@type":"Person","@id":"https:\/\/www.africa-press.net\/burundi\/#\/schema\/person\/2b1cf3cd81a31e3cd26889ca66d677f1","name":"cfeditorfr"}]}},"_links":{"self":[{"href":"https:\/\/www.africa-press.net\/burundi\/wp-json\/wp\/v2\/posts\/5118","targetHints":{"allow":["GET"]}}],"collection":[{"href":"https:\/\/www.africa-press.net\/burundi\/wp-json\/wp\/v2\/posts"}],"about":[{"href":"https:\/\/www.africa-press.net\/burundi\/wp-json\/wp\/v2\/types\/post"}],"author":[{"embeddable":true,"href":"https:\/\/www.africa-press.net\/burundi\/wp-json\/wp\/v2\/users\/82"}],"replies":[{"embeddable":true,"href":"https:\/\/www.africa-press.net\/burundi\/wp-json\/wp\/v2\/comments?post=5118"}],"version-history":[{"count":0,"href":"https:\/\/www.africa-press.net\/burundi\/wp-json\/wp\/v2\/posts\/5118\/revisions"}],"wp:featuredmedia":[{"embeddable":true,"href":"https:\/\/www.africa-press.net\/burundi\/wp-json\/wp\/v2\/media\/5117"}],"wp:attachment":[{"href":"https:\/\/www.africa-press.net\/burundi\/wp-json\/wp\/v2\/media?parent=5118"}],"wp:term":[{"taxonomy":"category","embeddable":true,"href":"https:\/\/www.africa-press.net\/burundi\/wp-json\/wp\/v2\/categories?post=5118"},{"taxonomy":"post_tag","embeddable":true,"href":"https:\/\/www.africa-press.net\/burundi\/wp-json\/wp\/v2\/tags?post=5118"}],"curies":[{"name":"wp","href":"https:\/\/api.w.org\/{rel}","templated":true}]}}