{"id":6673,"date":"2022-09-19T21:49:29","date_gmt":"2022-09-19T21:49:29","guid":{"rendered":"https:\/\/www.africa-press.net\/burundi\/politique\/burundi-luprona-fete-les-61-ans-de-sa-victoire-electorale-de-septembre-1961"},"modified":"2022-09-23T22:19:58","modified_gmt":"2022-09-23T22:19:58","slug":"burundi-luprona-fete-les-61-ans-de-sa-victoire-electorale-de-septembre-1961","status":"publish","type":"post","link":"https:\/\/www.africa-press.net\/burundi\/politique\/burundi-luprona-fete-les-61-ans-de-sa-victoire-electorale-de-septembre-1961","title":{"rendered":"Burundi : L\u2019Uprona f\u00eate les 61 ans de sa victoire \u00e9lectorale de septembre 1961"},"content":{"rendered":"<p><span style=\"color: #ff6600\"><strong>Africa-Press &#8211; Burundi. <\/strong><\/span>L\u2019Uprona fe\u0302te le 61e\u0300me anniversaire de sa victoire e\u0301lectorale de septembre 1961<\/p>\n<p>Au Burundi, les partis politiques sont ne\u0301s avec le de\u0301cret colonial Belge du 25 de\u0301cembre 1959 [1], ayant scelle\u0301 le sort d\u2019Ingoma y\u2019Uburundi [2] . Ainsi, l\u2019UPRONA de Feu Rwagasore Louis et de Feu Mirerekano Paul naquit officiellement de\u0300s lors en janvier 1960, e\u0301tant une organisation politique a\u0300 posture panafricaniste, combattant le Colonialisme et ayant vocation a\u0300 conduire le Burundi vers l\u2019inde\u0301pendance. Mais c\u2019e\u0301tait sans compter sur le \u2013 Pacte ne\u0301o-colon burundais \u2013 [3] ayant e\u0301te\u0301 scelle\u0301 entre les USA-Vatican-France-Belgique et M. Ntiruhwama Jean [4], ve\u0301ritable \u2013Juda\u2013 Burundais, membre de l\u2019UPRONA.<\/p>\n<p>Le 18 septembre 1961, le Parti Uprona de Feu Rwagasore et Feu Mirerekano, panafricaniste, remportait les e\u0301lections de\u0301mocratiques au Burundi. Un mois apre\u0300s, Feu Rwagasore fut assassine\u0301 par les acteurs ne\u0301o-colons , avec l\u2019aide de M. Ntiruhwama Jean.<\/p>\n<p>De\u0300s 1962, l\u2019acteur ne\u0301o-colon burundais Ntiruhwama Jean re\u0301ussit a\u0300 prendre le contro\u0302le total de l\u2019UPRONA. L\u2019UPRONA des feu Rwagasore et feu Mirerekano devenant de\u0301sormais un outil politique sous contro\u0302le du ne\u0301ocolonialisme [5]. Pour le jeu ge\u0301opolitique entre acteurs ne\u0301o-colons, les deux tendances politiques de l\u2019Uprona ( Panafricaniste et Neo-colon ) furent codifie\u0301es en groupe \u00ab Monrovia \u00bb et groupe \u00ab Casablanca \u00bb. Soit, avec l\u2019esprit tordu des partisans de M. Ntiruhwama Jean : l\u2019Uprona panafricaniste devenant Monrovia et l\u2018Uprona Neo-Colon devenant Panafricaniste. Ce qui de\u0301routa les ve\u0301ritables panafricanistes de l\u2019e\u0301poque. Permettant aux acteurs ne\u0301o-colons, surtout a\u0300 Ntiruhwama, de s\u2019y retrouver. C\u2019est avec cet Accord Tacite UPRONA \u2013 BELGIQUE que M. Ntiruhwama Jean et ses complices re\u0301alise\u0300rent le Ge\u0301nocide Re\u0301gicide du Burundi [6], en assassinant entre 1962 et 1965-1966 dans un premier temps une tre\u0300s grande partie des Baganwa Barundi [7] et les Bagumyabanga Barundi [8] pour mettre fin a\u0300 \u2013 Ingoma y\u2019uburundi -, soit l\u2019Etat des Barundi. Et passant par 1969 et 1971, aboutissant entre 1972 et 1973 au Ge\u0301nocide contre les Bahutu Barundi [9], en instaurant la dictature des Bahima Barundi, qui, en 40 ans fit plus de 4,5 millions de victimes Barundi sur une population actuelle de plus de 9 millions de Barundi.<\/p>\n<p>Ce dimanche, l\u2019Uprona ce\u0301le\u0301brait le 61e\u0300me anniversaire de sa victoire e\u0301lectorale de septembre 1961, avec le fameux de\u0301po\u0302t des gerbes de fleurs au Mausole\u0301e du Prince Louis Rwagasore avant d\u2019autres activite\u0301s a\u0300 la permanence nationale Kumugumya.<\/p>\n\r\n                <style type=\"text\/css\">\r\n                    \r\n                    #td_uid_1_69f1243393590  .td-doubleSlider-2 .td-item1 {\r\n                        background: url(https:\/\/static.africa-press.net\/burundi\/sites\/47\/2022\/09\/postMediaimg_8_1-632e309504cd3-80x60.jpg) 0 0 no-repeat;\r\n                    }\r\n                    #td_uid_1_69f1243393590  .td-doubleSlider-2 .td-item2 {\r\n                        background: url(https:\/\/static.africa-press.net\/burundi\/sites\/47\/2022\/09\/postMediaimg_8_2-632e30a044c0c-80x60.jpg) 0 0 no-repeat;\r\n                    }\r\n                    #td_uid_1_69f1243393590  .td-doubleSlider-2 .td-item3 {\r\n                        background: url(https:\/\/static.africa-press.net\/burundi\/sites\/47\/2022\/09\/postMediaimg_8_3-632e30aa8bf34-80x60.jpg) 0 0 no-repeat;\r\n                    }\r\n                    #td_uid_1_69f1243393590  .td-doubleSlider-2 .td-item4 {\r\n                        background: url(https:\/\/static.africa-press.net\/burundi\/sites\/47\/2022\/09\/postMediaimg_8_4-632e30b5bd0ed-80x60.jpg) 0 0 no-repeat;\r\n                    }\r\n                    #td_uid_1_69f1243393590  .td-doubleSlider-2 .td-item5 {\r\n                        background: url(https:\/\/static.africa-press.net\/burundi\/sites\/47\/2022\/09\/postMediaimg_8_5-632e30c259dee-80x60.jpg) 0 0 no-repeat;\r\n                    }\r\n                    #td_uid_1_69f1243393590  .td-doubleSlider-2 .td-item6 {\r\n                        background: url(https:\/\/static.africa-press.net\/burundi\/sites\/47\/2022\/09\/postMediaimg_8_6-632e30d13651b-80x60.jpg) 0 0 no-repeat;\r\n                    }\r\n                    #td_uid_1_69f1243393590  .td-doubleSlider-2 .td-item7 {\r\n                        background: url(https:\/\/static.africa-press.net\/burundi\/sites\/47\/2022\/09\/postMediaimg_8_7-632e30ddbc271-80x60.jpg) 0 0 no-repeat;\r\n                    }\r\n                    #td_uid_1_69f1243393590  .td-doubleSlider-2 .td-item8 {\r\n                        background: url(https:\/\/static.africa-press.net\/burundi\/sites\/47\/2022\/09\/postMediaimg_8_8-632e30e8e5457-80x60.jpg) 0 0 no-repeat;\r\n                    }\r\n                <\/style>\r\n\r\n                <div id=\"td_uid_1_69f1243393590\" class=\"td-gallery td-slide-on-2-columns\">\r\n                    <div class=\"post_td_gallery\">\r\n                        <div class=\"td-gallery-slide-top\">\r\n                           <div class=\"td-gallery-title\"><\/div>\r\n\r\n                            <div class=\"td-gallery-controls-wrapper\">\r\n                                <div class=\"td-gallery-slide-count\"><span class=\"td-gallery-slide-item-focus\">1<\/span> de 8<\/div>\r\n                                <div class=\"td-gallery-slide-prev-next-but\">\r\n                                    <i class = \"td-icon-left doubleSliderPrevButton\"><\/i>\r\n                                    <i class = \"td-icon-right doubleSliderNextButton\"><\/i>\r\n                                <\/div>\r\n                            <\/div>\r\n                        <\/div>\r\n\r\n                        <div class = \"td-doubleSlider-1 \">\r\n                            <div class = \"td-slider\">\r\n                                \r\n                    <div class = \"td-slide-item td-item1\">\r\n                        <figure class=\"td-slide-galery-figure td-slide-popup-gallery\">\r\n                            <a class=\"slide-gallery-image-link\" href=\"https:\/\/static.africa-press.net\/burundi\/sites\/47\/2022\/09\/postMediaimg_8_1-632e309504cd3.jpg\" title=\"postMediaimg_8_1-632e309504cd3\"  data-caption=\"\"  data-description=\"\">\r\n                                <img decoding=\"async\" src=\"https:\/\/static.africa-press.net\/burundi\/sites\/47\/2022\/09\/postMediaimg_8_1-632e309504cd3.jpg\" srcset=\"https:\/\/static.africa-press.net\/burundi\/sites\/47\/2022\/09\/postMediaimg_8_1-632e309504cd3.jpg 1024w, https:\/\/static.africa-press.net\/burundi\/sites\/47\/2022\/09\/postMediaimg_8_1-632e309504cd3-300x225.jpg 300w, https:\/\/static.africa-press.net\/burundi\/sites\/47\/2022\/09\/postMediaimg_8_1-632e309504cd3-768x576.jpg 768w, https:\/\/static.africa-press.net\/burundi\/sites\/47\/2022\/09\/postMediaimg_8_1-632e309504cd3-80x60.jpg 80w\" sizes=\"(max-width: 1024px) 100vw, 1024px\" alt=\"\">\r\n                            <\/a>\r\n                            \r\n                        <\/figure>\r\n                    <\/div>\r\n                    <div class = \"td-slide-item td-item2\">\r\n                        <figure class=\"td-slide-galery-figure td-slide-popup-gallery\">\r\n                            <a class=\"slide-gallery-image-link\" href=\"https:\/\/static.africa-press.net\/burundi\/sites\/47\/2022\/09\/postMediaimg_8_2-632e30a044c0c.jpg\" title=\"postMediaimg_8_2-632e30a044c0c\"  data-caption=\"\"  data-description=\"\">\r\n                                <img decoding=\"async\" src=\"https:\/\/static.africa-press.net\/burundi\/sites\/47\/2022\/09\/postMediaimg_8_2-632e30a044c0c.jpg\" srcset=\"https:\/\/static.africa-press.net\/burundi\/sites\/47\/2022\/09\/postMediaimg_8_2-632e30a044c0c.jpg 1024w, https:\/\/static.africa-press.net\/burundi\/sites\/47\/2022\/09\/postMediaimg_8_2-632e30a044c0c-300x200.jpg 300w, https:\/\/static.africa-press.net\/burundi\/sites\/47\/2022\/09\/postMediaimg_8_2-632e30a044c0c-768x512.jpg 768w\" sizes=\"(max-width: 1024px) 100vw, 1024px\" alt=\"\">\r\n                            <\/a>\r\n                            \r\n                        <\/figure>\r\n                    <\/div>\r\n                    <div class = \"td-slide-item td-item3\">\r\n                        <figure class=\"td-slide-galery-figure td-slide-popup-gallery\">\r\n                            <a class=\"slide-gallery-image-link\" href=\"https:\/\/static.africa-press.net\/burundi\/sites\/47\/2022\/09\/postMediaimg_8_3-632e30aa8bf34.jpg\" title=\"postMediaimg_8_3-632e30aa8bf34\"  data-caption=\"\"  data-description=\"\">\r\n                                <img decoding=\"async\" src=\"https:\/\/static.africa-press.net\/burundi\/sites\/47\/2022\/09\/postMediaimg_8_3-632e30aa8bf34.jpg\" srcset=\"https:\/\/static.africa-press.net\/burundi\/sites\/47\/2022\/09\/postMediaimg_8_3-632e30aa8bf34.jpg 1024w, https:\/\/static.africa-press.net\/burundi\/sites\/47\/2022\/09\/postMediaimg_8_3-632e30aa8bf34-300x200.jpg 300w, https:\/\/static.africa-press.net\/burundi\/sites\/47\/2022\/09\/postMediaimg_8_3-632e30aa8bf34-768x512.jpg 768w\" sizes=\"(max-width: 1024px) 100vw, 1024px\" alt=\"\">\r\n                            <\/a>\r\n                            \r\n                        <\/figure>\r\n                    <\/div>\r\n                    <div class = \"td-slide-item td-item4\">\r\n                        <figure class=\"td-slide-galery-figure td-slide-popup-gallery\">\r\n                            <a class=\"slide-gallery-image-link\" href=\"https:\/\/static.africa-press.net\/burundi\/sites\/47\/2022\/09\/postMediaimg_8_4-632e30b5bd0ed.jpg\" title=\"postMediaimg_8_4-632e30b5bd0ed\"  data-caption=\"\"  data-description=\"\">\r\n                                <img decoding=\"async\" src=\"https:\/\/static.africa-press.net\/burundi\/sites\/47\/2022\/09\/postMediaimg_8_4-632e30b5bd0ed.jpg\" srcset=\"https:\/\/static.africa-press.net\/burundi\/sites\/47\/2022\/09\/postMediaimg_8_4-632e30b5bd0ed.jpg 1080w, https:\/\/static.africa-press.net\/burundi\/sites\/47\/2022\/09\/postMediaimg_8_4-632e30b5bd0ed-300x200.jpg 300w, https:\/\/static.africa-press.net\/burundi\/sites\/47\/2022\/09\/postMediaimg_8_4-632e30b5bd0ed-1024x683.jpg 1024w, https:\/\/static.africa-press.net\/burundi\/sites\/47\/2022\/09\/postMediaimg_8_4-632e30b5bd0ed-768x512.jpg 768w\" sizes=\"(max-width: 1080px) 100vw, 1080px\" alt=\"\">\r\n                            <\/a>\r\n                            \r\n                        <\/figure>\r\n                    <\/div>\r\n                    <div class = \"td-slide-item td-item5\">\r\n                        <figure class=\"td-slide-galery-figure td-slide-popup-gallery\">\r\n                            <a class=\"slide-gallery-image-link\" href=\"https:\/\/static.africa-press.net\/burundi\/sites\/47\/2022\/09\/postMediaimg_8_5-632e30c259dee.jpg\" title=\"postMediaimg_8_5-632e30c259dee\"  data-caption=\"\"  data-description=\"\">\r\n                                <img decoding=\"async\" src=\"https:\/\/static.africa-press.net\/burundi\/sites\/47\/2022\/09\/postMediaimg_8_5-632e30c259dee.jpg\" srcset=\"https:\/\/static.africa-press.net\/burundi\/sites\/47\/2022\/09\/postMediaimg_8_5-632e30c259dee.jpg 2080w, https:\/\/static.africa-press.net\/burundi\/sites\/47\/2022\/09\/postMediaimg_8_5-632e30c259dee-300x225.jpg 300w, https:\/\/static.africa-press.net\/burundi\/sites\/47\/2022\/09\/postMediaimg_8_5-632e30c259dee-1024x768.jpg 1024w, https:\/\/static.africa-press.net\/burundi\/sites\/47\/2022\/09\/postMediaimg_8_5-632e30c259dee-768x576.jpg 768w, https:\/\/static.africa-press.net\/burundi\/sites\/47\/2022\/09\/postMediaimg_8_5-632e30c259dee-1536x1152.jpg 1536w, https:\/\/static.africa-press.net\/burundi\/sites\/47\/2022\/09\/postMediaimg_8_5-632e30c259dee-2048x1536.jpg 2048w, https:\/\/static.africa-press.net\/burundi\/sites\/47\/2022\/09\/postMediaimg_8_5-632e30c259dee-80x60.jpg 80w\" sizes=\"(max-width: 2080px) 100vw, 2080px\" alt=\"\">\r\n                            <\/a>\r\n                            \r\n                        <\/figure>\r\n                    <\/div>\r\n                    <div class = \"td-slide-item td-item6\">\r\n                        <figure class=\"td-slide-galery-figure td-slide-popup-gallery\">\r\n                            <a class=\"slide-gallery-image-link\" href=\"https:\/\/static.africa-press.net\/burundi\/sites\/47\/2022\/09\/postMediaimg_8_6-632e30d13651b.jpg\" title=\"postMediaimg_8_6-632e30d13651b\"  data-caption=\"\"  data-description=\"\">\r\n                                <img decoding=\"async\" src=\"https:\/\/static.africa-press.net\/burundi\/sites\/47\/2022\/09\/postMediaimg_8_6-632e30d13651b.jpg\" srcset=\"https:\/\/static.africa-press.net\/burundi\/sites\/47\/2022\/09\/postMediaimg_8_6-632e30d13651b.jpg 750w, https:\/\/static.africa-press.net\/burundi\/sites\/47\/2022\/09\/postMediaimg_8_6-632e30d13651b-225x300.jpg 225w\" sizes=\"(max-width: 750px) 100vw, 750px\" alt=\"\">\r\n                            <\/a>\r\n                            \r\n                        <\/figure>\r\n                    <\/div>\r\n                    <div class = \"td-slide-item td-item7\">\r\n                        <figure class=\"td-slide-galery-figure td-slide-popup-gallery\">\r\n                            <a class=\"slide-gallery-image-link\" href=\"https:\/\/static.africa-press.net\/burundi\/sites\/47\/2022\/09\/postMediaimg_8_7-632e30ddbc271.jpg\" title=\"postMediaimg_8_7-632e30ddbc271\"  data-caption=\"\"  data-description=\"\">\r\n                                <img decoding=\"async\" src=\"https:\/\/static.africa-press.net\/burundi\/sites\/47\/2022\/09\/postMediaimg_8_7-632e30ddbc271.jpg\" srcset=\"https:\/\/static.africa-press.net\/burundi\/sites\/47\/2022\/09\/postMediaimg_8_7-632e30ddbc271.jpg 1024w, https:\/\/static.africa-press.net\/burundi\/sites\/47\/2022\/09\/postMediaimg_8_7-632e30ddbc271-300x225.jpg 300w, https:\/\/static.africa-press.net\/burundi\/sites\/47\/2022\/09\/postMediaimg_8_7-632e30ddbc271-768x576.jpg 768w, https:\/\/static.africa-press.net\/burundi\/sites\/47\/2022\/09\/postMediaimg_8_7-632e30ddbc271-80x60.jpg 80w\" sizes=\"(max-width: 1024px) 100vw, 1024px\" alt=\"\">\r\n                            <\/a>\r\n                            \r\n                        <\/figure>\r\n                    <\/div>\r\n                    <div class = \"td-slide-item td-item8\">\r\n                        <figure class=\"td-slide-galery-figure td-slide-popup-gallery\">\r\n                            <a class=\"slide-gallery-image-link\" href=\"https:\/\/static.africa-press.net\/burundi\/sites\/47\/2022\/09\/postMediaimg_8_8-632e30e8e5457.jpg\" title=\"postMediaimg_8_8-632e30e8e5457\"  data-caption=\"\"  data-description=\"\">\r\n                                <img decoding=\"async\" src=\"https:\/\/static.africa-press.net\/burundi\/sites\/47\/2022\/09\/postMediaimg_8_8-632e30e8e5457.jpg\" srcset=\"https:\/\/static.africa-press.net\/burundi\/sites\/47\/2022\/09\/postMediaimg_8_8-632e30e8e5457.jpg 1024w, https:\/\/static.africa-press.net\/burundi\/sites\/47\/2022\/09\/postMediaimg_8_8-632e30e8e5457-300x200.jpg 300w, https:\/\/static.africa-press.net\/burundi\/sites\/47\/2022\/09\/postMediaimg_8_8-632e30e8e5457-768x512.jpg 768w\" sizes=\"(max-width: 1024px) 100vw, 1024px\" alt=\"\">\r\n                            <\/a>\r\n                            \r\n                        <\/figure>\r\n                    <\/div>\r\n                            <\/div>\r\n                        <\/div>\r\n\r\n                        <div class = \"td-doubleSlider-2\">\r\n                            <div class = \"td-slider\">\r\n                                \r\n                    <div class = \"td-button td-item1\">\r\n                        <div class = \"td-border\"><\/div>\r\n                    <\/div>\r\n                    <div class = \"td-button td-item2\">\r\n                        <div class = \"td-border\"><\/div>\r\n                    <\/div>\r\n                    <div class = \"td-button td-item3\">\r\n                        <div class = \"td-border\"><\/div>\r\n                    <\/div>\r\n                    <div class = \"td-button td-item4\">\r\n                        <div class = \"td-border\"><\/div>\r\n                    <\/div>\r\n                    <div class = \"td-button td-item5\">\r\n                        <div class = \"td-border\"><\/div>\r\n                    <\/div>\r\n                    <div class = \"td-button td-item6\">\r\n                        <div class = \"td-border\"><\/div>\r\n                    <\/div>\r\n                    <div class = \"td-button td-item7\">\r\n                        <div class = \"td-border\"><\/div>\r\n                    <\/div>\r\n                    <div class = \"td-button td-item8\">\r\n                        <div class = \"td-border\"><\/div>\r\n                    <\/div>\r\n                            <\/div>\r\n                        <\/div>\r\n\r\n                    <\/div>\r\n\r\n                <\/div>\r\n                \n<p><strong>Pour plus d&rsquo;informations et d&rsquo;analyses sur la <a href=\"https:\/\/www.africa-press.net\/burundi\">Burundi<\/a>, suivez <a href=\"https:\/\/www.africa-press.net\/\">Africa-Press<\/a><\/strong><\/p>\n","protected":false},"excerpt":{"rendered":"<p>Africa-Press &#8211; Burundi. L\u2019Uprona fe\u0302te le 61e\u0300me anniversaire de sa victoire e\u0301lectorale de septembre 1961 Au Burundi, les partis politiques sont ne\u0301s avec le de\u0301cret colonial Belge du 25 de\u0301cembre 1959 [1], ayant scelle\u0301 le sort d\u2019Ingoma y\u2019Uburundi [2] . Ainsi, l\u2019UPRONA de Feu Rwagasore Louis et de Feu Mirerekano Paul naquit officiellement de\u0300s lors [&hellip;]<\/p>\n","protected":false},"author":82,"featured_media":6672,"comment_status":"open","ping_status":"closed","sticky":false,"template":"","format":"standard","meta":{"footnotes":""},"categories":[8,2,10],"tags":[36,48,45],"class_list":["post-6673","post","type-post","status-publish","format-standard","has-post-thumbnail","hentry","category-photo","category-politique","category-toutes-les-actualites","tag-africa-press","tag-africa-press-burundi","tag-burundi"],"yoast_head":"<!-- This site is optimized with the Yoast SEO Premium plugin v26.1 (Yoast SEO v27.0) - https:\/\/yoast.com\/product\/yoast-seo-premium-wordpress\/ -->\n<title>Burundi : L\u2019Uprona f\u00eate les 61 ans de sa victoire \u00e9lectorale de septembre 1961 - Burundi<\/title>\n<meta name=\"description\" content=\"L\u2019Uprona fe\u0302te le 61e\u0300me anniversaire de sa victoire e\u0301lectorale de septembre 1961 Au Burundi, les partis politiques so ...\" \/>\n<meta name=\"robots\" content=\"index, follow, max-snippet:-1, max-image-preview:large, max-video-preview:-1\" \/>\n<link rel=\"canonical\" href=\"https:\/\/www.africa-press.net\/burundi\/politique\/burundi-luprona-fete-les-61-ans-de-sa-victoire-electorale-de-septembre-1961\" \/>\n<meta property=\"og:locale\" content=\"fr_FR\" \/>\n<meta property=\"og:type\" content=\"article\" \/>\n<meta property=\"og:title\" content=\"Burundi : L\u2019Uprona f\u00eate les 61 ans de sa victoire \u00e9lectorale de septembre 1961\" \/>\n<meta property=\"og:description\" content=\"L\u2019Uprona fe\u0302te le 61e\u0300me anniversaire de sa victoire e\u0301lectorale de septembre 1961 Au Burundi, les partis politiques so ...\" \/>\n<meta property=\"og:url\" content=\"https:\/\/www.africa-press.net\/burundi\/politique\/burundi-luprona-fete-les-61-ans-de-sa-victoire-electorale-de-septembre-1961\" \/>\n<meta property=\"og:site_name\" content=\"Burundi\" \/>\n<meta property=\"article:published_time\" content=\"2022-09-19T21:49:29+00:00\" \/>\n<meta property=\"article:modified_time\" content=\"2022-09-23T22:19:58+00:00\" \/>\n<meta property=\"og:image\" content=\"https:\/\/static.africa-press.net\/burundi\/sites\/47\/2022\/09\/postQueueImg_8-632e30f4adb0c.jpg\" \/>\n\t<meta property=\"og:image:width\" content=\"1024\" \/>\n\t<meta property=\"og:image:height\" content=\"768\" \/>\n\t<meta property=\"og:image:type\" content=\"image\/jpeg\" \/>\n<meta name=\"author\" content=\"cfeditorfr\" \/>\n<meta name=\"twitter:card\" content=\"summary_large_image\" \/>\n<meta name=\"twitter:label1\" content=\"\u00c9crit par\" \/>\n\t<meta name=\"twitter:data1\" content=\"cfeditorfr\" \/>\n\t<meta name=\"twitter:label2\" content=\"Dur\u00e9e de lecture estim\u00e9e\" \/>\n\t<meta name=\"twitter:data2\" content=\"2 minutes\" \/>\n<script type=\"application\/ld+json\" class=\"yoast-schema-graph\">{\"@context\":\"https:\/\/schema.org\",\"@graph\":[{\"@type\":\"Article\",\"@id\":\"https:\/\/www.africa-press.net\/burundi\/politique\/burundi-luprona-fete-les-61-ans-de-sa-victoire-electorale-de-septembre-1961#article\",\"isPartOf\":{\"@id\":\"https:\/\/www.africa-press.net\/burundi\/politique\/burundi-luprona-fete-les-61-ans-de-sa-victoire-electorale-de-septembre-1961\"},\"author\":{\"name\":\"cfeditorfr\",\"@id\":\"https:\/\/www.africa-press.net\/burundi\/#\/schema\/person\/2b1cf3cd81a31e3cd26889ca66d677f1\"},\"headline\":\"Burundi : L\u2019Uprona f\u00eate les 61 ans de sa victoire \u00e9lectorale de septembre 1961\",\"datePublished\":\"2022-09-19T21:49:29+00:00\",\"dateModified\":\"2022-09-23T22:19:58+00:00\",\"mainEntityOfPage\":{\"@id\":\"https:\/\/www.africa-press.net\/burundi\/politique\/burundi-luprona-fete-les-61-ans-de-sa-victoire-electorale-de-septembre-1961\"},\"wordCount\":449,\"commentCount\":0,\"image\":{\"@id\":\"https:\/\/www.africa-press.net\/burundi\/politique\/burundi-luprona-fete-les-61-ans-de-sa-victoire-electorale-de-septembre-1961#primaryimage\"},\"thumbnailUrl\":\"https:\/\/static.africa-press.net\/burundi\/sites\/47\/2022\/09\/postQueueImg_8-632e30f4adb0c.jpg\",\"keywords\":[\"Africa Press\",\"Africa Press-Burundi\",\"Burundi\"],\"articleSection\":[\"Photo\",\"Politique\",\"Toutes les actualit\u00e9s\"],\"inLanguage\":\"fr-FR\",\"potentialAction\":[{\"@type\":\"CommentAction\",\"name\":\"Comment\",\"target\":[\"https:\/\/www.africa-press.net\/burundi\/politique\/burundi-luprona-fete-les-61-ans-de-sa-victoire-electorale-de-septembre-1961#respond\"]}]},{\"@type\":\"WebPage\",\"@id\":\"https:\/\/www.africa-press.net\/burundi\/politique\/burundi-luprona-fete-les-61-ans-de-sa-victoire-electorale-de-septembre-1961\",\"url\":\"https:\/\/www.africa-press.net\/burundi\/politique\/burundi-luprona-fete-les-61-ans-de-sa-victoire-electorale-de-septembre-1961\",\"name\":\"Burundi : L\u2019Uprona f\u00eate les 61 ans de sa victoire \u00e9lectorale de septembre 1961 - Burundi\",\"isPartOf\":{\"@id\":\"https:\/\/www.africa-press.net\/burundi\/#website\"},\"primaryImageOfPage\":{\"@id\":\"https:\/\/www.africa-press.net\/burundi\/politique\/burundi-luprona-fete-les-61-ans-de-sa-victoire-electorale-de-septembre-1961#primaryimage\"},\"image\":{\"@id\":\"https:\/\/www.africa-press.net\/burundi\/politique\/burundi-luprona-fete-les-61-ans-de-sa-victoire-electorale-de-septembre-1961#primaryimage\"},\"thumbnailUrl\":\"https:\/\/static.africa-press.net\/burundi\/sites\/47\/2022\/09\/postQueueImg_8-632e30f4adb0c.jpg\",\"datePublished\":\"2022-09-19T21:49:29+00:00\",\"dateModified\":\"2022-09-23T22:19:58+00:00\",\"author\":{\"@id\":\"https:\/\/www.africa-press.net\/burundi\/#\/schema\/person\/2b1cf3cd81a31e3cd26889ca66d677f1\"},\"description\":\"L\u2019Uprona fe\u0302te le 61e\u0300me anniversaire de sa victoire e\u0301lectorale de septembre 1961 Au Burundi, les partis politiques so ...\",\"breadcrumb\":{\"@id\":\"https:\/\/www.africa-press.net\/burundi\/politique\/burundi-luprona-fete-les-61-ans-de-sa-victoire-electorale-de-septembre-1961#breadcrumb\"},\"inLanguage\":\"fr-FR\",\"potentialAction\":[{\"@type\":\"ReadAction\",\"target\":[\"https:\/\/www.africa-press.net\/burundi\/politique\/burundi-luprona-fete-les-61-ans-de-sa-victoire-electorale-de-septembre-1961\"]}]},{\"@type\":\"ImageObject\",\"inLanguage\":\"fr-FR\",\"@id\":\"https:\/\/www.africa-press.net\/burundi\/politique\/burundi-luprona-fete-les-61-ans-de-sa-victoire-electorale-de-septembre-1961#primaryimage\",\"url\":\"https:\/\/static.africa-press.net\/burundi\/sites\/47\/2022\/09\/postQueueImg_8-632e30f4adb0c.jpg\",\"contentUrl\":\"https:\/\/static.africa-press.net\/burundi\/sites\/47\/2022\/09\/postQueueImg_8-632e30f4adb0c.jpg\",\"width\":1024,\"height\":768,\"caption\":\"Burundi : L\u2019Uprona f\u00eate les 61 ans de sa victoire \u00e9lectorale de septembre 1961\"},{\"@type\":\"BreadcrumbList\",\"@id\":\"https:\/\/www.africa-press.net\/burundi\/politique\/burundi-luprona-fete-les-61-ans-de-sa-victoire-electorale-de-septembre-1961#breadcrumb\",\"itemListElement\":[{\"@type\":\"ListItem\",\"position\":1,\"name\":\"Accueil\",\"item\":\"https:\/\/www.africa-press.net\/burundi\/\"},{\"@type\":\"ListItem\",\"position\":2,\"name\":\"Burundi : L\u2019Uprona f\u00eate les 61 ans de sa victoire \u00e9lectorale de septembre 1961\"}]},{\"@type\":\"WebSite\",\"@id\":\"https:\/\/www.africa-press.net\/burundi\/#website\",\"url\":\"https:\/\/www.africa-press.net\/burundi\/\",\"name\":\"Burundi\",\"description\":\"Just another Africa News Agency Sites site\",\"potentialAction\":[{\"@type\":\"SearchAction\",\"target\":{\"@type\":\"EntryPoint\",\"urlTemplate\":\"https:\/\/www.africa-press.net\/burundi\/?s={search_term_string}\"},\"query-input\":{\"@type\":\"PropertyValueSpecification\",\"valueRequired\":true,\"valueName\":\"search_term_string\"}}],\"inLanguage\":\"fr-FR\"},{\"@type\":\"Person\",\"@id\":\"https:\/\/www.africa-press.net\/burundi\/#\/schema\/person\/2b1cf3cd81a31e3cd26889ca66d677f1\",\"name\":\"cfeditorfr\"}]}<\/script>\n<!-- \/ Yoast SEO Premium plugin. -->","yoast_head_json":{"title":"Burundi : L\u2019Uprona f\u00eate les 61 ans de sa victoire \u00e9lectorale de septembre 1961 - Burundi","description":"L\u2019Uprona fe\u0302te le 61e\u0300me anniversaire de sa victoire e\u0301lectorale de septembre 1961 Au Burundi, les partis politiques so ...","robots":{"index":"index","follow":"follow","max-snippet":"max-snippet:-1","max-image-preview":"max-image-preview:large","max-video-preview":"max-video-preview:-1"},"canonical":"https:\/\/www.africa-press.net\/burundi\/politique\/burundi-luprona-fete-les-61-ans-de-sa-victoire-electorale-de-septembre-1961","og_locale":"fr_FR","og_type":"article","og_title":"Burundi : L\u2019Uprona f\u00eate les 61 ans de sa victoire \u00e9lectorale de septembre 1961","og_description":"L\u2019Uprona fe\u0302te le 61e\u0300me anniversaire de sa victoire e\u0301lectorale de septembre 1961 Au Burundi, les partis politiques so ...","og_url":"https:\/\/www.africa-press.net\/burundi\/politique\/burundi-luprona-fete-les-61-ans-de-sa-victoire-electorale-de-septembre-1961","og_site_name":"Burundi","article_published_time":"2022-09-19T21:49:29+00:00","article_modified_time":"2022-09-23T22:19:58+00:00","og_image":[{"width":1024,"height":768,"url":"https:\/\/static.africa-press.net\/burundi\/sites\/47\/2022\/09\/postQueueImg_8-632e30f4adb0c.jpg","type":"image\/jpeg"}],"author":"cfeditorfr","twitter_card":"summary_large_image","twitter_misc":{"\u00c9crit par":"cfeditorfr","Dur\u00e9e de lecture estim\u00e9e":"2 minutes"},"schema":{"@context":"https:\/\/schema.org","@graph":[{"@type":"Article","@id":"https:\/\/www.africa-press.net\/burundi\/politique\/burundi-luprona-fete-les-61-ans-de-sa-victoire-electorale-de-septembre-1961#article","isPartOf":{"@id":"https:\/\/www.africa-press.net\/burundi\/politique\/burundi-luprona-fete-les-61-ans-de-sa-victoire-electorale-de-septembre-1961"},"author":{"name":"cfeditorfr","@id":"https:\/\/www.africa-press.net\/burundi\/#\/schema\/person\/2b1cf3cd81a31e3cd26889ca66d677f1"},"headline":"Burundi : L\u2019Uprona f\u00eate les 61 ans de sa victoire \u00e9lectorale de septembre 1961","datePublished":"2022-09-19T21:49:29+00:00","dateModified":"2022-09-23T22:19:58+00:00","mainEntityOfPage":{"@id":"https:\/\/www.africa-press.net\/burundi\/politique\/burundi-luprona-fete-les-61-ans-de-sa-victoire-electorale-de-septembre-1961"},"wordCount":449,"commentCount":0,"image":{"@id":"https:\/\/www.africa-press.net\/burundi\/politique\/burundi-luprona-fete-les-61-ans-de-sa-victoire-electorale-de-septembre-1961#primaryimage"},"thumbnailUrl":"https:\/\/static.africa-press.net\/burundi\/sites\/47\/2022\/09\/postQueueImg_8-632e30f4adb0c.jpg","keywords":["Africa Press","Africa Press-Burundi","Burundi"],"articleSection":["Photo","Politique","Toutes les actualit\u00e9s"],"inLanguage":"fr-FR","potentialAction":[{"@type":"CommentAction","name":"Comment","target":["https:\/\/www.africa-press.net\/burundi\/politique\/burundi-luprona-fete-les-61-ans-de-sa-victoire-electorale-de-septembre-1961#respond"]}]},{"@type":"WebPage","@id":"https:\/\/www.africa-press.net\/burundi\/politique\/burundi-luprona-fete-les-61-ans-de-sa-victoire-electorale-de-septembre-1961","url":"https:\/\/www.africa-press.net\/burundi\/politique\/burundi-luprona-fete-les-61-ans-de-sa-victoire-electorale-de-septembre-1961","name":"Burundi : L\u2019Uprona f\u00eate les 61 ans de sa victoire \u00e9lectorale de septembre 1961 - Burundi","isPartOf":{"@id":"https:\/\/www.africa-press.net\/burundi\/#website"},"primaryImageOfPage":{"@id":"https:\/\/www.africa-press.net\/burundi\/politique\/burundi-luprona-fete-les-61-ans-de-sa-victoire-electorale-de-septembre-1961#primaryimage"},"image":{"@id":"https:\/\/www.africa-press.net\/burundi\/politique\/burundi-luprona-fete-les-61-ans-de-sa-victoire-electorale-de-septembre-1961#primaryimage"},"thumbnailUrl":"https:\/\/static.africa-press.net\/burundi\/sites\/47\/2022\/09\/postQueueImg_8-632e30f4adb0c.jpg","datePublished":"2022-09-19T21:49:29+00:00","dateModified":"2022-09-23T22:19:58+00:00","author":{"@id":"https:\/\/www.africa-press.net\/burundi\/#\/schema\/person\/2b1cf3cd81a31e3cd26889ca66d677f1"},"description":"L\u2019Uprona fe\u0302te le 61e\u0300me anniversaire de sa victoire e\u0301lectorale de septembre 1961 Au Burundi, les partis politiques so ...","breadcrumb":{"@id":"https:\/\/www.africa-press.net\/burundi\/politique\/burundi-luprona-fete-les-61-ans-de-sa-victoire-electorale-de-septembre-1961#breadcrumb"},"inLanguage":"fr-FR","potentialAction":[{"@type":"ReadAction","target":["https:\/\/www.africa-press.net\/burundi\/politique\/burundi-luprona-fete-les-61-ans-de-sa-victoire-electorale-de-septembre-1961"]}]},{"@type":"ImageObject","inLanguage":"fr-FR","@id":"https:\/\/www.africa-press.net\/burundi\/politique\/burundi-luprona-fete-les-61-ans-de-sa-victoire-electorale-de-septembre-1961#primaryimage","url":"https:\/\/static.africa-press.net\/burundi\/sites\/47\/2022\/09\/postQueueImg_8-632e30f4adb0c.jpg","contentUrl":"https:\/\/static.africa-press.net\/burundi\/sites\/47\/2022\/09\/postQueueImg_8-632e30f4adb0c.jpg","width":1024,"height":768,"caption":"Burundi : L\u2019Uprona f\u00eate les 61 ans de sa victoire \u00e9lectorale de septembre 1961"},{"@type":"BreadcrumbList","@id":"https:\/\/www.africa-press.net\/burundi\/politique\/burundi-luprona-fete-les-61-ans-de-sa-victoire-electorale-de-septembre-1961#breadcrumb","itemListElement":[{"@type":"ListItem","position":1,"name":"Accueil","item":"https:\/\/www.africa-press.net\/burundi\/"},{"@type":"ListItem","position":2,"name":"Burundi : L\u2019Uprona f\u00eate les 61 ans de sa victoire \u00e9lectorale de septembre 1961"}]},{"@type":"WebSite","@id":"https:\/\/www.africa-press.net\/burundi\/#website","url":"https:\/\/www.africa-press.net\/burundi\/","name":"Burundi","description":"Just another Africa News Agency Sites site","potentialAction":[{"@type":"SearchAction","target":{"@type":"EntryPoint","urlTemplate":"https:\/\/www.africa-press.net\/burundi\/?s={search_term_string}"},"query-input":{"@type":"PropertyValueSpecification","valueRequired":true,"valueName":"search_term_string"}}],"inLanguage":"fr-FR"},{"@type":"Person","@id":"https:\/\/www.africa-press.net\/burundi\/#\/schema\/person\/2b1cf3cd81a31e3cd26889ca66d677f1","name":"cfeditorfr"}]}},"_links":{"self":[{"href":"https:\/\/www.africa-press.net\/burundi\/wp-json\/wp\/v2\/posts\/6673","targetHints":{"allow":["GET"]}}],"collection":[{"href":"https:\/\/www.africa-press.net\/burundi\/wp-json\/wp\/v2\/posts"}],"about":[{"href":"https:\/\/www.africa-press.net\/burundi\/wp-json\/wp\/v2\/types\/post"}],"author":[{"embeddable":true,"href":"https:\/\/www.africa-press.net\/burundi\/wp-json\/wp\/v2\/users\/82"}],"replies":[{"embeddable":true,"href":"https:\/\/www.africa-press.net\/burundi\/wp-json\/wp\/v2\/comments?post=6673"}],"version-history":[{"count":0,"href":"https:\/\/www.africa-press.net\/burundi\/wp-json\/wp\/v2\/posts\/6673\/revisions"}],"wp:featuredmedia":[{"embeddable":true,"href":"https:\/\/www.africa-press.net\/burundi\/wp-json\/wp\/v2\/media\/6672"}],"wp:attachment":[{"href":"https:\/\/www.africa-press.net\/burundi\/wp-json\/wp\/v2\/media?parent=6673"}],"wp:term":[{"taxonomy":"category","embeddable":true,"href":"https:\/\/www.africa-press.net\/burundi\/wp-json\/wp\/v2\/categories?post=6673"},{"taxonomy":"post_tag","embeddable":true,"href":"https:\/\/www.africa-press.net\/burundi\/wp-json\/wp\/v2\/tags?post=6673"}],"curies":[{"name":"wp","href":"https:\/\/api.w.org\/{rel}","templated":true}]}}