{"id":6987,"date":"2022-10-04T20:43:58","date_gmt":"2022-10-04T20:43:58","guid":{"rendered":"https:\/\/www.africa-press.net\/burundi\/politique\/burundi-reouverture-du-marche-de-betail-de-gitega"},"modified":"2022-10-04T21:13:54","modified_gmt":"2022-10-04T21:13:54","slug":"burundi-reouverture-du-marche-de-betail-de-gitega","status":"publish","type":"post","link":"https:\/\/www.africa-press.net\/burundi\/economie\/burundi-reouverture-du-marche-de-betail-de-gitega","title":{"rendered":"Burundi : R\u00e9ouverture du march\u00e9 de b\u00e9tail de Gitega"},"content":{"rendered":"<p><span style=\"color: #ff6600\"><strong>Africa-Press &#8211; Burundi. <\/strong><\/span><b>Re\u0301jouissance des vendeurs de be\u0301tail suite a\u0300 la re\u0301ouverture du marche\u0301 de be\u0301tail de Gitega<\/b><\/p>\n<p>Au Burundi \u2013 <b>Ingoma y\u2019uburundi<\/b> -, les commerc\u0327ants de be\u0301tail sont membres de la corporation de production ou des me\u0301tiers des Barundi, appe\u0301le\u0301s \u2013<b>abahutu<\/b>-. C\u2019est une grande fierte\u0301 d\u2019e\u0302tre \u2013<b>umuhutu<\/b>\u2013 chez les Barundi, peuple de l\u2019<b>Ubuntu<\/b>.<\/p>\n<p>Ce lundi, <b>M. Mbonihankuye Pontien, e\u0301leveur et vendeur de be\u0301tail ,originaire de Gatara a\u0300 Kayanza,<\/b> e\u0301tait heureux de la re\u0301ouverture du marche\u0301 de be\u0301tail de Gitega, disant que la fermeture des marche\u0301s a\u0300 be\u0301tail avait provoque\u0301 un endettement conside\u0301rable parmi les commerc\u0327ants de be\u0301tail.<\/p>\n\r\n                <style type=\"text\/css\">\r\n                    \r\n                    #td_uid_1_69f1ddbcd5c59  .td-doubleSlider-2 .td-item1 {\r\n                        background: url(https:\/\/static.africa-press.net\/burundi\/sites\/47\/2022\/10\/postMediaimg_4_1-633ca1aa10b30-80x60.jpg) 0 0 no-repeat;\r\n                    }\r\n                    #td_uid_1_69f1ddbcd5c59  .td-doubleSlider-2 .td-item2 {\r\n                        background: url(https:\/\/static.africa-press.net\/burundi\/sites\/47\/2022\/10\/postMediaimg_4_2-633ca1c05af65-80x60.jpg) 0 0 no-repeat;\r\n                    }\r\n                    #td_uid_1_69f1ddbcd5c59  .td-doubleSlider-2 .td-item3 {\r\n                        background: url(https:\/\/static.africa-press.net\/burundi\/sites\/47\/2022\/10\/postMediaimg_4_3-633ca1d485acc-80x60.jpg) 0 0 no-repeat;\r\n                    }\r\n                <\/style>\r\n\r\n                <div id=\"td_uid_1_69f1ddbcd5c59\" class=\"td-gallery td-slide-on-2-columns\">\r\n                    <div class=\"post_td_gallery\">\r\n                        <div class=\"td-gallery-slide-top\">\r\n                           <div class=\"td-gallery-title\"><\/div>\r\n\r\n                            <div class=\"td-gallery-controls-wrapper\">\r\n                                <div class=\"td-gallery-slide-count\"><span class=\"td-gallery-slide-item-focus\">1<\/span> de 3<\/div>\r\n                                <div class=\"td-gallery-slide-prev-next-but\">\r\n                                    <i class = \"td-icon-left doubleSliderPrevButton\"><\/i>\r\n                                    <i class = \"td-icon-right doubleSliderNextButton\"><\/i>\r\n                                <\/div>\r\n                            <\/div>\r\n                        <\/div>\r\n\r\n                        <div class = \"td-doubleSlider-1 \">\r\n                            <div class = \"td-slider\">\r\n                                \r\n                    <div class = \"td-slide-item td-item1\">\r\n                        <figure class=\"td-slide-galery-figure td-slide-popup-gallery\">\r\n                            <a class=\"slide-gallery-image-link\" href=\"https:\/\/static.africa-press.net\/burundi\/sites\/47\/2022\/10\/postMediaimg_4_1-633ca1aa10b30.jpg\" title=\"postMediaimg_4_1-633ca1aa10b30\"  data-caption=\"\"  data-description=\"\">\r\n                                <img decoding=\"async\" src=\"https:\/\/static.africa-press.net\/burundi\/sites\/47\/2022\/10\/postMediaimg_4_1-633ca1aa10b30.jpg\" srcset=\"https:\/\/static.africa-press.net\/burundi\/sites\/47\/2022\/10\/postMediaimg_4_1-633ca1aa10b30.jpg 2048w, https:\/\/static.africa-press.net\/burundi\/sites\/47\/2022\/10\/postMediaimg_4_1-633ca1aa10b30-300x225.jpg 300w, https:\/\/static.africa-press.net\/burundi\/sites\/47\/2022\/10\/postMediaimg_4_1-633ca1aa10b30-1024x768.jpg 1024w, https:\/\/static.africa-press.net\/burundi\/sites\/47\/2022\/10\/postMediaimg_4_1-633ca1aa10b30-768x576.jpg 768w, https:\/\/static.africa-press.net\/burundi\/sites\/47\/2022\/10\/postMediaimg_4_1-633ca1aa10b30-1536x1152.jpg 1536w, https:\/\/static.africa-press.net\/burundi\/sites\/47\/2022\/10\/postMediaimg_4_1-633ca1aa10b30-80x60.jpg 80w\" sizes=\"(max-width: 2048px) 100vw, 2048px\" alt=\"\">\r\n                            <\/a>\r\n                            \r\n                        <\/figure>\r\n                    <\/div>\r\n                    <div class = \"td-slide-item td-item2\">\r\n                        <figure class=\"td-slide-galery-figure td-slide-popup-gallery\">\r\n                            <a class=\"slide-gallery-image-link\" href=\"https:\/\/static.africa-press.net\/burundi\/sites\/47\/2022\/10\/postMediaimg_4_2-633ca1c05af65.jpg\" title=\"postMediaimg_4_2-633ca1c05af65\"  data-caption=\"\"  data-description=\"\">\r\n                                <img decoding=\"async\" src=\"https:\/\/static.africa-press.net\/burundi\/sites\/47\/2022\/10\/postMediaimg_4_2-633ca1c05af65.jpg\" srcset=\"https:\/\/static.africa-press.net\/burundi\/sites\/47\/2022\/10\/postMediaimg_4_2-633ca1c05af65.jpg 2048w, https:\/\/static.africa-press.net\/burundi\/sites\/47\/2022\/10\/postMediaimg_4_2-633ca1c05af65-300x225.jpg 300w, https:\/\/static.africa-press.net\/burundi\/sites\/47\/2022\/10\/postMediaimg_4_2-633ca1c05af65-1024x768.jpg 1024w, https:\/\/static.africa-press.net\/burundi\/sites\/47\/2022\/10\/postMediaimg_4_2-633ca1c05af65-768x576.jpg 768w, https:\/\/static.africa-press.net\/burundi\/sites\/47\/2022\/10\/postMediaimg_4_2-633ca1c05af65-1536x1152.jpg 1536w, https:\/\/static.africa-press.net\/burundi\/sites\/47\/2022\/10\/postMediaimg_4_2-633ca1c05af65-80x60.jpg 80w\" sizes=\"(max-width: 2048px) 100vw, 2048px\" alt=\"\">\r\n                            <\/a>\r\n                            \r\n                        <\/figure>\r\n                    <\/div>\r\n                    <div class = \"td-slide-item td-item3\">\r\n                        <figure class=\"td-slide-galery-figure td-slide-popup-gallery\">\r\n                            <a class=\"slide-gallery-image-link\" href=\"https:\/\/static.africa-press.net\/burundi\/sites\/47\/2022\/10\/postMediaimg_4_3-633ca1d485acc.jpg\" title=\"postMediaimg_4_3-633ca1d485acc\"  data-caption=\"\"  data-description=\"\">\r\n                                <img decoding=\"async\" src=\"https:\/\/static.africa-press.net\/burundi\/sites\/47\/2022\/10\/postMediaimg_4_3-633ca1d485acc.jpg\" srcset=\"https:\/\/static.africa-press.net\/burundi\/sites\/47\/2022\/10\/postMediaimg_4_3-633ca1d485acc.jpg 2048w, https:\/\/static.africa-press.net\/burundi\/sites\/47\/2022\/10\/postMediaimg_4_3-633ca1d485acc-300x225.jpg 300w, https:\/\/static.africa-press.net\/burundi\/sites\/47\/2022\/10\/postMediaimg_4_3-633ca1d485acc-1024x768.jpg 1024w, https:\/\/static.africa-press.net\/burundi\/sites\/47\/2022\/10\/postMediaimg_4_3-633ca1d485acc-768x576.jpg 768w, https:\/\/static.africa-press.net\/burundi\/sites\/47\/2022\/10\/postMediaimg_4_3-633ca1d485acc-1536x1152.jpg 1536w, https:\/\/static.africa-press.net\/burundi\/sites\/47\/2022\/10\/postMediaimg_4_3-633ca1d485acc-80x60.jpg 80w\" sizes=\"(max-width: 2048px) 100vw, 2048px\" alt=\"\">\r\n                            <\/a>\r\n                            \r\n                        <\/figure>\r\n                    <\/div>\r\n                            <\/div>\r\n                        <\/div>\r\n\r\n                        <div class = \"td-doubleSlider-2\">\r\n                            <div class = \"td-slider\">\r\n                                \r\n                    <div class = \"td-button td-item1\">\r\n                        <div class = \"td-border\"><\/div>\r\n                    <\/div>\r\n                    <div class = \"td-button td-item2\">\r\n                        <div class = \"td-border\"><\/div>\r\n                    <\/div>\r\n                    <div class = \"td-button td-item3\">\r\n                        <div class = \"td-border\"><\/div>\r\n                    <\/div>\r\n                            <\/div>\r\n                        <\/div>\r\n\r\n                    <\/div>\r\n\r\n                <\/div>\r\n                \n<p><strong>Pour plus d&rsquo;informations et d&rsquo;analyses sur la <a href=\"https:\/\/www.africa-press.net\/burundi\">Burundi<\/a>, suivez <a href=\"https:\/\/www.africa-press.net\/\">Africa-Press<\/a><\/strong><\/p>\n","protected":false},"excerpt":{"rendered":"<p>Africa-Press &#8211; Burundi. Re\u0301jouissance des vendeurs de be\u0301tail suite a\u0300 la re\u0301ouverture du marche\u0301 de be\u0301tail de Gitega Au Burundi \u2013 Ingoma y\u2019uburundi -, les commerc\u0327ants de be\u0301tail sont membres de la corporation de production ou des me\u0301tiers des Barundi, appe\u0301le\u0301s \u2013abahutu-. C\u2019est une grande fierte\u0301 d\u2019e\u0302tre \u2013umuhutu\u2013 chez les Barundi, peuple de l\u2019Ubuntu. Ce [&hellip;]<\/p>\n","protected":false},"author":82,"featured_media":6986,"comment_status":"open","ping_status":"closed","sticky":false,"template":"","format":"standard","meta":{"footnotes":""},"categories":[3,8,10],"tags":[36,48,45],"class_list":["post-6987","post","type-post","status-publish","format-standard","has-post-thumbnail","hentry","category-economie","category-photo","category-toutes-les-actualites","tag-africa-press","tag-africa-press-burundi","tag-burundi"],"yoast_head":"<!-- This site is optimized with the Yoast SEO Premium plugin v26.1 (Yoast SEO v27.0) - https:\/\/yoast.com\/product\/yoast-seo-premium-wordpress\/ -->\n<title>Burundi : R\u00e9ouverture du march\u00e9 de b\u00e9tail de Gitega - Burundi<\/title>\n<meta name=\"description\" content=\"Re\u0301jouissance des vendeurs de be\u0301tail suite a\u0300 la re\u0301ouverture du marche\u0301 de be\u0301tail de Gitega Au Burundi \u2013 I ...\" \/>\n<meta name=\"robots\" content=\"index, follow, max-snippet:-1, max-image-preview:large, max-video-preview:-1\" \/>\n<link rel=\"canonical\" href=\"https:\/\/www.africa-press.net\/burundi\/economie\/burundi-reouverture-du-marche-de-betail-de-gitega\" \/>\n<meta property=\"og:locale\" content=\"fr_FR\" \/>\n<meta property=\"og:type\" content=\"article\" \/>\n<meta property=\"og:title\" content=\"Burundi : R\u00e9ouverture du march\u00e9 de b\u00e9tail de Gitega\" \/>\n<meta property=\"og:description\" content=\"Re\u0301jouissance des vendeurs de be\u0301tail suite a\u0300 la re\u0301ouverture du marche\u0301 de be\u0301tail de Gitega Au Burundi \u2013 I ...\" \/>\n<meta property=\"og:url\" content=\"https:\/\/www.africa-press.net\/burundi\/economie\/burundi-reouverture-du-marche-de-betail-de-gitega\" \/>\n<meta property=\"og:site_name\" content=\"Burundi\" \/>\n<meta property=\"article:published_time\" content=\"2022-10-04T20:43:58+00:00\" \/>\n<meta property=\"article:modified_time\" content=\"2022-10-04T21:13:54+00:00\" \/>\n<meta property=\"og:image\" content=\"https:\/\/static.africa-press.net\/burundi\/sites\/47\/2022\/10\/postQueueImg_4-633ca1e917ffb.jpg\" \/>\n\t<meta property=\"og:image:width\" content=\"1556\" \/>\n\t<meta property=\"og:image:height\" content=\"1167\" \/>\n\t<meta property=\"og:image:type\" content=\"image\/jpeg\" \/>\n<meta name=\"author\" content=\"cfeditorfr\" \/>\n<meta name=\"twitter:card\" content=\"summary_large_image\" \/>\n<meta name=\"twitter:label1\" content=\"\u00c9crit par\" \/>\n\t<meta name=\"twitter:data1\" content=\"cfeditorfr\" \/>\n\t<meta name=\"twitter:label2\" content=\"Dur\u00e9e de lecture estim\u00e9e\" \/>\n\t<meta name=\"twitter:data2\" content=\"1 minute\" \/>\n<script type=\"application\/ld+json\" class=\"yoast-schema-graph\">{\"@context\":\"https:\/\/schema.org\",\"@graph\":[{\"@type\":\"Article\",\"@id\":\"https:\/\/www.africa-press.net\/burundi\/economie\/burundi-reouverture-du-marche-de-betail-de-gitega#article\",\"isPartOf\":{\"@id\":\"https:\/\/www.africa-press.net\/burundi\/economie\/burundi-reouverture-du-marche-de-betail-de-gitega\"},\"author\":{\"name\":\"cfeditorfr\",\"@id\":\"https:\/\/www.africa-press.net\/burundi\/#\/schema\/person\/2b1cf3cd81a31e3cd26889ca66d677f1\"},\"headline\":\"Burundi : R\u00e9ouverture du march\u00e9 de b\u00e9tail de Gitega\",\"datePublished\":\"2022-10-04T20:43:58+00:00\",\"dateModified\":\"2022-10-04T21:13:54+00:00\",\"mainEntityOfPage\":{\"@id\":\"https:\/\/www.africa-press.net\/burundi\/economie\/burundi-reouverture-du-marche-de-betail-de-gitega\"},\"wordCount\":153,\"commentCount\":0,\"image\":{\"@id\":\"https:\/\/www.africa-press.net\/burundi\/economie\/burundi-reouverture-du-marche-de-betail-de-gitega#primaryimage\"},\"thumbnailUrl\":\"https:\/\/static.africa-press.net\/burundi\/sites\/47\/2022\/10\/postQueueImg_4-633ca1e917ffb.jpg\",\"keywords\":[\"Africa Press\",\"Africa Press-Burundi\",\"Burundi\"],\"articleSection\":[\"\u00c9conomie\",\"Photo\",\"Toutes les actualit\u00e9s\"],\"inLanguage\":\"fr-FR\",\"potentialAction\":[{\"@type\":\"CommentAction\",\"name\":\"Comment\",\"target\":[\"https:\/\/www.africa-press.net\/burundi\/economie\/burundi-reouverture-du-marche-de-betail-de-gitega#respond\"]}]},{\"@type\":\"WebPage\",\"@id\":\"https:\/\/www.africa-press.net\/burundi\/economie\/burundi-reouverture-du-marche-de-betail-de-gitega\",\"url\":\"https:\/\/www.africa-press.net\/burundi\/economie\/burundi-reouverture-du-marche-de-betail-de-gitega\",\"name\":\"Burundi : R\u00e9ouverture du march\u00e9 de b\u00e9tail de Gitega - Burundi\",\"isPartOf\":{\"@id\":\"https:\/\/www.africa-press.net\/burundi\/#website\"},\"primaryImageOfPage\":{\"@id\":\"https:\/\/www.africa-press.net\/burundi\/economie\/burundi-reouverture-du-marche-de-betail-de-gitega#primaryimage\"},\"image\":{\"@id\":\"https:\/\/www.africa-press.net\/burundi\/economie\/burundi-reouverture-du-marche-de-betail-de-gitega#primaryimage\"},\"thumbnailUrl\":\"https:\/\/static.africa-press.net\/burundi\/sites\/47\/2022\/10\/postQueueImg_4-633ca1e917ffb.jpg\",\"datePublished\":\"2022-10-04T20:43:58+00:00\",\"dateModified\":\"2022-10-04T21:13:54+00:00\",\"author\":{\"@id\":\"https:\/\/www.africa-press.net\/burundi\/#\/schema\/person\/2b1cf3cd81a31e3cd26889ca66d677f1\"},\"description\":\"Re\u0301jouissance des vendeurs de be\u0301tail suite a\u0300 la re\u0301ouverture du marche\u0301 de be\u0301tail de Gitega Au Burundi \u2013 I ...\",\"breadcrumb\":{\"@id\":\"https:\/\/www.africa-press.net\/burundi\/economie\/burundi-reouverture-du-marche-de-betail-de-gitega#breadcrumb\"},\"inLanguage\":\"fr-FR\",\"potentialAction\":[{\"@type\":\"ReadAction\",\"target\":[\"https:\/\/www.africa-press.net\/burundi\/economie\/burundi-reouverture-du-marche-de-betail-de-gitega\"]}]},{\"@type\":\"ImageObject\",\"inLanguage\":\"fr-FR\",\"@id\":\"https:\/\/www.africa-press.net\/burundi\/economie\/burundi-reouverture-du-marche-de-betail-de-gitega#primaryimage\",\"url\":\"https:\/\/static.africa-press.net\/burundi\/sites\/47\/2022\/10\/postQueueImg_4-633ca1e917ffb.jpg\",\"contentUrl\":\"https:\/\/static.africa-press.net\/burundi\/sites\/47\/2022\/10\/postQueueImg_4-633ca1e917ffb.jpg\",\"width\":1556,\"height\":1167,\"caption\":\"Burundi : R\u00e9ouverture du march\u00e9 de b\u00e9tail de Gitega\"},{\"@type\":\"BreadcrumbList\",\"@id\":\"https:\/\/www.africa-press.net\/burundi\/economie\/burundi-reouverture-du-marche-de-betail-de-gitega#breadcrumb\",\"itemListElement\":[{\"@type\":\"ListItem\",\"position\":1,\"name\":\"Accueil\",\"item\":\"https:\/\/www.africa-press.net\/burundi\/\"},{\"@type\":\"ListItem\",\"position\":2,\"name\":\"Burundi : R\u00e9ouverture du march\u00e9 de b\u00e9tail de Gitega\"}]},{\"@type\":\"WebSite\",\"@id\":\"https:\/\/www.africa-press.net\/burundi\/#website\",\"url\":\"https:\/\/www.africa-press.net\/burundi\/\",\"name\":\"Burundi\",\"description\":\"Just another Africa News Agency Sites site\",\"potentialAction\":[{\"@type\":\"SearchAction\",\"target\":{\"@type\":\"EntryPoint\",\"urlTemplate\":\"https:\/\/www.africa-press.net\/burundi\/?s={search_term_string}\"},\"query-input\":{\"@type\":\"PropertyValueSpecification\",\"valueRequired\":true,\"valueName\":\"search_term_string\"}}],\"inLanguage\":\"fr-FR\"},{\"@type\":\"Person\",\"@id\":\"https:\/\/www.africa-press.net\/burundi\/#\/schema\/person\/2b1cf3cd81a31e3cd26889ca66d677f1\",\"name\":\"cfeditorfr\"}]}<\/script>\n<!-- \/ Yoast SEO Premium plugin. -->","yoast_head_json":{"title":"Burundi : R\u00e9ouverture du march\u00e9 de b\u00e9tail de Gitega - Burundi","description":"Re\u0301jouissance des vendeurs de be\u0301tail suite a\u0300 la re\u0301ouverture du marche\u0301 de be\u0301tail de Gitega Au Burundi \u2013 I ...","robots":{"index":"index","follow":"follow","max-snippet":"max-snippet:-1","max-image-preview":"max-image-preview:large","max-video-preview":"max-video-preview:-1"},"canonical":"https:\/\/www.africa-press.net\/burundi\/economie\/burundi-reouverture-du-marche-de-betail-de-gitega","og_locale":"fr_FR","og_type":"article","og_title":"Burundi : R\u00e9ouverture du march\u00e9 de b\u00e9tail de Gitega","og_description":"Re\u0301jouissance des vendeurs de be\u0301tail suite a\u0300 la re\u0301ouverture du marche\u0301 de be\u0301tail de Gitega Au Burundi \u2013 I ...","og_url":"https:\/\/www.africa-press.net\/burundi\/economie\/burundi-reouverture-du-marche-de-betail-de-gitega","og_site_name":"Burundi","article_published_time":"2022-10-04T20:43:58+00:00","article_modified_time":"2022-10-04T21:13:54+00:00","og_image":[{"width":1556,"height":1167,"url":"https:\/\/static.africa-press.net\/burundi\/sites\/47\/2022\/10\/postQueueImg_4-633ca1e917ffb.jpg","type":"image\/jpeg"}],"author":"cfeditorfr","twitter_card":"summary_large_image","twitter_misc":{"\u00c9crit par":"cfeditorfr","Dur\u00e9e de lecture estim\u00e9e":"1 minute"},"schema":{"@context":"https:\/\/schema.org","@graph":[{"@type":"Article","@id":"https:\/\/www.africa-press.net\/burundi\/economie\/burundi-reouverture-du-marche-de-betail-de-gitega#article","isPartOf":{"@id":"https:\/\/www.africa-press.net\/burundi\/economie\/burundi-reouverture-du-marche-de-betail-de-gitega"},"author":{"name":"cfeditorfr","@id":"https:\/\/www.africa-press.net\/burundi\/#\/schema\/person\/2b1cf3cd81a31e3cd26889ca66d677f1"},"headline":"Burundi : R\u00e9ouverture du march\u00e9 de b\u00e9tail de Gitega","datePublished":"2022-10-04T20:43:58+00:00","dateModified":"2022-10-04T21:13:54+00:00","mainEntityOfPage":{"@id":"https:\/\/www.africa-press.net\/burundi\/economie\/burundi-reouverture-du-marche-de-betail-de-gitega"},"wordCount":153,"commentCount":0,"image":{"@id":"https:\/\/www.africa-press.net\/burundi\/economie\/burundi-reouverture-du-marche-de-betail-de-gitega#primaryimage"},"thumbnailUrl":"https:\/\/static.africa-press.net\/burundi\/sites\/47\/2022\/10\/postQueueImg_4-633ca1e917ffb.jpg","keywords":["Africa Press","Africa Press-Burundi","Burundi"],"articleSection":["\u00c9conomie","Photo","Toutes les actualit\u00e9s"],"inLanguage":"fr-FR","potentialAction":[{"@type":"CommentAction","name":"Comment","target":["https:\/\/www.africa-press.net\/burundi\/economie\/burundi-reouverture-du-marche-de-betail-de-gitega#respond"]}]},{"@type":"WebPage","@id":"https:\/\/www.africa-press.net\/burundi\/economie\/burundi-reouverture-du-marche-de-betail-de-gitega","url":"https:\/\/www.africa-press.net\/burundi\/economie\/burundi-reouverture-du-marche-de-betail-de-gitega","name":"Burundi : R\u00e9ouverture du march\u00e9 de b\u00e9tail de Gitega - Burundi","isPartOf":{"@id":"https:\/\/www.africa-press.net\/burundi\/#website"},"primaryImageOfPage":{"@id":"https:\/\/www.africa-press.net\/burundi\/economie\/burundi-reouverture-du-marche-de-betail-de-gitega#primaryimage"},"image":{"@id":"https:\/\/www.africa-press.net\/burundi\/economie\/burundi-reouverture-du-marche-de-betail-de-gitega#primaryimage"},"thumbnailUrl":"https:\/\/static.africa-press.net\/burundi\/sites\/47\/2022\/10\/postQueueImg_4-633ca1e917ffb.jpg","datePublished":"2022-10-04T20:43:58+00:00","dateModified":"2022-10-04T21:13:54+00:00","author":{"@id":"https:\/\/www.africa-press.net\/burundi\/#\/schema\/person\/2b1cf3cd81a31e3cd26889ca66d677f1"},"description":"Re\u0301jouissance des vendeurs de be\u0301tail suite a\u0300 la re\u0301ouverture du marche\u0301 de be\u0301tail de Gitega Au Burundi \u2013 I ...","breadcrumb":{"@id":"https:\/\/www.africa-press.net\/burundi\/economie\/burundi-reouverture-du-marche-de-betail-de-gitega#breadcrumb"},"inLanguage":"fr-FR","potentialAction":[{"@type":"ReadAction","target":["https:\/\/www.africa-press.net\/burundi\/economie\/burundi-reouverture-du-marche-de-betail-de-gitega"]}]},{"@type":"ImageObject","inLanguage":"fr-FR","@id":"https:\/\/www.africa-press.net\/burundi\/economie\/burundi-reouverture-du-marche-de-betail-de-gitega#primaryimage","url":"https:\/\/static.africa-press.net\/burundi\/sites\/47\/2022\/10\/postQueueImg_4-633ca1e917ffb.jpg","contentUrl":"https:\/\/static.africa-press.net\/burundi\/sites\/47\/2022\/10\/postQueueImg_4-633ca1e917ffb.jpg","width":1556,"height":1167,"caption":"Burundi : R\u00e9ouverture du march\u00e9 de b\u00e9tail de Gitega"},{"@type":"BreadcrumbList","@id":"https:\/\/www.africa-press.net\/burundi\/economie\/burundi-reouverture-du-marche-de-betail-de-gitega#breadcrumb","itemListElement":[{"@type":"ListItem","position":1,"name":"Accueil","item":"https:\/\/www.africa-press.net\/burundi\/"},{"@type":"ListItem","position":2,"name":"Burundi : R\u00e9ouverture du march\u00e9 de b\u00e9tail de Gitega"}]},{"@type":"WebSite","@id":"https:\/\/www.africa-press.net\/burundi\/#website","url":"https:\/\/www.africa-press.net\/burundi\/","name":"Burundi","description":"Just another Africa News Agency Sites site","potentialAction":[{"@type":"SearchAction","target":{"@type":"EntryPoint","urlTemplate":"https:\/\/www.africa-press.net\/burundi\/?s={search_term_string}"},"query-input":{"@type":"PropertyValueSpecification","valueRequired":true,"valueName":"search_term_string"}}],"inLanguage":"fr-FR"},{"@type":"Person","@id":"https:\/\/www.africa-press.net\/burundi\/#\/schema\/person\/2b1cf3cd81a31e3cd26889ca66d677f1","name":"cfeditorfr"}]}},"_links":{"self":[{"href":"https:\/\/www.africa-press.net\/burundi\/wp-json\/wp\/v2\/posts\/6987","targetHints":{"allow":["GET"]}}],"collection":[{"href":"https:\/\/www.africa-press.net\/burundi\/wp-json\/wp\/v2\/posts"}],"about":[{"href":"https:\/\/www.africa-press.net\/burundi\/wp-json\/wp\/v2\/types\/post"}],"author":[{"embeddable":true,"href":"https:\/\/www.africa-press.net\/burundi\/wp-json\/wp\/v2\/users\/82"}],"replies":[{"embeddable":true,"href":"https:\/\/www.africa-press.net\/burundi\/wp-json\/wp\/v2\/comments?post=6987"}],"version-history":[{"count":0,"href":"https:\/\/www.africa-press.net\/burundi\/wp-json\/wp\/v2\/posts\/6987\/revisions"}],"wp:featuredmedia":[{"embeddable":true,"href":"https:\/\/www.africa-press.net\/burundi\/wp-json\/wp\/v2\/media\/6986"}],"wp:attachment":[{"href":"https:\/\/www.africa-press.net\/burundi\/wp-json\/wp\/v2\/media?parent=6987"}],"wp:term":[{"taxonomy":"category","embeddable":true,"href":"https:\/\/www.africa-press.net\/burundi\/wp-json\/wp\/v2\/categories?post=6987"},{"taxonomy":"post_tag","embeddable":true,"href":"https:\/\/www.africa-press.net\/burundi\/wp-json\/wp\/v2\/tags?post=6987"}],"curies":[{"name":"wp","href":"https:\/\/api.w.org\/{rel}","templated":true}]}}