{"id":8959,"date":"2023-03-07T23:17:00","date_gmt":"2023-03-07T23:17:00","guid":{"rendered":"https:\/\/www.africa-press.net\/burundi\/politique\/une-salle-de-priere-matinale-pour-le-personnel-de-letat"},"modified":"2023-03-07T23:17:00","modified_gmt":"2023-03-07T23:17:00","slug":"une-salle-de-priere-matinale-pour-le-personnel-de-letat","status":"publish","type":"post","link":"https:\/\/www.africa-press.net\/burundi\/toutes-les-actualites\/une-salle-de-priere-matinale-pour-le-personnel-de-letat","title":{"rendered":"Une salle de pri\u00e8re matinale pour le personnel de l\u2019Etat"},"content":{"rendered":"<p><span style=\"color: #ff6600\"><strong>Africa-Press &#8211; Burundi. <\/strong><\/span><b>La Pre\u0301sidence met en place une salle de prie\u0300re matinale a\u0300 la disposition du personnel de l\u2019Etat.<\/b><\/p>\n<p>\u2013 Cadrant avec la Politique Inte\u0301rieur des Barundi dont celle des Institutions et de l\u2019Administration. Dans -Intangamarara- le pre\u0301ambule de la Constitution du Burundi, il y a : \u201cAbarundi twese : Tuzirikanye ivyo dutegerejwe imbere y\u2019Imana. Puis, dans \u2013 Ingingo ya 1 \u2013 ou l\u2019article 1 : \u201cUburundi ni Repuburika imwe rudende, yishira ikizana, itegamiye idini na rimwe, ishingiye ku ntwaro rusangi, yubahiriza ubudasa mu vyerekeye amoko n\u2019amadini\u201c.<\/p>\n<p>Prenant conside\u0301ration de l\u2019esprit constitutionnel, lundi, <b>M. Sindayihebura Aloys ( Colonel ), Chef de cabinet civil a\u0300 la Pre\u0301sidence<\/b>, a instaure\u0301 une salle de prie\u0300re pour <b>une \u2013 prie\u0300re matinale \u2013 quotidienne, effectue\u0301e entre 7h30 et 8H du matin, destine\u0301e aux personnelles de la Pre\u0301sidence et de la Primature ( Gouvernement ),<\/b> invitant, sans obligation, tout le personnel a\u0300 y participer pour commencer la journe\u0301e avec \u2013 <b>Dieu<\/b> \u2013 .<\/p>\n<p><b>Voici le communique\u0301 en Franc\u0327ais :<\/b><\/p>\n<p><b>La prie\u0300re matinale ou \u2013 National Prayer Breakfast \u2013<\/b> sont soit une \u2013 <b>tradition romaine<\/b> lie\u0301e <b>au catholicisme<\/b> ou une<b> tradition <\/b>anglo-saxonne lie\u0301e au <b>Christianisme<\/b>. Ainsi cette prie\u0300re est destine\u0301e aux catholiques ou chre\u0301tiens et a\u0300 leur -Dieu-. Or \u2013 Dieu \u2013 catholique ou chre\u0301tien \u2013 est traduit Imana depuis la Colonisation ( un crime contre l\u2019humanite\u0301 ). Mais <b>Dieu n\u2019est \u2013 Imana \u2013 des Barundi<\/b>. Dans la Constitution des Barundi, e\u0301crit en Kirundi, Imana est Imana, de la \u2013 <b>Tradition des Barundi<\/b> -.<\/p>\n<p>Les Barundi sont des peuples de <b>l\u2019Ubuntu<\/b>. Chaque murundi, ou chaque <b>muntu<\/b> ( e\u0302tre humain ), posse\u0300de en lui son \u2013 <b>Imana<\/b> -. C\u2019est a\u0300 dire -sa chance- a\u0300 lui, sa force e\u0301nerge\u0301tique propre, son \u2013 <b>ubwenge<\/b> \u2013 a\u0300 lui ( son libre arbitre ). Cet \u2013 Imana \u2013 , que chaque e\u0302tre humain posse\u0300de, nait de la force e\u0301nerge\u0301tique du couple <b>Mukakaryenda<\/b>\u2013<b>Karyenda [1]<\/b>. Pour renforcer ou re\u0301ge\u0301ne\u0301rer la force d\u2019 Imana \u2013 cette force e\u0301nerge\u0301tique en tout e\u0302tre \u2013 , chaque murundi pratique le \u2013 <b>kubandwa<\/b> \u2013 avec le couple <b>MukaKiranga<\/b>\u2013<b>Kiranga<\/b>, se connectant avec ses -ance\u0302tres-. L\u2019Ubuntu est la <b>Tradition<\/b>, <b>l\u2019Ancestralite\u0301<\/b> des Barundi. Imana fait parti de cette <b>Tradition des Barundi<\/b>. S\u2019agissant d\u2019un patrimoine des Barundi.<\/p>\n<p>Petite anecdote, <b>S.E. Ndayishimiye Evariste ( Ge\u0301ne\u0301ral Major ), Pre\u0301sident du Burundi,<\/b> a dit le 1er mars 2023 lors de la \u2013 National Prayer Breakfast \u2013 : \u201c<b>Un de mes ministres m\u2019a demande\u0301 de prier pour lui afin qu\u2019il ne pratique pas la corruption. Je lui ai re\u0301pondu qu\u2019il faut prier chaque matin avant de se rendre au travail<\/b>\u201c. Chaque Murundi \u2013 afise ubwenge \u2013 pourquoi ce ministre a demande\u0301 au chef de l\u2019Etat de l\u2019aider \u201cen priant\u201d ? Poliment, le chef de l\u2019Etat, avise\u0301, lui a re\u0301pondu en lui demandant de prier lui-me\u0302me chaque matin ! C\u2019est cela la culture burundaise.<\/p>\n<p><strong>Pour plus d&rsquo;informations et d&rsquo;analyses sur la <a href=\"https:\/\/www.africa-press.net\/burundi\">Burundi<\/a>, suivez <a href=\"https:\/\/www.africa-press.net\/\">Africa-Press<\/a><\/strong><\/p>\n","protected":false},"excerpt":{"rendered":"<p>Africa-Press &#8211; Burundi. La Pre\u0301sidence met en place une salle de prie\u0300re matinale a\u0300 la disposition du personnel de l\u2019Etat. \u2013 Cadrant avec la Politique Inte\u0301rieur des Barundi dont celle des Institutions et de l\u2019Administration. Dans -Intangamarara- le pre\u0301ambule de la Constitution du Burundi, il y a : \u201cAbarundi twese : Tuzirikanye ivyo dutegerejwe imbere [&hellip;]<\/p>\n","protected":false},"author":82,"featured_media":8958,"comment_status":"open","ping_status":"closed","sticky":false,"template":"","format":"standard","meta":{"footnotes":""},"categories":[21,11,10],"tags":[36,48,45],"class_list":["post-8959","post","type-post","status-publish","format-standard","has-post-thumbnail","hentry","category-communaute","category-homepage-french","category-toutes-les-actualites","tag-africa-press","tag-africa-press-burundi","tag-burundi"],"yoast_head":"<!-- This site is optimized with the Yoast SEO Premium plugin v26.1 (Yoast SEO v27.0) - https:\/\/yoast.com\/product\/yoast-seo-premium-wordpress\/ -->\n<title>Une salle de pri\u00e8re matinale pour le personnel de l\u2019Etat - Burundi<\/title>\n<meta name=\"robots\" content=\"index, follow, max-snippet:-1, max-image-preview:large, max-video-preview:-1\" \/>\n<link rel=\"canonical\" href=\"https:\/\/www.africa-press.net\/burundi\/politique\/une-salle-de-priere-matinale-pour-le-personnel-de-letat\" \/>\n<meta property=\"og:locale\" content=\"fr_FR\" \/>\n<meta property=\"og:type\" content=\"article\" \/>\n<meta property=\"og:title\" content=\"Une salle de pri\u00e8re matinale pour le personnel de l\u2019Etat\" \/>\n<meta property=\"og:description\" content=\"Africa-Press &#8211; Burundi. La Pre\u0301sidence met en place une salle de prie\u0300re matinale a\u0300 la disposition du personnel de l\u2019Etat. \u2013 Cadrant avec la Politique Inte\u0301rieur des Barundi dont celle des Institutions et de l\u2019Administration. Dans -Intangamarara- le pre\u0301ambule de la Constitution du Burundi, il y a : \u201cAbarundi twese : Tuzirikanye ivyo dutegerejwe imbere [&hellip;]\" \/>\n<meta property=\"og:url\" content=\"https:\/\/www.africa-press.net\/burundi\/politique\/une-salle-de-priere-matinale-pour-le-personnel-de-letat\" \/>\n<meta property=\"og:site_name\" content=\"Burundi\" \/>\n<meta property=\"article:published_time\" content=\"2023-03-07T23:17:00+00:00\" \/>\n<meta name=\"author\" content=\"cfeditorfr\" \/>\n<meta name=\"twitter:card\" content=\"summary_large_image\" \/>\n<meta name=\"twitter:label1\" content=\"\u00c9crit par\" \/>\n\t<meta name=\"twitter:data1\" content=\"cfeditorfr\" \/>\n\t<meta name=\"twitter:label2\" content=\"Dur\u00e9e de lecture estim\u00e9e\" \/>\n\t<meta name=\"twitter:data2\" content=\"2 minutes\" \/>\n<script type=\"application\/ld+json\" class=\"yoast-schema-graph\">{\"@context\":\"https:\/\/schema.org\",\"@graph\":[{\"@type\":\"Article\",\"@id\":\"https:\/\/www.africa-press.net\/burundi\/politique\/une-salle-de-priere-matinale-pour-le-personnel-de-letat#article\",\"isPartOf\":{\"@id\":\"https:\/\/www.africa-press.net\/burundi\/politique\/une-salle-de-priere-matinale-pour-le-personnel-de-letat\"},\"author\":{\"name\":\"cfeditorfr\",\"@id\":\"https:\/\/www.africa-press.net\/burundi\/#\/schema\/person\/2b1cf3cd81a31e3cd26889ca66d677f1\"},\"headline\":\"Une salle de pri\u00e8re matinale pour le personnel de l\u2019Etat\",\"datePublished\":\"2023-03-07T23:17:00+00:00\",\"mainEntityOfPage\":{\"@id\":\"https:\/\/www.africa-press.net\/burundi\/politique\/une-salle-de-priere-matinale-pour-le-personnel-de-letat\"},\"wordCount\":502,\"commentCount\":0,\"image\":{\"@id\":\"https:\/\/www.africa-press.net\/burundi\/politique\/une-salle-de-priere-matinale-pour-le-personnel-de-letat#primaryimage\"},\"thumbnailUrl\":\"https:\/\/static.africa-press.net\/burundi\/sites\/47\/2023\/03\/Jokar1678218474.529141.jpg\",\"keywords\":[\"Africa Press\",\"Africa Press-Burundi\",\"Burundi\"],\"articleSection\":[\"Communaut\u00e9\",\"homepage-french\",\"Toutes les actualit\u00e9s\"],\"inLanguage\":\"fr-FR\",\"potentialAction\":[{\"@type\":\"CommentAction\",\"name\":\"Comment\",\"target\":[\"https:\/\/www.africa-press.net\/burundi\/politique\/une-salle-de-priere-matinale-pour-le-personnel-de-letat#respond\"]}]},{\"@type\":\"WebPage\",\"@id\":\"https:\/\/www.africa-press.net\/burundi\/politique\/une-salle-de-priere-matinale-pour-le-personnel-de-letat\",\"url\":\"https:\/\/www.africa-press.net\/burundi\/politique\/une-salle-de-priere-matinale-pour-le-personnel-de-letat\",\"name\":\"Une salle de pri\u00e8re matinale pour le personnel de l\u2019Etat - Burundi\",\"isPartOf\":{\"@id\":\"https:\/\/www.africa-press.net\/burundi\/#website\"},\"primaryImageOfPage\":{\"@id\":\"https:\/\/www.africa-press.net\/burundi\/politique\/une-salle-de-priere-matinale-pour-le-personnel-de-letat#primaryimage\"},\"image\":{\"@id\":\"https:\/\/www.africa-press.net\/burundi\/politique\/une-salle-de-priere-matinale-pour-le-personnel-de-letat#primaryimage\"},\"thumbnailUrl\":\"https:\/\/static.africa-press.net\/burundi\/sites\/47\/2023\/03\/Jokar1678218474.529141.jpg\",\"datePublished\":\"2023-03-07T23:17:00+00:00\",\"author\":{\"@id\":\"https:\/\/www.africa-press.net\/burundi\/#\/schema\/person\/2b1cf3cd81a31e3cd26889ca66d677f1\"},\"breadcrumb\":{\"@id\":\"https:\/\/www.africa-press.net\/burundi\/politique\/une-salle-de-priere-matinale-pour-le-personnel-de-letat#breadcrumb\"},\"inLanguage\":\"fr-FR\",\"potentialAction\":[{\"@type\":\"ReadAction\",\"target\":[\"https:\/\/www.africa-press.net\/burundi\/politique\/une-salle-de-priere-matinale-pour-le-personnel-de-letat\"]}]},{\"@type\":\"ImageObject\",\"inLanguage\":\"fr-FR\",\"@id\":\"https:\/\/www.africa-press.net\/burundi\/politique\/une-salle-de-priere-matinale-pour-le-personnel-de-letat#primaryimage\",\"url\":\"https:\/\/static.africa-press.net\/burundi\/sites\/47\/2023\/03\/Jokar1678218474.529141.jpg\",\"contentUrl\":\"https:\/\/static.africa-press.net\/burundi\/sites\/47\/2023\/03\/Jokar1678218474.529141.jpg\",\"width\":680,\"height\":453,\"caption\":\"Une salle de pri\u00e8re matinale pour le personnel de l\u2019Etat\"},{\"@type\":\"BreadcrumbList\",\"@id\":\"https:\/\/www.africa-press.net\/burundi\/politique\/une-salle-de-priere-matinale-pour-le-personnel-de-letat#breadcrumb\",\"itemListElement\":[{\"@type\":\"ListItem\",\"position\":1,\"name\":\"Accueil\",\"item\":\"https:\/\/www.africa-press.net\/burundi\/\"},{\"@type\":\"ListItem\",\"position\":2,\"name\":\"Une salle de pri\u00e8re matinale pour le personnel de l\u2019Etat\"}]},{\"@type\":\"WebSite\",\"@id\":\"https:\/\/www.africa-press.net\/burundi\/#website\",\"url\":\"https:\/\/www.africa-press.net\/burundi\/\",\"name\":\"Burundi\",\"description\":\"Just another Africa News Agency Sites site\",\"potentialAction\":[{\"@type\":\"SearchAction\",\"target\":{\"@type\":\"EntryPoint\",\"urlTemplate\":\"https:\/\/www.africa-press.net\/burundi\/?s={search_term_string}\"},\"query-input\":{\"@type\":\"PropertyValueSpecification\",\"valueRequired\":true,\"valueName\":\"search_term_string\"}}],\"inLanguage\":\"fr-FR\"},{\"@type\":\"Person\",\"@id\":\"https:\/\/www.africa-press.net\/burundi\/#\/schema\/person\/2b1cf3cd81a31e3cd26889ca66d677f1\",\"name\":\"cfeditorfr\"}]}<\/script>\n<!-- \/ Yoast SEO Premium plugin. -->","yoast_head_json":{"title":"Une salle de pri\u00e8re matinale pour le personnel de l\u2019Etat - Burundi","robots":{"index":"index","follow":"follow","max-snippet":"max-snippet:-1","max-image-preview":"max-image-preview:large","max-video-preview":"max-video-preview:-1"},"canonical":"https:\/\/www.africa-press.net\/burundi\/politique\/une-salle-de-priere-matinale-pour-le-personnel-de-letat","og_locale":"fr_FR","og_type":"article","og_title":"Une salle de pri\u00e8re matinale pour le personnel de l\u2019Etat","og_description":"Africa-Press &#8211; Burundi. La Pre\u0301sidence met en place une salle de prie\u0300re matinale a\u0300 la disposition du personnel de l\u2019Etat. \u2013 Cadrant avec la Politique Inte\u0301rieur des Barundi dont celle des Institutions et de l\u2019Administration. Dans -Intangamarara- le pre\u0301ambule de la Constitution du Burundi, il y a : \u201cAbarundi twese : Tuzirikanye ivyo dutegerejwe imbere [&hellip;]","og_url":"https:\/\/www.africa-press.net\/burundi\/politique\/une-salle-de-priere-matinale-pour-le-personnel-de-letat","og_site_name":"Burundi","article_published_time":"2023-03-07T23:17:00+00:00","author":"cfeditorfr","twitter_card":"summary_large_image","twitter_misc":{"\u00c9crit par":"cfeditorfr","Dur\u00e9e de lecture estim\u00e9e":"2 minutes"},"schema":{"@context":"https:\/\/schema.org","@graph":[{"@type":"Article","@id":"https:\/\/www.africa-press.net\/burundi\/politique\/une-salle-de-priere-matinale-pour-le-personnel-de-letat#article","isPartOf":{"@id":"https:\/\/www.africa-press.net\/burundi\/politique\/une-salle-de-priere-matinale-pour-le-personnel-de-letat"},"author":{"name":"cfeditorfr","@id":"https:\/\/www.africa-press.net\/burundi\/#\/schema\/person\/2b1cf3cd81a31e3cd26889ca66d677f1"},"headline":"Une salle de pri\u00e8re matinale pour le personnel de l\u2019Etat","datePublished":"2023-03-07T23:17:00+00:00","mainEntityOfPage":{"@id":"https:\/\/www.africa-press.net\/burundi\/politique\/une-salle-de-priere-matinale-pour-le-personnel-de-letat"},"wordCount":502,"commentCount":0,"image":{"@id":"https:\/\/www.africa-press.net\/burundi\/politique\/une-salle-de-priere-matinale-pour-le-personnel-de-letat#primaryimage"},"thumbnailUrl":"https:\/\/static.africa-press.net\/burundi\/sites\/47\/2023\/03\/Jokar1678218474.529141.jpg","keywords":["Africa Press","Africa Press-Burundi","Burundi"],"articleSection":["Communaut\u00e9","homepage-french","Toutes les actualit\u00e9s"],"inLanguage":"fr-FR","potentialAction":[{"@type":"CommentAction","name":"Comment","target":["https:\/\/www.africa-press.net\/burundi\/politique\/une-salle-de-priere-matinale-pour-le-personnel-de-letat#respond"]}]},{"@type":"WebPage","@id":"https:\/\/www.africa-press.net\/burundi\/politique\/une-salle-de-priere-matinale-pour-le-personnel-de-letat","url":"https:\/\/www.africa-press.net\/burundi\/politique\/une-salle-de-priere-matinale-pour-le-personnel-de-letat","name":"Une salle de pri\u00e8re matinale pour le personnel de l\u2019Etat - Burundi","isPartOf":{"@id":"https:\/\/www.africa-press.net\/burundi\/#website"},"primaryImageOfPage":{"@id":"https:\/\/www.africa-press.net\/burundi\/politique\/une-salle-de-priere-matinale-pour-le-personnel-de-letat#primaryimage"},"image":{"@id":"https:\/\/www.africa-press.net\/burundi\/politique\/une-salle-de-priere-matinale-pour-le-personnel-de-letat#primaryimage"},"thumbnailUrl":"https:\/\/static.africa-press.net\/burundi\/sites\/47\/2023\/03\/Jokar1678218474.529141.jpg","datePublished":"2023-03-07T23:17:00+00:00","author":{"@id":"https:\/\/www.africa-press.net\/burundi\/#\/schema\/person\/2b1cf3cd81a31e3cd26889ca66d677f1"},"breadcrumb":{"@id":"https:\/\/www.africa-press.net\/burundi\/politique\/une-salle-de-priere-matinale-pour-le-personnel-de-letat#breadcrumb"},"inLanguage":"fr-FR","potentialAction":[{"@type":"ReadAction","target":["https:\/\/www.africa-press.net\/burundi\/politique\/une-salle-de-priere-matinale-pour-le-personnel-de-letat"]}]},{"@type":"ImageObject","inLanguage":"fr-FR","@id":"https:\/\/www.africa-press.net\/burundi\/politique\/une-salle-de-priere-matinale-pour-le-personnel-de-letat#primaryimage","url":"https:\/\/static.africa-press.net\/burundi\/sites\/47\/2023\/03\/Jokar1678218474.529141.jpg","contentUrl":"https:\/\/static.africa-press.net\/burundi\/sites\/47\/2023\/03\/Jokar1678218474.529141.jpg","width":680,"height":453,"caption":"Une salle de pri\u00e8re matinale pour le personnel de l\u2019Etat"},{"@type":"BreadcrumbList","@id":"https:\/\/www.africa-press.net\/burundi\/politique\/une-salle-de-priere-matinale-pour-le-personnel-de-letat#breadcrumb","itemListElement":[{"@type":"ListItem","position":1,"name":"Accueil","item":"https:\/\/www.africa-press.net\/burundi\/"},{"@type":"ListItem","position":2,"name":"Une salle de pri\u00e8re matinale pour le personnel de l\u2019Etat"}]},{"@type":"WebSite","@id":"https:\/\/www.africa-press.net\/burundi\/#website","url":"https:\/\/www.africa-press.net\/burundi\/","name":"Burundi","description":"Just another Africa News Agency Sites site","potentialAction":[{"@type":"SearchAction","target":{"@type":"EntryPoint","urlTemplate":"https:\/\/www.africa-press.net\/burundi\/?s={search_term_string}"},"query-input":{"@type":"PropertyValueSpecification","valueRequired":true,"valueName":"search_term_string"}}],"inLanguage":"fr-FR"},{"@type":"Person","@id":"https:\/\/www.africa-press.net\/burundi\/#\/schema\/person\/2b1cf3cd81a31e3cd26889ca66d677f1","name":"cfeditorfr"}]}},"_links":{"self":[{"href":"https:\/\/www.africa-press.net\/burundi\/wp-json\/wp\/v2\/posts\/8959","targetHints":{"allow":["GET"]}}],"collection":[{"href":"https:\/\/www.africa-press.net\/burundi\/wp-json\/wp\/v2\/posts"}],"about":[{"href":"https:\/\/www.africa-press.net\/burundi\/wp-json\/wp\/v2\/types\/post"}],"author":[{"embeddable":true,"href":"https:\/\/www.africa-press.net\/burundi\/wp-json\/wp\/v2\/users\/82"}],"replies":[{"embeddable":true,"href":"https:\/\/www.africa-press.net\/burundi\/wp-json\/wp\/v2\/comments?post=8959"}],"version-history":[{"count":0,"href":"https:\/\/www.africa-press.net\/burundi\/wp-json\/wp\/v2\/posts\/8959\/revisions"}],"wp:featuredmedia":[{"embeddable":true,"href":"https:\/\/www.africa-press.net\/burundi\/wp-json\/wp\/v2\/media\/8958"}],"wp:attachment":[{"href":"https:\/\/www.africa-press.net\/burundi\/wp-json\/wp\/v2\/media?parent=8959"}],"wp:term":[{"taxonomy":"category","embeddable":true,"href":"https:\/\/www.africa-press.net\/burundi\/wp-json\/wp\/v2\/categories?post=8959"},{"taxonomy":"post_tag","embeddable":true,"href":"https:\/\/www.africa-press.net\/burundi\/wp-json\/wp\/v2\/tags?post=8959"}],"curies":[{"name":"wp","href":"https:\/\/api.w.org\/{rel}","templated":true}]}}