{"id":9255,"date":"2023-03-28T20:06:00","date_gmt":"2023-03-28T20:06:00","guid":{"rendered":"https:\/\/www.africa-press.net\/burundi\/politique\/le-president-ndayishimiye-prone-lautonomisation-de-la-jeunesse-pour-la-stabilite-de-leac"},"modified":"2023-03-28T20:06:00","modified_gmt":"2023-03-28T20:06:00","slug":"le-president-ndayishimiye-prone-lautonomisation-de-la-jeunesse-pour-la-stabilite-de-leac","status":"publish","type":"post","link":"https:\/\/www.africa-press.net\/burundi\/toutes-les-actualites\/le-president-ndayishimiye-prone-lautonomisation-de-la-jeunesse-pour-la-stabilite-de-leac","title":{"rendered":"Le Pr\u00e9sident Ndayishimiye pr\u00f4ne l\u2019autonomisation de la jeunesse pour la stabilit\u00e9 de l\u2019EAC"},"content":{"rendered":"<p><span style=\"color: #ff6600\"><strong>Africa-Press &#8211; Burundi. <\/strong><\/span>En proce\u0301dant a\u0300 l\u2019ouverture de la 3e\u0300me Re\u0301union, de la Premie\u0300re Session de la 5e\u0300me Assemble\u0301e Le\u0301gislative de la Communaute\u0301 Est Africaine, ce mardi 28 mars 2023 au Palais de Kigobe, le Chef de l\u2019Etat et Pre\u0301sident en Exercice de la Communaute\u0301 Est Africaine Son Excellence Evariste Ndayishimiye a interpelle\u0301 les pays membres a\u0300 promouvoir l\u2019autonomisation des jeunes en vue de la stabilisation de la re\u0301gion.<\/p>\n<p>E\u0301tant re\u0301cemment nomme\u0301 champion de la Jeunesse par l\u2019Union Africaine, le Pre\u0301sident Burundais a rappele\u0301 que la Communaute\u0301 ne peut pas atteindre les objectifs de de\u0301veloppement sans centrer ses strate\u0301gies sur les jeunes qui constituent la majeure partie de la population et la force motrice:\u201cL\u2019autonomisation de la jeunesse a un impact sur la stabilisation de la paix car il n\u2019y a pas de paix la\u0300 ou\u0300 il n\u2019y a pas de pain\u201d, a-t-il de\u0301clare\u0301 invitant les membres de l\u2019Assemble\u0301e Le\u0301gislative de la Communaute\u0301 Est Africaine a\u0300 appuyer dans la sensibilisation et la mobilisation du peuple, du secteur prive\u0301 et de la socie\u0301te\u0301 civile autour de la paix, un pre\u0301alable pour l\u2019investissement et le de\u0301veloppement socio-e\u0301conomique.<\/p>\n<p>Le Pre\u0301sident de la Re\u0301publique a en outre salue\u0301 le ro\u0302le joue\u0301 par l\u2019Assemble\u0301e le\u0301gislative de la Communaute\u0301 Est Africaine en facilitant le processus d\u2019inte\u0301gration et l\u2019appropriation des de\u0301cisions prises au sein de la Communaute\u0301.<\/p>\n<p>Se re\u0301jouissant pour d\u2019e\u0301normes re\u0301alisations accomplies par la Communaute\u0301 durant les 10 dernie\u0300res anne\u0301es, Son Excellence Evariste Ndayishimiye a cependant indique\u0301 qu\u2019il ya encore des de\u0301fis a\u0300 relever pour notamment assurer une meilleure inte\u0301gration et la stabilisation de la paix en RDC et dans tous les pays membres.<\/p>\n<p>Il a saisi cette occasion pour exprimer sa reconnaissance au Chefs d\u2019Etat des pays membres de la Communaute\u0301 Est Africaine pour leur engagement dans le combat pour le re\u0301tablissement de la paix a\u0300 l\u2019Est de la RDC et a salue\u0301 le travail abattu par l\u2019Ancien Pre\u0301sident Kenyan, Uhuru Kenyatta dans le processus de facilitation.<\/p>\n<p>\u201cNous devons travailler dur pour combattre les facteurs qui limitent ou entravent la construction d\u2019un marche\u0301 inte\u0301rieur plus large afin d\u2019augmenter notre part dans l\u2019e\u0301conomie commerciale mondiale\u201d, a indique\u0301 le Nume\u0301ro Un Burundais apre\u0300s avoir e\u0301voque\u0301 la ne\u0301cessite\u0301 d\u2019e\u0301liminer ou re\u0301duire les barrie\u0300res tarifaires qui affectent le commerce et conduisent aux de\u0301se\u0301quilibres commerciaux entre les Etats membres.<\/p>\n<p><strong>Pour plus d&rsquo;informations et d&rsquo;analyses sur la <a href=\"https:\/\/www.africa-press.net\/burundi\">Burundi<\/a>, suivez <a href=\"https:\/\/www.africa-press.net\/\">Africa-Press<\/a><\/strong><\/p>\n","protected":false},"excerpt":{"rendered":"<p>Africa-Press &#8211; Burundi. En proce\u0301dant a\u0300 l\u2019ouverture de la 3e\u0300me Re\u0301union, de la Premie\u0300re Session de la 5e\u0300me Assemble\u0301e Le\u0301gislative de la Communaute\u0301 Est Africaine, ce mardi 28 mars 2023 au Palais de Kigobe, le Chef de l\u2019Etat et Pre\u0301sident en Exercice de la Communaute\u0301 Est Africaine Son Excellence Evariste Ndayishimiye a interpelle\u0301 les pays [&hellip;]<\/p>\n","protected":false},"author":82,"featured_media":9254,"comment_status":"open","ping_status":"closed","sticky":false,"template":"","format":"standard","meta":{"footnotes":""},"categories":[11,49,20,10],"tags":[36,48,45],"class_list":["post-9255","post","type-post","status-publish","format-standard","has-post-thumbnail","hentry","category-homepage-french","category-to-homepage","category-top-nouvelles","category-toutes-les-actualites","tag-africa-press","tag-africa-press-burundi","tag-burundi"],"yoast_head":"<!-- This site is optimized with the Yoast SEO Premium plugin v26.1 (Yoast SEO v27.0) - https:\/\/yoast.com\/product\/yoast-seo-premium-wordpress\/ -->\n<title>Le Pr\u00e9sident Ndayishimiye pr\u00f4ne l\u2019autonomisation de la jeunesse pour la stabilit\u00e9 de l\u2019EAC - Burundi<\/title>\n<meta name=\"robots\" content=\"index, follow, max-snippet:-1, max-image-preview:large, max-video-preview:-1\" \/>\n<link rel=\"canonical\" href=\"https:\/\/www.africa-press.net\/burundi\/politique\/le-president-ndayishimiye-prone-lautonomisation-de-la-jeunesse-pour-la-stabilite-de-leac\" \/>\n<meta property=\"og:locale\" content=\"fr_FR\" \/>\n<meta property=\"og:type\" content=\"article\" \/>\n<meta property=\"og:title\" content=\"Le Pr\u00e9sident Ndayishimiye pr\u00f4ne l\u2019autonomisation de la jeunesse pour la stabilit\u00e9 de l\u2019EAC\" \/>\n<meta property=\"og:description\" content=\"Africa-Press &#8211; Burundi. En proce\u0301dant a\u0300 l\u2019ouverture de la 3e\u0300me Re\u0301union, de la Premie\u0300re Session de la 5e\u0300me Assemble\u0301e Le\u0301gislative de la Communaute\u0301 Est Africaine, ce mardi 28 mars 2023 au Palais de Kigobe, le Chef de l\u2019Etat et Pre\u0301sident en Exercice de la Communaute\u0301 Est Africaine Son Excellence Evariste Ndayishimiye a interpelle\u0301 les pays [&hellip;]\" \/>\n<meta property=\"og:url\" content=\"https:\/\/www.africa-press.net\/burundi\/politique\/le-president-ndayishimiye-prone-lautonomisation-de-la-jeunesse-pour-la-stabilite-de-leac\" \/>\n<meta property=\"og:site_name\" content=\"Burundi\" \/>\n<meta property=\"article:published_time\" content=\"2023-03-28T20:06:00+00:00\" \/>\n<meta name=\"author\" content=\"cfeditorfr\" \/>\n<meta name=\"twitter:card\" content=\"summary_large_image\" \/>\n<meta name=\"twitter:label1\" content=\"\u00c9crit par\" \/>\n\t<meta name=\"twitter:data1\" content=\"cfeditorfr\" \/>\n\t<meta name=\"twitter:label2\" content=\"Dur\u00e9e de lecture estim\u00e9e\" \/>\n\t<meta name=\"twitter:data2\" content=\"2 minutes\" \/>\n<script type=\"application\/ld+json\" class=\"yoast-schema-graph\">{\"@context\":\"https:\/\/schema.org\",\"@graph\":[{\"@type\":\"Article\",\"@id\":\"https:\/\/www.africa-press.net\/burundi\/politique\/le-president-ndayishimiye-prone-lautonomisation-de-la-jeunesse-pour-la-stabilite-de-leac#article\",\"isPartOf\":{\"@id\":\"https:\/\/www.africa-press.net\/burundi\/politique\/le-president-ndayishimiye-prone-lautonomisation-de-la-jeunesse-pour-la-stabilite-de-leac\"},\"author\":{\"name\":\"cfeditorfr\",\"@id\":\"https:\/\/www.africa-press.net\/burundi\/#\/schema\/person\/2b1cf3cd81a31e3cd26889ca66d677f1\"},\"headline\":\"Le Pr\u00e9sident Ndayishimiye pr\u00f4ne l\u2019autonomisation de la jeunesse pour la stabilit\u00e9 de l\u2019EAC\",\"datePublished\":\"2023-03-28T20:06:00+00:00\",\"mainEntityOfPage\":{\"@id\":\"https:\/\/www.africa-press.net\/burundi\/politique\/le-president-ndayishimiye-prone-lautonomisation-de-la-jeunesse-pour-la-stabilite-de-leac\"},\"wordCount\":474,\"commentCount\":0,\"image\":{\"@id\":\"https:\/\/www.africa-press.net\/burundi\/politique\/le-president-ndayishimiye-prone-lautonomisation-de-la-jeunesse-pour-la-stabilite-de-leac#primaryimage\"},\"thumbnailUrl\":\"https:\/\/static.africa-press.net\/burundi\/sites\/47\/2023\/03\/Jokar1680021403.325856.jpg\",\"keywords\":[\"Africa Press\",\"Africa Press-Burundi\",\"Burundi\"],\"articleSection\":[\"homepage-french\",\"to-homepage\",\"Top Nouvelles\",\"Toutes les actualit\u00e9s\"],\"inLanguage\":\"fr-FR\",\"potentialAction\":[{\"@type\":\"CommentAction\",\"name\":\"Comment\",\"target\":[\"https:\/\/www.africa-press.net\/burundi\/politique\/le-president-ndayishimiye-prone-lautonomisation-de-la-jeunesse-pour-la-stabilite-de-leac#respond\"]}]},{\"@type\":\"WebPage\",\"@id\":\"https:\/\/www.africa-press.net\/burundi\/politique\/le-president-ndayishimiye-prone-lautonomisation-de-la-jeunesse-pour-la-stabilite-de-leac\",\"url\":\"https:\/\/www.africa-press.net\/burundi\/politique\/le-president-ndayishimiye-prone-lautonomisation-de-la-jeunesse-pour-la-stabilite-de-leac\",\"name\":\"Le Pr\u00e9sident Ndayishimiye pr\u00f4ne l\u2019autonomisation de la jeunesse pour la stabilit\u00e9 de l\u2019EAC - Burundi\",\"isPartOf\":{\"@id\":\"https:\/\/www.africa-press.net\/burundi\/#website\"},\"primaryImageOfPage\":{\"@id\":\"https:\/\/www.africa-press.net\/burundi\/politique\/le-president-ndayishimiye-prone-lautonomisation-de-la-jeunesse-pour-la-stabilite-de-leac#primaryimage\"},\"image\":{\"@id\":\"https:\/\/www.africa-press.net\/burundi\/politique\/le-president-ndayishimiye-prone-lautonomisation-de-la-jeunesse-pour-la-stabilite-de-leac#primaryimage\"},\"thumbnailUrl\":\"https:\/\/static.africa-press.net\/burundi\/sites\/47\/2023\/03\/Jokar1680021403.325856.jpg\",\"datePublished\":\"2023-03-28T20:06:00+00:00\",\"author\":{\"@id\":\"https:\/\/www.africa-press.net\/burundi\/#\/schema\/person\/2b1cf3cd81a31e3cd26889ca66d677f1\"},\"breadcrumb\":{\"@id\":\"https:\/\/www.africa-press.net\/burundi\/politique\/le-president-ndayishimiye-prone-lautonomisation-de-la-jeunesse-pour-la-stabilite-de-leac#breadcrumb\"},\"inLanguage\":\"fr-FR\",\"potentialAction\":[{\"@type\":\"ReadAction\",\"target\":[\"https:\/\/www.africa-press.net\/burundi\/politique\/le-president-ndayishimiye-prone-lautonomisation-de-la-jeunesse-pour-la-stabilite-de-leac\"]}]},{\"@type\":\"ImageObject\",\"inLanguage\":\"fr-FR\",\"@id\":\"https:\/\/www.africa-press.net\/burundi\/politique\/le-president-ndayishimiye-prone-lautonomisation-de-la-jeunesse-pour-la-stabilite-de-leac#primaryimage\",\"url\":\"https:\/\/static.africa-press.net\/burundi\/sites\/47\/2023\/03\/Jokar1680021403.325856.jpg\",\"contentUrl\":\"https:\/\/static.africa-press.net\/burundi\/sites\/47\/2023\/03\/Jokar1680021403.325856.jpg\",\"width\":1024,\"height\":682,\"caption\":\"Le Pr\u00e9sident Ndayishimiye pr\u00f4ne l\u2019autonomisation de la jeunesse pour la stabilit\u00e9 de l\u2019EAC\"},{\"@type\":\"BreadcrumbList\",\"@id\":\"https:\/\/www.africa-press.net\/burundi\/politique\/le-president-ndayishimiye-prone-lautonomisation-de-la-jeunesse-pour-la-stabilite-de-leac#breadcrumb\",\"itemListElement\":[{\"@type\":\"ListItem\",\"position\":1,\"name\":\"Accueil\",\"item\":\"https:\/\/www.africa-press.net\/burundi\/\"},{\"@type\":\"ListItem\",\"position\":2,\"name\":\"Le Pr\u00e9sident Ndayishimiye pr\u00f4ne l\u2019autonomisation de la jeunesse pour la stabilit\u00e9 de l\u2019EAC\"}]},{\"@type\":\"WebSite\",\"@id\":\"https:\/\/www.africa-press.net\/burundi\/#website\",\"url\":\"https:\/\/www.africa-press.net\/burundi\/\",\"name\":\"Burundi\",\"description\":\"Just another Africa News Agency Sites site\",\"potentialAction\":[{\"@type\":\"SearchAction\",\"target\":{\"@type\":\"EntryPoint\",\"urlTemplate\":\"https:\/\/www.africa-press.net\/burundi\/?s={search_term_string}\"},\"query-input\":{\"@type\":\"PropertyValueSpecification\",\"valueRequired\":true,\"valueName\":\"search_term_string\"}}],\"inLanguage\":\"fr-FR\"},{\"@type\":\"Person\",\"@id\":\"https:\/\/www.africa-press.net\/burundi\/#\/schema\/person\/2b1cf3cd81a31e3cd26889ca66d677f1\",\"name\":\"cfeditorfr\"}]}<\/script>\n<!-- \/ Yoast SEO Premium plugin. -->","yoast_head_json":{"title":"Le Pr\u00e9sident Ndayishimiye pr\u00f4ne l\u2019autonomisation de la jeunesse pour la stabilit\u00e9 de l\u2019EAC - Burundi","robots":{"index":"index","follow":"follow","max-snippet":"max-snippet:-1","max-image-preview":"max-image-preview:large","max-video-preview":"max-video-preview:-1"},"canonical":"https:\/\/www.africa-press.net\/burundi\/politique\/le-president-ndayishimiye-prone-lautonomisation-de-la-jeunesse-pour-la-stabilite-de-leac","og_locale":"fr_FR","og_type":"article","og_title":"Le Pr\u00e9sident Ndayishimiye pr\u00f4ne l\u2019autonomisation de la jeunesse pour la stabilit\u00e9 de l\u2019EAC","og_description":"Africa-Press &#8211; Burundi. En proce\u0301dant a\u0300 l\u2019ouverture de la 3e\u0300me Re\u0301union, de la Premie\u0300re Session de la 5e\u0300me Assemble\u0301e Le\u0301gislative de la Communaute\u0301 Est Africaine, ce mardi 28 mars 2023 au Palais de Kigobe, le Chef de l\u2019Etat et Pre\u0301sident en Exercice de la Communaute\u0301 Est Africaine Son Excellence Evariste Ndayishimiye a interpelle\u0301 les pays [&hellip;]","og_url":"https:\/\/www.africa-press.net\/burundi\/politique\/le-president-ndayishimiye-prone-lautonomisation-de-la-jeunesse-pour-la-stabilite-de-leac","og_site_name":"Burundi","article_published_time":"2023-03-28T20:06:00+00:00","author":"cfeditorfr","twitter_card":"summary_large_image","twitter_misc":{"\u00c9crit par":"cfeditorfr","Dur\u00e9e de lecture estim\u00e9e":"2 minutes"},"schema":{"@context":"https:\/\/schema.org","@graph":[{"@type":"Article","@id":"https:\/\/www.africa-press.net\/burundi\/politique\/le-president-ndayishimiye-prone-lautonomisation-de-la-jeunesse-pour-la-stabilite-de-leac#article","isPartOf":{"@id":"https:\/\/www.africa-press.net\/burundi\/politique\/le-president-ndayishimiye-prone-lautonomisation-de-la-jeunesse-pour-la-stabilite-de-leac"},"author":{"name":"cfeditorfr","@id":"https:\/\/www.africa-press.net\/burundi\/#\/schema\/person\/2b1cf3cd81a31e3cd26889ca66d677f1"},"headline":"Le Pr\u00e9sident Ndayishimiye pr\u00f4ne l\u2019autonomisation de la jeunesse pour la stabilit\u00e9 de l\u2019EAC","datePublished":"2023-03-28T20:06:00+00:00","mainEntityOfPage":{"@id":"https:\/\/www.africa-press.net\/burundi\/politique\/le-president-ndayishimiye-prone-lautonomisation-de-la-jeunesse-pour-la-stabilite-de-leac"},"wordCount":474,"commentCount":0,"image":{"@id":"https:\/\/www.africa-press.net\/burundi\/politique\/le-president-ndayishimiye-prone-lautonomisation-de-la-jeunesse-pour-la-stabilite-de-leac#primaryimage"},"thumbnailUrl":"https:\/\/static.africa-press.net\/burundi\/sites\/47\/2023\/03\/Jokar1680021403.325856.jpg","keywords":["Africa Press","Africa Press-Burundi","Burundi"],"articleSection":["homepage-french","to-homepage","Top Nouvelles","Toutes les actualit\u00e9s"],"inLanguage":"fr-FR","potentialAction":[{"@type":"CommentAction","name":"Comment","target":["https:\/\/www.africa-press.net\/burundi\/politique\/le-president-ndayishimiye-prone-lautonomisation-de-la-jeunesse-pour-la-stabilite-de-leac#respond"]}]},{"@type":"WebPage","@id":"https:\/\/www.africa-press.net\/burundi\/politique\/le-president-ndayishimiye-prone-lautonomisation-de-la-jeunesse-pour-la-stabilite-de-leac","url":"https:\/\/www.africa-press.net\/burundi\/politique\/le-president-ndayishimiye-prone-lautonomisation-de-la-jeunesse-pour-la-stabilite-de-leac","name":"Le Pr\u00e9sident Ndayishimiye pr\u00f4ne l\u2019autonomisation de la jeunesse pour la stabilit\u00e9 de l\u2019EAC - Burundi","isPartOf":{"@id":"https:\/\/www.africa-press.net\/burundi\/#website"},"primaryImageOfPage":{"@id":"https:\/\/www.africa-press.net\/burundi\/politique\/le-president-ndayishimiye-prone-lautonomisation-de-la-jeunesse-pour-la-stabilite-de-leac#primaryimage"},"image":{"@id":"https:\/\/www.africa-press.net\/burundi\/politique\/le-president-ndayishimiye-prone-lautonomisation-de-la-jeunesse-pour-la-stabilite-de-leac#primaryimage"},"thumbnailUrl":"https:\/\/static.africa-press.net\/burundi\/sites\/47\/2023\/03\/Jokar1680021403.325856.jpg","datePublished":"2023-03-28T20:06:00+00:00","author":{"@id":"https:\/\/www.africa-press.net\/burundi\/#\/schema\/person\/2b1cf3cd81a31e3cd26889ca66d677f1"},"breadcrumb":{"@id":"https:\/\/www.africa-press.net\/burundi\/politique\/le-president-ndayishimiye-prone-lautonomisation-de-la-jeunesse-pour-la-stabilite-de-leac#breadcrumb"},"inLanguage":"fr-FR","potentialAction":[{"@type":"ReadAction","target":["https:\/\/www.africa-press.net\/burundi\/politique\/le-president-ndayishimiye-prone-lautonomisation-de-la-jeunesse-pour-la-stabilite-de-leac"]}]},{"@type":"ImageObject","inLanguage":"fr-FR","@id":"https:\/\/www.africa-press.net\/burundi\/politique\/le-president-ndayishimiye-prone-lautonomisation-de-la-jeunesse-pour-la-stabilite-de-leac#primaryimage","url":"https:\/\/static.africa-press.net\/burundi\/sites\/47\/2023\/03\/Jokar1680021403.325856.jpg","contentUrl":"https:\/\/static.africa-press.net\/burundi\/sites\/47\/2023\/03\/Jokar1680021403.325856.jpg","width":1024,"height":682,"caption":"Le Pr\u00e9sident Ndayishimiye pr\u00f4ne l\u2019autonomisation de la jeunesse pour la stabilit\u00e9 de l\u2019EAC"},{"@type":"BreadcrumbList","@id":"https:\/\/www.africa-press.net\/burundi\/politique\/le-president-ndayishimiye-prone-lautonomisation-de-la-jeunesse-pour-la-stabilite-de-leac#breadcrumb","itemListElement":[{"@type":"ListItem","position":1,"name":"Accueil","item":"https:\/\/www.africa-press.net\/burundi\/"},{"@type":"ListItem","position":2,"name":"Le Pr\u00e9sident Ndayishimiye pr\u00f4ne l\u2019autonomisation de la jeunesse pour la stabilit\u00e9 de l\u2019EAC"}]},{"@type":"WebSite","@id":"https:\/\/www.africa-press.net\/burundi\/#website","url":"https:\/\/www.africa-press.net\/burundi\/","name":"Burundi","description":"Just another Africa News Agency Sites site","potentialAction":[{"@type":"SearchAction","target":{"@type":"EntryPoint","urlTemplate":"https:\/\/www.africa-press.net\/burundi\/?s={search_term_string}"},"query-input":{"@type":"PropertyValueSpecification","valueRequired":true,"valueName":"search_term_string"}}],"inLanguage":"fr-FR"},{"@type":"Person","@id":"https:\/\/www.africa-press.net\/burundi\/#\/schema\/person\/2b1cf3cd81a31e3cd26889ca66d677f1","name":"cfeditorfr"}]}},"_links":{"self":[{"href":"https:\/\/www.africa-press.net\/burundi\/wp-json\/wp\/v2\/posts\/9255","targetHints":{"allow":["GET"]}}],"collection":[{"href":"https:\/\/www.africa-press.net\/burundi\/wp-json\/wp\/v2\/posts"}],"about":[{"href":"https:\/\/www.africa-press.net\/burundi\/wp-json\/wp\/v2\/types\/post"}],"author":[{"embeddable":true,"href":"https:\/\/www.africa-press.net\/burundi\/wp-json\/wp\/v2\/users\/82"}],"replies":[{"embeddable":true,"href":"https:\/\/www.africa-press.net\/burundi\/wp-json\/wp\/v2\/comments?post=9255"}],"version-history":[{"count":0,"href":"https:\/\/www.africa-press.net\/burundi\/wp-json\/wp\/v2\/posts\/9255\/revisions"}],"wp:featuredmedia":[{"embeddable":true,"href":"https:\/\/www.africa-press.net\/burundi\/wp-json\/wp\/v2\/media\/9254"}],"wp:attachment":[{"href":"https:\/\/www.africa-press.net\/burundi\/wp-json\/wp\/v2\/media?parent=9255"}],"wp:term":[{"taxonomy":"category","embeddable":true,"href":"https:\/\/www.africa-press.net\/burundi\/wp-json\/wp\/v2\/categories?post=9255"},{"taxonomy":"post_tag","embeddable":true,"href":"https:\/\/www.africa-press.net\/burundi\/wp-json\/wp\/v2\/tags?post=9255"}],"curies":[{"name":"wp","href":"https:\/\/api.w.org\/{rel}","templated":true}]}}