{"id":9505,"date":"2023-04-17T20:54:00","date_gmt":"2023-04-17T20:54:00","guid":{"rendered":"https:\/\/www.africa-press.net\/burundi\/politique\/societes-de-ramassage-des-dechets-les-employes-montent-au-creneau"},"modified":"2023-04-17T20:54:00","modified_gmt":"2023-04-17T20:54:00","slug":"societes-de-ramassage-des-dechets-les-employes-montent-au-creneau","status":"publish","type":"post","link":"https:\/\/www.africa-press.net\/burundi\/homepage-french\/societes-de-ramassage-des-dechets-les-employes-montent-au-creneau","title":{"rendered":"Soci\u00e9t\u00e9s de ramassage des d\u00e9chets : les employ\u00e9s montent au cr\u00e9neau"},"content":{"rendered":"<p><span style=\"color: #ff6600\"><strong>Africa-Press &#8211; Burundi. <\/strong><\/span>Les employe\u0301s des socie\u0301te\u0301s de ramassage des de\u0301chets se disent de\u0301munis. Ils disent n\u2019avoir ni contrat ni couverture sociale et de sante\u0301. De leur co\u0302te\u0301, les compagnies de\u0301plorent une situation instable due a\u0300 une absence de contrat avec la mairie.<\/p>\n<p>Travail sans contrat, pas de se\u0301curite\u0301 sociale, pas d\u2019assurance-maladie, salaires insignifiants, des heures supple\u0301mentaires non paye\u0301s, expose\u0301s aux risques, car travaillant sans protection, sont entre autres les de\u0301fis cite\u0301s par les employe\u0301s des socie\u0301te\u0301s de ramassage des ordures et de\u0301chets me\u0301nagers.<\/p>\n<p>Ils sillonnent les me\u0301nages, galeries, restaurants, centres de sante\u0301, ho\u0302pitaux, usines, entreprises pour ramasser les de\u0301chets. Ils proce\u0300dent au tri manuel des de\u0301chets sans aucune protection. Ils n\u2019ont ni casques, ni masques, ni gants, ni bottes, etc. Il peut y avoir des aiguilles, des lames, des bidons d\u2019eau de Javel ou de chlore, des bouteilles de propane ou d\u2019autres produits dangereux non-recyclables.<\/p>\n<p>Pire encore, ces travailleurs peuvent manger des fruits et des restes d\u2019aliments trouve\u0301s dans des de\u0301chets. Une odeur de solvant occasionnant des maux de te\u0302te aux travailleurs. Les restes de cuisine et les contenants alimentaires mal nettoye\u0301s exposent les travailleurs aux risques biologiques que repre\u0301sentent les bacte\u0301ries et les moisissures.<\/p>\n<p>\u00ab Notre vie est en danger. Nous sommes expose\u0301s a\u0300 diffe\u0301rentes maladies. C\u2019est comme si nous sommes de\u0301laisse\u0301s. Il y a deux compatriotes qui sont de\u0301ja\u0300 morts a\u0300 cause de risques. D\u2019autres de\u0301cident d\u2019abandonner le travail car les conditions sont insupportables \u00bb, se lamente un employe\u0301 d\u2019une socie\u0301te\u0301 oeuvrant dans la commune Ntahangwa.<\/p>\n<p>Me\u0302me indignation pour un employe\u0301 d\u2019une autre socie\u0301te\u0301 qui ramasse les ordures en commune Muha. Il dit travailler dans des conditions de\u0301sastreuses et expose\u0301 aux dangers. \u00abNous entrons dans des ho\u0302pitaux, centres de sante\u0301 et la\u0300, les de\u0301chets sont me\u0301lange\u0301s avec des objets tranchants. Un ami a mis les mains dans des ordures et ses doigts ont e\u0301te\u0301 blesse\u0301s par des aiguilles. Un autre employe\u0301 est tombe\u0301 du camion et a e\u0301te\u0301 blesse\u0301 \u00bb, se de\u0301sole-t-il.<\/p>\n<p><b>Des employe\u0301s surexpose\u0301s aux risques<\/b><\/p>\n<p>Sans contrat ni protection sociale, ni assurance-maladie, la vie de ces employe\u0301s est un cauchemar. D\u2019apre\u0300s eux, leur avenir est hypothe\u0301que\u0301. Ils ne peuvent pas satisfaire leurs besoins vitaux et ceux de leurs familles. \u00ab Nous nous imaginons si on est humain ou pas. C\u2019est inconcevable de travailler pour moins de 100000 BIF par mois et de s\u2019exposer aux risques de mort. Des proble\u0300mes respiratoires et des maux de te\u0302te chroniques a\u0300 cause des intoxications provenant des de\u0301chets \u00bb, explique un employe\u0301 ayant de\u0301missionne\u0301 de Bujumbura cleaning company, BCCO.<\/p>\n<p>Ces socie\u0301te\u0301s disposent des camions en piteux e\u0301tat qui exposent les travailleurs. Un chauffeur chez Kamenge Usafi Kwetu indique qu\u2019ils sont entre la vie et la mort. Ces engins ont toujours des proble\u0300mes techniques comme le de\u0301re\u0300glement des freins. \u00ab Comme on n\u2019est pas assure\u0301, en cas d\u2019accident, un employe\u0301 se bat lui-me\u0302me. Le gouvernement devrait nous sauver de cette situation inquie\u0301tante\u00bb.<\/p>\n<p>Sylvestre Nsengiyumva travaillait sans contrat, ni pre\u0301voyance sociale et sans assurance-maladie a\u0300 la socie\u0301te\u0301 BCCO. Il a insiste\u0301 pour que ses droits soient respecte\u0301s mais en vain. Il a du\u0302 abandonner son travail et la socie\u0301te\u0301 l\u2019a remplace\u0301. Il n\u2019a pas baisse\u0301 les bras. Il a saisi le ministe\u0300re du travail via l\u2019inspection du travail. Un accord de conciliation a e\u0301te\u0301 signe\u0301 par les deux parties sous la supervision de l\u2019inspection du travail. L\u2019employeur acceptait de lui donner un contrat de travail, l\u2019inscrire a\u0300 la se\u0301curite\u0301 sociale et a\u0300 l\u2019assurance-maladie.<\/p>\n<p>Il rejoint son poste le 3 fe\u0301vrier, mais sera licencie\u0301 sans pre\u0301avis le 25 fe\u0301vrier accuse\u0301 de tenir une re\u0301union pour inciter les autres employe\u0301s a\u0300 l\u2019insurrection. \u00ab C\u2019est un moyen pour me renvoyer sans aucune demande. Les clauses du contrat de conciliations signe\u0301es n\u2019e\u0301taient pas encore mises en application. Je demande d\u2019e\u0302tre re\u0301tabli dans mes droits. Les conditions de travail sont difficiles et notre vie compte \u00bb, fait-il savoir.<\/p>\n<p><b>La BCCO se de\u0301fend<\/b><\/p>\n<p>Eric Nsengiyumva, directeur commercial de Bujumbura cleaning company, BCCO reconnai\u0302t cet e\u0301tat des faits. Il explique que la socie\u0301te\u0301 a une volonte\u0301 de respecter le code du travail comme il se doit. \u00ab Nous travaillons nous-me\u0302me sans contrat e\u0301crit avec la mairie. Nous ne savons pas le temps que notre compagnie va durer. Quand on change les institutions en mairie de Bujumbura, c\u2019est rare que les compagnies de ramassage ne changent pas \u00bb.<\/p>\n<p>Pour lui, ils sont toujours menace\u0301s d\u2019e\u0302tre remplace\u0301s par d\u2019autres socie\u0301te\u0301s. Cette instabilite\u0301, dit-il, les met dans un dilemme. Depuis septembre 2022, la socie\u0301te\u0301 a de\u0301cide\u0301 dans une re\u0301union de respecter le droit du travail. Il a e\u0301te\u0301 de\u0301cide\u0301 que les employe\u0301s disposent de contrats de travail, soient affilie\u0301s a\u0300 l\u2019INSS et assurance-maladie depuis janvier 2023. \u00ab Les dossiers pour l\u2019INSS sont de\u0301ja\u0300 termine\u0301s et un re\u0300glement d\u2019entreprise est en cours d\u2019e\u0301laboration. Mais le proble\u0300me qui se pose, c\u2019est la dure\u0301e du contrat alors que nous aussi nous sommes dans l\u2019incertitude \u00bb.<\/p>\n<p>En plus de l\u2019absence du contrat e\u0301crit avec la mairie, Eric Nsengiyumva parle d\u2019autres de\u0301fis. Il s\u2019agit notamment d\u2019un manque de de\u0301charge publique, car celle de Buterere est toujours submerge\u0301e, des camions s\u2019embourbent. Il y a e\u0301galement les clients qui tardent a\u0300 payer.<\/p>\n<p>Le directeur commercial de BCCO affirme que leurs camions sont en piteux e\u0301tat et qu\u2019ils repre\u0301sentent ce qui met a\u0300 mal le de\u0301roulement des activite\u0301s. Pour lui, la socie\u0301te\u0301 ne peut pas contracter un pre\u0302t a\u0300 la banque sans contrat avec la mairie. Il demande a\u0300 l\u2019administration municipale de leur donner des contrats avec un mandat pre\u0301cis pour faire correctement leur travail. \u00ab Que la mairie ne nous retire pas les activite\u0301s de ramassage des de\u0301chets alors qu\u2019on n\u2019a pas de\u0301me\u0301rite\u0301 \u00bb, souhaite-t-il.<\/p>\n<p>Eric Nsengiyumva reconnai\u0302t le cas de Sylvestre Nsengiyumva licencie\u0301 apre\u0300s e\u0302tre retourne\u0301 au travail sur implication de l\u2019inspection du travail. Pour lui, c\u2019e\u0301tait un bon employe\u0301 mais, il n\u2019a pas respecte\u0301 les clauses du contrat de conciliation. \u00ab Il a commis des fautes lourdes qui entravent le bon fonctionnement de l\u2019entreprise. Inciter les autres employe\u0301s a\u0300 la re\u0301volte est intole\u0301rable\u00bb.<\/p>\n<p>Pour Me Fabien Ndikumana, avocat du barreau de Bujumbura, c\u2019est une violation syste\u0301matique du droit du travail, des normes nationales et internationales. \u00ab Devant tout employe\u0301, il faut une relation de travail c\u2019est-a\u0300-dire 8h par jour et une re\u0301mune\u0301ration mensuelle. Il a droit a\u0300 la se\u0301curite\u0301 sociale pour couvrir les risques professionnels, accident de travail et droit a\u0300 l\u2019assurance-maladie \u00bb.<\/p>\n<p>Pour lui, l\u2019inspection du travail doit remplir sa mission de veiller au respect des droits des employe\u0301s et bonne relation entre employeur et employe\u0301. Elle fait des descentes quotidiennes chez les employeurs pour constater les violations. Cela permet, dit-il, un climat de travail apaise\u0301 afin d\u2019augmenter la productivite\u0301 et la production.<\/p>\n<p>Selon Me Ndikumana, il faut un plaidoyer tre\u0300s intense pour que tous les employe\u0301s dans tous les secteurs du pays jouissent de leurs droits. Me\u0302me des employe\u0301s, indique-t-il, doivent agir pour re\u0301clamer leurs droits. Ce sont eux qui doivent se rendre a\u0300 l\u2019inspection et de\u0301poser des plaintes.<\/p>\n<p><b><b>Ne\u0301cessite\u0301 du mate\u0301riel de protection pour les e\u0301boueurs<\/b><\/b><\/p>\n<p>Selon un me\u0301decin, les de\u0301chets contiennent, en quantite\u0301s variables, des e\u0301le\u0301ments toxiques ou dangereux qui pre\u0301sentent des risques accrus pour la sante\u0301 humaine et l\u2019environnement. Ils peuvent e\u0302tre de nature organique (solvants, hydrocarbures&#8230;) ou mine\u0301rale (acides, bains de traitement de surface, boues d\u2019hydroxydes me\u0301talliques&#8230;). L\u2019e\u0301limination de ces de\u0301chets ne\u0301cessite des pre\u0301cautions particulie\u0300res.<\/p>\n<p>La nature me\u0302me des matie\u0300res manipule\u0301es est une source de dangers pour la sante\u0301. L\u2019urine des rats attire\u0301s par les poubelles peut e\u0301galement provoquer des maladies. \u00ab L\u2019inhalation d\u2019un certain nombre de toxines ou de champignons peut aussi aggraver des pathologies spe\u0301cifiques au niveau respiratoire \u00bb, explique-t-il.<\/p>\n<p>L\u2019exposition est cutane\u0301e, mais aussi digestive si l\u2019e\u0301boueur ne se lave pas les mains avant de boire ou de manger. Gare aux gastro-ente\u0301rites ! Pour les e\u0301boueurs, dit-il, le risque biologique est aussi celui des mauvaises rencontres avec les animaux qui ro\u0302dent autour des poubelles et qui peuvent mordre. \u00ab C\u2019est sans compter les piqu\u0302res de gue\u0302pes, e\u0301galement attire\u0301es par les de\u0301chets de cuisine. Des personnes plus vulne\u0301rables, comme les asthmatiques, peuvent de\u0301velopper des proble\u0300mes respiratoires si elles sont expose\u0301es a\u0300 des moisissures \u00bb.<\/p>\n<p>Pour lui, la manipulation des de\u0301chets de toute nature requiert des pre\u0301cautions. Les employe\u0301s doivent disposer d\u2019objets de protection notamment des habits spe\u0301cialise\u0301s, des bottes, des masques et des gants approprie\u0301s.<\/p>\n<p><strong>Pour plus d&rsquo;informations et d&rsquo;analyses sur la <a href=\"https:\/\/www.africa-press.net\/burundi\">Burundi<\/a>, suivez <a href=\"https:\/\/www.africa-press.net\/\">Africa-Press<\/a><\/strong><\/p>\n","protected":false},"excerpt":{"rendered":"<p>Africa-Press &#8211; Burundi. Les employe\u0301s des socie\u0301te\u0301s de ramassage des de\u0301chets se disent de\u0301munis. Ils disent n\u2019avoir ni contrat ni couverture sociale et de sante\u0301. De leur co\u0302te\u0301, les compagnies de\u0301plorent une situation instable due a\u0300 une absence de contrat avec la mairie. Travail sans contrat, pas de se\u0301curite\u0301 sociale, pas d\u2019assurance-maladie, salaires insignifiants, des [&hellip;]<\/p>\n","protected":false},"author":82,"featured_media":9504,"comment_status":"open","ping_status":"closed","sticky":false,"template":"","format":"standard","meta":{"footnotes":""},"categories":[21,11],"tags":[36,48,45],"class_list":["post-9505","post","type-post","status-publish","format-standard","has-post-thumbnail","hentry","category-communaute","category-homepage-french","tag-africa-press","tag-africa-press-burundi","tag-burundi"],"yoast_head":"<!-- This site is optimized with the Yoast SEO Premium plugin v26.1 (Yoast SEO v27.0) - https:\/\/yoast.com\/product\/yoast-seo-premium-wordpress\/ -->\n<title>Soci\u00e9t\u00e9s de ramassage des d\u00e9chets : les employ\u00e9s montent au cr\u00e9neau - Burundi<\/title>\n<meta name=\"robots\" content=\"index, follow, max-snippet:-1, max-image-preview:large, max-video-preview:-1\" \/>\n<link rel=\"canonical\" href=\"https:\/\/www.africa-press.net\/burundi\/politique\/societes-de-ramassage-des-dechets-les-employes-montent-au-creneau\" \/>\n<meta property=\"og:locale\" content=\"fr_FR\" \/>\n<meta property=\"og:type\" content=\"article\" \/>\n<meta property=\"og:title\" content=\"Soci\u00e9t\u00e9s de ramassage des d\u00e9chets : les employ\u00e9s montent au cr\u00e9neau\" \/>\n<meta property=\"og:description\" content=\"Africa-Press &#8211; Burundi. Les employe\u0301s des socie\u0301te\u0301s de ramassage des de\u0301chets se disent de\u0301munis. Ils disent n\u2019avoir ni contrat ni couverture sociale et de sante\u0301. De leur co\u0302te\u0301, les compagnies de\u0301plorent une situation instable due a\u0300 une absence de contrat avec la mairie. Travail sans contrat, pas de se\u0301curite\u0301 sociale, pas d\u2019assurance-maladie, salaires insignifiants, des [&hellip;]\" \/>\n<meta property=\"og:url\" content=\"https:\/\/www.africa-press.net\/burundi\/politique\/societes-de-ramassage-des-dechets-les-employes-montent-au-creneau\" \/>\n<meta property=\"og:site_name\" content=\"Burundi\" \/>\n<meta property=\"article:published_time\" content=\"2023-04-17T20:54:00+00:00\" \/>\n<meta name=\"author\" content=\"cfeditorfr\" \/>\n<meta name=\"twitter:card\" content=\"summary_large_image\" \/>\n<meta name=\"twitter:label1\" content=\"\u00c9crit par\" \/>\n\t<meta name=\"twitter:data1\" content=\"cfeditorfr\" \/>\n\t<meta name=\"twitter:label2\" content=\"Dur\u00e9e de lecture estim\u00e9e\" \/>\n\t<meta name=\"twitter:data2\" content=\"8 minutes\" \/>\n<script type=\"application\/ld+json\" class=\"yoast-schema-graph\">{\"@context\":\"https:\/\/schema.org\",\"@graph\":[{\"@type\":\"Article\",\"@id\":\"https:\/\/www.africa-press.net\/burundi\/politique\/societes-de-ramassage-des-dechets-les-employes-montent-au-creneau#article\",\"isPartOf\":{\"@id\":\"https:\/\/www.africa-press.net\/burundi\/politique\/societes-de-ramassage-des-dechets-les-employes-montent-au-creneau\"},\"author\":{\"name\":\"cfeditorfr\",\"@id\":\"https:\/\/www.africa-press.net\/burundi\/#\/schema\/person\/2b1cf3cd81a31e3cd26889ca66d677f1\"},\"headline\":\"Soci\u00e9t\u00e9s de ramassage des d\u00e9chets : les employ\u00e9s montent au cr\u00e9neau\",\"datePublished\":\"2023-04-17T20:54:00+00:00\",\"mainEntityOfPage\":{\"@id\":\"https:\/\/www.africa-press.net\/burundi\/politique\/societes-de-ramassage-des-dechets-les-employes-montent-au-creneau\"},\"wordCount\":1624,\"commentCount\":0,\"image\":{\"@id\":\"https:\/\/www.africa-press.net\/burundi\/politique\/societes-de-ramassage-des-dechets-les-employes-montent-au-creneau#primaryimage\"},\"thumbnailUrl\":\"https:\/\/static.africa-press.net\/burundi\/sites\/47\/2023\/04\/Jokar1681752260.853833.jpg\",\"keywords\":[\"Africa Press\",\"Africa Press-Burundi\",\"Burundi\"],\"articleSection\":[\"Communaut\u00e9\",\"homepage-french\"],\"inLanguage\":\"fr-FR\",\"potentialAction\":[{\"@type\":\"CommentAction\",\"name\":\"Comment\",\"target\":[\"https:\/\/www.africa-press.net\/burundi\/politique\/societes-de-ramassage-des-dechets-les-employes-montent-au-creneau#respond\"]}]},{\"@type\":\"WebPage\",\"@id\":\"https:\/\/www.africa-press.net\/burundi\/politique\/societes-de-ramassage-des-dechets-les-employes-montent-au-creneau\",\"url\":\"https:\/\/www.africa-press.net\/burundi\/politique\/societes-de-ramassage-des-dechets-les-employes-montent-au-creneau\",\"name\":\"Soci\u00e9t\u00e9s de ramassage des d\u00e9chets : les employ\u00e9s montent au cr\u00e9neau - Burundi\",\"isPartOf\":{\"@id\":\"https:\/\/www.africa-press.net\/burundi\/#website\"},\"primaryImageOfPage\":{\"@id\":\"https:\/\/www.africa-press.net\/burundi\/politique\/societes-de-ramassage-des-dechets-les-employes-montent-au-creneau#primaryimage\"},\"image\":{\"@id\":\"https:\/\/www.africa-press.net\/burundi\/politique\/societes-de-ramassage-des-dechets-les-employes-montent-au-creneau#primaryimage\"},\"thumbnailUrl\":\"https:\/\/static.africa-press.net\/burundi\/sites\/47\/2023\/04\/Jokar1681752260.853833.jpg\",\"datePublished\":\"2023-04-17T20:54:00+00:00\",\"author\":{\"@id\":\"https:\/\/www.africa-press.net\/burundi\/#\/schema\/person\/2b1cf3cd81a31e3cd26889ca66d677f1\"},\"breadcrumb\":{\"@id\":\"https:\/\/www.africa-press.net\/burundi\/politique\/societes-de-ramassage-des-dechets-les-employes-montent-au-creneau#breadcrumb\"},\"inLanguage\":\"fr-FR\",\"potentialAction\":[{\"@type\":\"ReadAction\",\"target\":[\"https:\/\/www.africa-press.net\/burundi\/politique\/societes-de-ramassage-des-dechets-les-employes-montent-au-creneau\"]}]},{\"@type\":\"ImageObject\",\"inLanguage\":\"fr-FR\",\"@id\":\"https:\/\/www.africa-press.net\/burundi\/politique\/societes-de-ramassage-des-dechets-les-employes-montent-au-creneau#primaryimage\",\"url\":\"https:\/\/static.africa-press.net\/burundi\/sites\/47\/2023\/04\/Jokar1681752260.853833.jpg\",\"contentUrl\":\"https:\/\/static.africa-press.net\/burundi\/sites\/47\/2023\/04\/Jokar1681752260.853833.jpg\",\"width\":800,\"height\":460,\"caption\":\"Soci\u00e9t\u00e9s de ramassage des d\u00e9chets : les employ\u00e9s montent au cr\u00e9neau\"},{\"@type\":\"BreadcrumbList\",\"@id\":\"https:\/\/www.africa-press.net\/burundi\/politique\/societes-de-ramassage-des-dechets-les-employes-montent-au-creneau#breadcrumb\",\"itemListElement\":[{\"@type\":\"ListItem\",\"position\":1,\"name\":\"Accueil\",\"item\":\"https:\/\/www.africa-press.net\/burundi\/\"},{\"@type\":\"ListItem\",\"position\":2,\"name\":\"Soci\u00e9t\u00e9s de ramassage des d\u00e9chets : les employ\u00e9s montent au cr\u00e9neau\"}]},{\"@type\":\"WebSite\",\"@id\":\"https:\/\/www.africa-press.net\/burundi\/#website\",\"url\":\"https:\/\/www.africa-press.net\/burundi\/\",\"name\":\"Burundi\",\"description\":\"Just another Africa News Agency Sites site\",\"potentialAction\":[{\"@type\":\"SearchAction\",\"target\":{\"@type\":\"EntryPoint\",\"urlTemplate\":\"https:\/\/www.africa-press.net\/burundi\/?s={search_term_string}\"},\"query-input\":{\"@type\":\"PropertyValueSpecification\",\"valueRequired\":true,\"valueName\":\"search_term_string\"}}],\"inLanguage\":\"fr-FR\"},{\"@type\":\"Person\",\"@id\":\"https:\/\/www.africa-press.net\/burundi\/#\/schema\/person\/2b1cf3cd81a31e3cd26889ca66d677f1\",\"name\":\"cfeditorfr\"}]}<\/script>\n<!-- \/ Yoast SEO Premium plugin. -->","yoast_head_json":{"title":"Soci\u00e9t\u00e9s de ramassage des d\u00e9chets : les employ\u00e9s montent au cr\u00e9neau - Burundi","robots":{"index":"index","follow":"follow","max-snippet":"max-snippet:-1","max-image-preview":"max-image-preview:large","max-video-preview":"max-video-preview:-1"},"canonical":"https:\/\/www.africa-press.net\/burundi\/politique\/societes-de-ramassage-des-dechets-les-employes-montent-au-creneau","og_locale":"fr_FR","og_type":"article","og_title":"Soci\u00e9t\u00e9s de ramassage des d\u00e9chets : les employ\u00e9s montent au cr\u00e9neau","og_description":"Africa-Press &#8211; Burundi. Les employe\u0301s des socie\u0301te\u0301s de ramassage des de\u0301chets se disent de\u0301munis. Ils disent n\u2019avoir ni contrat ni couverture sociale et de sante\u0301. De leur co\u0302te\u0301, les compagnies de\u0301plorent une situation instable due a\u0300 une absence de contrat avec la mairie. Travail sans contrat, pas de se\u0301curite\u0301 sociale, pas d\u2019assurance-maladie, salaires insignifiants, des [&hellip;]","og_url":"https:\/\/www.africa-press.net\/burundi\/politique\/societes-de-ramassage-des-dechets-les-employes-montent-au-creneau","og_site_name":"Burundi","article_published_time":"2023-04-17T20:54:00+00:00","author":"cfeditorfr","twitter_card":"summary_large_image","twitter_misc":{"\u00c9crit par":"cfeditorfr","Dur\u00e9e de lecture estim\u00e9e":"8 minutes"},"schema":{"@context":"https:\/\/schema.org","@graph":[{"@type":"Article","@id":"https:\/\/www.africa-press.net\/burundi\/politique\/societes-de-ramassage-des-dechets-les-employes-montent-au-creneau#article","isPartOf":{"@id":"https:\/\/www.africa-press.net\/burundi\/politique\/societes-de-ramassage-des-dechets-les-employes-montent-au-creneau"},"author":{"name":"cfeditorfr","@id":"https:\/\/www.africa-press.net\/burundi\/#\/schema\/person\/2b1cf3cd81a31e3cd26889ca66d677f1"},"headline":"Soci\u00e9t\u00e9s de ramassage des d\u00e9chets : les employ\u00e9s montent au cr\u00e9neau","datePublished":"2023-04-17T20:54:00+00:00","mainEntityOfPage":{"@id":"https:\/\/www.africa-press.net\/burundi\/politique\/societes-de-ramassage-des-dechets-les-employes-montent-au-creneau"},"wordCount":1624,"commentCount":0,"image":{"@id":"https:\/\/www.africa-press.net\/burundi\/politique\/societes-de-ramassage-des-dechets-les-employes-montent-au-creneau#primaryimage"},"thumbnailUrl":"https:\/\/static.africa-press.net\/burundi\/sites\/47\/2023\/04\/Jokar1681752260.853833.jpg","keywords":["Africa Press","Africa Press-Burundi","Burundi"],"articleSection":["Communaut\u00e9","homepage-french"],"inLanguage":"fr-FR","potentialAction":[{"@type":"CommentAction","name":"Comment","target":["https:\/\/www.africa-press.net\/burundi\/politique\/societes-de-ramassage-des-dechets-les-employes-montent-au-creneau#respond"]}]},{"@type":"WebPage","@id":"https:\/\/www.africa-press.net\/burundi\/politique\/societes-de-ramassage-des-dechets-les-employes-montent-au-creneau","url":"https:\/\/www.africa-press.net\/burundi\/politique\/societes-de-ramassage-des-dechets-les-employes-montent-au-creneau","name":"Soci\u00e9t\u00e9s de ramassage des d\u00e9chets : les employ\u00e9s montent au cr\u00e9neau - Burundi","isPartOf":{"@id":"https:\/\/www.africa-press.net\/burundi\/#website"},"primaryImageOfPage":{"@id":"https:\/\/www.africa-press.net\/burundi\/politique\/societes-de-ramassage-des-dechets-les-employes-montent-au-creneau#primaryimage"},"image":{"@id":"https:\/\/www.africa-press.net\/burundi\/politique\/societes-de-ramassage-des-dechets-les-employes-montent-au-creneau#primaryimage"},"thumbnailUrl":"https:\/\/static.africa-press.net\/burundi\/sites\/47\/2023\/04\/Jokar1681752260.853833.jpg","datePublished":"2023-04-17T20:54:00+00:00","author":{"@id":"https:\/\/www.africa-press.net\/burundi\/#\/schema\/person\/2b1cf3cd81a31e3cd26889ca66d677f1"},"breadcrumb":{"@id":"https:\/\/www.africa-press.net\/burundi\/politique\/societes-de-ramassage-des-dechets-les-employes-montent-au-creneau#breadcrumb"},"inLanguage":"fr-FR","potentialAction":[{"@type":"ReadAction","target":["https:\/\/www.africa-press.net\/burundi\/politique\/societes-de-ramassage-des-dechets-les-employes-montent-au-creneau"]}]},{"@type":"ImageObject","inLanguage":"fr-FR","@id":"https:\/\/www.africa-press.net\/burundi\/politique\/societes-de-ramassage-des-dechets-les-employes-montent-au-creneau#primaryimage","url":"https:\/\/static.africa-press.net\/burundi\/sites\/47\/2023\/04\/Jokar1681752260.853833.jpg","contentUrl":"https:\/\/static.africa-press.net\/burundi\/sites\/47\/2023\/04\/Jokar1681752260.853833.jpg","width":800,"height":460,"caption":"Soci\u00e9t\u00e9s de ramassage des d\u00e9chets : les employ\u00e9s montent au cr\u00e9neau"},{"@type":"BreadcrumbList","@id":"https:\/\/www.africa-press.net\/burundi\/politique\/societes-de-ramassage-des-dechets-les-employes-montent-au-creneau#breadcrumb","itemListElement":[{"@type":"ListItem","position":1,"name":"Accueil","item":"https:\/\/www.africa-press.net\/burundi\/"},{"@type":"ListItem","position":2,"name":"Soci\u00e9t\u00e9s de ramassage des d\u00e9chets : les employ\u00e9s montent au cr\u00e9neau"}]},{"@type":"WebSite","@id":"https:\/\/www.africa-press.net\/burundi\/#website","url":"https:\/\/www.africa-press.net\/burundi\/","name":"Burundi","description":"Just another Africa News Agency Sites site","potentialAction":[{"@type":"SearchAction","target":{"@type":"EntryPoint","urlTemplate":"https:\/\/www.africa-press.net\/burundi\/?s={search_term_string}"},"query-input":{"@type":"PropertyValueSpecification","valueRequired":true,"valueName":"search_term_string"}}],"inLanguage":"fr-FR"},{"@type":"Person","@id":"https:\/\/www.africa-press.net\/burundi\/#\/schema\/person\/2b1cf3cd81a31e3cd26889ca66d677f1","name":"cfeditorfr"}]}},"_links":{"self":[{"href":"https:\/\/www.africa-press.net\/burundi\/wp-json\/wp\/v2\/posts\/9505","targetHints":{"allow":["GET"]}}],"collection":[{"href":"https:\/\/www.africa-press.net\/burundi\/wp-json\/wp\/v2\/posts"}],"about":[{"href":"https:\/\/www.africa-press.net\/burundi\/wp-json\/wp\/v2\/types\/post"}],"author":[{"embeddable":true,"href":"https:\/\/www.africa-press.net\/burundi\/wp-json\/wp\/v2\/users\/82"}],"replies":[{"embeddable":true,"href":"https:\/\/www.africa-press.net\/burundi\/wp-json\/wp\/v2\/comments?post=9505"}],"version-history":[{"count":0,"href":"https:\/\/www.africa-press.net\/burundi\/wp-json\/wp\/v2\/posts\/9505\/revisions"}],"wp:featuredmedia":[{"embeddable":true,"href":"https:\/\/www.africa-press.net\/burundi\/wp-json\/wp\/v2\/media\/9504"}],"wp:attachment":[{"href":"https:\/\/www.africa-press.net\/burundi\/wp-json\/wp\/v2\/media?parent=9505"}],"wp:term":[{"taxonomy":"category","embeddable":true,"href":"https:\/\/www.africa-press.net\/burundi\/wp-json\/wp\/v2\/categories?post=9505"},{"taxonomy":"post_tag","embeddable":true,"href":"https:\/\/www.africa-press.net\/burundi\/wp-json\/wp\/v2\/tags?post=9505"}],"curies":[{"name":"wp","href":"https:\/\/api.w.org\/{rel}","templated":true}]}}