{"id":100840,"date":"2026-01-25T21:07:15","date_gmt":"2026-01-25T21:07:15","guid":{"rendered":"https:\/\/www.africa-press.net\/cameroun\/politique\/etat-de-sante-de-paul-biya-revelations-sur-sa-maladie"},"modified":"2026-01-25T21:40:05","modified_gmt":"2026-01-25T21:40:05","slug":"etat-de-sante-de-paul-biya-revelations-sur-sa-maladie","status":"publish","type":"post","link":"https:\/\/www.africa-press.net\/cameroun\/politique\/etat-de-sante-de-paul-biya-revelations-sur-sa-maladie","title":{"rendered":"\u00c9tat de sant\u00e9 de Paul Biya: R\u00e9v\u00e9lations sur sa maladie"},"content":{"rendered":"<p><span class=\"ap-article-header-tag\"> <strong>Africa-Press &#8211; Cameroun. <\/strong> <\/span>Dans un nouvel e\u0301change sur l\u2019antenne de STV, l\u2019homme politique Se\u0301bastien Djamen, chef du parti APAR et membre du G20 ayant soutenu Paul Biya lors de la dernie\u0300re pre\u0301sidentielle, a re\u0301pondu aux de\u0301bats sur la capacite\u0301 physique des dirigeants. Prenant l\u2019exemple historique de Franklin D. Roosevelt, pre\u0301sident ame\u0301ricain paraple\u0301gique qui a dirige\u0301 son pays durant la Seconde Guerre mondiale, Djamen affirme avec force: \u00ab Roosevelt e\u0301tait paraple\u0301gique, mais son cerveau n\u2019e\u0301tait pas atteint. Il a dirige\u0301 les E\u0301tats-Unis pendant la Seconde Guerre mondiale. \u00bb Par cette analogie, il de\u0301place le de\u0301bat de la mobilite\u0301 vers la sante\u0301 cognitive, estimant que la capacite\u0301 de gouverner re\u0301side dans l\u2019acuite\u0301 intellectuelle et non dans la faculte\u0301 de se de\u0301placer.<\/p>\n<p>S\u2019appliquant directement au contexte camerounais, le leader de l\u2019APAR, qui nourrit des ambitions d\u2019entre\u0301e au gouvernement, de\u0301fend une vision pragmatique du leadership. \u00ab Tant que le pre\u0301sident Biya n\u2019est pas victime d\u2019une maladie neurologique ou d\u2019une quelconque se\u0301nilite\u0301, je pense que ce qu\u2019on attend de lui, c\u2019est qu\u2019il renforce la gouvernance \u00bb, a-t-il de\u0301clare\u0301. Cette prise de position claire vise a\u0300 recentrer les attentes des citoyens sur la performance administrative et la qualite\u0301 des de\u0301cisions, pluto\u0302t que sur l\u2019apparence physique du chef de l\u2019E\u0301tat. Pour Djamen, l\u2019essentiel est la pre\u0301servation des faculte\u0301s mentales, garantes d\u2019un exercice efficace du pouvoir.<\/p>\n<p>La conclusion de son intervention est sans e\u0301quivoque et brise un tabou: \u00ab On peut e\u0302tre sur une chaise roulante et diriger le Cameroun. \u00bb Cette de\u0301claration du partisan du pre\u0301sident Biya, diffuse\u0301e dans l\u2019e\u0301mission 7HEBDO et relaye\u0301e par Me\u0301diatude, de\u0301passe la simple de\u0301fense personnelle. Elle s\u2019inscrit dans une strate\u0301gie plus large de le\u0301gitimation d\u2019un leadership fonde\u0301 sur la raison d\u2019E\u0301tat et l\u2019efficacite\u0301, tout en cherchant a\u0300 de\u0301samorcer les critiques re\u0301currentes sur l\u2019a\u0302ge et la forme physique des plus hautes autorite\u0301s. En plaidant pour une e\u0301valuation des dirigeants sur leurs re\u0301sultats et non sur leur condition physique, Se\u0301bastien Djamen pose les bases de son propre discours politique, a\u0300 la fois loyaliste et axe\u0301 sur une modernisation de la gouvernance.<\/p>\n<p class=\"ap-article-footer-note\">Retrouvez plus d\u2019actualit\u00e9s et d\u2019analyses sur <span class=\"ap-highlight-country\">Cameroun<\/span> sur le site <span class=\"ap-highlight-brand\">Africa Press<\/span><\/p>\n","protected":false},"excerpt":{"rendered":"<p>Africa-Press &#8211; Cameroun. Dans un nouvel e\u0301change sur l\u2019antenne de STV, l\u2019homme politique Se\u0301bastien Djamen, chef du parti APAR et membre du G20 ayant soutenu Paul Biya lors de la dernie\u0300re pre\u0301sidentielle, a re\u0301pondu aux de\u0301bats sur la capacite\u0301 physique des dirigeants. Prenant l\u2019exemple historique de Franklin D. Roosevelt, pre\u0301sident ame\u0301ricain paraple\u0301gique qui a dirige\u0301 [&hellip;]<\/p>\n","protected":false},"author":82,"featured_media":100839,"comment_status":"open","ping_status":"closed","sticky":false,"template":"","format":"standard","meta":{"footnotes":""},"categories":[2,20,10],"tags":[49],"class_list":["post-100840","post","type-post","status-publish","format-standard","has-post-thumbnail","hentry","category-politique","category-top-nouvelles","category-toutes-les-actualites","tag-cameroun"],"yoast_head":"<!-- This site is optimized with the Yoast SEO Premium plugin v26.1 (Yoast SEO v27.0) - https:\/\/yoast.com\/product\/yoast-seo-premium-wordpress\/ -->\n<title>\u00c9tat de sant\u00e9 de Paul Biya: R\u00e9v\u00e9lations sur sa maladie - Cameroun<\/title>\n<meta name=\"description\" content=\"-article-header-tag&quot;&gt; Africa-Press - Cameroun. Dans un nouvel e\u0301change sur l\u2019 ...\" \/>\n<meta name=\"robots\" content=\"index, follow, max-snippet:-1, max-image-preview:large, max-video-preview:-1\" \/>\n<link rel=\"canonical\" href=\"https:\/\/www.africa-press.net\/cameroun\/politique\/etat-de-sante-de-paul-biya-revelations-sur-sa-maladie\" \/>\n<meta property=\"og:locale\" content=\"fr_FR\" \/>\n<meta property=\"og:type\" content=\"article\" \/>\n<meta property=\"og:title\" content=\"\u00c9tat de sant\u00e9 de Paul Biya: R\u00e9v\u00e9lations sur sa maladie\" \/>\n<meta property=\"og:description\" content=\"-article-header-tag&quot;&gt; Africa-Press - Cameroun. Dans un nouvel e\u0301change sur l\u2019 ...\" \/>\n<meta property=\"og:url\" content=\"https:\/\/www.africa-press.net\/cameroun\/politique\/etat-de-sante-de-paul-biya-revelations-sur-sa-maladie\" \/>\n<meta property=\"og:site_name\" content=\"Cameroun\" \/>\n<meta property=\"article:published_time\" content=\"2026-01-25T21:07:15+00:00\" \/>\n<meta property=\"article:modified_time\" content=\"2026-01-25T21:40:05+00:00\" \/>\n<meta property=\"og:image\" content=\"https:\/\/static.africa-press.net\/cameroun\/sites\/57\/2026\/01\/sm_1769376746.881217.jpg\" \/>\n\t<meta property=\"og:image:width\" content=\"720\" \/>\n\t<meta property=\"og:image:height\" content=\"486\" \/>\n\t<meta property=\"og:image:type\" content=\"image\/jpeg\" \/>\n<meta name=\"author\" content=\"cfeditorfr\" \/>\n<meta name=\"twitter:card\" content=\"summary_large_image\" \/>\n<meta name=\"twitter:label1\" content=\"\u00c9crit par\" \/>\n\t<meta name=\"twitter:data1\" content=\"cfeditorfr\" \/>\n\t<meta name=\"twitter:label2\" content=\"Dur\u00e9e de lecture estim\u00e9e\" \/>\n\t<meta name=\"twitter:data2\" content=\"2 minutes\" \/>\n<script type=\"application\/ld+json\" class=\"yoast-schema-graph\">{\"@context\":\"https:\/\/schema.org\",\"@graph\":[{\"@type\":\"Article\",\"@id\":\"https:\/\/www.africa-press.net\/cameroun\/politique\/etat-de-sante-de-paul-biya-revelations-sur-sa-maladie#article\",\"isPartOf\":{\"@id\":\"https:\/\/www.africa-press.net\/cameroun\/politique\/etat-de-sante-de-paul-biya-revelations-sur-sa-maladie\"},\"author\":{\"name\":\"cfeditorfr\",\"@id\":\"https:\/\/www.africa-press.net\/cameroun\/#\/schema\/person\/2b1cf3cd81a31e3cd26889ca66d677f1\"},\"headline\":\"\u00c9tat de sant\u00e9 de Paul Biya: R\u00e9v\u00e9lations sur sa maladie\",\"datePublished\":\"2026-01-25T21:07:15+00:00\",\"dateModified\":\"2026-01-25T21:40:05+00:00\",\"mainEntityOfPage\":{\"@id\":\"https:\/\/www.africa-press.net\/cameroun\/politique\/etat-de-sante-de-paul-biya-revelations-sur-sa-maladie\"},\"wordCount\":429,\"commentCount\":0,\"image\":{\"@id\":\"https:\/\/www.africa-press.net\/cameroun\/politique\/etat-de-sante-de-paul-biya-revelations-sur-sa-maladie#primaryimage\"},\"thumbnailUrl\":\"https:\/\/static.africa-press.net\/cameroun\/sites\/57\/2026\/01\/sm_1769376746.881217.jpg\",\"keywords\":[\"Cameroun\"],\"articleSection\":[\"Politique\",\"Top Nouvelles\",\"Toutes les actualit\u00e9s\"],\"inLanguage\":\"fr-FR\",\"potentialAction\":[{\"@type\":\"CommentAction\",\"name\":\"Comment\",\"target\":[\"https:\/\/www.africa-press.net\/cameroun\/politique\/etat-de-sante-de-paul-biya-revelations-sur-sa-maladie#respond\"]}]},{\"@type\":\"WebPage\",\"@id\":\"https:\/\/www.africa-press.net\/cameroun\/politique\/etat-de-sante-de-paul-biya-revelations-sur-sa-maladie\",\"url\":\"https:\/\/www.africa-press.net\/cameroun\/politique\/etat-de-sante-de-paul-biya-revelations-sur-sa-maladie\",\"name\":\"\u00c9tat de sant\u00e9 de Paul Biya: R\u00e9v\u00e9lations sur sa maladie - Cameroun\",\"isPartOf\":{\"@id\":\"https:\/\/www.africa-press.net\/cameroun\/#website\"},\"primaryImageOfPage\":{\"@id\":\"https:\/\/www.africa-press.net\/cameroun\/politique\/etat-de-sante-de-paul-biya-revelations-sur-sa-maladie#primaryimage\"},\"image\":{\"@id\":\"https:\/\/www.africa-press.net\/cameroun\/politique\/etat-de-sante-de-paul-biya-revelations-sur-sa-maladie#primaryimage\"},\"thumbnailUrl\":\"https:\/\/static.africa-press.net\/cameroun\/sites\/57\/2026\/01\/sm_1769376746.881217.jpg\",\"datePublished\":\"2026-01-25T21:07:15+00:00\",\"dateModified\":\"2026-01-25T21:40:05+00:00\",\"author\":{\"@id\":\"https:\/\/www.africa-press.net\/cameroun\/#\/schema\/person\/2b1cf3cd81a31e3cd26889ca66d677f1\"},\"description\":\"-article-header-tag\\\"> Africa-Press - Cameroun. Dans un nouvel e\u0301change sur l\u2019 ...\",\"breadcrumb\":{\"@id\":\"https:\/\/www.africa-press.net\/cameroun\/politique\/etat-de-sante-de-paul-biya-revelations-sur-sa-maladie#breadcrumb\"},\"inLanguage\":\"fr-FR\",\"potentialAction\":[{\"@type\":\"ReadAction\",\"target\":[\"https:\/\/www.africa-press.net\/cameroun\/politique\/etat-de-sante-de-paul-biya-revelations-sur-sa-maladie\"]}]},{\"@type\":\"ImageObject\",\"inLanguage\":\"fr-FR\",\"@id\":\"https:\/\/www.africa-press.net\/cameroun\/politique\/etat-de-sante-de-paul-biya-revelations-sur-sa-maladie#primaryimage\",\"url\":\"https:\/\/static.africa-press.net\/cameroun\/sites\/57\/2026\/01\/sm_1769376746.881217.jpg\",\"contentUrl\":\"https:\/\/static.africa-press.net\/cameroun\/sites\/57\/2026\/01\/sm_1769376746.881217.jpg\",\"width\":720,\"height\":486,\"caption\":\"\u00c9tat de sant\u00e9 de Paul Biya: R\u00e9v\u00e9lations sur sa maladie\"},{\"@type\":\"BreadcrumbList\",\"@id\":\"https:\/\/www.africa-press.net\/cameroun\/politique\/etat-de-sante-de-paul-biya-revelations-sur-sa-maladie#breadcrumb\",\"itemListElement\":[{\"@type\":\"ListItem\",\"position\":1,\"name\":\"Accueil\",\"item\":\"https:\/\/www.africa-press.net\/cameroun\/\"},{\"@type\":\"ListItem\",\"position\":2,\"name\":\"\u00c9tat de sant\u00e9 de Paul Biya: R\u00e9v\u00e9lations sur sa maladie\"}]},{\"@type\":\"WebSite\",\"@id\":\"https:\/\/www.africa-press.net\/cameroun\/#website\",\"url\":\"https:\/\/www.africa-press.net\/cameroun\/\",\"name\":\"Cameroun\",\"description\":\"Just another Africa News Agency Sites site\",\"potentialAction\":[{\"@type\":\"SearchAction\",\"target\":{\"@type\":\"EntryPoint\",\"urlTemplate\":\"https:\/\/www.africa-press.net\/cameroun\/?s={search_term_string}\"},\"query-input\":{\"@type\":\"PropertyValueSpecification\",\"valueRequired\":true,\"valueName\":\"search_term_string\"}}],\"inLanguage\":\"fr-FR\"},{\"@type\":\"Person\",\"@id\":\"https:\/\/www.africa-press.net\/cameroun\/#\/schema\/person\/2b1cf3cd81a31e3cd26889ca66d677f1\",\"name\":\"cfeditorfr\"}]}<\/script>\n<!-- \/ Yoast SEO Premium plugin. -->","yoast_head_json":{"title":"\u00c9tat de sant\u00e9 de Paul Biya: R\u00e9v\u00e9lations sur sa maladie - Cameroun","description":"-article-header-tag\"> Africa-Press - Cameroun. Dans un nouvel e\u0301change sur l\u2019 ...","robots":{"index":"index","follow":"follow","max-snippet":"max-snippet:-1","max-image-preview":"max-image-preview:large","max-video-preview":"max-video-preview:-1"},"canonical":"https:\/\/www.africa-press.net\/cameroun\/politique\/etat-de-sante-de-paul-biya-revelations-sur-sa-maladie","og_locale":"fr_FR","og_type":"article","og_title":"\u00c9tat de sant\u00e9 de Paul Biya: R\u00e9v\u00e9lations sur sa maladie","og_description":"-article-header-tag\"> Africa-Press - Cameroun. Dans un nouvel e\u0301change sur l\u2019 ...","og_url":"https:\/\/www.africa-press.net\/cameroun\/politique\/etat-de-sante-de-paul-biya-revelations-sur-sa-maladie","og_site_name":"Cameroun","article_published_time":"2026-01-25T21:07:15+00:00","article_modified_time":"2026-01-25T21:40:05+00:00","og_image":[{"width":720,"height":486,"url":"https:\/\/static.africa-press.net\/cameroun\/sites\/57\/2026\/01\/sm_1769376746.881217.jpg","type":"image\/jpeg"}],"author":"cfeditorfr","twitter_card":"summary_large_image","twitter_misc":{"\u00c9crit par":"cfeditorfr","Dur\u00e9e de lecture estim\u00e9e":"2 minutes"},"schema":{"@context":"https:\/\/schema.org","@graph":[{"@type":"Article","@id":"https:\/\/www.africa-press.net\/cameroun\/politique\/etat-de-sante-de-paul-biya-revelations-sur-sa-maladie#article","isPartOf":{"@id":"https:\/\/www.africa-press.net\/cameroun\/politique\/etat-de-sante-de-paul-biya-revelations-sur-sa-maladie"},"author":{"name":"cfeditorfr","@id":"https:\/\/www.africa-press.net\/cameroun\/#\/schema\/person\/2b1cf3cd81a31e3cd26889ca66d677f1"},"headline":"\u00c9tat de sant\u00e9 de Paul Biya: R\u00e9v\u00e9lations sur sa maladie","datePublished":"2026-01-25T21:07:15+00:00","dateModified":"2026-01-25T21:40:05+00:00","mainEntityOfPage":{"@id":"https:\/\/www.africa-press.net\/cameroun\/politique\/etat-de-sante-de-paul-biya-revelations-sur-sa-maladie"},"wordCount":429,"commentCount":0,"image":{"@id":"https:\/\/www.africa-press.net\/cameroun\/politique\/etat-de-sante-de-paul-biya-revelations-sur-sa-maladie#primaryimage"},"thumbnailUrl":"https:\/\/static.africa-press.net\/cameroun\/sites\/57\/2026\/01\/sm_1769376746.881217.jpg","keywords":["Cameroun"],"articleSection":["Politique","Top Nouvelles","Toutes les actualit\u00e9s"],"inLanguage":"fr-FR","potentialAction":[{"@type":"CommentAction","name":"Comment","target":["https:\/\/www.africa-press.net\/cameroun\/politique\/etat-de-sante-de-paul-biya-revelations-sur-sa-maladie#respond"]}]},{"@type":"WebPage","@id":"https:\/\/www.africa-press.net\/cameroun\/politique\/etat-de-sante-de-paul-biya-revelations-sur-sa-maladie","url":"https:\/\/www.africa-press.net\/cameroun\/politique\/etat-de-sante-de-paul-biya-revelations-sur-sa-maladie","name":"\u00c9tat de sant\u00e9 de Paul Biya: R\u00e9v\u00e9lations sur sa maladie - Cameroun","isPartOf":{"@id":"https:\/\/www.africa-press.net\/cameroun\/#website"},"primaryImageOfPage":{"@id":"https:\/\/www.africa-press.net\/cameroun\/politique\/etat-de-sante-de-paul-biya-revelations-sur-sa-maladie#primaryimage"},"image":{"@id":"https:\/\/www.africa-press.net\/cameroun\/politique\/etat-de-sante-de-paul-biya-revelations-sur-sa-maladie#primaryimage"},"thumbnailUrl":"https:\/\/static.africa-press.net\/cameroun\/sites\/57\/2026\/01\/sm_1769376746.881217.jpg","datePublished":"2026-01-25T21:07:15+00:00","dateModified":"2026-01-25T21:40:05+00:00","author":{"@id":"https:\/\/www.africa-press.net\/cameroun\/#\/schema\/person\/2b1cf3cd81a31e3cd26889ca66d677f1"},"description":"-article-header-tag\"> Africa-Press - Cameroun. Dans un nouvel e\u0301change sur l\u2019 ...","breadcrumb":{"@id":"https:\/\/www.africa-press.net\/cameroun\/politique\/etat-de-sante-de-paul-biya-revelations-sur-sa-maladie#breadcrumb"},"inLanguage":"fr-FR","potentialAction":[{"@type":"ReadAction","target":["https:\/\/www.africa-press.net\/cameroun\/politique\/etat-de-sante-de-paul-biya-revelations-sur-sa-maladie"]}]},{"@type":"ImageObject","inLanguage":"fr-FR","@id":"https:\/\/www.africa-press.net\/cameroun\/politique\/etat-de-sante-de-paul-biya-revelations-sur-sa-maladie#primaryimage","url":"https:\/\/static.africa-press.net\/cameroun\/sites\/57\/2026\/01\/sm_1769376746.881217.jpg","contentUrl":"https:\/\/static.africa-press.net\/cameroun\/sites\/57\/2026\/01\/sm_1769376746.881217.jpg","width":720,"height":486,"caption":"\u00c9tat de sant\u00e9 de Paul Biya: R\u00e9v\u00e9lations sur sa maladie"},{"@type":"BreadcrumbList","@id":"https:\/\/www.africa-press.net\/cameroun\/politique\/etat-de-sante-de-paul-biya-revelations-sur-sa-maladie#breadcrumb","itemListElement":[{"@type":"ListItem","position":1,"name":"Accueil","item":"https:\/\/www.africa-press.net\/cameroun\/"},{"@type":"ListItem","position":2,"name":"\u00c9tat de sant\u00e9 de Paul Biya: R\u00e9v\u00e9lations sur sa maladie"}]},{"@type":"WebSite","@id":"https:\/\/www.africa-press.net\/cameroun\/#website","url":"https:\/\/www.africa-press.net\/cameroun\/","name":"Cameroun","description":"Just another Africa News Agency Sites site","potentialAction":[{"@type":"SearchAction","target":{"@type":"EntryPoint","urlTemplate":"https:\/\/www.africa-press.net\/cameroun\/?s={search_term_string}"},"query-input":{"@type":"PropertyValueSpecification","valueRequired":true,"valueName":"search_term_string"}}],"inLanguage":"fr-FR"},{"@type":"Person","@id":"https:\/\/www.africa-press.net\/cameroun\/#\/schema\/person\/2b1cf3cd81a31e3cd26889ca66d677f1","name":"cfeditorfr"}]}},"_links":{"self":[{"href":"https:\/\/www.africa-press.net\/cameroun\/wp-json\/wp\/v2\/posts\/100840","targetHints":{"allow":["GET"]}}],"collection":[{"href":"https:\/\/www.africa-press.net\/cameroun\/wp-json\/wp\/v2\/posts"}],"about":[{"href":"https:\/\/www.africa-press.net\/cameroun\/wp-json\/wp\/v2\/types\/post"}],"author":[{"embeddable":true,"href":"https:\/\/www.africa-press.net\/cameroun\/wp-json\/wp\/v2\/users\/82"}],"replies":[{"embeddable":true,"href":"https:\/\/www.africa-press.net\/cameroun\/wp-json\/wp\/v2\/comments?post=100840"}],"version-history":[{"count":0,"href":"https:\/\/www.africa-press.net\/cameroun\/wp-json\/wp\/v2\/posts\/100840\/revisions"}],"wp:featuredmedia":[{"embeddable":true,"href":"https:\/\/www.africa-press.net\/cameroun\/wp-json\/wp\/v2\/media\/100839"}],"wp:attachment":[{"href":"https:\/\/www.africa-press.net\/cameroun\/wp-json\/wp\/v2\/media?parent=100840"}],"wp:term":[{"taxonomy":"category","embeddable":true,"href":"https:\/\/www.africa-press.net\/cameroun\/wp-json\/wp\/v2\/categories?post=100840"},{"taxonomy":"post_tag","embeddable":true,"href":"https:\/\/www.africa-press.net\/cameroun\/wp-json\/wp\/v2\/tags?post=100840"}],"curies":[{"name":"wp","href":"https:\/\/api.w.org\/{rel}","templated":true}]}}