{"id":101222,"date":"2026-01-30T20:28:19","date_gmt":"2026-01-30T20:28:19","guid":{"rendered":"https:\/\/www.africa-press.net\/cameroun\/politique\/recrutement-au-port-autonome-de-douala-deposez-vos-dossiers"},"modified":"2026-01-31T17:56:19","modified_gmt":"2026-01-31T17:56:19","slug":"recrutement-au-port-autonome-de-douala-deposez-vos-dossiers","status":"publish","type":"post","link":"https:\/\/www.africa-press.net\/cameroun\/toutes-les-actualites\/recrutement-au-port-autonome-de-douala-deposez-vos-dossiers","title":{"rendered":"Recrutement Au Port Autonome De Douala D\u00e9posez Vos Dossiers"},"content":{"rendered":"<p><span class=\"ap-article-header-tag\"> <strong>Africa-Press &#8211; Cameroun. <\/strong> <\/span>Dans le cadre du renforcement de ses capacite\u0301s internes et de l\u2019accompagnement de ses projets structurants, le Port Autonome de Douala (PAD) vient de lancer un appel a\u0300 candidatures pour le recrutement de trois (03) mode\u0301lisateurs financiers au titre de l\u2019exercice 2026.<\/p>\n<p>Dans un communique\u0301 publie\u0301 a\u0300 cet effet, dont la re\u0301daction de CamerounWeb a obtenu copie, l\u2019on apprend que les profils recherche\u0301s viendront appuyer la Direction ge\u0301ne\u0301rale dans l\u2019analyse, la projection et l\u2019aide a\u0300 la de\u0301cision financie\u0300re lie\u0301es aux investissements et au de\u0301veloppement du Port de Douala-Bonabe\u0301ri.<\/p>\n<p>Dans cette optique, le PAD recherche des professionnels a\u0300 forte compe\u0301tence dote\u0301s d\u2019une expe\u0301rience ave\u0301re\u0301e dans les domaines de l\u2019inge\u0301nierie\/mode\u0301lisation financie\u0300re, dont l\u2019expertise permettra de:<\/p>\n<p>-Concevoir et de\u0301velopper des mode\u0300les financiers pour des sce\u0301narios complexes: e\u0301valuations d\u2019entreprises et activite\u0301s portuaires (DCF, LBO), financements structure\u0301s, budgets et pre\u0301visions a\u0300 long terme, analyse de projets d\u2019investissement (CAPEX), consolidations, etc. ;<\/p>\n<p>-Re\u0301aliser des analyses et projections financie\u0300res pour guider la prise de de\u0301cision strate\u0301gique ;<\/p>\n<p>-Traduire des strate\u0301gies business en projections financie\u0300res ;<\/p>\n<p>-Effectuer des analyses de sensibilite\u0301 et des sce\u0301narios ;<\/p>\n<p>-Concevoir et mettre en \u0153uvre les techniques de choix des investissements ;<\/p>\n<p>-Optimiser les structures de financement des projets d\u2019investissement et assurer la viabilite\u0301 e\u0301conomique a\u0300 long terme ;<\/p>\n<p>Dans cette optique, le Directeur Ge\u0301ne\u0301ral du PAD ouvre, au titre de l\u2019exercice 2026, un appel a\u0300 candidatures pour le recrutement de trois (03) mode\u0301lisateurs financiers.<\/p>\n<p>Ci-dessous, l\u2019inte\u0301gralite\u0301 du communique\u0301 du PAD<\/p>\n<p class=\"ap-article-footer-note\">Retrouvez plus d\u2019actualit\u00e9s et d\u2019analyses sur <span class=\"ap-highlight-country\">Cameroun<\/span> sur le site <span class=\"ap-highlight-brand\">Africa Press<\/span><\/p>\n","protected":false},"excerpt":{"rendered":"<p>Africa-Press &#8211; Cameroun. Dans le cadre du renforcement de ses capacite\u0301s internes et de l\u2019accompagnement de ses projets structurants, le Port Autonome de Douala (PAD) vient de lancer un appel a\u0300 candidatures pour le recrutement de trois (03) mode\u0301lisateurs financiers au titre de l\u2019exercice 2026. Dans un communique\u0301 publie\u0301 a\u0300 cet effet, dont la re\u0301daction [&hellip;]<\/p>\n","protected":false},"author":82,"featured_media":101221,"comment_status":"open","ping_status":"closed","sticky":false,"template":"","format":"standard","meta":{"footnotes":""},"categories":[21,10],"tags":[49],"class_list":["post-101222","post","type-post","status-publish","format-standard","has-post-thumbnail","hentry","category-communaute","category-toutes-les-actualites","tag-cameroun"],"yoast_head":"<!-- This site is optimized with the Yoast SEO Premium plugin v26.1 (Yoast SEO v27.0) - https:\/\/yoast.com\/product\/yoast-seo-premium-wordpress\/ -->\n<title>Recrutement Au Port Autonome De Douala D\u00e9posez Vos Dossiers - Cameroun<\/title>\n<meta name=\"description\" content=\"-article-header-tag&quot;&gt; Africa-Press - Cameroun. Dans le cadre du renforcement ...\" \/>\n<meta name=\"robots\" content=\"index, follow, max-snippet:-1, max-image-preview:large, max-video-preview:-1\" \/>\n<link rel=\"canonical\" href=\"https:\/\/www.africa-press.net\/cameroun\/toutes-les-actualites\/recrutement-au-port-autonome-de-douala-deposez-vos-dossiers\" \/>\n<meta property=\"og:locale\" content=\"fr_FR\" \/>\n<meta property=\"og:type\" content=\"article\" \/>\n<meta property=\"og:title\" content=\"Recrutement Au Port Autonome De Douala D\u00e9posez Vos Dossiers\" \/>\n<meta property=\"og:description\" content=\"-article-header-tag&quot;&gt; Africa-Press - Cameroun. Dans le cadre du renforcement ...\" \/>\n<meta property=\"og:url\" content=\"https:\/\/www.africa-press.net\/cameroun\/toutes-les-actualites\/recrutement-au-port-autonome-de-douala-deposez-vos-dossiers\" \/>\n<meta property=\"og:site_name\" content=\"Cameroun\" \/>\n<meta property=\"article:published_time\" content=\"2026-01-30T20:28:19+00:00\" \/>\n<meta property=\"article:modified_time\" content=\"2026-01-31T17:56:19+00:00\" \/>\n<meta property=\"og:image\" content=\"https:\/\/static.africa-press.net\/cameroun\/sites\/57\/2026\/01\/sm_1769808537.946769.jpg\" \/>\n\t<meta property=\"og:image:width\" content=\"720\" \/>\n\t<meta property=\"og:image:height\" content=\"474\" \/>\n\t<meta property=\"og:image:type\" content=\"image\/jpeg\" \/>\n<meta name=\"author\" content=\"cfeditorfr\" \/>\n<meta name=\"twitter:card\" content=\"summary_large_image\" \/>\n<meta name=\"twitter:label1\" content=\"\u00c9crit par\" \/>\n\t<meta name=\"twitter:data1\" content=\"cfeditorfr\" \/>\n\t<meta name=\"twitter:label2\" content=\"Dur\u00e9e de lecture estim\u00e9e\" \/>\n\t<meta name=\"twitter:data2\" content=\"2 minutes\" \/>\n<script type=\"application\/ld+json\" class=\"yoast-schema-graph\">{\"@context\":\"https:\/\/schema.org\",\"@graph\":[{\"@type\":\"Article\",\"@id\":\"https:\/\/www.africa-press.net\/cameroun\/toutes-les-actualites\/recrutement-au-port-autonome-de-douala-deposez-vos-dossiers#article\",\"isPartOf\":{\"@id\":\"https:\/\/www.africa-press.net\/cameroun\/toutes-les-actualites\/recrutement-au-port-autonome-de-douala-deposez-vos-dossiers\"},\"author\":{\"name\":\"cfeditorfr\",\"@id\":\"https:\/\/www.africa-press.net\/cameroun\/#\/schema\/person\/2b1cf3cd81a31e3cd26889ca66d677f1\"},\"headline\":\"Recrutement Au Port Autonome De Douala D\u00e9posez Vos Dossiers\",\"datePublished\":\"2026-01-30T20:28:19+00:00\",\"dateModified\":\"2026-01-31T17:56:19+00:00\",\"mainEntityOfPage\":{\"@id\":\"https:\/\/www.africa-press.net\/cameroun\/toutes-les-actualites\/recrutement-au-port-autonome-de-douala-deposez-vos-dossiers\"},\"wordCount\":308,\"commentCount\":0,\"image\":{\"@id\":\"https:\/\/www.africa-press.net\/cameroun\/toutes-les-actualites\/recrutement-au-port-autonome-de-douala-deposez-vos-dossiers#primaryimage\"},\"thumbnailUrl\":\"https:\/\/static.africa-press.net\/cameroun\/sites\/57\/2026\/01\/sm_1769808537.946769.jpg\",\"keywords\":[\"Cameroun\"],\"articleSection\":[\"Communaut\u00e9\",\"Toutes les actualit\u00e9s\"],\"inLanguage\":\"fr-FR\",\"potentialAction\":[{\"@type\":\"CommentAction\",\"name\":\"Comment\",\"target\":[\"https:\/\/www.africa-press.net\/cameroun\/toutes-les-actualites\/recrutement-au-port-autonome-de-douala-deposez-vos-dossiers#respond\"]}]},{\"@type\":\"WebPage\",\"@id\":\"https:\/\/www.africa-press.net\/cameroun\/toutes-les-actualites\/recrutement-au-port-autonome-de-douala-deposez-vos-dossiers\",\"url\":\"https:\/\/www.africa-press.net\/cameroun\/toutes-les-actualites\/recrutement-au-port-autonome-de-douala-deposez-vos-dossiers\",\"name\":\"Recrutement Au Port Autonome De Douala D\u00e9posez Vos Dossiers - Cameroun\",\"isPartOf\":{\"@id\":\"https:\/\/www.africa-press.net\/cameroun\/#website\"},\"primaryImageOfPage\":{\"@id\":\"https:\/\/www.africa-press.net\/cameroun\/toutes-les-actualites\/recrutement-au-port-autonome-de-douala-deposez-vos-dossiers#primaryimage\"},\"image\":{\"@id\":\"https:\/\/www.africa-press.net\/cameroun\/toutes-les-actualites\/recrutement-au-port-autonome-de-douala-deposez-vos-dossiers#primaryimage\"},\"thumbnailUrl\":\"https:\/\/static.africa-press.net\/cameroun\/sites\/57\/2026\/01\/sm_1769808537.946769.jpg\",\"datePublished\":\"2026-01-30T20:28:19+00:00\",\"dateModified\":\"2026-01-31T17:56:19+00:00\",\"author\":{\"@id\":\"https:\/\/www.africa-press.net\/cameroun\/#\/schema\/person\/2b1cf3cd81a31e3cd26889ca66d677f1\"},\"description\":\"-article-header-tag\\\"> Africa-Press - Cameroun. Dans le cadre du renforcement ...\",\"breadcrumb\":{\"@id\":\"https:\/\/www.africa-press.net\/cameroun\/toutes-les-actualites\/recrutement-au-port-autonome-de-douala-deposez-vos-dossiers#breadcrumb\"},\"inLanguage\":\"fr-FR\",\"potentialAction\":[{\"@type\":\"ReadAction\",\"target\":[\"https:\/\/www.africa-press.net\/cameroun\/toutes-les-actualites\/recrutement-au-port-autonome-de-douala-deposez-vos-dossiers\"]}]},{\"@type\":\"ImageObject\",\"inLanguage\":\"fr-FR\",\"@id\":\"https:\/\/www.africa-press.net\/cameroun\/toutes-les-actualites\/recrutement-au-port-autonome-de-douala-deposez-vos-dossiers#primaryimage\",\"url\":\"https:\/\/static.africa-press.net\/cameroun\/sites\/57\/2026\/01\/sm_1769808537.946769.jpg\",\"contentUrl\":\"https:\/\/static.africa-press.net\/cameroun\/sites\/57\/2026\/01\/sm_1769808537.946769.jpg\",\"width\":720,\"height\":474,\"caption\":\"Recrutement Au Port Autonome De Douala D\u00e9posez Vos Dossiers\"},{\"@type\":\"BreadcrumbList\",\"@id\":\"https:\/\/www.africa-press.net\/cameroun\/toutes-les-actualites\/recrutement-au-port-autonome-de-douala-deposez-vos-dossiers#breadcrumb\",\"itemListElement\":[{\"@type\":\"ListItem\",\"position\":1,\"name\":\"Accueil\",\"item\":\"https:\/\/www.africa-press.net\/cameroun\/\"},{\"@type\":\"ListItem\",\"position\":2,\"name\":\"Recrutement Au Port Autonome De Douala D\u00e9posez Vos Dossiers\"}]},{\"@type\":\"WebSite\",\"@id\":\"https:\/\/www.africa-press.net\/cameroun\/#website\",\"url\":\"https:\/\/www.africa-press.net\/cameroun\/\",\"name\":\"Cameroun\",\"description\":\"Just another Africa News Agency Sites site\",\"potentialAction\":[{\"@type\":\"SearchAction\",\"target\":{\"@type\":\"EntryPoint\",\"urlTemplate\":\"https:\/\/www.africa-press.net\/cameroun\/?s={search_term_string}\"},\"query-input\":{\"@type\":\"PropertyValueSpecification\",\"valueRequired\":true,\"valueName\":\"search_term_string\"}}],\"inLanguage\":\"fr-FR\"},{\"@type\":\"Person\",\"@id\":\"https:\/\/www.africa-press.net\/cameroun\/#\/schema\/person\/2b1cf3cd81a31e3cd26889ca66d677f1\",\"name\":\"cfeditorfr\"}]}<\/script>\n<!-- \/ Yoast SEO Premium plugin. -->","yoast_head_json":{"title":"Recrutement Au Port Autonome De Douala D\u00e9posez Vos Dossiers - Cameroun","description":"-article-header-tag\"> Africa-Press - Cameroun. Dans le cadre du renforcement ...","robots":{"index":"index","follow":"follow","max-snippet":"max-snippet:-1","max-image-preview":"max-image-preview:large","max-video-preview":"max-video-preview:-1"},"canonical":"https:\/\/www.africa-press.net\/cameroun\/toutes-les-actualites\/recrutement-au-port-autonome-de-douala-deposez-vos-dossiers","og_locale":"fr_FR","og_type":"article","og_title":"Recrutement Au Port Autonome De Douala D\u00e9posez Vos Dossiers","og_description":"-article-header-tag\"> Africa-Press - Cameroun. Dans le cadre du renforcement ...","og_url":"https:\/\/www.africa-press.net\/cameroun\/toutes-les-actualites\/recrutement-au-port-autonome-de-douala-deposez-vos-dossiers","og_site_name":"Cameroun","article_published_time":"2026-01-30T20:28:19+00:00","article_modified_time":"2026-01-31T17:56:19+00:00","og_image":[{"width":720,"height":474,"url":"https:\/\/static.africa-press.net\/cameroun\/sites\/57\/2026\/01\/sm_1769808537.946769.jpg","type":"image\/jpeg"}],"author":"cfeditorfr","twitter_card":"summary_large_image","twitter_misc":{"\u00c9crit par":"cfeditorfr","Dur\u00e9e de lecture estim\u00e9e":"2 minutes"},"schema":{"@context":"https:\/\/schema.org","@graph":[{"@type":"Article","@id":"https:\/\/www.africa-press.net\/cameroun\/toutes-les-actualites\/recrutement-au-port-autonome-de-douala-deposez-vos-dossiers#article","isPartOf":{"@id":"https:\/\/www.africa-press.net\/cameroun\/toutes-les-actualites\/recrutement-au-port-autonome-de-douala-deposez-vos-dossiers"},"author":{"name":"cfeditorfr","@id":"https:\/\/www.africa-press.net\/cameroun\/#\/schema\/person\/2b1cf3cd81a31e3cd26889ca66d677f1"},"headline":"Recrutement Au Port Autonome De Douala D\u00e9posez Vos Dossiers","datePublished":"2026-01-30T20:28:19+00:00","dateModified":"2026-01-31T17:56:19+00:00","mainEntityOfPage":{"@id":"https:\/\/www.africa-press.net\/cameroun\/toutes-les-actualites\/recrutement-au-port-autonome-de-douala-deposez-vos-dossiers"},"wordCount":308,"commentCount":0,"image":{"@id":"https:\/\/www.africa-press.net\/cameroun\/toutes-les-actualites\/recrutement-au-port-autonome-de-douala-deposez-vos-dossiers#primaryimage"},"thumbnailUrl":"https:\/\/static.africa-press.net\/cameroun\/sites\/57\/2026\/01\/sm_1769808537.946769.jpg","keywords":["Cameroun"],"articleSection":["Communaut\u00e9","Toutes les actualit\u00e9s"],"inLanguage":"fr-FR","potentialAction":[{"@type":"CommentAction","name":"Comment","target":["https:\/\/www.africa-press.net\/cameroun\/toutes-les-actualites\/recrutement-au-port-autonome-de-douala-deposez-vos-dossiers#respond"]}]},{"@type":"WebPage","@id":"https:\/\/www.africa-press.net\/cameroun\/toutes-les-actualites\/recrutement-au-port-autonome-de-douala-deposez-vos-dossiers","url":"https:\/\/www.africa-press.net\/cameroun\/toutes-les-actualites\/recrutement-au-port-autonome-de-douala-deposez-vos-dossiers","name":"Recrutement Au Port Autonome De Douala D\u00e9posez Vos Dossiers - Cameroun","isPartOf":{"@id":"https:\/\/www.africa-press.net\/cameroun\/#website"},"primaryImageOfPage":{"@id":"https:\/\/www.africa-press.net\/cameroun\/toutes-les-actualites\/recrutement-au-port-autonome-de-douala-deposez-vos-dossiers#primaryimage"},"image":{"@id":"https:\/\/www.africa-press.net\/cameroun\/toutes-les-actualites\/recrutement-au-port-autonome-de-douala-deposez-vos-dossiers#primaryimage"},"thumbnailUrl":"https:\/\/static.africa-press.net\/cameroun\/sites\/57\/2026\/01\/sm_1769808537.946769.jpg","datePublished":"2026-01-30T20:28:19+00:00","dateModified":"2026-01-31T17:56:19+00:00","author":{"@id":"https:\/\/www.africa-press.net\/cameroun\/#\/schema\/person\/2b1cf3cd81a31e3cd26889ca66d677f1"},"description":"-article-header-tag\"> Africa-Press - Cameroun. Dans le cadre du renforcement ...","breadcrumb":{"@id":"https:\/\/www.africa-press.net\/cameroun\/toutes-les-actualites\/recrutement-au-port-autonome-de-douala-deposez-vos-dossiers#breadcrumb"},"inLanguage":"fr-FR","potentialAction":[{"@type":"ReadAction","target":["https:\/\/www.africa-press.net\/cameroun\/toutes-les-actualites\/recrutement-au-port-autonome-de-douala-deposez-vos-dossiers"]}]},{"@type":"ImageObject","inLanguage":"fr-FR","@id":"https:\/\/www.africa-press.net\/cameroun\/toutes-les-actualites\/recrutement-au-port-autonome-de-douala-deposez-vos-dossiers#primaryimage","url":"https:\/\/static.africa-press.net\/cameroun\/sites\/57\/2026\/01\/sm_1769808537.946769.jpg","contentUrl":"https:\/\/static.africa-press.net\/cameroun\/sites\/57\/2026\/01\/sm_1769808537.946769.jpg","width":720,"height":474,"caption":"Recrutement Au Port Autonome De Douala D\u00e9posez Vos Dossiers"},{"@type":"BreadcrumbList","@id":"https:\/\/www.africa-press.net\/cameroun\/toutes-les-actualites\/recrutement-au-port-autonome-de-douala-deposez-vos-dossiers#breadcrumb","itemListElement":[{"@type":"ListItem","position":1,"name":"Accueil","item":"https:\/\/www.africa-press.net\/cameroun\/"},{"@type":"ListItem","position":2,"name":"Recrutement Au Port Autonome De Douala D\u00e9posez Vos Dossiers"}]},{"@type":"WebSite","@id":"https:\/\/www.africa-press.net\/cameroun\/#website","url":"https:\/\/www.africa-press.net\/cameroun\/","name":"Cameroun","description":"Just another Africa News Agency Sites site","potentialAction":[{"@type":"SearchAction","target":{"@type":"EntryPoint","urlTemplate":"https:\/\/www.africa-press.net\/cameroun\/?s={search_term_string}"},"query-input":{"@type":"PropertyValueSpecification","valueRequired":true,"valueName":"search_term_string"}}],"inLanguage":"fr-FR"},{"@type":"Person","@id":"https:\/\/www.africa-press.net\/cameroun\/#\/schema\/person\/2b1cf3cd81a31e3cd26889ca66d677f1","name":"cfeditorfr"}]}},"_links":{"self":[{"href":"https:\/\/www.africa-press.net\/cameroun\/wp-json\/wp\/v2\/posts\/101222","targetHints":{"allow":["GET"]}}],"collection":[{"href":"https:\/\/www.africa-press.net\/cameroun\/wp-json\/wp\/v2\/posts"}],"about":[{"href":"https:\/\/www.africa-press.net\/cameroun\/wp-json\/wp\/v2\/types\/post"}],"author":[{"embeddable":true,"href":"https:\/\/www.africa-press.net\/cameroun\/wp-json\/wp\/v2\/users\/82"}],"replies":[{"embeddable":true,"href":"https:\/\/www.africa-press.net\/cameroun\/wp-json\/wp\/v2\/comments?post=101222"}],"version-history":[{"count":0,"href":"https:\/\/www.africa-press.net\/cameroun\/wp-json\/wp\/v2\/posts\/101222\/revisions"}],"wp:featuredmedia":[{"embeddable":true,"href":"https:\/\/www.africa-press.net\/cameroun\/wp-json\/wp\/v2\/media\/101221"}],"wp:attachment":[{"href":"https:\/\/www.africa-press.net\/cameroun\/wp-json\/wp\/v2\/media?parent=101222"}],"wp:term":[{"taxonomy":"category","embeddable":true,"href":"https:\/\/www.africa-press.net\/cameroun\/wp-json\/wp\/v2\/categories?post=101222"},{"taxonomy":"post_tag","embeddable":true,"href":"https:\/\/www.africa-press.net\/cameroun\/wp-json\/wp\/v2\/tags?post=101222"}],"curies":[{"name":"wp","href":"https:\/\/api.w.org\/{rel}","templated":true}]}}