{"id":1029,"date":"2021-03-16T23:01:24","date_gmt":"2021-03-16T23:01:24","guid":{"rendered":"https:\/\/www.africa-press.net\/cameroun\/politique\/fin-dune-vie-le-pr-mendo-ze-pese-moins-de-30kg-video"},"modified":"2021-03-16T23:44:47","modified_gmt":"2021-03-16T23:44:47","slug":"fin-dune-vie-le-pr-mendo-ze-pese-moins-de-30kg-video","status":"publish","type":"post","link":"https:\/\/www.africa-press.net\/cameroun\/culture-et-art\/fin-dune-vie-le-pr-mendo-ze-pese-moins-de-30kg-video","title":{"rendered":"Fin d\u2019une vie : le Pr Mendo Ze p\u00e8se moins de 30kg (vid\u00e9o)"},"content":{"rendered":"<p><span style=\"color: #ff6600\"><strong><a href=\"https:\/\/www.africa-press.net\/\">Africa-Press<\/a> &#8211; <a href=\"https:\/\/www.africa-press.net\/cameroun\">Cameroun<\/a>. <\/strong><\/span>Incarc\u00e9r\u00e9 \u00e0 la prison centrale de Kondengui depuis le 12 novembre 2014, le professeur Mendo Ze va mal. Les images qui circulent dans les r\u00e9seaux sociaux le montrant assis sur un lit seraient d\u2019anciennes photos et ne r\u00e9fecte en rien la r\u00e9alit\u00e9 actuelle. L\u2019homme est dans un \u00e9tat alarmant. Selon le consultant m\u00e9dia David Eboutou qui lui a rendu visite, l\u2019ancien Directeur G\u00e9n\u00e9ral de la CRTV p\u00e8serait moins de 30 Kg.<\/p>\n<p>\u00ab Le professeur Gervais Mendo Ze p\u00e8se moins de 30 kg. Il ne fait plus rien de lui-m\u00eame \u00bb, a-t-il d\u00e9clar\u00e9 au micro des confr\u00e8res de Naja Tv. L\u2019\u00e9tat critique de Mendo Ze a amen\u00e9 certains m\u00e9dias \u00e0 annoncer son d\u00e9c\u00e8s le week-end \u00e9coul\u00e9. L\u2019information fut aussit\u00f4t d\u00e9mentie par d\u2019autres confr\u00e8res.<\/p>\n<p>Selon le Directeur g\u00e9n\u00e9rale de RIS Radio, le Prof Gervais Mendo Ze n&rsquo;est pas mort, contrairement aux informations diffus\u00e9es sur les r\u00e9seaux sociaux et m\u00e9dias en ligne.<\/p>\n<p>L&rsquo;informations n&rsquo;a pas seulement \u00e9t\u00e9 d\u00e9mentie par Sismondi Bidjocka. Le site 237online.com a \u00e9galement dans un r\u00e9cent article annonc\u00e9 aux Camerounais que le Prof est bel et bien vivant.<\/p>\n<p>&lsquo;Suite \u00e0 l\u2019information sur le d\u00e9c\u00e8s du ministre Gervais mendo ze, nous apprenons que le concern\u00e9 est en bonne sant\u00e9, d\u2019apr\u00e8s J\u00e9r\u00f4me Ekoto&rsquo;, \u00e9crit le site d&rsquo;information.<\/p>\n<p>&lsquo;L\u2019homme plein de vie que je connais, a c\u00e9d\u00e9 cette fois place \u00e0 une sorte de gueux m\u00e9connaissable. Le Professeur Gervais Mendo Ze fait \u00e0 peine 45 kilogrammes. Il ne se l\u00e8ve plus, ne peut non plus s\u2019asseoir de lui-m\u00eame ni lever le coude pour prendre une gorg\u00e9e d\u2019eau. Il passe ses journ\u00e9es l\u00e0, allong\u00e9 sur place, avec une voix \u00e0 peine audible\u00bb avait relata\u00e9 en janvier dernier, l\u2019activiste et militant des droits de l\u2019homme David Eboutou sur Facebook, r\u00e9clamant \u00e0 l\u2019occasion de cette sortie, l\u2019\u00e9vacuation sanitaire du Pr.<\/p>\n<p><iframe loading=\"lazy\" title=\"Gervais Mendo Ze agonise\" width=\"696\" height=\"392\" src=\"https:\/\/www.youtube.com\/embed\/GxuoxT0DWow?feature=oembed\" frameborder=\"0\" allow=\"accelerometer; autoplay; clipboard-write; encrypted-media; gyroscope; picture-in-picture\" allowfullscreen><\/iframe><\/p>\n","protected":false},"excerpt":{"rendered":"<p>Africa-Press &#8211; Cameroun. Incarc\u00e9r\u00e9 \u00e0 la prison centrale de Kondengui depuis le 12 novembre 2014, le professeur Mendo Ze va mal. Les images qui circulent dans les r\u00e9seaux sociaux le montrant assis sur un lit seraient d\u2019anciennes photos et ne r\u00e9fecte en rien la r\u00e9alit\u00e9 actuelle. L\u2019homme est dans un \u00e9tat alarmant. Selon le consultant [&hellip;]<\/p>\n","protected":false},"author":82,"featured_media":1028,"comment_status":"open","ping_status":"closed","sticky":false,"template":"","format":"standard","meta":{"footnotes":""},"categories":[5,11,10,9],"tags":[36,50,49],"class_list":["post-1029","post","type-post","status-publish","format-standard","has-post-thumbnail","hentry","category-culture-et-art","category-homepage-french","category-toutes-les-actualites","category-video","tag-africa-press","tag-africa-press-cameroun","tag-cameroun"],"yoast_head":"<!-- This site is optimized with the Yoast SEO Premium plugin v26.1 (Yoast SEO v27.0) - https:\/\/yoast.com\/product\/yoast-seo-premium-wordpress\/ -->\n<title>Fin d\u2019une vie : le Pr Mendo Ze p\u00e8se moins de 30kg (vid\u00e9o) - Cameroun<\/title>\n<meta name=\"description\" content=\"Incarc\u00e9r\u00e9 \u00e0 la prison centrale de Kondengui depuis le 12 novembre 2014, le professeur Mendo Ze va mal. Les images qui ci ...\" \/>\n<meta name=\"robots\" content=\"index, follow, max-snippet:-1, max-image-preview:large, max-video-preview:-1\" \/>\n<link rel=\"canonical\" href=\"https:\/\/www.africa-press.net\/cameroun\/culture-et-art\/fin-dune-vie-le-pr-mendo-ze-pese-moins-de-30kg-video\" \/>\n<meta property=\"og:locale\" content=\"fr_FR\" \/>\n<meta property=\"og:type\" content=\"article\" \/>\n<meta property=\"og:title\" content=\"Fin d\u2019une vie : le Pr Mendo Ze p\u00e8se moins de 30kg (vid\u00e9o)\" \/>\n<meta property=\"og:description\" content=\"Incarc\u00e9r\u00e9 \u00e0 la prison centrale de Kondengui depuis le 12 novembre 2014, le professeur Mendo Ze va mal. Les images qui ci ...\" \/>\n<meta property=\"og:url\" content=\"https:\/\/www.africa-press.net\/cameroun\/culture-et-art\/fin-dune-vie-le-pr-mendo-ze-pese-moins-de-30kg-video\" \/>\n<meta property=\"og:site_name\" content=\"Cameroun\" \/>\n<meta property=\"article:published_time\" content=\"2021-03-16T23:01:24+00:00\" \/>\n<meta property=\"article:modified_time\" content=\"2021-03-16T23:44:47+00:00\" \/>\n<meta property=\"og:image\" content=\"https:\/\/static.africa-press.net\/cameroun\/sites\/57\/2021\/03\/img-605142cc33501.jpg\" \/>\n\t<meta property=\"og:image:width\" content=\"720\" \/>\n\t<meta property=\"og:image:height\" content=\"480\" \/>\n\t<meta property=\"og:image:type\" content=\"image\/jpeg\" \/>\n<meta name=\"author\" content=\"cfeditorfr\" \/>\n<meta name=\"twitter:card\" content=\"summary_large_image\" \/>\n<meta name=\"twitter:label1\" content=\"\u00c9crit par\" \/>\n\t<meta name=\"twitter:data1\" content=\"cfeditorfr\" \/>\n\t<meta name=\"twitter:label2\" content=\"Dur\u00e9e de lecture estim\u00e9e\" \/>\n\t<meta name=\"twitter:data2\" content=\"2 minutes\" \/>\n<script type=\"application\/ld+json\" class=\"yoast-schema-graph\">{\"@context\":\"https:\/\/schema.org\",\"@graph\":[{\"@type\":\"Article\",\"@id\":\"https:\/\/www.africa-press.net\/cameroun\/culture-et-art\/fin-dune-vie-le-pr-mendo-ze-pese-moins-de-30kg-video#article\",\"isPartOf\":{\"@id\":\"https:\/\/www.africa-press.net\/cameroun\/culture-et-art\/fin-dune-vie-le-pr-mendo-ze-pese-moins-de-30kg-video\"},\"author\":{\"name\":\"cfeditorfr\",\"@id\":\"https:\/\/www.africa-press.net\/cameroun\/#\/schema\/person\/2b1cf3cd81a31e3cd26889ca66d677f1\"},\"headline\":\"Fin d\u2019une vie : le Pr Mendo Ze p\u00e8se moins de 30kg (vid\u00e9o)\",\"datePublished\":\"2021-03-16T23:01:24+00:00\",\"dateModified\":\"2021-03-16T23:44:47+00:00\",\"mainEntityOfPage\":{\"@id\":\"https:\/\/www.africa-press.net\/cameroun\/culture-et-art\/fin-dune-vie-le-pr-mendo-ze-pese-moins-de-30kg-video\"},\"wordCount\":363,\"commentCount\":0,\"image\":{\"@id\":\"https:\/\/www.africa-press.net\/cameroun\/culture-et-art\/fin-dune-vie-le-pr-mendo-ze-pese-moins-de-30kg-video#primaryimage\"},\"thumbnailUrl\":\"https:\/\/static.africa-press.net\/cameroun\/sites\/57\/2021\/03\/img-605142cc33501.jpg\",\"keywords\":[\"Africa Press\",\"Africa Press-Cameroun\",\"Cameroun\"],\"articleSection\":[\"Culture et Art\",\"homepage-french\",\"Toutes les actualit\u00e9s\",\"vid\u00e9o\"],\"inLanguage\":\"fr-FR\",\"potentialAction\":[{\"@type\":\"CommentAction\",\"name\":\"Comment\",\"target\":[\"https:\/\/www.africa-press.net\/cameroun\/culture-et-art\/fin-dune-vie-le-pr-mendo-ze-pese-moins-de-30kg-video#respond\"]}]},{\"@type\":\"WebPage\",\"@id\":\"https:\/\/www.africa-press.net\/cameroun\/culture-et-art\/fin-dune-vie-le-pr-mendo-ze-pese-moins-de-30kg-video\",\"url\":\"https:\/\/www.africa-press.net\/cameroun\/culture-et-art\/fin-dune-vie-le-pr-mendo-ze-pese-moins-de-30kg-video\",\"name\":\"Fin d\u2019une vie : le Pr Mendo Ze p\u00e8se moins de 30kg (vid\u00e9o) - Cameroun\",\"isPartOf\":{\"@id\":\"https:\/\/www.africa-press.net\/cameroun\/#website\"},\"primaryImageOfPage\":{\"@id\":\"https:\/\/www.africa-press.net\/cameroun\/culture-et-art\/fin-dune-vie-le-pr-mendo-ze-pese-moins-de-30kg-video#primaryimage\"},\"image\":{\"@id\":\"https:\/\/www.africa-press.net\/cameroun\/culture-et-art\/fin-dune-vie-le-pr-mendo-ze-pese-moins-de-30kg-video#primaryimage\"},\"thumbnailUrl\":\"https:\/\/static.africa-press.net\/cameroun\/sites\/57\/2021\/03\/img-605142cc33501.jpg\",\"datePublished\":\"2021-03-16T23:01:24+00:00\",\"dateModified\":\"2021-03-16T23:44:47+00:00\",\"author\":{\"@id\":\"https:\/\/www.africa-press.net\/cameroun\/#\/schema\/person\/2b1cf3cd81a31e3cd26889ca66d677f1\"},\"description\":\"Incarc\u00e9r\u00e9 \u00e0 la prison centrale de Kondengui depuis le 12 novembre 2014, le professeur Mendo Ze va mal. Les images qui ci ...\",\"breadcrumb\":{\"@id\":\"https:\/\/www.africa-press.net\/cameroun\/culture-et-art\/fin-dune-vie-le-pr-mendo-ze-pese-moins-de-30kg-video#breadcrumb\"},\"inLanguage\":\"fr-FR\",\"potentialAction\":[{\"@type\":\"ReadAction\",\"target\":[\"https:\/\/www.africa-press.net\/cameroun\/culture-et-art\/fin-dune-vie-le-pr-mendo-ze-pese-moins-de-30kg-video\"]}]},{\"@type\":\"ImageObject\",\"inLanguage\":\"fr-FR\",\"@id\":\"https:\/\/www.africa-press.net\/cameroun\/culture-et-art\/fin-dune-vie-le-pr-mendo-ze-pese-moins-de-30kg-video#primaryimage\",\"url\":\"https:\/\/static.africa-press.net\/cameroun\/sites\/57\/2021\/03\/img-605142cc33501.jpg\",\"contentUrl\":\"https:\/\/static.africa-press.net\/cameroun\/sites\/57\/2021\/03\/img-605142cc33501.jpg\",\"width\":720,\"height\":480,\"caption\":\"Fin d\u2019une vie : le Pr Mendo Ze p\u00e8se moins de 30kg (vid\u00e9o)\"},{\"@type\":\"BreadcrumbList\",\"@id\":\"https:\/\/www.africa-press.net\/cameroun\/culture-et-art\/fin-dune-vie-le-pr-mendo-ze-pese-moins-de-30kg-video#breadcrumb\",\"itemListElement\":[{\"@type\":\"ListItem\",\"position\":1,\"name\":\"Accueil\",\"item\":\"https:\/\/www.africa-press.net\/cameroun\/\"},{\"@type\":\"ListItem\",\"position\":2,\"name\":\"Fin d\u2019une vie : le Pr Mendo Ze p\u00e8se moins de 30kg (vid\u00e9o)\"}]},{\"@type\":\"WebSite\",\"@id\":\"https:\/\/www.africa-press.net\/cameroun\/#website\",\"url\":\"https:\/\/www.africa-press.net\/cameroun\/\",\"name\":\"Cameroun\",\"description\":\"Just another Africa News Agency Sites site\",\"potentialAction\":[{\"@type\":\"SearchAction\",\"target\":{\"@type\":\"EntryPoint\",\"urlTemplate\":\"https:\/\/www.africa-press.net\/cameroun\/?s={search_term_string}\"},\"query-input\":{\"@type\":\"PropertyValueSpecification\",\"valueRequired\":true,\"valueName\":\"search_term_string\"}}],\"inLanguage\":\"fr-FR\"},{\"@type\":\"Person\",\"@id\":\"https:\/\/www.africa-press.net\/cameroun\/#\/schema\/person\/2b1cf3cd81a31e3cd26889ca66d677f1\",\"name\":\"cfeditorfr\"}]}<\/script>\n<!-- \/ Yoast SEO Premium plugin. -->","yoast_head_json":{"title":"Fin d\u2019une vie : le Pr Mendo Ze p\u00e8se moins de 30kg (vid\u00e9o) - Cameroun","description":"Incarc\u00e9r\u00e9 \u00e0 la prison centrale de Kondengui depuis le 12 novembre 2014, le professeur Mendo Ze va mal. Les images qui ci ...","robots":{"index":"index","follow":"follow","max-snippet":"max-snippet:-1","max-image-preview":"max-image-preview:large","max-video-preview":"max-video-preview:-1"},"canonical":"https:\/\/www.africa-press.net\/cameroun\/culture-et-art\/fin-dune-vie-le-pr-mendo-ze-pese-moins-de-30kg-video","og_locale":"fr_FR","og_type":"article","og_title":"Fin d\u2019une vie : le Pr Mendo Ze p\u00e8se moins de 30kg (vid\u00e9o)","og_description":"Incarc\u00e9r\u00e9 \u00e0 la prison centrale de Kondengui depuis le 12 novembre 2014, le professeur Mendo Ze va mal. Les images qui ci ...","og_url":"https:\/\/www.africa-press.net\/cameroun\/culture-et-art\/fin-dune-vie-le-pr-mendo-ze-pese-moins-de-30kg-video","og_site_name":"Cameroun","article_published_time":"2021-03-16T23:01:24+00:00","article_modified_time":"2021-03-16T23:44:47+00:00","og_image":[{"width":720,"height":480,"url":"https:\/\/static.africa-press.net\/cameroun\/sites\/57\/2021\/03\/img-605142cc33501.jpg","type":"image\/jpeg"}],"author":"cfeditorfr","twitter_card":"summary_large_image","twitter_misc":{"\u00c9crit par":"cfeditorfr","Dur\u00e9e de lecture estim\u00e9e":"2 minutes"},"schema":{"@context":"https:\/\/schema.org","@graph":[{"@type":"Article","@id":"https:\/\/www.africa-press.net\/cameroun\/culture-et-art\/fin-dune-vie-le-pr-mendo-ze-pese-moins-de-30kg-video#article","isPartOf":{"@id":"https:\/\/www.africa-press.net\/cameroun\/culture-et-art\/fin-dune-vie-le-pr-mendo-ze-pese-moins-de-30kg-video"},"author":{"name":"cfeditorfr","@id":"https:\/\/www.africa-press.net\/cameroun\/#\/schema\/person\/2b1cf3cd81a31e3cd26889ca66d677f1"},"headline":"Fin d\u2019une vie : le Pr Mendo Ze p\u00e8se moins de 30kg (vid\u00e9o)","datePublished":"2021-03-16T23:01:24+00:00","dateModified":"2021-03-16T23:44:47+00:00","mainEntityOfPage":{"@id":"https:\/\/www.africa-press.net\/cameroun\/culture-et-art\/fin-dune-vie-le-pr-mendo-ze-pese-moins-de-30kg-video"},"wordCount":363,"commentCount":0,"image":{"@id":"https:\/\/www.africa-press.net\/cameroun\/culture-et-art\/fin-dune-vie-le-pr-mendo-ze-pese-moins-de-30kg-video#primaryimage"},"thumbnailUrl":"https:\/\/static.africa-press.net\/cameroun\/sites\/57\/2021\/03\/img-605142cc33501.jpg","keywords":["Africa Press","Africa Press-Cameroun","Cameroun"],"articleSection":["Culture et Art","homepage-french","Toutes les actualit\u00e9s","vid\u00e9o"],"inLanguage":"fr-FR","potentialAction":[{"@type":"CommentAction","name":"Comment","target":["https:\/\/www.africa-press.net\/cameroun\/culture-et-art\/fin-dune-vie-le-pr-mendo-ze-pese-moins-de-30kg-video#respond"]}]},{"@type":"WebPage","@id":"https:\/\/www.africa-press.net\/cameroun\/culture-et-art\/fin-dune-vie-le-pr-mendo-ze-pese-moins-de-30kg-video","url":"https:\/\/www.africa-press.net\/cameroun\/culture-et-art\/fin-dune-vie-le-pr-mendo-ze-pese-moins-de-30kg-video","name":"Fin d\u2019une vie : le Pr Mendo Ze p\u00e8se moins de 30kg (vid\u00e9o) - Cameroun","isPartOf":{"@id":"https:\/\/www.africa-press.net\/cameroun\/#website"},"primaryImageOfPage":{"@id":"https:\/\/www.africa-press.net\/cameroun\/culture-et-art\/fin-dune-vie-le-pr-mendo-ze-pese-moins-de-30kg-video#primaryimage"},"image":{"@id":"https:\/\/www.africa-press.net\/cameroun\/culture-et-art\/fin-dune-vie-le-pr-mendo-ze-pese-moins-de-30kg-video#primaryimage"},"thumbnailUrl":"https:\/\/static.africa-press.net\/cameroun\/sites\/57\/2021\/03\/img-605142cc33501.jpg","datePublished":"2021-03-16T23:01:24+00:00","dateModified":"2021-03-16T23:44:47+00:00","author":{"@id":"https:\/\/www.africa-press.net\/cameroun\/#\/schema\/person\/2b1cf3cd81a31e3cd26889ca66d677f1"},"description":"Incarc\u00e9r\u00e9 \u00e0 la prison centrale de Kondengui depuis le 12 novembre 2014, le professeur Mendo Ze va mal. Les images qui ci ...","breadcrumb":{"@id":"https:\/\/www.africa-press.net\/cameroun\/culture-et-art\/fin-dune-vie-le-pr-mendo-ze-pese-moins-de-30kg-video#breadcrumb"},"inLanguage":"fr-FR","potentialAction":[{"@type":"ReadAction","target":["https:\/\/www.africa-press.net\/cameroun\/culture-et-art\/fin-dune-vie-le-pr-mendo-ze-pese-moins-de-30kg-video"]}]},{"@type":"ImageObject","inLanguage":"fr-FR","@id":"https:\/\/www.africa-press.net\/cameroun\/culture-et-art\/fin-dune-vie-le-pr-mendo-ze-pese-moins-de-30kg-video#primaryimage","url":"https:\/\/static.africa-press.net\/cameroun\/sites\/57\/2021\/03\/img-605142cc33501.jpg","contentUrl":"https:\/\/static.africa-press.net\/cameroun\/sites\/57\/2021\/03\/img-605142cc33501.jpg","width":720,"height":480,"caption":"Fin d\u2019une vie : le Pr Mendo Ze p\u00e8se moins de 30kg (vid\u00e9o)"},{"@type":"BreadcrumbList","@id":"https:\/\/www.africa-press.net\/cameroun\/culture-et-art\/fin-dune-vie-le-pr-mendo-ze-pese-moins-de-30kg-video#breadcrumb","itemListElement":[{"@type":"ListItem","position":1,"name":"Accueil","item":"https:\/\/www.africa-press.net\/cameroun\/"},{"@type":"ListItem","position":2,"name":"Fin d\u2019une vie : le Pr Mendo Ze p\u00e8se moins de 30kg (vid\u00e9o)"}]},{"@type":"WebSite","@id":"https:\/\/www.africa-press.net\/cameroun\/#website","url":"https:\/\/www.africa-press.net\/cameroun\/","name":"Cameroun","description":"Just another Africa News Agency Sites site","potentialAction":[{"@type":"SearchAction","target":{"@type":"EntryPoint","urlTemplate":"https:\/\/www.africa-press.net\/cameroun\/?s={search_term_string}"},"query-input":{"@type":"PropertyValueSpecification","valueRequired":true,"valueName":"search_term_string"}}],"inLanguage":"fr-FR"},{"@type":"Person","@id":"https:\/\/www.africa-press.net\/cameroun\/#\/schema\/person\/2b1cf3cd81a31e3cd26889ca66d677f1","name":"cfeditorfr"}]}},"_links":{"self":[{"href":"https:\/\/www.africa-press.net\/cameroun\/wp-json\/wp\/v2\/posts\/1029","targetHints":{"allow":["GET"]}}],"collection":[{"href":"https:\/\/www.africa-press.net\/cameroun\/wp-json\/wp\/v2\/posts"}],"about":[{"href":"https:\/\/www.africa-press.net\/cameroun\/wp-json\/wp\/v2\/types\/post"}],"author":[{"embeddable":true,"href":"https:\/\/www.africa-press.net\/cameroun\/wp-json\/wp\/v2\/users\/82"}],"replies":[{"embeddable":true,"href":"https:\/\/www.africa-press.net\/cameroun\/wp-json\/wp\/v2\/comments?post=1029"}],"version-history":[{"count":0,"href":"https:\/\/www.africa-press.net\/cameroun\/wp-json\/wp\/v2\/posts\/1029\/revisions"}],"wp:featuredmedia":[{"embeddable":true,"href":"https:\/\/www.africa-press.net\/cameroun\/wp-json\/wp\/v2\/media\/1028"}],"wp:attachment":[{"href":"https:\/\/www.africa-press.net\/cameroun\/wp-json\/wp\/v2\/media?parent=1029"}],"wp:term":[{"taxonomy":"category","embeddable":true,"href":"https:\/\/www.africa-press.net\/cameroun\/wp-json\/wp\/v2\/categories?post=1029"},{"taxonomy":"post_tag","embeddable":true,"href":"https:\/\/www.africa-press.net\/cameroun\/wp-json\/wp\/v2\/tags?post=1029"}],"curies":[{"name":"wp","href":"https:\/\/api.w.org\/{rel}","templated":true}]}}