{"id":103408,"date":"2026-03-13T21:27:17","date_gmt":"2026-03-13T21:27:17","guid":{"rendered":"https:\/\/www.africa-press.net\/cameroun\/politique\/rdpc-engage-reflexions-pour-consolider-leadership-local"},"modified":"2026-03-13T22:46:56","modified_gmt":"2026-03-13T22:46:56","slug":"rdpc-engage-reflexions-pour-consolider-leadership-local","status":"publish","type":"post","link":"https:\/\/www.africa-press.net\/cameroun\/politique\/rdpc-engage-reflexions-pour-consolider-leadership-local","title":{"rendered":"RDPC Engage R\u00e9flexions Pour Consolider Leadership Local"},"content":{"rendered":"<p><span class=\"ap-article-header-tag\"> <strong>Africa-Press &#8211; Cameroun. <\/strong> <\/span><b>La prescription du secre\u0301taire ge\u0301ne\u0301ral du comite\u0301 central du parti Jean Nkuete est contenue dans la circulaire du 11 mars 2026 sur la ce\u0301le\u0301bration du 41e\u0300 anniversaire du RDPC. Elle appelle a\u0300 la mobilisation en vue des prochaines e\u0301che\u0301ances.<\/b><\/p>\n<p>Le Rassemblement de\u0301mocratique du peuple camerounais (Rdpc) aura 41 ans d\u2019existence le 24 mars 2026. De quoi marquer une pause et de se re\u0301jouir pour les victoires engrange\u0301es par le parti et surtout son leader le pre\u0301sident Paul Biya lors des dernie\u0300res e\u0301che\u0301ances e\u0301lectorales. Le parti a rafle\u0301 les 10 re\u0301gions lors des e\u0301lections re\u0301gionales du 30 novembre 2025 apre\u0300s avoir gagne\u0301 les se\u0301natoriales du 12 mars 2023.<\/p>\n<p>Son pre\u0301sident a remporte\u0301 la victoire a\u0300 l\u2019e\u0301lection pre\u0301sidentielle du 12 octobre 2025. Paul Biya vient d\u2019entamer son huitie\u0300me mandat a\u0300 la te\u0302te de l\u2019E\u0301tat. Et va mettre en \u0153uvre son projet \u2018\u2019Grandeur et espe\u0301rance\u2019\u2019 dans un contexte ou\u0300 le \u2018\u2019Rdpc se pre\u0301sente comme le parti politique ple\u0301biscite\u0301 par le peuple camerounais (&#8230;) il se tient toujours fie\u0300rement debout derrie\u0300re le pre\u0301sident national\u2019\u2019, de\u0301clare Jean Nkuete dans la circulaire.<\/p>\n<p>LA SUITE APRE\u0300S LA PUBLICITE\u0301<\/p>\n<p>Ne\u0301anmoins, au-dela\u0300 de la joie, de la fierte\u0301, de la satisfaction que ces victoires procurent, le parti est appele\u0301 a\u0300 redoubler de vigilance et d\u2019agilite\u0301 pour consolider ses acquis. A cet effet, face a\u0300 un espace politique camerounais de plus en plus compe\u0301titif et a\u0300 un e\u0301lectorat plus exigent, le comite\u0301 central se projette en de\u0301veloppent des strate\u0301gies pour le maintien du parti en position de leader.<\/p>\n<p>Le Secre\u0301taire ge\u0301ne\u0301ral dudit comite\u0301 appelle a\u0300 \u2018\u2019renforcer la ceinture de se\u0301curite\u0301 institutionnelle autour du projet de Grandeur et d\u2019Espe\u0301rance du Pre\u0301sident de la Re\u0301publique afin qu\u2019il soit mis en \u0153uvre sans entrave ni blocage\u2019\u2019. Aussi, dans la perspective des e\u0301lections le\u0301gislatives et municipales qui s\u2019annoncent, Jean Nkuete prescrit des re\u0301flexions communes dans tous les organes du parti pour e\u0301valuer le parcours et mieux se projeter. Le but e\u0301tant de re\u0301aliser d\u2019importantes victoires dans toutes les circonscriptions e\u0301lectorales. Voila\u0300 qui motive le the\u0300me du 41e\u0300 anniversaire du Rdpc \u00ab Pre\u0301parons-nous a\u0300 consolider toujours davantage la force et la place du parti derrie\u0300re le pre\u0301sident national \u00bb.<\/p>\n<p>Cre\u0301e a\u0300 Bamenda, capitale re\u0301gionale du Nord-Ouest le 24 mars 1985 des cendres de l\u2019UNC, le parti du pre\u0301sident Paul Biya, apre\u0300s ses cinq premie\u0300res anne\u0301es de fonctionnement comme parti unique, est face a\u0300 la concurrence depuis le de\u0301but des anne\u0301es 1990. Aujourd\u2019hui, le parti est classe\u0301 premier sur 369 et travailler a\u0300 consolider son leadership sur l\u2019ensemble du territoire.<\/p>\n<p class=\"ap-article-footer-note\">Retrouvez plus d\u2019actualit\u00e9s et d\u2019analyses sur <span class=\"ap-highlight-country\">Cameroun<\/span> sur le site <span class=\"ap-highlight-brand\">Africa Press<\/span><\/p>\n","protected":false},"excerpt":{"rendered":"<p>Africa-Press &#8211; Cameroun. La prescription du secre\u0301taire ge\u0301ne\u0301ral du comite\u0301 central du parti Jean Nkuete est contenue dans la circulaire du 11 mars 2026 sur la ce\u0301le\u0301bration du 41e\u0300 anniversaire du RDPC. Elle appelle a\u0300 la mobilisation en vue des prochaines e\u0301che\u0301ances. Le Rassemblement de\u0301mocratique du peuple camerounais (Rdpc) aura 41 ans d\u2019existence le 24 [&hellip;]<\/p>\n","protected":false},"author":82,"featured_media":103407,"comment_status":"open","ping_status":"closed","sticky":false,"template":"","format":"standard","meta":{"footnotes":""},"categories":[2,20,10],"tags":[49],"class_list":["post-103408","post","type-post","status-publish","format-standard","has-post-thumbnail","hentry","category-politique","category-top-nouvelles","category-toutes-les-actualites","tag-cameroun"],"yoast_head":"<!-- This site is optimized with the Yoast SEO Premium plugin v26.1 (Yoast SEO v27.0) - https:\/\/yoast.com\/product\/yoast-seo-premium-wordpress\/ -->\n<title>RDPC Engage R\u00e9flexions Pour Consolider Leadership Local - Cameroun<\/title>\n<meta name=\"description\" content=\"-article-header-tag&quot;&gt; Africa-Press - Cameroun. La prescription du secre\u0301ta ...\" \/>\n<meta name=\"robots\" content=\"index, follow, max-snippet:-1, max-image-preview:large, max-video-preview:-1\" \/>\n<link rel=\"canonical\" href=\"https:\/\/www.africa-press.net\/cameroun\/politique\/rdpc-engage-reflexions-pour-consolider-leadership-local\" \/>\n<meta property=\"og:locale\" content=\"fr_FR\" \/>\n<meta property=\"og:type\" content=\"article\" \/>\n<meta property=\"og:title\" content=\"RDPC Engage R\u00e9flexions Pour Consolider Leadership Local\" \/>\n<meta property=\"og:description\" content=\"-article-header-tag&quot;&gt; Africa-Press - Cameroun. La prescription du secre\u0301ta ...\" \/>\n<meta property=\"og:url\" content=\"https:\/\/www.africa-press.net\/cameroun\/politique\/rdpc-engage-reflexions-pour-consolider-leadership-local\" \/>\n<meta property=\"og:site_name\" content=\"Cameroun\" \/>\n<meta property=\"article:published_time\" content=\"2026-03-13T21:27:17+00:00\" \/>\n<meta property=\"article:modified_time\" content=\"2026-03-13T22:46:56+00:00\" \/>\n<meta property=\"og:image\" content=\"https:\/\/static.africa-press.net\/cameroun\/sites\/57\/2026\/03\/sm_1773440676.524551.jpg\" \/>\n\t<meta property=\"og:image:width\" content=\"1000\" \/>\n\t<meta property=\"og:image:height\" content=\"600\" \/>\n\t<meta property=\"og:image:type\" content=\"image\/jpeg\" \/>\n<meta name=\"author\" content=\"cfeditorfr\" \/>\n<meta name=\"twitter:card\" content=\"summary_large_image\" \/>\n<meta name=\"twitter:label1\" content=\"\u00c9crit par\" \/>\n\t<meta name=\"twitter:data1\" content=\"cfeditorfr\" \/>\n\t<meta name=\"twitter:label2\" content=\"Dur\u00e9e de lecture estim\u00e9e\" \/>\n\t<meta name=\"twitter:data2\" content=\"3 minutes\" \/>\n<script type=\"application\/ld+json\" class=\"yoast-schema-graph\">{\"@context\":\"https:\/\/schema.org\",\"@graph\":[{\"@type\":\"Article\",\"@id\":\"https:\/\/www.africa-press.net\/cameroun\/politique\/rdpc-engage-reflexions-pour-consolider-leadership-local#article\",\"isPartOf\":{\"@id\":\"https:\/\/www.africa-press.net\/cameroun\/politique\/rdpc-engage-reflexions-pour-consolider-leadership-local\"},\"author\":{\"name\":\"cfeditorfr\",\"@id\":\"https:\/\/www.africa-press.net\/cameroun\/#\/schema\/person\/2b1cf3cd81a31e3cd26889ca66d677f1\"},\"headline\":\"RDPC Engage R\u00e9flexions Pour Consolider Leadership Local\",\"datePublished\":\"2026-03-13T21:27:17+00:00\",\"dateModified\":\"2026-03-13T22:46:56+00:00\",\"mainEntityOfPage\":{\"@id\":\"https:\/\/www.africa-press.net\/cameroun\/politique\/rdpc-engage-reflexions-pour-consolider-leadership-local\"},\"wordCount\":498,\"commentCount\":0,\"image\":{\"@id\":\"https:\/\/www.africa-press.net\/cameroun\/politique\/rdpc-engage-reflexions-pour-consolider-leadership-local#primaryimage\"},\"thumbnailUrl\":\"https:\/\/static.africa-press.net\/cameroun\/sites\/57\/2026\/03\/sm_1773440676.524551.jpg\",\"keywords\":[\"Cameroun\"],\"articleSection\":[\"Politique\",\"Top Nouvelles\",\"Toutes les actualit\u00e9s\"],\"inLanguage\":\"fr-FR\",\"potentialAction\":[{\"@type\":\"CommentAction\",\"name\":\"Comment\",\"target\":[\"https:\/\/www.africa-press.net\/cameroun\/politique\/rdpc-engage-reflexions-pour-consolider-leadership-local#respond\"]}]},{\"@type\":\"WebPage\",\"@id\":\"https:\/\/www.africa-press.net\/cameroun\/politique\/rdpc-engage-reflexions-pour-consolider-leadership-local\",\"url\":\"https:\/\/www.africa-press.net\/cameroun\/politique\/rdpc-engage-reflexions-pour-consolider-leadership-local\",\"name\":\"RDPC Engage R\u00e9flexions Pour Consolider Leadership Local - Cameroun\",\"isPartOf\":{\"@id\":\"https:\/\/www.africa-press.net\/cameroun\/#website\"},\"primaryImageOfPage\":{\"@id\":\"https:\/\/www.africa-press.net\/cameroun\/politique\/rdpc-engage-reflexions-pour-consolider-leadership-local#primaryimage\"},\"image\":{\"@id\":\"https:\/\/www.africa-press.net\/cameroun\/politique\/rdpc-engage-reflexions-pour-consolider-leadership-local#primaryimage\"},\"thumbnailUrl\":\"https:\/\/static.africa-press.net\/cameroun\/sites\/57\/2026\/03\/sm_1773440676.524551.jpg\",\"datePublished\":\"2026-03-13T21:27:17+00:00\",\"dateModified\":\"2026-03-13T22:46:56+00:00\",\"author\":{\"@id\":\"https:\/\/www.africa-press.net\/cameroun\/#\/schema\/person\/2b1cf3cd81a31e3cd26889ca66d677f1\"},\"description\":\"-article-header-tag\\\"> Africa-Press - Cameroun. La prescription du secre\u0301ta ...\",\"breadcrumb\":{\"@id\":\"https:\/\/www.africa-press.net\/cameroun\/politique\/rdpc-engage-reflexions-pour-consolider-leadership-local#breadcrumb\"},\"inLanguage\":\"fr-FR\",\"potentialAction\":[{\"@type\":\"ReadAction\",\"target\":[\"https:\/\/www.africa-press.net\/cameroun\/politique\/rdpc-engage-reflexions-pour-consolider-leadership-local\"]}]},{\"@type\":\"ImageObject\",\"inLanguage\":\"fr-FR\",\"@id\":\"https:\/\/www.africa-press.net\/cameroun\/politique\/rdpc-engage-reflexions-pour-consolider-leadership-local#primaryimage\",\"url\":\"https:\/\/static.africa-press.net\/cameroun\/sites\/57\/2026\/03\/sm_1773440676.524551.jpg\",\"contentUrl\":\"https:\/\/static.africa-press.net\/cameroun\/sites\/57\/2026\/03\/sm_1773440676.524551.jpg\",\"width\":1000,\"height\":600,\"caption\":\"RDPC Engage R\u00e9flexions Pour Consolider Leadership Local\"},{\"@type\":\"BreadcrumbList\",\"@id\":\"https:\/\/www.africa-press.net\/cameroun\/politique\/rdpc-engage-reflexions-pour-consolider-leadership-local#breadcrumb\",\"itemListElement\":[{\"@type\":\"ListItem\",\"position\":1,\"name\":\"Accueil\",\"item\":\"https:\/\/www.africa-press.net\/cameroun\/\"},{\"@type\":\"ListItem\",\"position\":2,\"name\":\"RDPC Engage R\u00e9flexions Pour Consolider Leadership Local\"}]},{\"@type\":\"WebSite\",\"@id\":\"https:\/\/www.africa-press.net\/cameroun\/#website\",\"url\":\"https:\/\/www.africa-press.net\/cameroun\/\",\"name\":\"Cameroun\",\"description\":\"Just another Africa News Agency Sites site\",\"potentialAction\":[{\"@type\":\"SearchAction\",\"target\":{\"@type\":\"EntryPoint\",\"urlTemplate\":\"https:\/\/www.africa-press.net\/cameroun\/?s={search_term_string}\"},\"query-input\":{\"@type\":\"PropertyValueSpecification\",\"valueRequired\":true,\"valueName\":\"search_term_string\"}}],\"inLanguage\":\"fr-FR\"},{\"@type\":\"Person\",\"@id\":\"https:\/\/www.africa-press.net\/cameroun\/#\/schema\/person\/2b1cf3cd81a31e3cd26889ca66d677f1\",\"name\":\"cfeditorfr\"}]}<\/script>\n<!-- \/ Yoast SEO Premium plugin. -->","yoast_head_json":{"title":"RDPC Engage R\u00e9flexions Pour Consolider Leadership Local - Cameroun","description":"-article-header-tag\"> Africa-Press - Cameroun. La prescription du secre\u0301ta ...","robots":{"index":"index","follow":"follow","max-snippet":"max-snippet:-1","max-image-preview":"max-image-preview:large","max-video-preview":"max-video-preview:-1"},"canonical":"https:\/\/www.africa-press.net\/cameroun\/politique\/rdpc-engage-reflexions-pour-consolider-leadership-local","og_locale":"fr_FR","og_type":"article","og_title":"RDPC Engage R\u00e9flexions Pour Consolider Leadership Local","og_description":"-article-header-tag\"> Africa-Press - Cameroun. La prescription du secre\u0301ta ...","og_url":"https:\/\/www.africa-press.net\/cameroun\/politique\/rdpc-engage-reflexions-pour-consolider-leadership-local","og_site_name":"Cameroun","article_published_time":"2026-03-13T21:27:17+00:00","article_modified_time":"2026-03-13T22:46:56+00:00","og_image":[{"width":1000,"height":600,"url":"https:\/\/static.africa-press.net\/cameroun\/sites\/57\/2026\/03\/sm_1773440676.524551.jpg","type":"image\/jpeg"}],"author":"cfeditorfr","twitter_card":"summary_large_image","twitter_misc":{"\u00c9crit par":"cfeditorfr","Dur\u00e9e de lecture estim\u00e9e":"3 minutes"},"schema":{"@context":"https:\/\/schema.org","@graph":[{"@type":"Article","@id":"https:\/\/www.africa-press.net\/cameroun\/politique\/rdpc-engage-reflexions-pour-consolider-leadership-local#article","isPartOf":{"@id":"https:\/\/www.africa-press.net\/cameroun\/politique\/rdpc-engage-reflexions-pour-consolider-leadership-local"},"author":{"name":"cfeditorfr","@id":"https:\/\/www.africa-press.net\/cameroun\/#\/schema\/person\/2b1cf3cd81a31e3cd26889ca66d677f1"},"headline":"RDPC Engage R\u00e9flexions Pour Consolider Leadership Local","datePublished":"2026-03-13T21:27:17+00:00","dateModified":"2026-03-13T22:46:56+00:00","mainEntityOfPage":{"@id":"https:\/\/www.africa-press.net\/cameroun\/politique\/rdpc-engage-reflexions-pour-consolider-leadership-local"},"wordCount":498,"commentCount":0,"image":{"@id":"https:\/\/www.africa-press.net\/cameroun\/politique\/rdpc-engage-reflexions-pour-consolider-leadership-local#primaryimage"},"thumbnailUrl":"https:\/\/static.africa-press.net\/cameroun\/sites\/57\/2026\/03\/sm_1773440676.524551.jpg","keywords":["Cameroun"],"articleSection":["Politique","Top Nouvelles","Toutes les actualit\u00e9s"],"inLanguage":"fr-FR","potentialAction":[{"@type":"CommentAction","name":"Comment","target":["https:\/\/www.africa-press.net\/cameroun\/politique\/rdpc-engage-reflexions-pour-consolider-leadership-local#respond"]}]},{"@type":"WebPage","@id":"https:\/\/www.africa-press.net\/cameroun\/politique\/rdpc-engage-reflexions-pour-consolider-leadership-local","url":"https:\/\/www.africa-press.net\/cameroun\/politique\/rdpc-engage-reflexions-pour-consolider-leadership-local","name":"RDPC Engage R\u00e9flexions Pour Consolider Leadership Local - Cameroun","isPartOf":{"@id":"https:\/\/www.africa-press.net\/cameroun\/#website"},"primaryImageOfPage":{"@id":"https:\/\/www.africa-press.net\/cameroun\/politique\/rdpc-engage-reflexions-pour-consolider-leadership-local#primaryimage"},"image":{"@id":"https:\/\/www.africa-press.net\/cameroun\/politique\/rdpc-engage-reflexions-pour-consolider-leadership-local#primaryimage"},"thumbnailUrl":"https:\/\/static.africa-press.net\/cameroun\/sites\/57\/2026\/03\/sm_1773440676.524551.jpg","datePublished":"2026-03-13T21:27:17+00:00","dateModified":"2026-03-13T22:46:56+00:00","author":{"@id":"https:\/\/www.africa-press.net\/cameroun\/#\/schema\/person\/2b1cf3cd81a31e3cd26889ca66d677f1"},"description":"-article-header-tag\"> Africa-Press - Cameroun. La prescription du secre\u0301ta ...","breadcrumb":{"@id":"https:\/\/www.africa-press.net\/cameroun\/politique\/rdpc-engage-reflexions-pour-consolider-leadership-local#breadcrumb"},"inLanguage":"fr-FR","potentialAction":[{"@type":"ReadAction","target":["https:\/\/www.africa-press.net\/cameroun\/politique\/rdpc-engage-reflexions-pour-consolider-leadership-local"]}]},{"@type":"ImageObject","inLanguage":"fr-FR","@id":"https:\/\/www.africa-press.net\/cameroun\/politique\/rdpc-engage-reflexions-pour-consolider-leadership-local#primaryimage","url":"https:\/\/static.africa-press.net\/cameroun\/sites\/57\/2026\/03\/sm_1773440676.524551.jpg","contentUrl":"https:\/\/static.africa-press.net\/cameroun\/sites\/57\/2026\/03\/sm_1773440676.524551.jpg","width":1000,"height":600,"caption":"RDPC Engage R\u00e9flexions Pour Consolider Leadership Local"},{"@type":"BreadcrumbList","@id":"https:\/\/www.africa-press.net\/cameroun\/politique\/rdpc-engage-reflexions-pour-consolider-leadership-local#breadcrumb","itemListElement":[{"@type":"ListItem","position":1,"name":"Accueil","item":"https:\/\/www.africa-press.net\/cameroun\/"},{"@type":"ListItem","position":2,"name":"RDPC Engage R\u00e9flexions Pour Consolider Leadership Local"}]},{"@type":"WebSite","@id":"https:\/\/www.africa-press.net\/cameroun\/#website","url":"https:\/\/www.africa-press.net\/cameroun\/","name":"Cameroun","description":"Just another Africa News Agency Sites site","potentialAction":[{"@type":"SearchAction","target":{"@type":"EntryPoint","urlTemplate":"https:\/\/www.africa-press.net\/cameroun\/?s={search_term_string}"},"query-input":{"@type":"PropertyValueSpecification","valueRequired":true,"valueName":"search_term_string"}}],"inLanguage":"fr-FR"},{"@type":"Person","@id":"https:\/\/www.africa-press.net\/cameroun\/#\/schema\/person\/2b1cf3cd81a31e3cd26889ca66d677f1","name":"cfeditorfr"}]}},"_links":{"self":[{"href":"https:\/\/www.africa-press.net\/cameroun\/wp-json\/wp\/v2\/posts\/103408","targetHints":{"allow":["GET"]}}],"collection":[{"href":"https:\/\/www.africa-press.net\/cameroun\/wp-json\/wp\/v2\/posts"}],"about":[{"href":"https:\/\/www.africa-press.net\/cameroun\/wp-json\/wp\/v2\/types\/post"}],"author":[{"embeddable":true,"href":"https:\/\/www.africa-press.net\/cameroun\/wp-json\/wp\/v2\/users\/82"}],"replies":[{"embeddable":true,"href":"https:\/\/www.africa-press.net\/cameroun\/wp-json\/wp\/v2\/comments?post=103408"}],"version-history":[{"count":0,"href":"https:\/\/www.africa-press.net\/cameroun\/wp-json\/wp\/v2\/posts\/103408\/revisions"}],"wp:featuredmedia":[{"embeddable":true,"href":"https:\/\/www.africa-press.net\/cameroun\/wp-json\/wp\/v2\/media\/103407"}],"wp:attachment":[{"href":"https:\/\/www.africa-press.net\/cameroun\/wp-json\/wp\/v2\/media?parent=103408"}],"wp:term":[{"taxonomy":"category","embeddable":true,"href":"https:\/\/www.africa-press.net\/cameroun\/wp-json\/wp\/v2\/categories?post=103408"},{"taxonomy":"post_tag","embeddable":true,"href":"https:\/\/www.africa-press.net\/cameroun\/wp-json\/wp\/v2\/tags?post=103408"}],"curies":[{"name":"wp","href":"https:\/\/api.w.org\/{rel}","templated":true}]}}