{"id":103418,"date":"2026-03-13T21:28:52","date_gmt":"2026-03-13T21:28:52","guid":{"rendered":"https:\/\/www.africa-press.net\/cameroun\/politique\/biyong-renonce-a-ses-privileges-de-maire"},"modified":"2026-03-13T22:49:11","modified_gmt":"2026-03-13T22:49:11","slug":"biyong-renonce-a-ses-privileges-de-maire","status":"publish","type":"post","link":"https:\/\/www.africa-press.net\/cameroun\/politique\/biyong-renonce-a-ses-privileges-de-maire","title":{"rendered":"Biyong Renonce \u00c0 Ses Privil\u00e8ges De Maire"},"content":{"rendered":"<p><span class=\"ap-article-header-tag\"> <strong>Africa-Press &#8211; Cameroun. <\/strong> <\/span><b>L\u2019homme politique fait l\u2019annonce a\u0300 la suite de son adhe\u0301sion au Front pour le salut national du Cameroun, parti qui boycotte les prochaines e\u0301lections municipales et le\u0301gislatives.<\/b><\/p>\n<p>Joseph Espoir Biyong ne sera pas candidat a\u0300 l\u2019e\u0301lection municipale pre\u0301vue au cours de l\u2019anne\u0301e 2026. L\u2019actuel sixie\u0300me adjoint au maire de la commune d\u2019arrondissement de Douala 5e\u0300 a fait l\u2019annonce le 11 mars 2026 dans l\u2019une de ses multiples publications sur les re\u0301seaux sociaux. Voulant qu\u2019on retienne de lui qu\u2019il est un \u2018\u2019homme inte\u0300gre, juste, since\u0300re et honne\u0302te\u2019\u2019 il dit e\u0302tre pre\u0302t a\u0300 tout perdre pluto\u0302t que de renoncer a\u0300 la ve\u0301rite\u0301 ; il veut e\u0302tre aime\u0301, adule\u0301, ce\u0301le\u0301bre\u0301, au lieu d\u2019e\u0302tre craint.<\/p>\n<p>De\u0301clarant n\u2019avoir \u2018\u2019jamais souhaite\u0301 demeurer maire\u2019\u2019, il renonce ainsi aux privile\u0300ges lie\u0301s a\u0300 son rang au terme de ce mandat qui dure plus longtemps que pre\u0301vu. Selon lui, la grandeur d\u2019un homme ne se de\u0301finit pas a\u0300 son compte en banque, a\u0300 beaucoup d\u2019investissements, de terrains, de femmes et d\u2019enfants \u00bb. Mais a\u0300 sa capacite\u0301 a\u0300 transcender le temps et a\u0300 e\u0302tre ce\u0301le\u0301bre\u0301 me\u0302me apre\u0300s sa mort. Ayant choisi d\u2019appartenir a\u0300 cette cate\u0301gorie de grands hommes, il pense que d\u2019autres Camerounais me\u0301ritent de be\u0301ne\u0301ficier du privile\u0300ge conseiller municipal ou de maire.<\/p>\n<p>LA SUITE APRE\u0300S LA PUBLICITE\u0301<\/p>\n<p>Sans aucune surprise, sa de\u0301claration s\u2019aligne derrie\u0300re la position du parti politique auquel il vient d\u2019adhe\u0301rer , le Front pour le salut national du Cameroun. Le pre\u0301sident dudit parti, l\u2019ancien ministre Issa Tchiroma Bakary, a de\u0301cide\u0301 que sa formation politique n\u2019ira pas aux e\u0301lections le\u0301gislatives et municipales de 2026 en signe de re\u0301sistance. Se conformant a\u0300 l\u2019exigence de son leader, l\u2019actuel adjoint au maire assume la conse\u0301quence imme\u0301diate de son militantisme.<\/p>\n<p class=\"ap-article-footer-note\">Retrouvez plus d\u2019actualit\u00e9s et d\u2019analyses sur <span class=\"ap-highlight-country\">Cameroun<\/span> sur le site <span class=\"ap-highlight-brand\">Africa Press<\/span><\/p>\n","protected":false},"excerpt":{"rendered":"<p>Africa-Press &#8211; Cameroun. L\u2019homme politique fait l\u2019annonce a\u0300 la suite de son adhe\u0301sion au Front pour le salut national du Cameroun, parti qui boycotte les prochaines e\u0301lections municipales et le\u0301gislatives. Joseph Espoir Biyong ne sera pas candidat a\u0300 l\u2019e\u0301lection municipale pre\u0301vue au cours de l\u2019anne\u0301e 2026. L\u2019actuel sixie\u0300me adjoint au maire de la commune d\u2019arrondissement [&hellip;]<\/p>\n","protected":false},"author":82,"featured_media":103417,"comment_status":"open","ping_status":"closed","sticky":false,"template":"","format":"standard","meta":{"footnotes":""},"categories":[4,2,10],"tags":[49],"class_list":["post-103418","post","type-post","status-publish","format-standard","has-post-thumbnail","hentry","category-parties","category-politique","category-toutes-les-actualites","tag-cameroun"],"yoast_head":"<!-- This site is optimized with the Yoast SEO Premium plugin v26.1 (Yoast SEO v27.0) - https:\/\/yoast.com\/product\/yoast-seo-premium-wordpress\/ -->\n<title>Biyong Renonce \u00c0 Ses Privil\u00e8ges De Maire - Cameroun<\/title>\n<meta name=\"description\" content=\"-article-header-tag&quot;&gt; Africa-Press - Cameroun. L\u2019homme politique fait l\u2019an ...\" \/>\n<meta name=\"robots\" content=\"index, follow, max-snippet:-1, max-image-preview:large, max-video-preview:-1\" \/>\n<link rel=\"canonical\" href=\"https:\/\/www.africa-press.net\/cameroun\/politique\/biyong-renonce-a-ses-privileges-de-maire\" \/>\n<meta property=\"og:locale\" content=\"fr_FR\" \/>\n<meta property=\"og:type\" content=\"article\" \/>\n<meta property=\"og:title\" content=\"Biyong Renonce \u00c0 Ses Privil\u00e8ges De Maire\" \/>\n<meta property=\"og:description\" content=\"-article-header-tag&quot;&gt; Africa-Press - Cameroun. L\u2019homme politique fait l\u2019an ...\" \/>\n<meta property=\"og:url\" content=\"https:\/\/www.africa-press.net\/cameroun\/politique\/biyong-renonce-a-ses-privileges-de-maire\" \/>\n<meta property=\"og:site_name\" content=\"Cameroun\" \/>\n<meta property=\"article:published_time\" content=\"2026-03-13T21:28:52+00:00\" \/>\n<meta property=\"article:modified_time\" content=\"2026-03-13T22:49:11+00:00\" \/>\n<meta property=\"og:image\" content=\"https:\/\/static.africa-press.net\/cameroun\/sites\/57\/2026\/03\/sm_1773440878.949779.jpg\" \/>\n\t<meta property=\"og:image:width\" content=\"720\" \/>\n\t<meta property=\"og:image:height\" content=\"491\" \/>\n\t<meta property=\"og:image:type\" content=\"image\/jpeg\" \/>\n<meta name=\"author\" content=\"cfeditorfr\" \/>\n<meta name=\"twitter:card\" content=\"summary_large_image\" \/>\n<meta name=\"twitter:label1\" content=\"\u00c9crit par\" \/>\n\t<meta name=\"twitter:data1\" content=\"cfeditorfr\" \/>\n\t<meta name=\"twitter:label2\" content=\"Dur\u00e9e de lecture estim\u00e9e\" \/>\n\t<meta name=\"twitter:data2\" content=\"2 minutes\" \/>\n<script type=\"application\/ld+json\" class=\"yoast-schema-graph\">{\"@context\":\"https:\/\/schema.org\",\"@graph\":[{\"@type\":\"Article\",\"@id\":\"https:\/\/www.africa-press.net\/cameroun\/politique\/biyong-renonce-a-ses-privileges-de-maire#article\",\"isPartOf\":{\"@id\":\"https:\/\/www.africa-press.net\/cameroun\/politique\/biyong-renonce-a-ses-privileges-de-maire\"},\"author\":{\"name\":\"cfeditorfr\",\"@id\":\"https:\/\/www.africa-press.net\/cameroun\/#\/schema\/person\/2b1cf3cd81a31e3cd26889ca66d677f1\"},\"headline\":\"Biyong Renonce \u00c0 Ses Privil\u00e8ges De Maire\",\"datePublished\":\"2026-03-13T21:28:52+00:00\",\"dateModified\":\"2026-03-13T22:49:11+00:00\",\"mainEntityOfPage\":{\"@id\":\"https:\/\/www.africa-press.net\/cameroun\/politique\/biyong-renonce-a-ses-privileges-de-maire\"},\"wordCount\":364,\"commentCount\":0,\"image\":{\"@id\":\"https:\/\/www.africa-press.net\/cameroun\/politique\/biyong-renonce-a-ses-privileges-de-maire#primaryimage\"},\"thumbnailUrl\":\"https:\/\/static.africa-press.net\/cameroun\/sites\/57\/2026\/03\/sm_1773440878.949779.jpg\",\"keywords\":[\"Cameroun\"],\"articleSection\":[\"Parties\",\"Politique\",\"Toutes les actualit\u00e9s\"],\"inLanguage\":\"fr-FR\",\"potentialAction\":[{\"@type\":\"CommentAction\",\"name\":\"Comment\",\"target\":[\"https:\/\/www.africa-press.net\/cameroun\/politique\/biyong-renonce-a-ses-privileges-de-maire#respond\"]}]},{\"@type\":\"WebPage\",\"@id\":\"https:\/\/www.africa-press.net\/cameroun\/politique\/biyong-renonce-a-ses-privileges-de-maire\",\"url\":\"https:\/\/www.africa-press.net\/cameroun\/politique\/biyong-renonce-a-ses-privileges-de-maire\",\"name\":\"Biyong Renonce \u00c0 Ses Privil\u00e8ges De Maire - Cameroun\",\"isPartOf\":{\"@id\":\"https:\/\/www.africa-press.net\/cameroun\/#website\"},\"primaryImageOfPage\":{\"@id\":\"https:\/\/www.africa-press.net\/cameroun\/politique\/biyong-renonce-a-ses-privileges-de-maire#primaryimage\"},\"image\":{\"@id\":\"https:\/\/www.africa-press.net\/cameroun\/politique\/biyong-renonce-a-ses-privileges-de-maire#primaryimage\"},\"thumbnailUrl\":\"https:\/\/static.africa-press.net\/cameroun\/sites\/57\/2026\/03\/sm_1773440878.949779.jpg\",\"datePublished\":\"2026-03-13T21:28:52+00:00\",\"dateModified\":\"2026-03-13T22:49:11+00:00\",\"author\":{\"@id\":\"https:\/\/www.africa-press.net\/cameroun\/#\/schema\/person\/2b1cf3cd81a31e3cd26889ca66d677f1\"},\"description\":\"-article-header-tag\\\"> Africa-Press - Cameroun. L\u2019homme politique fait l\u2019an ...\",\"breadcrumb\":{\"@id\":\"https:\/\/www.africa-press.net\/cameroun\/politique\/biyong-renonce-a-ses-privileges-de-maire#breadcrumb\"},\"inLanguage\":\"fr-FR\",\"potentialAction\":[{\"@type\":\"ReadAction\",\"target\":[\"https:\/\/www.africa-press.net\/cameroun\/politique\/biyong-renonce-a-ses-privileges-de-maire\"]}]},{\"@type\":\"ImageObject\",\"inLanguage\":\"fr-FR\",\"@id\":\"https:\/\/www.africa-press.net\/cameroun\/politique\/biyong-renonce-a-ses-privileges-de-maire#primaryimage\",\"url\":\"https:\/\/static.africa-press.net\/cameroun\/sites\/57\/2026\/03\/sm_1773440878.949779.jpg\",\"contentUrl\":\"https:\/\/static.africa-press.net\/cameroun\/sites\/57\/2026\/03\/sm_1773440878.949779.jpg\",\"width\":720,\"height\":491,\"caption\":\"Biyong Renonce \u00c0 Ses Privil\u00e8ges De Maire\"},{\"@type\":\"BreadcrumbList\",\"@id\":\"https:\/\/www.africa-press.net\/cameroun\/politique\/biyong-renonce-a-ses-privileges-de-maire#breadcrumb\",\"itemListElement\":[{\"@type\":\"ListItem\",\"position\":1,\"name\":\"Accueil\",\"item\":\"https:\/\/www.africa-press.net\/cameroun\/\"},{\"@type\":\"ListItem\",\"position\":2,\"name\":\"Biyong Renonce \u00c0 Ses Privil\u00e8ges De Maire\"}]},{\"@type\":\"WebSite\",\"@id\":\"https:\/\/www.africa-press.net\/cameroun\/#website\",\"url\":\"https:\/\/www.africa-press.net\/cameroun\/\",\"name\":\"Cameroun\",\"description\":\"Just another Africa News Agency Sites site\",\"potentialAction\":[{\"@type\":\"SearchAction\",\"target\":{\"@type\":\"EntryPoint\",\"urlTemplate\":\"https:\/\/www.africa-press.net\/cameroun\/?s={search_term_string}\"},\"query-input\":{\"@type\":\"PropertyValueSpecification\",\"valueRequired\":true,\"valueName\":\"search_term_string\"}}],\"inLanguage\":\"fr-FR\"},{\"@type\":\"Person\",\"@id\":\"https:\/\/www.africa-press.net\/cameroun\/#\/schema\/person\/2b1cf3cd81a31e3cd26889ca66d677f1\",\"name\":\"cfeditorfr\"}]}<\/script>\n<!-- \/ Yoast SEO Premium plugin. -->","yoast_head_json":{"title":"Biyong Renonce \u00c0 Ses Privil\u00e8ges De Maire - Cameroun","description":"-article-header-tag\"> Africa-Press - Cameroun. L\u2019homme politique fait l\u2019an ...","robots":{"index":"index","follow":"follow","max-snippet":"max-snippet:-1","max-image-preview":"max-image-preview:large","max-video-preview":"max-video-preview:-1"},"canonical":"https:\/\/www.africa-press.net\/cameroun\/politique\/biyong-renonce-a-ses-privileges-de-maire","og_locale":"fr_FR","og_type":"article","og_title":"Biyong Renonce \u00c0 Ses Privil\u00e8ges De Maire","og_description":"-article-header-tag\"> Africa-Press - Cameroun. L\u2019homme politique fait l\u2019an ...","og_url":"https:\/\/www.africa-press.net\/cameroun\/politique\/biyong-renonce-a-ses-privileges-de-maire","og_site_name":"Cameroun","article_published_time":"2026-03-13T21:28:52+00:00","article_modified_time":"2026-03-13T22:49:11+00:00","og_image":[{"width":720,"height":491,"url":"https:\/\/static.africa-press.net\/cameroun\/sites\/57\/2026\/03\/sm_1773440878.949779.jpg","type":"image\/jpeg"}],"author":"cfeditorfr","twitter_card":"summary_large_image","twitter_misc":{"\u00c9crit par":"cfeditorfr","Dur\u00e9e de lecture estim\u00e9e":"2 minutes"},"schema":{"@context":"https:\/\/schema.org","@graph":[{"@type":"Article","@id":"https:\/\/www.africa-press.net\/cameroun\/politique\/biyong-renonce-a-ses-privileges-de-maire#article","isPartOf":{"@id":"https:\/\/www.africa-press.net\/cameroun\/politique\/biyong-renonce-a-ses-privileges-de-maire"},"author":{"name":"cfeditorfr","@id":"https:\/\/www.africa-press.net\/cameroun\/#\/schema\/person\/2b1cf3cd81a31e3cd26889ca66d677f1"},"headline":"Biyong Renonce \u00c0 Ses Privil\u00e8ges De Maire","datePublished":"2026-03-13T21:28:52+00:00","dateModified":"2026-03-13T22:49:11+00:00","mainEntityOfPage":{"@id":"https:\/\/www.africa-press.net\/cameroun\/politique\/biyong-renonce-a-ses-privileges-de-maire"},"wordCount":364,"commentCount":0,"image":{"@id":"https:\/\/www.africa-press.net\/cameroun\/politique\/biyong-renonce-a-ses-privileges-de-maire#primaryimage"},"thumbnailUrl":"https:\/\/static.africa-press.net\/cameroun\/sites\/57\/2026\/03\/sm_1773440878.949779.jpg","keywords":["Cameroun"],"articleSection":["Parties","Politique","Toutes les actualit\u00e9s"],"inLanguage":"fr-FR","potentialAction":[{"@type":"CommentAction","name":"Comment","target":["https:\/\/www.africa-press.net\/cameroun\/politique\/biyong-renonce-a-ses-privileges-de-maire#respond"]}]},{"@type":"WebPage","@id":"https:\/\/www.africa-press.net\/cameroun\/politique\/biyong-renonce-a-ses-privileges-de-maire","url":"https:\/\/www.africa-press.net\/cameroun\/politique\/biyong-renonce-a-ses-privileges-de-maire","name":"Biyong Renonce \u00c0 Ses Privil\u00e8ges De Maire - Cameroun","isPartOf":{"@id":"https:\/\/www.africa-press.net\/cameroun\/#website"},"primaryImageOfPage":{"@id":"https:\/\/www.africa-press.net\/cameroun\/politique\/biyong-renonce-a-ses-privileges-de-maire#primaryimage"},"image":{"@id":"https:\/\/www.africa-press.net\/cameroun\/politique\/biyong-renonce-a-ses-privileges-de-maire#primaryimage"},"thumbnailUrl":"https:\/\/static.africa-press.net\/cameroun\/sites\/57\/2026\/03\/sm_1773440878.949779.jpg","datePublished":"2026-03-13T21:28:52+00:00","dateModified":"2026-03-13T22:49:11+00:00","author":{"@id":"https:\/\/www.africa-press.net\/cameroun\/#\/schema\/person\/2b1cf3cd81a31e3cd26889ca66d677f1"},"description":"-article-header-tag\"> Africa-Press - Cameroun. L\u2019homme politique fait l\u2019an ...","breadcrumb":{"@id":"https:\/\/www.africa-press.net\/cameroun\/politique\/biyong-renonce-a-ses-privileges-de-maire#breadcrumb"},"inLanguage":"fr-FR","potentialAction":[{"@type":"ReadAction","target":["https:\/\/www.africa-press.net\/cameroun\/politique\/biyong-renonce-a-ses-privileges-de-maire"]}]},{"@type":"ImageObject","inLanguage":"fr-FR","@id":"https:\/\/www.africa-press.net\/cameroun\/politique\/biyong-renonce-a-ses-privileges-de-maire#primaryimage","url":"https:\/\/static.africa-press.net\/cameroun\/sites\/57\/2026\/03\/sm_1773440878.949779.jpg","contentUrl":"https:\/\/static.africa-press.net\/cameroun\/sites\/57\/2026\/03\/sm_1773440878.949779.jpg","width":720,"height":491,"caption":"Biyong Renonce \u00c0 Ses Privil\u00e8ges De Maire"},{"@type":"BreadcrumbList","@id":"https:\/\/www.africa-press.net\/cameroun\/politique\/biyong-renonce-a-ses-privileges-de-maire#breadcrumb","itemListElement":[{"@type":"ListItem","position":1,"name":"Accueil","item":"https:\/\/www.africa-press.net\/cameroun\/"},{"@type":"ListItem","position":2,"name":"Biyong Renonce \u00c0 Ses Privil\u00e8ges De Maire"}]},{"@type":"WebSite","@id":"https:\/\/www.africa-press.net\/cameroun\/#website","url":"https:\/\/www.africa-press.net\/cameroun\/","name":"Cameroun","description":"Just another Africa News Agency Sites site","potentialAction":[{"@type":"SearchAction","target":{"@type":"EntryPoint","urlTemplate":"https:\/\/www.africa-press.net\/cameroun\/?s={search_term_string}"},"query-input":{"@type":"PropertyValueSpecification","valueRequired":true,"valueName":"search_term_string"}}],"inLanguage":"fr-FR"},{"@type":"Person","@id":"https:\/\/www.africa-press.net\/cameroun\/#\/schema\/person\/2b1cf3cd81a31e3cd26889ca66d677f1","name":"cfeditorfr"}]}},"_links":{"self":[{"href":"https:\/\/www.africa-press.net\/cameroun\/wp-json\/wp\/v2\/posts\/103418","targetHints":{"allow":["GET"]}}],"collection":[{"href":"https:\/\/www.africa-press.net\/cameroun\/wp-json\/wp\/v2\/posts"}],"about":[{"href":"https:\/\/www.africa-press.net\/cameroun\/wp-json\/wp\/v2\/types\/post"}],"author":[{"embeddable":true,"href":"https:\/\/www.africa-press.net\/cameroun\/wp-json\/wp\/v2\/users\/82"}],"replies":[{"embeddable":true,"href":"https:\/\/www.africa-press.net\/cameroun\/wp-json\/wp\/v2\/comments?post=103418"}],"version-history":[{"count":0,"href":"https:\/\/www.africa-press.net\/cameroun\/wp-json\/wp\/v2\/posts\/103418\/revisions"}],"wp:featuredmedia":[{"embeddable":true,"href":"https:\/\/www.africa-press.net\/cameroun\/wp-json\/wp\/v2\/media\/103417"}],"wp:attachment":[{"href":"https:\/\/www.africa-press.net\/cameroun\/wp-json\/wp\/v2\/media?parent=103418"}],"wp:term":[{"taxonomy":"category","embeddable":true,"href":"https:\/\/www.africa-press.net\/cameroun\/wp-json\/wp\/v2\/categories?post=103418"},{"taxonomy":"post_tag","embeddable":true,"href":"https:\/\/www.africa-press.net\/cameroun\/wp-json\/wp\/v2\/tags?post=103418"}],"curies":[{"name":"wp","href":"https:\/\/api.w.org\/{rel}","templated":true}]}}