{"id":103514,"date":"2026-03-18T23:08:44","date_gmt":"2026-03-18T23:08:44","guid":{"rendered":"https:\/\/www.africa-press.net\/cameroun\/politique\/theodore-datouo-nouveau-president-de-lassemblee-nationale"},"modified":"2026-03-19T00:22:59","modified_gmt":"2026-03-19T00:22:59","slug":"theodore-datouo-nouveau-president-de-lassemblee-nationale","status":"publish","type":"post","link":"https:\/\/www.africa-press.net\/cameroun\/politique\/theodore-datouo-nouveau-president-de-lassemblee-nationale","title":{"rendered":"Th\u00e9odore Datouo Nouveau Pr\u00e9sident de l&rsquo;Assembl\u00e9e Nationale"},"content":{"rendered":"<p><span class=\"ap-article-header-tag\"> <strong>Africa-Press &#8211; Cameroun. <\/strong> <\/span><b>Le de\u0301pute\u0301 des Haut-Plateaux et originaire de Bangou dans la re\u0301gion de l\u2019Ouest remplace Cavaye Yeguie Djibril pre\u0301sident de ladite Assemble\u0301e depuis 1992.<\/b><\/p>\n<p>Un nouveau chapitre s\u2019ouvre a\u0300 l\u2019Assemble\u0301e nationale du Cameroun. Le perchoir, occupe\u0301 depuis 34 ans par le de\u0301pute\u0301 du Mayo-Sava Cavaye Yeguie Djibril, a un nouvel occupant. The\u0301odore Datouo, 66 ans, jusqu\u2019ici l\u2019un des six vice-pre\u0301sidents de l\u2019Assemble\u0301e nationale devient le pre\u0301sident de la chambre basse du parlement. Ne\u0301 vers 1960 a\u0300 Bangou dans le de\u0301partement des Hauts-Plateaux, re\u0301gion de l\u2019Ouest, The\u0301odore Datouo est un homme politique et entrepreneur camerounais.<\/p>\n<p>Membre du Rassemblement de\u0301mocratique du peuple camerounais (Rdpc), il est l\u2019un des plus fide\u0300les du parti majoritaire a\u0300 l\u2019Assemble\u0301e nationale et au Se\u0301nat. Son accession a\u0300 cette chambre et a\u0300 son bureau de\u0301finitif est le signe de sa constance, de son engagement et de son rayonnement au service du parti et de son peuple. Homme politique, rassembleur et influent dans sa localite\u0301, il est l\u2019une des figures du parti les plus influentes du Renouveau a\u0300 l\u2019Ouest.<\/p>\n<p>LA SUITE APRE\u0300S LA PUBLICITE\u0301<\/p>\n<p>Il sie\u0300ge a\u0300 l\u2019Assemble\u0301e nationale depuis plusieurs le\u0301gislatures et a, en plus du poste de vice-pre\u0301sident, joue\u0301 d\u2019important ro\u0302les. Il a e\u0301te\u0301 pre\u0301sident du Comite\u0301 de coordination des travaux de construction du nouveau Palais de l\u2019Assemble\u0301e nationale construit a\u0300 la faveur de la coope\u0301ration Chine-Cameroun. Ce mardi matin, le Groupe parlementaire RDPC l\u2019a de\u0301signe\u0301 pour remplacer Cavaye Yeguie Djibril.<\/p>\n<p>Outre son rayonnement politique, The\u0301odore Datouo est connu pour son activite\u0301 sociale. Dans son Bangou natal, il s\u2019illustre par de multiples actions sociales en faveur de la population dans les domaines culturel et sportif ou\u0300 il s\u2019active en qualite\u0301 de me\u0301ce\u0300nes pour appuyer l\u2019organisation des e\u0301ve\u0300nements. Dans les domaines e\u0301ducatif et sanitaire, il apporte son appui dans la construction ou l\u2019e\u0301quipement des salles de classes ou des centres de sante\u0301.<\/p>\n<p class=\"ap-article-footer-note\">Retrouvez plus d\u2019actualit\u00e9s et d\u2019analyses sur <span class=\"ap-highlight-country\">Cameroun<\/span> sur le site <span class=\"ap-highlight-brand\">Africa Press<\/span><\/p>\n","protected":false},"excerpt":{"rendered":"<p>Africa-Press &#8211; Cameroun. Le de\u0301pute\u0301 des Haut-Plateaux et originaire de Bangou dans la re\u0301gion de l\u2019Ouest remplace Cavaye Yeguie Djibril pre\u0301sident de ladite Assemble\u0301e depuis 1992. Un nouveau chapitre s\u2019ouvre a\u0300 l\u2019Assemble\u0301e nationale du Cameroun. Le perchoir, occupe\u0301 depuis 34 ans par le de\u0301pute\u0301 du Mayo-Sava Cavaye Yeguie Djibril, a un nouvel occupant. The\u0301odore Datouo, [&hellip;]<\/p>\n","protected":false},"author":82,"featured_media":103513,"comment_status":"open","ping_status":"closed","sticky":false,"template":"","format":"standard","meta":{"footnotes":""},"categories":[2,10],"tags":[49],"class_list":["post-103514","post","type-post","status-publish","format-standard","has-post-thumbnail","hentry","category-politique","category-toutes-les-actualites","tag-cameroun"],"yoast_head":"<!-- This site is optimized with the Yoast SEO Premium plugin v26.1 (Yoast SEO v27.0) - https:\/\/yoast.com\/product\/yoast-seo-premium-wordpress\/ -->\n<title>Th\u00e9odore Datouo Nouveau Pr\u00e9sident de l&#039;Assembl\u00e9e Nationale - Cameroun<\/title>\n<meta name=\"description\" content=\"-article-header-tag&quot;&gt; Africa-Press - Cameroun. Le de\u0301pute\u0301 des Haut-Platea ...\" \/>\n<meta name=\"robots\" content=\"index, follow, max-snippet:-1, max-image-preview:large, max-video-preview:-1\" \/>\n<link rel=\"canonical\" href=\"https:\/\/www.africa-press.net\/cameroun\/politique\/theodore-datouo-nouveau-president-de-lassemblee-nationale\" \/>\n<meta property=\"og:locale\" content=\"fr_FR\" \/>\n<meta property=\"og:type\" content=\"article\" \/>\n<meta property=\"og:title\" content=\"Th\u00e9odore Datouo Nouveau Pr\u00e9sident de l&#039;Assembl\u00e9e Nationale\" \/>\n<meta property=\"og:description\" content=\"-article-header-tag&quot;&gt; Africa-Press - Cameroun. Le de\u0301pute\u0301 des Haut-Platea ...\" \/>\n<meta property=\"og:url\" content=\"https:\/\/www.africa-press.net\/cameroun\/politique\/theodore-datouo-nouveau-president-de-lassemblee-nationale\" \/>\n<meta property=\"og:site_name\" content=\"Cameroun\" \/>\n<meta property=\"article:published_time\" content=\"2026-03-18T23:08:44+00:00\" \/>\n<meta property=\"article:modified_time\" content=\"2026-03-19T00:22:59+00:00\" \/>\n<meta property=\"og:image\" content=\"https:\/\/static.africa-press.net\/cameroun\/sites\/57\/2026\/03\/sm_1773878298.410216.jpg\" \/>\n\t<meta property=\"og:image:width\" content=\"1280\" \/>\n\t<meta property=\"og:image:height\" content=\"720\" \/>\n\t<meta property=\"og:image:type\" content=\"image\/jpeg\" \/>\n<meta name=\"author\" content=\"cfeditorfr\" \/>\n<meta name=\"twitter:card\" content=\"summary_large_image\" \/>\n<meta name=\"twitter:label1\" content=\"\u00c9crit par\" \/>\n\t<meta name=\"twitter:data1\" content=\"cfeditorfr\" \/>\n\t<meta name=\"twitter:label2\" content=\"Dur\u00e9e de lecture estim\u00e9e\" \/>\n\t<meta name=\"twitter:data2\" content=\"2 minutes\" \/>\n<script type=\"application\/ld+json\" class=\"yoast-schema-graph\">{\"@context\":\"https:\/\/schema.org\",\"@graph\":[{\"@type\":\"Article\",\"@id\":\"https:\/\/www.africa-press.net\/cameroun\/politique\/theodore-datouo-nouveau-president-de-lassemblee-nationale#article\",\"isPartOf\":{\"@id\":\"https:\/\/www.africa-press.net\/cameroun\/politique\/theodore-datouo-nouveau-president-de-lassemblee-nationale\"},\"author\":{\"name\":\"cfeditorfr\",\"@id\":\"https:\/\/www.africa-press.net\/cameroun\/#\/schema\/person\/2b1cf3cd81a31e3cd26889ca66d677f1\"},\"headline\":\"Th\u00e9odore Datouo Nouveau Pr\u00e9sident de l&rsquo;Assembl\u00e9e Nationale\",\"datePublished\":\"2026-03-18T23:08:44+00:00\",\"dateModified\":\"2026-03-19T00:22:59+00:00\",\"mainEntityOfPage\":{\"@id\":\"https:\/\/www.africa-press.net\/cameroun\/politique\/theodore-datouo-nouveau-president-de-lassemblee-nationale\"},\"wordCount\":383,\"commentCount\":0,\"image\":{\"@id\":\"https:\/\/www.africa-press.net\/cameroun\/politique\/theodore-datouo-nouveau-president-de-lassemblee-nationale#primaryimage\"},\"thumbnailUrl\":\"https:\/\/static.africa-press.net\/cameroun\/sites\/57\/2026\/03\/sm_1773878298.410216.jpg\",\"keywords\":[\"Cameroun\"],\"articleSection\":[\"Politique\",\"Toutes les actualit\u00e9s\"],\"inLanguage\":\"fr-FR\",\"potentialAction\":[{\"@type\":\"CommentAction\",\"name\":\"Comment\",\"target\":[\"https:\/\/www.africa-press.net\/cameroun\/politique\/theodore-datouo-nouveau-president-de-lassemblee-nationale#respond\"]}]},{\"@type\":\"WebPage\",\"@id\":\"https:\/\/www.africa-press.net\/cameroun\/politique\/theodore-datouo-nouveau-president-de-lassemblee-nationale\",\"url\":\"https:\/\/www.africa-press.net\/cameroun\/politique\/theodore-datouo-nouveau-president-de-lassemblee-nationale\",\"name\":\"Th\u00e9odore Datouo Nouveau Pr\u00e9sident de l'Assembl\u00e9e Nationale - Cameroun\",\"isPartOf\":{\"@id\":\"https:\/\/www.africa-press.net\/cameroun\/#website\"},\"primaryImageOfPage\":{\"@id\":\"https:\/\/www.africa-press.net\/cameroun\/politique\/theodore-datouo-nouveau-president-de-lassemblee-nationale#primaryimage\"},\"image\":{\"@id\":\"https:\/\/www.africa-press.net\/cameroun\/politique\/theodore-datouo-nouveau-president-de-lassemblee-nationale#primaryimage\"},\"thumbnailUrl\":\"https:\/\/static.africa-press.net\/cameroun\/sites\/57\/2026\/03\/sm_1773878298.410216.jpg\",\"datePublished\":\"2026-03-18T23:08:44+00:00\",\"dateModified\":\"2026-03-19T00:22:59+00:00\",\"author\":{\"@id\":\"https:\/\/www.africa-press.net\/cameroun\/#\/schema\/person\/2b1cf3cd81a31e3cd26889ca66d677f1\"},\"description\":\"-article-header-tag\\\"> Africa-Press - Cameroun. Le de\u0301pute\u0301 des Haut-Platea ...\",\"breadcrumb\":{\"@id\":\"https:\/\/www.africa-press.net\/cameroun\/politique\/theodore-datouo-nouveau-president-de-lassemblee-nationale#breadcrumb\"},\"inLanguage\":\"fr-FR\",\"potentialAction\":[{\"@type\":\"ReadAction\",\"target\":[\"https:\/\/www.africa-press.net\/cameroun\/politique\/theodore-datouo-nouveau-president-de-lassemblee-nationale\"]}]},{\"@type\":\"ImageObject\",\"inLanguage\":\"fr-FR\",\"@id\":\"https:\/\/www.africa-press.net\/cameroun\/politique\/theodore-datouo-nouveau-president-de-lassemblee-nationale#primaryimage\",\"url\":\"https:\/\/static.africa-press.net\/cameroun\/sites\/57\/2026\/03\/sm_1773878298.410216.jpg\",\"contentUrl\":\"https:\/\/static.africa-press.net\/cameroun\/sites\/57\/2026\/03\/sm_1773878298.410216.jpg\",\"width\":1280,\"height\":720,\"caption\":\"Th\u00e9odore Datouo Nouveau Pr\u00e9sident de l'Assembl\u00e9e Nationale\"},{\"@type\":\"BreadcrumbList\",\"@id\":\"https:\/\/www.africa-press.net\/cameroun\/politique\/theodore-datouo-nouveau-president-de-lassemblee-nationale#breadcrumb\",\"itemListElement\":[{\"@type\":\"ListItem\",\"position\":1,\"name\":\"Accueil\",\"item\":\"https:\/\/www.africa-press.net\/cameroun\/\"},{\"@type\":\"ListItem\",\"position\":2,\"name\":\"Th\u00e9odore Datouo Nouveau Pr\u00e9sident de l&#8217;Assembl\u00e9e Nationale\"}]},{\"@type\":\"WebSite\",\"@id\":\"https:\/\/www.africa-press.net\/cameroun\/#website\",\"url\":\"https:\/\/www.africa-press.net\/cameroun\/\",\"name\":\"Cameroun\",\"description\":\"Just another Africa News Agency Sites site\",\"potentialAction\":[{\"@type\":\"SearchAction\",\"target\":{\"@type\":\"EntryPoint\",\"urlTemplate\":\"https:\/\/www.africa-press.net\/cameroun\/?s={search_term_string}\"},\"query-input\":{\"@type\":\"PropertyValueSpecification\",\"valueRequired\":true,\"valueName\":\"search_term_string\"}}],\"inLanguage\":\"fr-FR\"},{\"@type\":\"Person\",\"@id\":\"https:\/\/www.africa-press.net\/cameroun\/#\/schema\/person\/2b1cf3cd81a31e3cd26889ca66d677f1\",\"name\":\"cfeditorfr\"}]}<\/script>\n<!-- \/ Yoast SEO Premium plugin. -->","yoast_head_json":{"title":"Th\u00e9odore Datouo Nouveau Pr\u00e9sident de l'Assembl\u00e9e Nationale - Cameroun","description":"-article-header-tag\"> Africa-Press - Cameroun. Le de\u0301pute\u0301 des Haut-Platea ...","robots":{"index":"index","follow":"follow","max-snippet":"max-snippet:-1","max-image-preview":"max-image-preview:large","max-video-preview":"max-video-preview:-1"},"canonical":"https:\/\/www.africa-press.net\/cameroun\/politique\/theodore-datouo-nouveau-president-de-lassemblee-nationale","og_locale":"fr_FR","og_type":"article","og_title":"Th\u00e9odore Datouo Nouveau Pr\u00e9sident de l'Assembl\u00e9e Nationale","og_description":"-article-header-tag\"> Africa-Press - Cameroun. Le de\u0301pute\u0301 des Haut-Platea ...","og_url":"https:\/\/www.africa-press.net\/cameroun\/politique\/theodore-datouo-nouveau-president-de-lassemblee-nationale","og_site_name":"Cameroun","article_published_time":"2026-03-18T23:08:44+00:00","article_modified_time":"2026-03-19T00:22:59+00:00","og_image":[{"width":1280,"height":720,"url":"https:\/\/static.africa-press.net\/cameroun\/sites\/57\/2026\/03\/sm_1773878298.410216.jpg","type":"image\/jpeg"}],"author":"cfeditorfr","twitter_card":"summary_large_image","twitter_misc":{"\u00c9crit par":"cfeditorfr","Dur\u00e9e de lecture estim\u00e9e":"2 minutes"},"schema":{"@context":"https:\/\/schema.org","@graph":[{"@type":"Article","@id":"https:\/\/www.africa-press.net\/cameroun\/politique\/theodore-datouo-nouveau-president-de-lassemblee-nationale#article","isPartOf":{"@id":"https:\/\/www.africa-press.net\/cameroun\/politique\/theodore-datouo-nouveau-president-de-lassemblee-nationale"},"author":{"name":"cfeditorfr","@id":"https:\/\/www.africa-press.net\/cameroun\/#\/schema\/person\/2b1cf3cd81a31e3cd26889ca66d677f1"},"headline":"Th\u00e9odore Datouo Nouveau Pr\u00e9sident de l&rsquo;Assembl\u00e9e Nationale","datePublished":"2026-03-18T23:08:44+00:00","dateModified":"2026-03-19T00:22:59+00:00","mainEntityOfPage":{"@id":"https:\/\/www.africa-press.net\/cameroun\/politique\/theodore-datouo-nouveau-president-de-lassemblee-nationale"},"wordCount":383,"commentCount":0,"image":{"@id":"https:\/\/www.africa-press.net\/cameroun\/politique\/theodore-datouo-nouveau-president-de-lassemblee-nationale#primaryimage"},"thumbnailUrl":"https:\/\/static.africa-press.net\/cameroun\/sites\/57\/2026\/03\/sm_1773878298.410216.jpg","keywords":["Cameroun"],"articleSection":["Politique","Toutes les actualit\u00e9s"],"inLanguage":"fr-FR","potentialAction":[{"@type":"CommentAction","name":"Comment","target":["https:\/\/www.africa-press.net\/cameroun\/politique\/theodore-datouo-nouveau-president-de-lassemblee-nationale#respond"]}]},{"@type":"WebPage","@id":"https:\/\/www.africa-press.net\/cameroun\/politique\/theodore-datouo-nouveau-president-de-lassemblee-nationale","url":"https:\/\/www.africa-press.net\/cameroun\/politique\/theodore-datouo-nouveau-president-de-lassemblee-nationale","name":"Th\u00e9odore Datouo Nouveau Pr\u00e9sident de l'Assembl\u00e9e Nationale - Cameroun","isPartOf":{"@id":"https:\/\/www.africa-press.net\/cameroun\/#website"},"primaryImageOfPage":{"@id":"https:\/\/www.africa-press.net\/cameroun\/politique\/theodore-datouo-nouveau-president-de-lassemblee-nationale#primaryimage"},"image":{"@id":"https:\/\/www.africa-press.net\/cameroun\/politique\/theodore-datouo-nouveau-president-de-lassemblee-nationale#primaryimage"},"thumbnailUrl":"https:\/\/static.africa-press.net\/cameroun\/sites\/57\/2026\/03\/sm_1773878298.410216.jpg","datePublished":"2026-03-18T23:08:44+00:00","dateModified":"2026-03-19T00:22:59+00:00","author":{"@id":"https:\/\/www.africa-press.net\/cameroun\/#\/schema\/person\/2b1cf3cd81a31e3cd26889ca66d677f1"},"description":"-article-header-tag\"> Africa-Press - Cameroun. Le de\u0301pute\u0301 des Haut-Platea ...","breadcrumb":{"@id":"https:\/\/www.africa-press.net\/cameroun\/politique\/theodore-datouo-nouveau-president-de-lassemblee-nationale#breadcrumb"},"inLanguage":"fr-FR","potentialAction":[{"@type":"ReadAction","target":["https:\/\/www.africa-press.net\/cameroun\/politique\/theodore-datouo-nouveau-president-de-lassemblee-nationale"]}]},{"@type":"ImageObject","inLanguage":"fr-FR","@id":"https:\/\/www.africa-press.net\/cameroun\/politique\/theodore-datouo-nouveau-president-de-lassemblee-nationale#primaryimage","url":"https:\/\/static.africa-press.net\/cameroun\/sites\/57\/2026\/03\/sm_1773878298.410216.jpg","contentUrl":"https:\/\/static.africa-press.net\/cameroun\/sites\/57\/2026\/03\/sm_1773878298.410216.jpg","width":1280,"height":720,"caption":"Th\u00e9odore Datouo Nouveau Pr\u00e9sident de l'Assembl\u00e9e Nationale"},{"@type":"BreadcrumbList","@id":"https:\/\/www.africa-press.net\/cameroun\/politique\/theodore-datouo-nouveau-president-de-lassemblee-nationale#breadcrumb","itemListElement":[{"@type":"ListItem","position":1,"name":"Accueil","item":"https:\/\/www.africa-press.net\/cameroun\/"},{"@type":"ListItem","position":2,"name":"Th\u00e9odore Datouo Nouveau Pr\u00e9sident de l&#8217;Assembl\u00e9e Nationale"}]},{"@type":"WebSite","@id":"https:\/\/www.africa-press.net\/cameroun\/#website","url":"https:\/\/www.africa-press.net\/cameroun\/","name":"Cameroun","description":"Just another Africa News Agency Sites site","potentialAction":[{"@type":"SearchAction","target":{"@type":"EntryPoint","urlTemplate":"https:\/\/www.africa-press.net\/cameroun\/?s={search_term_string}"},"query-input":{"@type":"PropertyValueSpecification","valueRequired":true,"valueName":"search_term_string"}}],"inLanguage":"fr-FR"},{"@type":"Person","@id":"https:\/\/www.africa-press.net\/cameroun\/#\/schema\/person\/2b1cf3cd81a31e3cd26889ca66d677f1","name":"cfeditorfr"}]}},"_links":{"self":[{"href":"https:\/\/www.africa-press.net\/cameroun\/wp-json\/wp\/v2\/posts\/103514","targetHints":{"allow":["GET"]}}],"collection":[{"href":"https:\/\/www.africa-press.net\/cameroun\/wp-json\/wp\/v2\/posts"}],"about":[{"href":"https:\/\/www.africa-press.net\/cameroun\/wp-json\/wp\/v2\/types\/post"}],"author":[{"embeddable":true,"href":"https:\/\/www.africa-press.net\/cameroun\/wp-json\/wp\/v2\/users\/82"}],"replies":[{"embeddable":true,"href":"https:\/\/www.africa-press.net\/cameroun\/wp-json\/wp\/v2\/comments?post=103514"}],"version-history":[{"count":0,"href":"https:\/\/www.africa-press.net\/cameroun\/wp-json\/wp\/v2\/posts\/103514\/revisions"}],"wp:featuredmedia":[{"embeddable":true,"href":"https:\/\/www.africa-press.net\/cameroun\/wp-json\/wp\/v2\/media\/103513"}],"wp:attachment":[{"href":"https:\/\/www.africa-press.net\/cameroun\/wp-json\/wp\/v2\/media?parent=103514"}],"wp:term":[{"taxonomy":"category","embeddable":true,"href":"https:\/\/www.africa-press.net\/cameroun\/wp-json\/wp\/v2\/categories?post=103514"},{"taxonomy":"post_tag","embeddable":true,"href":"https:\/\/www.africa-press.net\/cameroun\/wp-json\/wp\/v2\/tags?post=103514"}],"curies":[{"name":"wp","href":"https:\/\/api.w.org\/{rel}","templated":true}]}}