{"id":103516,"date":"2026-03-18T23:08:57","date_gmt":"2026-03-18T23:08:57","guid":{"rendered":"https:\/\/www.africa-press.net\/cameroun\/politique\/palmares-2025-minesec-douala-et-yaounde-en-tete"},"modified":"2026-03-19T00:23:28","modified_gmt":"2026-03-19T00:23:28","slug":"palmares-2025-minesec-douala-et-yaounde-en-tete","status":"publish","type":"post","link":"https:\/\/www.africa-press.net\/cameroun\/toutes-les-actualites\/palmares-2025-minesec-douala-et-yaounde-en-tete","title":{"rendered":"Palmare\u0300s 2025 MINESEC: Douala et Yaounde\u0301 en te\u0302te"},"content":{"rendered":"<p><span class=\"ap-article-header-tag\"> <strong>Africa-Press &#8211; Cameroun. <\/strong> <\/span><b>Le classement 2025 des e\u0301tablissements secondaires re\u0301ve\u0300le une domination nette des colle\u0300ges situe\u0301s a\u0300 Douala et a\u0300 Yaounde\u0301. Entre performances quasi parfaites et concurrence serre\u0301e au sommet, ce palmare\u0300s met en lumie\u0300re les institutions qui fac\u0327onnent l\u2019excellence scolaire au Cameroun.<\/b><\/p>\n<p>Le palmare\u0300s 2025 confirme une tendance de\u0301ja\u0300 bien installe\u0301e: l\u2019e\u0301lite scolaire camerounaise se concentre essentiellement dans deux grandes villes, Douala et Yaounde\u0301. Les e\u0301tablissements de ces deux po\u0302les majeurs e\u0301conomique pour l\u2019un, administratif pour l\u2019autre occupent l\u2019ensemble du top 10.<\/p>\n<p>Cette concentration n\u2019est pas anodine. Elle refle\u0300te la densite\u0301 des infrastructures e\u0301ducatives, la pre\u0301sence d\u2019enseignants expe\u0301rimente\u0301s et l\u2019investissement important, notamment dans les e\u0301tablissements prive\u0301s et confessionnels. Re\u0301sultat: des taux de re\u0301ussite qui fro\u0302lent, pour certains, la perfection.<\/p>\n<p><b>Libermann, leader inconteste\u0301<\/b><\/p>\n<p>Avec un taux de re\u0301ussite de 100 %, le Colle\u0300ge Libermann de Douala arrive en te\u0302te du classement. Une performance rare qui illustre la constance d\u2019un mode\u0300le pe\u0301dagogique re\u0301pute\u0301 pour sa rigueur et la qualite\u0301 de son encadrement.<\/p>\n<p>Derrie\u0300re Libermann, la lutte est particulie\u0300rement serre\u0301e entre deux institutions majeures de Yaounde\u0301: le Colle\u0300ge Jean Tabi (99,80 %) et le Colle\u0300ge Mgr Franc\u0327ois-Xavier Vogt (99,69 %). A\u0300 peine 0,11 point les se\u0301pare.<\/p>\n<p>Cette proximite\u0301 te\u0301moigne de la solidite\u0301 du re\u0301seau e\u0301ducatif catholique au Cameroun, qui continue de se distinguer par ses re\u0301sultats et son exigence acade\u0301mique.<\/p>\n<p>LA SUITE APRE\u0300S LA PUBLICITE\u0301<\/p>\n<p>Autre enseignement du classement: la pre\u0301sence remarque\u0301e d\u2019e\u0301tablissements techniques. Le Lyce\u0301e Technique et Professionnel occupe la sixie\u0300me place, tandis que le CETIF Saint-Esprit se hisse au septie\u0300me rang.<\/p>\n<p>Ces performances montrent que l\u2019excellence scolaire ne se limite plus aux filie\u0300res ge\u0301ne\u0301rales. L\u2019enseignement technique s\u2019impose progressivement comme une voie cre\u0301dible vers la re\u0301ussite.<\/p>\n<p>Au Cameroun, le choix d\u2019un e\u0301tablissement scolaire repre\u0301sente souvent une de\u0301cision de\u0301terminante pour l\u2019avenir des enfants. Ce type de classement offre plusieurs repe\u0300res utiles:<\/p>\n<p>Mesurer la se\u0301lectivite\u0301 des e\u0301tablissements les plus convoite\u0301s ;<\/p>\n<p>Identifier des environnements propices a\u0300 la re\u0301ussite, ou\u0300 la discipline et l\u2019encadrement sont renforce\u0301s ;<\/p>\n<p>Pre\u0301parer l\u2019orientation post-bac, les e\u0301le\u0300ves issus de ces e\u0301tablissements acce\u0301dant plus facilement aux grandes e\u0301coles nationales et internationales.<\/p>\n<p>Les spe\u0301cialistes rappellent toutefois qu\u2019un taux de re\u0301ussite e\u0301leve\u0301 ne doit pas e\u0302tre l\u2019unique crite\u0300re. L\u2019e\u0301panouissement de l\u2019e\u0301le\u0300ve, le projet e\u0301ducatif de l\u2019e\u0301tablissement et la proximite\u0301 ge\u0301ographique restent des e\u0301le\u0301ments essentiels a\u0300 prendre en compte.<\/p>\n<p><b>Un syste\u0300me e\u0301ducatif porte\u0301 par le prive\u0301 et le confessionnel<\/b><\/p>\n<p>Le palmare\u0300s 2025 confirme e\u0301galement l\u2019influence croissante des e\u0301tablissements prive\u0301s et confessionnels, souvent bilingues, dans le paysage e\u0301ducatif camerounais. Leur pre\u0301sence massive dans le top 10 souligne le ro\u0302le majeur de l\u2019investissement prive\u0301 dans la que\u0302te d\u2019excellence acade\u0301mique.<\/p>\n<p>Dans un contexte de forte demande scolaire, ces institutions continuent de s\u2019imposer comme des re\u0301fe\u0301rences pour de nombreuses familles a\u0300 la recherche d\u2019un cadre exigeant et performant.<\/p>\n<p class=\"ap-article-footer-note\">Retrouvez plus d\u2019actualit\u00e9s et d\u2019analyses sur <span class=\"ap-highlight-country\">Cameroun<\/span> sur le site <span class=\"ap-highlight-brand\">Africa Press<\/span><\/p>\n","protected":false},"excerpt":{"rendered":"<p>Africa-Press &#8211; Cameroun. Le classement 2025 des e\u0301tablissements secondaires re\u0301ve\u0300le une domination nette des colle\u0300ges situe\u0301s a\u0300 Douala et a\u0300 Yaounde\u0301. Entre performances quasi parfaites et concurrence serre\u0301e au sommet, ce palmare\u0300s met en lumie\u0300re les institutions qui fac\u0327onnent l\u2019excellence scolaire au Cameroun. Le palmare\u0300s 2025 confirme une tendance de\u0301ja\u0300 bien installe\u0301e: l\u2019e\u0301lite scolaire camerounaise [&hellip;]<\/p>\n","protected":false},"author":82,"featured_media":103515,"comment_status":"open","ping_status":"closed","sticky":false,"template":"","format":"standard","meta":{"footnotes":""},"categories":[21,10],"tags":[49],"class_list":["post-103516","post","type-post","status-publish","format-standard","has-post-thumbnail","hentry","category-communaute","category-toutes-les-actualites","tag-cameroun"],"yoast_head":"<!-- This site is optimized with the Yoast SEO Premium plugin v26.1 (Yoast SEO v27.0) - https:\/\/yoast.com\/product\/yoast-seo-premium-wordpress\/ -->\n<title>Palmare\u0300s 2025 MINESEC: Douala et Yaounde\u0301 en te\u0302te - Cameroun<\/title>\n<meta name=\"description\" content=\"-article-header-tag&quot;&gt; Africa-Press - Cameroun. Le classement 2025 des e\u0301ta ...\" \/>\n<meta name=\"robots\" content=\"index, follow, max-snippet:-1, max-image-preview:large, max-video-preview:-1\" \/>\n<link rel=\"canonical\" href=\"https:\/\/www.africa-press.net\/cameroun\/toutes-les-actualites\/palmares-2025-minesec-douala-et-yaounde-en-tete\" \/>\n<meta property=\"og:locale\" content=\"fr_FR\" \/>\n<meta property=\"og:type\" content=\"article\" \/>\n<meta property=\"og:title\" content=\"Palmare\u0300s 2025 MINESEC: Douala et Yaounde\u0301 en te\u0302te\" \/>\n<meta property=\"og:description\" content=\"-article-header-tag&quot;&gt; Africa-Press - Cameroun. Le classement 2025 des e\u0301ta ...\" \/>\n<meta property=\"og:url\" content=\"https:\/\/www.africa-press.net\/cameroun\/toutes-les-actualites\/palmares-2025-minesec-douala-et-yaounde-en-tete\" \/>\n<meta property=\"og:site_name\" content=\"Cameroun\" \/>\n<meta property=\"article:published_time\" content=\"2026-03-18T23:08:57+00:00\" \/>\n<meta property=\"article:modified_time\" content=\"2026-03-19T00:23:28+00:00\" \/>\n<meta property=\"og:image\" content=\"https:\/\/static.africa-press.net\/cameroun\/sites\/57\/2026\/03\/sm_1773878316.450629.jpg\" \/>\n\t<meta property=\"og:image:width\" content=\"720\" \/>\n\t<meta property=\"og:image:height\" content=\"404\" \/>\n\t<meta property=\"og:image:type\" content=\"image\/jpeg\" \/>\n<meta name=\"author\" content=\"cfeditorfr\" \/>\n<meta name=\"twitter:card\" content=\"summary_large_image\" \/>\n<meta name=\"twitter:label1\" content=\"\u00c9crit par\" \/>\n\t<meta name=\"twitter:data1\" content=\"cfeditorfr\" \/>\n\t<meta name=\"twitter:label2\" content=\"Dur\u00e9e de lecture estim\u00e9e\" \/>\n\t<meta name=\"twitter:data2\" content=\"3 minutes\" \/>\n<script type=\"application\/ld+json\" class=\"yoast-schema-graph\">{\"@context\":\"https:\/\/schema.org\",\"@graph\":[{\"@type\":\"Article\",\"@id\":\"https:\/\/www.africa-press.net\/cameroun\/toutes-les-actualites\/palmares-2025-minesec-douala-et-yaounde-en-tete#article\",\"isPartOf\":{\"@id\":\"https:\/\/www.africa-press.net\/cameroun\/toutes-les-actualites\/palmares-2025-minesec-douala-et-yaounde-en-tete\"},\"author\":{\"name\":\"cfeditorfr\",\"@id\":\"https:\/\/www.africa-press.net\/cameroun\/#\/schema\/person\/2b1cf3cd81a31e3cd26889ca66d677f1\"},\"headline\":\"Palmare\u0300s 2025 MINESEC: Douala et Yaounde\u0301 en te\u0302te\",\"datePublished\":\"2026-03-18T23:08:57+00:00\",\"dateModified\":\"2026-03-19T00:23:28+00:00\",\"mainEntityOfPage\":{\"@id\":\"https:\/\/www.africa-press.net\/cameroun\/toutes-les-actualites\/palmares-2025-minesec-douala-et-yaounde-en-tete\"},\"wordCount\":586,\"commentCount\":0,\"image\":{\"@id\":\"https:\/\/www.africa-press.net\/cameroun\/toutes-les-actualites\/palmares-2025-minesec-douala-et-yaounde-en-tete#primaryimage\"},\"thumbnailUrl\":\"https:\/\/static.africa-press.net\/cameroun\/sites\/57\/2026\/03\/sm_1773878316.450629.jpg\",\"keywords\":[\"Cameroun\"],\"articleSection\":[\"Communaut\u00e9\",\"Toutes les actualit\u00e9s\"],\"inLanguage\":\"fr-FR\",\"potentialAction\":[{\"@type\":\"CommentAction\",\"name\":\"Comment\",\"target\":[\"https:\/\/www.africa-press.net\/cameroun\/toutes-les-actualites\/palmares-2025-minesec-douala-et-yaounde-en-tete#respond\"]}]},{\"@type\":\"WebPage\",\"@id\":\"https:\/\/www.africa-press.net\/cameroun\/toutes-les-actualites\/palmares-2025-minesec-douala-et-yaounde-en-tete\",\"url\":\"https:\/\/www.africa-press.net\/cameroun\/toutes-les-actualites\/palmares-2025-minesec-douala-et-yaounde-en-tete\",\"name\":\"Palmare\u0300s 2025 MINESEC: Douala et Yaounde\u0301 en te\u0302te - Cameroun\",\"isPartOf\":{\"@id\":\"https:\/\/www.africa-press.net\/cameroun\/#website\"},\"primaryImageOfPage\":{\"@id\":\"https:\/\/www.africa-press.net\/cameroun\/toutes-les-actualites\/palmares-2025-minesec-douala-et-yaounde-en-tete#primaryimage\"},\"image\":{\"@id\":\"https:\/\/www.africa-press.net\/cameroun\/toutes-les-actualites\/palmares-2025-minesec-douala-et-yaounde-en-tete#primaryimage\"},\"thumbnailUrl\":\"https:\/\/static.africa-press.net\/cameroun\/sites\/57\/2026\/03\/sm_1773878316.450629.jpg\",\"datePublished\":\"2026-03-18T23:08:57+00:00\",\"dateModified\":\"2026-03-19T00:23:28+00:00\",\"author\":{\"@id\":\"https:\/\/www.africa-press.net\/cameroun\/#\/schema\/person\/2b1cf3cd81a31e3cd26889ca66d677f1\"},\"description\":\"-article-header-tag\\\"> Africa-Press - Cameroun. Le classement 2025 des e\u0301ta ...\",\"breadcrumb\":{\"@id\":\"https:\/\/www.africa-press.net\/cameroun\/toutes-les-actualites\/palmares-2025-minesec-douala-et-yaounde-en-tete#breadcrumb\"},\"inLanguage\":\"fr-FR\",\"potentialAction\":[{\"@type\":\"ReadAction\",\"target\":[\"https:\/\/www.africa-press.net\/cameroun\/toutes-les-actualites\/palmares-2025-minesec-douala-et-yaounde-en-tete\"]}]},{\"@type\":\"ImageObject\",\"inLanguage\":\"fr-FR\",\"@id\":\"https:\/\/www.africa-press.net\/cameroun\/toutes-les-actualites\/palmares-2025-minesec-douala-et-yaounde-en-tete#primaryimage\",\"url\":\"https:\/\/static.africa-press.net\/cameroun\/sites\/57\/2026\/03\/sm_1773878316.450629.jpg\",\"contentUrl\":\"https:\/\/static.africa-press.net\/cameroun\/sites\/57\/2026\/03\/sm_1773878316.450629.jpg\",\"width\":720,\"height\":404,\"caption\":\"Palmare\u0300s 2025 MINESEC: Douala et Yaounde\u0301 en te\u0302te\"},{\"@type\":\"BreadcrumbList\",\"@id\":\"https:\/\/www.africa-press.net\/cameroun\/toutes-les-actualites\/palmares-2025-minesec-douala-et-yaounde-en-tete#breadcrumb\",\"itemListElement\":[{\"@type\":\"ListItem\",\"position\":1,\"name\":\"Accueil\",\"item\":\"https:\/\/www.africa-press.net\/cameroun\/\"},{\"@type\":\"ListItem\",\"position\":2,\"name\":\"Palmare\u0300s 2025 MINESEC: Douala et Yaounde\u0301 en te\u0302te\"}]},{\"@type\":\"WebSite\",\"@id\":\"https:\/\/www.africa-press.net\/cameroun\/#website\",\"url\":\"https:\/\/www.africa-press.net\/cameroun\/\",\"name\":\"Cameroun\",\"description\":\"Just another Africa News Agency Sites site\",\"potentialAction\":[{\"@type\":\"SearchAction\",\"target\":{\"@type\":\"EntryPoint\",\"urlTemplate\":\"https:\/\/www.africa-press.net\/cameroun\/?s={search_term_string}\"},\"query-input\":{\"@type\":\"PropertyValueSpecification\",\"valueRequired\":true,\"valueName\":\"search_term_string\"}}],\"inLanguage\":\"fr-FR\"},{\"@type\":\"Person\",\"@id\":\"https:\/\/www.africa-press.net\/cameroun\/#\/schema\/person\/2b1cf3cd81a31e3cd26889ca66d677f1\",\"name\":\"cfeditorfr\"}]}<\/script>\n<!-- \/ Yoast SEO Premium plugin. -->","yoast_head_json":{"title":"Palmare\u0300s 2025 MINESEC: Douala et Yaounde\u0301 en te\u0302te - Cameroun","description":"-article-header-tag\"> Africa-Press - Cameroun. Le classement 2025 des e\u0301ta ...","robots":{"index":"index","follow":"follow","max-snippet":"max-snippet:-1","max-image-preview":"max-image-preview:large","max-video-preview":"max-video-preview:-1"},"canonical":"https:\/\/www.africa-press.net\/cameroun\/toutes-les-actualites\/palmares-2025-minesec-douala-et-yaounde-en-tete","og_locale":"fr_FR","og_type":"article","og_title":"Palmare\u0300s 2025 MINESEC: Douala et Yaounde\u0301 en te\u0302te","og_description":"-article-header-tag\"> Africa-Press - Cameroun. Le classement 2025 des e\u0301ta ...","og_url":"https:\/\/www.africa-press.net\/cameroun\/toutes-les-actualites\/palmares-2025-minesec-douala-et-yaounde-en-tete","og_site_name":"Cameroun","article_published_time":"2026-03-18T23:08:57+00:00","article_modified_time":"2026-03-19T00:23:28+00:00","og_image":[{"width":720,"height":404,"url":"https:\/\/static.africa-press.net\/cameroun\/sites\/57\/2026\/03\/sm_1773878316.450629.jpg","type":"image\/jpeg"}],"author":"cfeditorfr","twitter_card":"summary_large_image","twitter_misc":{"\u00c9crit par":"cfeditorfr","Dur\u00e9e de lecture estim\u00e9e":"3 minutes"},"schema":{"@context":"https:\/\/schema.org","@graph":[{"@type":"Article","@id":"https:\/\/www.africa-press.net\/cameroun\/toutes-les-actualites\/palmares-2025-minesec-douala-et-yaounde-en-tete#article","isPartOf":{"@id":"https:\/\/www.africa-press.net\/cameroun\/toutes-les-actualites\/palmares-2025-minesec-douala-et-yaounde-en-tete"},"author":{"name":"cfeditorfr","@id":"https:\/\/www.africa-press.net\/cameroun\/#\/schema\/person\/2b1cf3cd81a31e3cd26889ca66d677f1"},"headline":"Palmare\u0300s 2025 MINESEC: Douala et Yaounde\u0301 en te\u0302te","datePublished":"2026-03-18T23:08:57+00:00","dateModified":"2026-03-19T00:23:28+00:00","mainEntityOfPage":{"@id":"https:\/\/www.africa-press.net\/cameroun\/toutes-les-actualites\/palmares-2025-minesec-douala-et-yaounde-en-tete"},"wordCount":586,"commentCount":0,"image":{"@id":"https:\/\/www.africa-press.net\/cameroun\/toutes-les-actualites\/palmares-2025-minesec-douala-et-yaounde-en-tete#primaryimage"},"thumbnailUrl":"https:\/\/static.africa-press.net\/cameroun\/sites\/57\/2026\/03\/sm_1773878316.450629.jpg","keywords":["Cameroun"],"articleSection":["Communaut\u00e9","Toutes les actualit\u00e9s"],"inLanguage":"fr-FR","potentialAction":[{"@type":"CommentAction","name":"Comment","target":["https:\/\/www.africa-press.net\/cameroun\/toutes-les-actualites\/palmares-2025-minesec-douala-et-yaounde-en-tete#respond"]}]},{"@type":"WebPage","@id":"https:\/\/www.africa-press.net\/cameroun\/toutes-les-actualites\/palmares-2025-minesec-douala-et-yaounde-en-tete","url":"https:\/\/www.africa-press.net\/cameroun\/toutes-les-actualites\/palmares-2025-minesec-douala-et-yaounde-en-tete","name":"Palmare\u0300s 2025 MINESEC: Douala et Yaounde\u0301 en te\u0302te - Cameroun","isPartOf":{"@id":"https:\/\/www.africa-press.net\/cameroun\/#website"},"primaryImageOfPage":{"@id":"https:\/\/www.africa-press.net\/cameroun\/toutes-les-actualites\/palmares-2025-minesec-douala-et-yaounde-en-tete#primaryimage"},"image":{"@id":"https:\/\/www.africa-press.net\/cameroun\/toutes-les-actualites\/palmares-2025-minesec-douala-et-yaounde-en-tete#primaryimage"},"thumbnailUrl":"https:\/\/static.africa-press.net\/cameroun\/sites\/57\/2026\/03\/sm_1773878316.450629.jpg","datePublished":"2026-03-18T23:08:57+00:00","dateModified":"2026-03-19T00:23:28+00:00","author":{"@id":"https:\/\/www.africa-press.net\/cameroun\/#\/schema\/person\/2b1cf3cd81a31e3cd26889ca66d677f1"},"description":"-article-header-tag\"> Africa-Press - Cameroun. Le classement 2025 des e\u0301ta ...","breadcrumb":{"@id":"https:\/\/www.africa-press.net\/cameroun\/toutes-les-actualites\/palmares-2025-minesec-douala-et-yaounde-en-tete#breadcrumb"},"inLanguage":"fr-FR","potentialAction":[{"@type":"ReadAction","target":["https:\/\/www.africa-press.net\/cameroun\/toutes-les-actualites\/palmares-2025-minesec-douala-et-yaounde-en-tete"]}]},{"@type":"ImageObject","inLanguage":"fr-FR","@id":"https:\/\/www.africa-press.net\/cameroun\/toutes-les-actualites\/palmares-2025-minesec-douala-et-yaounde-en-tete#primaryimage","url":"https:\/\/static.africa-press.net\/cameroun\/sites\/57\/2026\/03\/sm_1773878316.450629.jpg","contentUrl":"https:\/\/static.africa-press.net\/cameroun\/sites\/57\/2026\/03\/sm_1773878316.450629.jpg","width":720,"height":404,"caption":"Palmare\u0300s 2025 MINESEC: Douala et Yaounde\u0301 en te\u0302te"},{"@type":"BreadcrumbList","@id":"https:\/\/www.africa-press.net\/cameroun\/toutes-les-actualites\/palmares-2025-minesec-douala-et-yaounde-en-tete#breadcrumb","itemListElement":[{"@type":"ListItem","position":1,"name":"Accueil","item":"https:\/\/www.africa-press.net\/cameroun\/"},{"@type":"ListItem","position":2,"name":"Palmare\u0300s 2025 MINESEC: Douala et Yaounde\u0301 en te\u0302te"}]},{"@type":"WebSite","@id":"https:\/\/www.africa-press.net\/cameroun\/#website","url":"https:\/\/www.africa-press.net\/cameroun\/","name":"Cameroun","description":"Just another Africa News Agency Sites site","potentialAction":[{"@type":"SearchAction","target":{"@type":"EntryPoint","urlTemplate":"https:\/\/www.africa-press.net\/cameroun\/?s={search_term_string}"},"query-input":{"@type":"PropertyValueSpecification","valueRequired":true,"valueName":"search_term_string"}}],"inLanguage":"fr-FR"},{"@type":"Person","@id":"https:\/\/www.africa-press.net\/cameroun\/#\/schema\/person\/2b1cf3cd81a31e3cd26889ca66d677f1","name":"cfeditorfr"}]}},"_links":{"self":[{"href":"https:\/\/www.africa-press.net\/cameroun\/wp-json\/wp\/v2\/posts\/103516","targetHints":{"allow":["GET"]}}],"collection":[{"href":"https:\/\/www.africa-press.net\/cameroun\/wp-json\/wp\/v2\/posts"}],"about":[{"href":"https:\/\/www.africa-press.net\/cameroun\/wp-json\/wp\/v2\/types\/post"}],"author":[{"embeddable":true,"href":"https:\/\/www.africa-press.net\/cameroun\/wp-json\/wp\/v2\/users\/82"}],"replies":[{"embeddable":true,"href":"https:\/\/www.africa-press.net\/cameroun\/wp-json\/wp\/v2\/comments?post=103516"}],"version-history":[{"count":0,"href":"https:\/\/www.africa-press.net\/cameroun\/wp-json\/wp\/v2\/posts\/103516\/revisions"}],"wp:featuredmedia":[{"embeddable":true,"href":"https:\/\/www.africa-press.net\/cameroun\/wp-json\/wp\/v2\/media\/103515"}],"wp:attachment":[{"href":"https:\/\/www.africa-press.net\/cameroun\/wp-json\/wp\/v2\/media?parent=103516"}],"wp:term":[{"taxonomy":"category","embeddable":true,"href":"https:\/\/www.africa-press.net\/cameroun\/wp-json\/wp\/v2\/categories?post=103516"},{"taxonomy":"post_tag","embeddable":true,"href":"https:\/\/www.africa-press.net\/cameroun\/wp-json\/wp\/v2\/tags?post=103516"}],"curies":[{"name":"wp","href":"https:\/\/api.w.org\/{rel}","templated":true}]}}