{"id":104324,"date":"2026-04-30T21:12:29","date_gmt":"2026-04-30T21:12:29","guid":{"rendered":"https:\/\/www.africa-press.net\/cameroun\/politique\/attaque-armee-au-cameroun-fait-plusieurs-morts-et-blesses"},"modified":"2026-05-01T00:43:57","modified_gmt":"2026-05-01T00:43:57","slug":"attaque-armee-au-cameroun-fait-plusieurs-morts-et-blesses","status":"publish","type":"post","link":"https:\/\/www.africa-press.net\/cameroun\/politique\/attaque-armee-au-cameroun-fait-plusieurs-morts-et-blesses","title":{"rendered":"Attaque Arm\u00e9e au Cameroun Fait plusieurs Morts et Bless\u00e9s"},"content":{"rendered":"<p><span class=\"ap-article-header-tag\"> <strong>Africa-Press &#8211; Cameroun. <\/strong> <\/span>Des appels se multiplient de la part des organisations de la socie\u0301te\u0301 civile au Cameroun pour obtenir des clarifications officielles concernant les circonstances du de\u0301ce\u0300s d&rsquo;au moins 15 civils le 26 avril, dans un village de la province de Boyo, dans la re\u0301gion du Nord-Ouest anglophone, alors qu&rsquo;aucune de\u0301claration des autorite\u0301s locales ou gouvernementales n&rsquo;a e\u0301te\u0301 faite plus de trois jours apre\u0300s l&rsquo;incident.<\/p>\n<p>Selon des rapports sur le terrain, l&rsquo;ope\u0301ration a eu lieu entre 3 et 4 heures du matin, dans la nuit du 25 au 26 avril 2026, dans le village de Ndzirim Nyam, relevant de la commune de Jakiri. Les auteurs pre\u0301sume\u0301s de cette ope\u0301ration seraient des membres de la Brigade d&rsquo;Intervention Rapide (BIR), une unite\u0301 des forces de de\u0301fense et de se\u0301curite\u0301 camerounaises.<\/p>\n<p>Radio France Internationale a rapporte\u0301 que l&rsquo;ope\u0301ration visait un site ou\u0300 se trouvaient des membres d&rsquo;un groupe se\u0301paratiste actif dans la re\u0301gion, ainsi que des habitants locaux.<\/p>\n<p>La nature des e\u0301ve\u0301nements reste floue, avec des questions sur un e\u0301ventuel e\u0301change de tirs ou des affrontements directs. Alors que des rapports pre\u0301liminaires faisaient e\u0301tat de 14 civils tue\u0301s, le bilan a ensuite e\u0301te\u0301 re\u0301vise\u0301 a\u0300 au moins 15 morts, dont des femmes, avec un nombre inde\u0301termine\u0301 de personnes toujours porte\u0301es disparues. Des rapports ont e\u0301galement fait e\u0301tat de l&rsquo;incendie de plus de 30 motos et de plusieurs maisons durant l&rsquo;ope\u0301ration.<\/p>\n<p>Cyril Roland Pichon, directeur exe\u0301cutif de l&rsquo;organisation \u00ab\u00a0Nouvelles Droits de l&rsquo;Homme\u00a0\u00bb, a appele\u0301 les autorite\u0301s camerounaises a\u0300 fournir des e\u0301claircissements urgents sur l&rsquo;incident, soulignant que ces e\u0301ve\u0301nements se reproduisent de manie\u0300re tragique, laissant les victimes et leurs familles sans re\u0301ponses ni justice. Il a indique\u0301 que son organisation continue de collecter des informations en vue de tenir les responsables pour compte.<\/p>\n<p>De son co\u0302te\u0301, Amadou Tarente\u0301, de l&rsquo;organisation \u00ab\u00a0Conscience Africaine\u00a0\u00bb, a insiste\u0301 sur le fait que toutes les parties implique\u0301es dans le conflit, qu&rsquo;il s&rsquo;agisse des forces gouvernementales ou des groupes arme\u0301s, ont a\u0300 maintes reprises commis des violations a\u0300 l&rsquo;encontre des civils depuis le de\u0301but du conflit, ignorant les principes de distinction et de proportionnalite\u0301 qui devraient prote\u0301ger les populations civiles lors des ope\u0301rations militaires.<\/p>\n<p>Cet incident survient moins de deux semaines apre\u0300s l&rsquo;e\u0301ve\u0301nement de Muyuka dans la re\u0301gion du Sud-Ouest, ou\u0300 des se\u0301paratistes ont attaque\u0301 un bar et y ont mis le feu, faisant au moins six morts, en plus de civils qui ont pe\u0301ri dans l&rsquo;incendie sur place, selon des sources locales.<\/p>\n<p class=\"ap-article-footer-note\">Retrouvez plus d\u2019actualit\u00e9s et d\u2019analyses sur <span class=\"ap-highlight-country\">Cameroun<\/span> sur le site <span class=\"ap-highlight-brand\">Africa Press<\/span><\/p>\n","protected":false},"excerpt":{"rendered":"<p>Africa-Press &#8211; Cameroun. Des appels se multiplient de la part des organisations de la socie\u0301te\u0301 civile au Cameroun pour obtenir des clarifications officielles concernant les circonstances du de\u0301ce\u0300s d&rsquo;au moins 15 civils le 26 avril, dans un village de la province de Boyo, dans la re\u0301gion du Nord-Ouest anglophone, alors qu&rsquo;aucune de\u0301claration des autorite\u0301s locales [&hellip;]<\/p>\n","protected":false},"author":82,"featured_media":104323,"comment_status":"open","ping_status":"closed","sticky":false,"template":"","format":"standard","meta":{"footnotes":""},"categories":[2,20,10],"tags":[49],"class_list":["post-104324","post","type-post","status-publish","format-standard","has-post-thumbnail","hentry","category-politique","category-top-nouvelles","category-toutes-les-actualites","tag-cameroun"],"yoast_head":"<!-- This site is optimized with the Yoast SEO Premium plugin v26.1 (Yoast SEO v27.0) - https:\/\/yoast.com\/product\/yoast-seo-premium-wordpress\/ -->\n<title>Attaque Arm\u00e9e au Cameroun Fait plusieurs Morts et Bless\u00e9s - Cameroun<\/title>\n<meta name=\"description\" content=\"-article-header-tag&quot;&gt; Africa-Press - Cameroun. Des appels se multiplient de l ...\" \/>\n<meta name=\"robots\" content=\"index, follow, max-snippet:-1, max-image-preview:large, max-video-preview:-1\" \/>\n<link rel=\"canonical\" href=\"https:\/\/www.africa-press.net\/cameroun\/politique\/attaque-armee-au-cameroun-fait-plusieurs-morts-et-blesses\" \/>\n<meta property=\"og:locale\" content=\"fr_FR\" \/>\n<meta property=\"og:type\" content=\"article\" \/>\n<meta property=\"og:title\" content=\"Attaque Arm\u00e9e au Cameroun Fait plusieurs Morts et Bless\u00e9s\" \/>\n<meta property=\"og:description\" content=\"-article-header-tag&quot;&gt; Africa-Press - Cameroun. Des appels se multiplient de l ...\" \/>\n<meta property=\"og:url\" content=\"https:\/\/www.africa-press.net\/cameroun\/politique\/attaque-armee-au-cameroun-fait-plusieurs-morts-et-blesses\" \/>\n<meta property=\"og:site_name\" content=\"Cameroun\" \/>\n<meta property=\"article:published_time\" content=\"2026-04-30T21:12:29+00:00\" \/>\n<meta property=\"article:modified_time\" content=\"2026-05-01T00:43:57+00:00\" \/>\n<meta property=\"og:image\" content=\"https:\/\/static.africa-press.net\/cameroun\/sites\/57\/2026\/05\/sm_1777594948.142102.jpg\" \/>\n\t<meta property=\"og:image:width\" content=\"1024\" \/>\n\t<meta property=\"og:image:height\" content=\"683\" \/>\n\t<meta property=\"og:image:type\" content=\"image\/jpeg\" \/>\n<meta name=\"author\" content=\"cfeditorfr\" \/>\n<meta name=\"twitter:card\" content=\"summary_large_image\" \/>\n<meta name=\"twitter:label1\" content=\"\u00c9crit par\" \/>\n\t<meta name=\"twitter:data1\" content=\"cfeditorfr\" \/>\n\t<meta name=\"twitter:label2\" content=\"Dur\u00e9e de lecture estim\u00e9e\" \/>\n\t<meta name=\"twitter:data2\" content=\"3 minutes\" \/>\n<script type=\"application\/ld+json\" class=\"yoast-schema-graph\">{\"@context\":\"https:\/\/schema.org\",\"@graph\":[{\"@type\":\"Article\",\"@id\":\"https:\/\/www.africa-press.net\/cameroun\/politique\/attaque-armee-au-cameroun-fait-plusieurs-morts-et-blesses#article\",\"isPartOf\":{\"@id\":\"https:\/\/www.africa-press.net\/cameroun\/politique\/attaque-armee-au-cameroun-fait-plusieurs-morts-et-blesses\"},\"author\":{\"name\":\"cfeditorfr\",\"@id\":\"https:\/\/www.africa-press.net\/cameroun\/#\/schema\/person\/2b1cf3cd81a31e3cd26889ca66d677f1\"},\"headline\":\"Attaque Arm\u00e9e au Cameroun Fait plusieurs Morts et Bless\u00e9s\",\"datePublished\":\"2026-04-30T21:12:29+00:00\",\"dateModified\":\"2026-05-01T00:43:57+00:00\",\"mainEntityOfPage\":{\"@id\":\"https:\/\/www.africa-press.net\/cameroun\/politique\/attaque-armee-au-cameroun-fait-plusieurs-morts-et-blesses\"},\"wordCount\":488,\"commentCount\":0,\"image\":{\"@id\":\"https:\/\/www.africa-press.net\/cameroun\/politique\/attaque-armee-au-cameroun-fait-plusieurs-morts-et-blesses#primaryimage\"},\"thumbnailUrl\":\"https:\/\/static.africa-press.net\/cameroun\/sites\/57\/2026\/05\/sm_1777594948.142102.jpg\",\"keywords\":[\"Cameroun\"],\"articleSection\":[\"Politique\",\"Top Nouvelles\",\"Toutes les actualit\u00e9s\"],\"inLanguage\":\"fr-FR\",\"potentialAction\":[{\"@type\":\"CommentAction\",\"name\":\"Comment\",\"target\":[\"https:\/\/www.africa-press.net\/cameroun\/politique\/attaque-armee-au-cameroun-fait-plusieurs-morts-et-blesses#respond\"]}]},{\"@type\":\"WebPage\",\"@id\":\"https:\/\/www.africa-press.net\/cameroun\/politique\/attaque-armee-au-cameroun-fait-plusieurs-morts-et-blesses\",\"url\":\"https:\/\/www.africa-press.net\/cameroun\/politique\/attaque-armee-au-cameroun-fait-plusieurs-morts-et-blesses\",\"name\":\"Attaque Arm\u00e9e au Cameroun Fait plusieurs Morts et Bless\u00e9s - Cameroun\",\"isPartOf\":{\"@id\":\"https:\/\/www.africa-press.net\/cameroun\/#website\"},\"primaryImageOfPage\":{\"@id\":\"https:\/\/www.africa-press.net\/cameroun\/politique\/attaque-armee-au-cameroun-fait-plusieurs-morts-et-blesses#primaryimage\"},\"image\":{\"@id\":\"https:\/\/www.africa-press.net\/cameroun\/politique\/attaque-armee-au-cameroun-fait-plusieurs-morts-et-blesses#primaryimage\"},\"thumbnailUrl\":\"https:\/\/static.africa-press.net\/cameroun\/sites\/57\/2026\/05\/sm_1777594948.142102.jpg\",\"datePublished\":\"2026-04-30T21:12:29+00:00\",\"dateModified\":\"2026-05-01T00:43:57+00:00\",\"author\":{\"@id\":\"https:\/\/www.africa-press.net\/cameroun\/#\/schema\/person\/2b1cf3cd81a31e3cd26889ca66d677f1\"},\"description\":\"-article-header-tag\\\"> Africa-Press - Cameroun. Des appels se multiplient de l ...\",\"breadcrumb\":{\"@id\":\"https:\/\/www.africa-press.net\/cameroun\/politique\/attaque-armee-au-cameroun-fait-plusieurs-morts-et-blesses#breadcrumb\"},\"inLanguage\":\"fr-FR\",\"potentialAction\":[{\"@type\":\"ReadAction\",\"target\":[\"https:\/\/www.africa-press.net\/cameroun\/politique\/attaque-armee-au-cameroun-fait-plusieurs-morts-et-blesses\"]}]},{\"@type\":\"ImageObject\",\"inLanguage\":\"fr-FR\",\"@id\":\"https:\/\/www.africa-press.net\/cameroun\/politique\/attaque-armee-au-cameroun-fait-plusieurs-morts-et-blesses#primaryimage\",\"url\":\"https:\/\/static.africa-press.net\/cameroun\/sites\/57\/2026\/05\/sm_1777594948.142102.jpg\",\"contentUrl\":\"https:\/\/static.africa-press.net\/cameroun\/sites\/57\/2026\/05\/sm_1777594948.142102.jpg\",\"width\":1024,\"height\":683,\"caption\":\"Attaque Arm\u00e9e au Cameroun Fait plusieurs Morts et Bless\u00e9s\"},{\"@type\":\"BreadcrumbList\",\"@id\":\"https:\/\/www.africa-press.net\/cameroun\/politique\/attaque-armee-au-cameroun-fait-plusieurs-morts-et-blesses#breadcrumb\",\"itemListElement\":[{\"@type\":\"ListItem\",\"position\":1,\"name\":\"Accueil\",\"item\":\"https:\/\/www.africa-press.net\/cameroun\/\"},{\"@type\":\"ListItem\",\"position\":2,\"name\":\"Attaque Arm\u00e9e au Cameroun Fait plusieurs Morts et Bless\u00e9s\"}]},{\"@type\":\"WebSite\",\"@id\":\"https:\/\/www.africa-press.net\/cameroun\/#website\",\"url\":\"https:\/\/www.africa-press.net\/cameroun\/\",\"name\":\"Cameroun\",\"description\":\"Just another Africa News Agency Sites site\",\"potentialAction\":[{\"@type\":\"SearchAction\",\"target\":{\"@type\":\"EntryPoint\",\"urlTemplate\":\"https:\/\/www.africa-press.net\/cameroun\/?s={search_term_string}\"},\"query-input\":{\"@type\":\"PropertyValueSpecification\",\"valueRequired\":true,\"valueName\":\"search_term_string\"}}],\"inLanguage\":\"fr-FR\"},{\"@type\":\"Person\",\"@id\":\"https:\/\/www.africa-press.net\/cameroun\/#\/schema\/person\/2b1cf3cd81a31e3cd26889ca66d677f1\",\"name\":\"cfeditorfr\"}]}<\/script>\n<!-- \/ Yoast SEO Premium plugin. -->","yoast_head_json":{"title":"Attaque Arm\u00e9e au Cameroun Fait plusieurs Morts et Bless\u00e9s - Cameroun","description":"-article-header-tag\"> Africa-Press - Cameroun. Des appels se multiplient de l ...","robots":{"index":"index","follow":"follow","max-snippet":"max-snippet:-1","max-image-preview":"max-image-preview:large","max-video-preview":"max-video-preview:-1"},"canonical":"https:\/\/www.africa-press.net\/cameroun\/politique\/attaque-armee-au-cameroun-fait-plusieurs-morts-et-blesses","og_locale":"fr_FR","og_type":"article","og_title":"Attaque Arm\u00e9e au Cameroun Fait plusieurs Morts et Bless\u00e9s","og_description":"-article-header-tag\"> Africa-Press - Cameroun. Des appels se multiplient de l ...","og_url":"https:\/\/www.africa-press.net\/cameroun\/politique\/attaque-armee-au-cameroun-fait-plusieurs-morts-et-blesses","og_site_name":"Cameroun","article_published_time":"2026-04-30T21:12:29+00:00","article_modified_time":"2026-05-01T00:43:57+00:00","og_image":[{"width":1024,"height":683,"url":"https:\/\/static.africa-press.net\/cameroun\/sites\/57\/2026\/05\/sm_1777594948.142102.jpg","type":"image\/jpeg"}],"author":"cfeditorfr","twitter_card":"summary_large_image","twitter_misc":{"\u00c9crit par":"cfeditorfr","Dur\u00e9e de lecture estim\u00e9e":"3 minutes"},"schema":{"@context":"https:\/\/schema.org","@graph":[{"@type":"Article","@id":"https:\/\/www.africa-press.net\/cameroun\/politique\/attaque-armee-au-cameroun-fait-plusieurs-morts-et-blesses#article","isPartOf":{"@id":"https:\/\/www.africa-press.net\/cameroun\/politique\/attaque-armee-au-cameroun-fait-plusieurs-morts-et-blesses"},"author":{"name":"cfeditorfr","@id":"https:\/\/www.africa-press.net\/cameroun\/#\/schema\/person\/2b1cf3cd81a31e3cd26889ca66d677f1"},"headline":"Attaque Arm\u00e9e au Cameroun Fait plusieurs Morts et Bless\u00e9s","datePublished":"2026-04-30T21:12:29+00:00","dateModified":"2026-05-01T00:43:57+00:00","mainEntityOfPage":{"@id":"https:\/\/www.africa-press.net\/cameroun\/politique\/attaque-armee-au-cameroun-fait-plusieurs-morts-et-blesses"},"wordCount":488,"commentCount":0,"image":{"@id":"https:\/\/www.africa-press.net\/cameroun\/politique\/attaque-armee-au-cameroun-fait-plusieurs-morts-et-blesses#primaryimage"},"thumbnailUrl":"https:\/\/static.africa-press.net\/cameroun\/sites\/57\/2026\/05\/sm_1777594948.142102.jpg","keywords":["Cameroun"],"articleSection":["Politique","Top Nouvelles","Toutes les actualit\u00e9s"],"inLanguage":"fr-FR","potentialAction":[{"@type":"CommentAction","name":"Comment","target":["https:\/\/www.africa-press.net\/cameroun\/politique\/attaque-armee-au-cameroun-fait-plusieurs-morts-et-blesses#respond"]}]},{"@type":"WebPage","@id":"https:\/\/www.africa-press.net\/cameroun\/politique\/attaque-armee-au-cameroun-fait-plusieurs-morts-et-blesses","url":"https:\/\/www.africa-press.net\/cameroun\/politique\/attaque-armee-au-cameroun-fait-plusieurs-morts-et-blesses","name":"Attaque Arm\u00e9e au Cameroun Fait plusieurs Morts et Bless\u00e9s - Cameroun","isPartOf":{"@id":"https:\/\/www.africa-press.net\/cameroun\/#website"},"primaryImageOfPage":{"@id":"https:\/\/www.africa-press.net\/cameroun\/politique\/attaque-armee-au-cameroun-fait-plusieurs-morts-et-blesses#primaryimage"},"image":{"@id":"https:\/\/www.africa-press.net\/cameroun\/politique\/attaque-armee-au-cameroun-fait-plusieurs-morts-et-blesses#primaryimage"},"thumbnailUrl":"https:\/\/static.africa-press.net\/cameroun\/sites\/57\/2026\/05\/sm_1777594948.142102.jpg","datePublished":"2026-04-30T21:12:29+00:00","dateModified":"2026-05-01T00:43:57+00:00","author":{"@id":"https:\/\/www.africa-press.net\/cameroun\/#\/schema\/person\/2b1cf3cd81a31e3cd26889ca66d677f1"},"description":"-article-header-tag\"> Africa-Press - Cameroun. Des appels se multiplient de l ...","breadcrumb":{"@id":"https:\/\/www.africa-press.net\/cameroun\/politique\/attaque-armee-au-cameroun-fait-plusieurs-morts-et-blesses#breadcrumb"},"inLanguage":"fr-FR","potentialAction":[{"@type":"ReadAction","target":["https:\/\/www.africa-press.net\/cameroun\/politique\/attaque-armee-au-cameroun-fait-plusieurs-morts-et-blesses"]}]},{"@type":"ImageObject","inLanguage":"fr-FR","@id":"https:\/\/www.africa-press.net\/cameroun\/politique\/attaque-armee-au-cameroun-fait-plusieurs-morts-et-blesses#primaryimage","url":"https:\/\/static.africa-press.net\/cameroun\/sites\/57\/2026\/05\/sm_1777594948.142102.jpg","contentUrl":"https:\/\/static.africa-press.net\/cameroun\/sites\/57\/2026\/05\/sm_1777594948.142102.jpg","width":1024,"height":683,"caption":"Attaque Arm\u00e9e au Cameroun Fait plusieurs Morts et Bless\u00e9s"},{"@type":"BreadcrumbList","@id":"https:\/\/www.africa-press.net\/cameroun\/politique\/attaque-armee-au-cameroun-fait-plusieurs-morts-et-blesses#breadcrumb","itemListElement":[{"@type":"ListItem","position":1,"name":"Accueil","item":"https:\/\/www.africa-press.net\/cameroun\/"},{"@type":"ListItem","position":2,"name":"Attaque Arm\u00e9e au Cameroun Fait plusieurs Morts et Bless\u00e9s"}]},{"@type":"WebSite","@id":"https:\/\/www.africa-press.net\/cameroun\/#website","url":"https:\/\/www.africa-press.net\/cameroun\/","name":"Cameroun","description":"Just another Africa News Agency Sites site","potentialAction":[{"@type":"SearchAction","target":{"@type":"EntryPoint","urlTemplate":"https:\/\/www.africa-press.net\/cameroun\/?s={search_term_string}"},"query-input":{"@type":"PropertyValueSpecification","valueRequired":true,"valueName":"search_term_string"}}],"inLanguage":"fr-FR"},{"@type":"Person","@id":"https:\/\/www.africa-press.net\/cameroun\/#\/schema\/person\/2b1cf3cd81a31e3cd26889ca66d677f1","name":"cfeditorfr"}]}},"_links":{"self":[{"href":"https:\/\/www.africa-press.net\/cameroun\/wp-json\/wp\/v2\/posts\/104324","targetHints":{"allow":["GET"]}}],"collection":[{"href":"https:\/\/www.africa-press.net\/cameroun\/wp-json\/wp\/v2\/posts"}],"about":[{"href":"https:\/\/www.africa-press.net\/cameroun\/wp-json\/wp\/v2\/types\/post"}],"author":[{"embeddable":true,"href":"https:\/\/www.africa-press.net\/cameroun\/wp-json\/wp\/v2\/users\/82"}],"replies":[{"embeddable":true,"href":"https:\/\/www.africa-press.net\/cameroun\/wp-json\/wp\/v2\/comments?post=104324"}],"version-history":[{"count":1,"href":"https:\/\/www.africa-press.net\/cameroun\/wp-json\/wp\/v2\/posts\/104324\/revisions"}],"predecessor-version":[{"id":104327,"href":"https:\/\/www.africa-press.net\/cameroun\/wp-json\/wp\/v2\/posts\/104324\/revisions\/104327"}],"wp:featuredmedia":[{"embeddable":true,"href":"https:\/\/www.africa-press.net\/cameroun\/wp-json\/wp\/v2\/media\/104323"}],"wp:attachment":[{"href":"https:\/\/www.africa-press.net\/cameroun\/wp-json\/wp\/v2\/media?parent=104324"}],"wp:term":[{"taxonomy":"category","embeddable":true,"href":"https:\/\/www.africa-press.net\/cameroun\/wp-json\/wp\/v2\/categories?post=104324"},{"taxonomy":"post_tag","embeddable":true,"href":"https:\/\/www.africa-press.net\/cameroun\/wp-json\/wp\/v2\/tags?post=104324"}],"curies":[{"name":"wp","href":"https:\/\/api.w.org\/{rel}","templated":true}]}}