{"id":10487,"date":"2021-09-24T18:27:41","date_gmt":"2021-09-24T18:27:41","guid":{"rendered":"https:\/\/www.africa-press.net\/cameroun\/politique\/cameroun-rdpc-hamadou-sali-reelu-a-bogo"},"modified":"2021-09-24T20:30:53","modified_gmt":"2021-09-24T20:30:53","slug":"cameroun-rdpc-hamadou-sali-reelu-a-bogo","status":"publish","type":"post","link":"https:\/\/www.africa-press.net\/cameroun\/politique\/cameroun-rdpc-hamadou-sali-reelu-a-bogo","title":{"rendered":"Cameroun \u2013 Rdpc : Hamadou Sali r\u00e9\u00e9lu \u00e0 Bogo"},"content":{"rendered":"<p><span style=\"color: #ff6600\"><strong><a href=\"https:\/\/www.africa-press.net\/\">Africa-Press<\/a> &#8211; <a href=\"https:\/\/www.africa-press.net\/cameroun\">Cameroun<\/a>. <\/strong><\/span>Il a \u00e9t\u00e9 pl\u00e9biscit\u00e9 \u00e0 l\u2019issue des renouvellements des organes de bases du Rdpc dans ladite section. Il obtient plus 90% de voix.<\/p>\n<p>C\u2019est avec plus 90% de voix que l\u2019honorable Hamadou sali, a \u00e9t\u00e9 r\u00e9\u00e9lu au poste de pr\u00e9sident de la section Rdpc de Bogo, dans le d\u00e9partement du Diamar\u00e9. Selon les r\u00e9sultats encore provisoires, la liste conduite par le parlementaire a \u00e9t\u00e9 pl\u00e9biscit\u00e9e par les militants du rassemblement d\u00e9mocratique du peuple camerounais (Rdpc) dans la section de Bogo. Le scrutin supervis\u00e9 par Kamssouloum Abba Kabir, le pr\u00e9sident de la commission de contr\u00f4le et de supervision des renouvellements des organes de base du Rdpc dans le Diamar\u00e9 a eu lieu dans l\u2019ensemble des sous-sections. Le taux de participation s\u2019\u00e9l\u00e8ve \u00e0 plus de 95%. L\u2019unique liste conduite par Hamadou Sali, le pr\u00e9sident sortant de la section Rdpc est celle qui a re\u00e7u l\u2019onction des militants du parti de Paul Biya. \u00ab Nous avons reconduit la liste de l\u2019honorable Hamadou Sali parce que nous sommes satisfaits du travail qu\u2019il fait.<\/p>\n<p>Bogo est en train de devenir la vitrine de la r\u00e9gion de l\u2019Extr\u00eame-Nord. Bogo est le fief incontest\u00e9 du Rdpc. Et la mobilisation lors de renouvellement a permis \u00e0 le d\u00e9montrer \u00bb, a confi\u00e9 Moustapha, un militant du Rdpc. L\u2019engouement des jeunes du Rdpc de l\u2019arrondissement de Bogo est aussi la preuve de l\u2019engagement des populations de cette contr\u00e9e autour des id\u00e9aux du renouveau. \u00ab C\u2019est un contrat de confiance entre nous et la population. Aujourd\u2019hui, nous sommes tourn\u00e9s vers l\u2019\u00e9mergence \u00e0 Bogo. La formation des jeunes aux m\u00e9tiers de l\u2019agriculture, de l\u2019\u00e9levage moderne et surtout de l\u2019ing\u00e9nierie. Les femmes ne sont pas du reste. Elles sont notre priorit\u00e9 dans l\u2019arrondissement de Bogo \u00bb, a affirm\u00e9 Hamadou Sali, le pr\u00e9sident r\u00e9\u00e9lu de la section Rdpc de Bogo.<\/p>\n<p>Pour ce nouveau mandat, l\u2019\u00e9quipe conduite par Hamadou Sali a pour mission le recrutement de nouveau militant, le renforcement de l\u2019encadrement des populations sans distinction de parti politique, d\u2019ethnie et de religion. \u00ab Le vivre ensemble est d\u00e9j\u00e0 une r\u00e9alit\u00e9 \u00e0 Bogo. Nous voulons juste renforcer ce lien de fraternit\u00e9 et de camaraderie \u00bb, explique le pr\u00e9sident de la section Rdpc de Bogo. La lutte contre la pauvret\u00e9 est aussi l\u2019une des priorit\u00e9s de la nouvelle \u00e9quipe de dirigeants du parti de Paul Biya \u00e0 Bogo.<\/p>\n<p>\u00c0 l\u2019organisation des femmes du Rdpc de Bogo, il faudra compter avec Astadjouma Ndjidda. Elle est la coqueluche des femmes de Bogo. \u00ab Notre mandat est celui des jeunes et des femmes. Nous allons continuer \u00e0 accompagner le pr\u00e9sident de la section Rdpc et son \u00e9quipe pour des victoires. Bogo est la fille bien-aim\u00e9e du pr\u00e9sident Paul Biya \u00bb. Chez les jeunes du Rdpc, c\u2019est l\u2019unique liste conduite par Ousmanou Kary qui a \u00e9t\u00e9 aussi pl\u00e9biscit\u00e9 par les militants de la section de Bogo.<\/p>\n<p>Pour sa part l\u2019honorable Kamssouloum Abba Kabir, le pr\u00e9sident de la commission de contr\u00f4le et de supervision du renouvellement des organes de base du Rdpc dans le Diamar\u00e9 s\u2019est dit combl\u00e9 de la mobilisation des militants du Rdpc \u00e0 Bogo. \u00ab Nous sommes satisfaits de ce que nous avons vu ici \u00e0 Bogo. Nous \u00e9tions dans les localit\u00e9s de Nguinlaye, Balda et Kourdaya et dans l\u2019ensemble, aucun \u00e9clat de voix n\u2019a \u00e9t\u00e9 enregistr\u00e9. Les militants sont conscients de l\u2019importance de ces op\u00e9rations. Nous rendrons compte \u00e0 la hi\u00e9rarchie du parti de ce que nous avons vu ici \u00e0 Bogo \u00bb a d\u00e9clar\u00e9 Kamssouloum Abba Kabir, le pr\u00e9sident de la commission d\u00e9partementale du Diamar\u00e9.<\/p>\n","protected":false},"excerpt":{"rendered":"<p>Africa-Press &#8211; Cameroun. Il a \u00e9t\u00e9 pl\u00e9biscit\u00e9 \u00e0 l\u2019issue des renouvellements des organes de bases du Rdpc dans ladite section. Il obtient plus 90% de voix. C\u2019est avec plus 90% de voix que l\u2019honorable Hamadou sali, a \u00e9t\u00e9 r\u00e9\u00e9lu au poste de pr\u00e9sident de la section Rdpc de Bogo, dans le d\u00e9partement du Diamar\u00e9. Selon [&hellip;]<\/p>\n","protected":false},"author":82,"featured_media":10486,"comment_status":"open","ping_status":"closed","sticky":false,"template":"","format":"standard","meta":{"footnotes":""},"categories":[11,2,20,10],"tags":[36,50,49],"class_list":["post-10487","post","type-post","status-publish","format-standard","has-post-thumbnail","hentry","category-homepage-french","category-politique","category-top-nouvelles","category-toutes-les-actualites","tag-africa-press","tag-africa-press-cameroun","tag-cameroun"],"yoast_head":"<!-- This site is optimized with the Yoast SEO Premium plugin v26.1 (Yoast SEO v27.0) - https:\/\/yoast.com\/product\/yoast-seo-premium-wordpress\/ -->\n<title>Cameroun \u2013 Rdpc : Hamadou Sali r\u00e9\u00e9lu \u00e0 Bogo - Cameroun<\/title>\n<meta name=\"description\" content=\"Il a \u00e9t\u00e9 pl\u00e9biscit\u00e9 \u00e0 l\u2019issue des renouvellements des organes de bases du Rdpc dans ladite section. Il obtient plus 90% ...\" \/>\n<meta name=\"robots\" content=\"index, follow, max-snippet:-1, max-image-preview:large, max-video-preview:-1\" \/>\n<link rel=\"canonical\" href=\"https:\/\/www.africa-press.net\/cameroun\/politique\/cameroun-rdpc-hamadou-sali-reelu-a-bogo\" \/>\n<meta property=\"og:locale\" content=\"fr_FR\" \/>\n<meta property=\"og:type\" content=\"article\" \/>\n<meta property=\"og:title\" content=\"Cameroun \u2013 Rdpc : Hamadou Sali r\u00e9\u00e9lu \u00e0 Bogo\" \/>\n<meta property=\"og:description\" content=\"Il a \u00e9t\u00e9 pl\u00e9biscit\u00e9 \u00e0 l\u2019issue des renouvellements des organes de bases du Rdpc dans ladite section. Il obtient plus 90% ...\" \/>\n<meta property=\"og:url\" content=\"https:\/\/www.africa-press.net\/cameroun\/politique\/cameroun-rdpc-hamadou-sali-reelu-a-bogo\" \/>\n<meta property=\"og:site_name\" content=\"Cameroun\" \/>\n<meta property=\"article:published_time\" content=\"2021-09-24T18:27:41+00:00\" \/>\n<meta property=\"article:modified_time\" content=\"2021-09-24T20:30:53+00:00\" \/>\n<meta property=\"og:image\" content=\"https:\/\/static.africa-press.net\/cameroun\/sites\/57\/2021\/09\/img-614e3566afe09.jpg\" \/>\n\t<meta property=\"og:image:width\" content=\"720\" \/>\n\t<meta property=\"og:image:height\" content=\"358\" \/>\n\t<meta property=\"og:image:type\" content=\"image\/jpeg\" \/>\n<meta name=\"author\" content=\"cfeditorfr\" \/>\n<meta name=\"twitter:card\" content=\"summary_large_image\" \/>\n<meta name=\"twitter:label1\" content=\"\u00c9crit par\" \/>\n\t<meta name=\"twitter:data1\" content=\"cfeditorfr\" \/>\n\t<meta name=\"twitter:label2\" content=\"Dur\u00e9e de lecture estim\u00e9e\" \/>\n\t<meta name=\"twitter:data2\" content=\"3 minutes\" \/>\n<script type=\"application\/ld+json\" class=\"yoast-schema-graph\">{\"@context\":\"https:\/\/schema.org\",\"@graph\":[{\"@type\":\"Article\",\"@id\":\"https:\/\/www.africa-press.net\/cameroun\/politique\/cameroun-rdpc-hamadou-sali-reelu-a-bogo#article\",\"isPartOf\":{\"@id\":\"https:\/\/www.africa-press.net\/cameroun\/politique\/cameroun-rdpc-hamadou-sali-reelu-a-bogo\"},\"author\":{\"name\":\"cfeditorfr\",\"@id\":\"https:\/\/www.africa-press.net\/cameroun\/#\/schema\/person\/2b1cf3cd81a31e3cd26889ca66d677f1\"},\"headline\":\"Cameroun \u2013 Rdpc : Hamadou Sali r\u00e9\u00e9lu \u00e0 Bogo\",\"datePublished\":\"2021-09-24T18:27:41+00:00\",\"dateModified\":\"2021-09-24T20:30:53+00:00\",\"mainEntityOfPage\":{\"@id\":\"https:\/\/www.africa-press.net\/cameroun\/politique\/cameroun-rdpc-hamadou-sali-reelu-a-bogo\"},\"wordCount\":635,\"commentCount\":0,\"image\":{\"@id\":\"https:\/\/www.africa-press.net\/cameroun\/politique\/cameroun-rdpc-hamadou-sali-reelu-a-bogo#primaryimage\"},\"thumbnailUrl\":\"https:\/\/static.africa-press.net\/cameroun\/sites\/57\/2021\/09\/img-614e3566afe09.jpg\",\"keywords\":[\"Africa Press\",\"Africa Press-Cameroun\",\"Cameroun\"],\"articleSection\":[\"homepage-french\",\"Politique\",\"Top Nouvelles\",\"Toutes les actualit\u00e9s\"],\"inLanguage\":\"fr-FR\",\"potentialAction\":[{\"@type\":\"CommentAction\",\"name\":\"Comment\",\"target\":[\"https:\/\/www.africa-press.net\/cameroun\/politique\/cameroun-rdpc-hamadou-sali-reelu-a-bogo#respond\"]}]},{\"@type\":\"WebPage\",\"@id\":\"https:\/\/www.africa-press.net\/cameroun\/politique\/cameroun-rdpc-hamadou-sali-reelu-a-bogo\",\"url\":\"https:\/\/www.africa-press.net\/cameroun\/politique\/cameroun-rdpc-hamadou-sali-reelu-a-bogo\",\"name\":\"Cameroun \u2013 Rdpc : Hamadou Sali r\u00e9\u00e9lu \u00e0 Bogo - Cameroun\",\"isPartOf\":{\"@id\":\"https:\/\/www.africa-press.net\/cameroun\/#website\"},\"primaryImageOfPage\":{\"@id\":\"https:\/\/www.africa-press.net\/cameroun\/politique\/cameroun-rdpc-hamadou-sali-reelu-a-bogo#primaryimage\"},\"image\":{\"@id\":\"https:\/\/www.africa-press.net\/cameroun\/politique\/cameroun-rdpc-hamadou-sali-reelu-a-bogo#primaryimage\"},\"thumbnailUrl\":\"https:\/\/static.africa-press.net\/cameroun\/sites\/57\/2021\/09\/img-614e3566afe09.jpg\",\"datePublished\":\"2021-09-24T18:27:41+00:00\",\"dateModified\":\"2021-09-24T20:30:53+00:00\",\"author\":{\"@id\":\"https:\/\/www.africa-press.net\/cameroun\/#\/schema\/person\/2b1cf3cd81a31e3cd26889ca66d677f1\"},\"description\":\"Il a \u00e9t\u00e9 pl\u00e9biscit\u00e9 \u00e0 l\u2019issue des renouvellements des organes de bases du Rdpc dans ladite section. Il obtient plus 90% ...\",\"breadcrumb\":{\"@id\":\"https:\/\/www.africa-press.net\/cameroun\/politique\/cameroun-rdpc-hamadou-sali-reelu-a-bogo#breadcrumb\"},\"inLanguage\":\"fr-FR\",\"potentialAction\":[{\"@type\":\"ReadAction\",\"target\":[\"https:\/\/www.africa-press.net\/cameroun\/politique\/cameroun-rdpc-hamadou-sali-reelu-a-bogo\"]}]},{\"@type\":\"ImageObject\",\"inLanguage\":\"fr-FR\",\"@id\":\"https:\/\/www.africa-press.net\/cameroun\/politique\/cameroun-rdpc-hamadou-sali-reelu-a-bogo#primaryimage\",\"url\":\"https:\/\/static.africa-press.net\/cameroun\/sites\/57\/2021\/09\/img-614e3566afe09.jpg\",\"contentUrl\":\"https:\/\/static.africa-press.net\/cameroun\/sites\/57\/2021\/09\/img-614e3566afe09.jpg\",\"width\":720,\"height\":358,\"caption\":\"Cameroun \u2013 Rdpc : Hamadou Sali r\u00e9\u00e9lu \u00e0 Bogo\"},{\"@type\":\"BreadcrumbList\",\"@id\":\"https:\/\/www.africa-press.net\/cameroun\/politique\/cameroun-rdpc-hamadou-sali-reelu-a-bogo#breadcrumb\",\"itemListElement\":[{\"@type\":\"ListItem\",\"position\":1,\"name\":\"Accueil\",\"item\":\"https:\/\/www.africa-press.net\/cameroun\/\"},{\"@type\":\"ListItem\",\"position\":2,\"name\":\"Cameroun \u2013 Rdpc : Hamadou Sali r\u00e9\u00e9lu \u00e0 Bogo\"}]},{\"@type\":\"WebSite\",\"@id\":\"https:\/\/www.africa-press.net\/cameroun\/#website\",\"url\":\"https:\/\/www.africa-press.net\/cameroun\/\",\"name\":\"Cameroun\",\"description\":\"Just another Africa News Agency Sites site\",\"potentialAction\":[{\"@type\":\"SearchAction\",\"target\":{\"@type\":\"EntryPoint\",\"urlTemplate\":\"https:\/\/www.africa-press.net\/cameroun\/?s={search_term_string}\"},\"query-input\":{\"@type\":\"PropertyValueSpecification\",\"valueRequired\":true,\"valueName\":\"search_term_string\"}}],\"inLanguage\":\"fr-FR\"},{\"@type\":\"Person\",\"@id\":\"https:\/\/www.africa-press.net\/cameroun\/#\/schema\/person\/2b1cf3cd81a31e3cd26889ca66d677f1\",\"name\":\"cfeditorfr\"}]}<\/script>\n<!-- \/ Yoast SEO Premium plugin. -->","yoast_head_json":{"title":"Cameroun \u2013 Rdpc : Hamadou Sali r\u00e9\u00e9lu \u00e0 Bogo - Cameroun","description":"Il a \u00e9t\u00e9 pl\u00e9biscit\u00e9 \u00e0 l\u2019issue des renouvellements des organes de bases du Rdpc dans ladite section. Il obtient plus 90% ...","robots":{"index":"index","follow":"follow","max-snippet":"max-snippet:-1","max-image-preview":"max-image-preview:large","max-video-preview":"max-video-preview:-1"},"canonical":"https:\/\/www.africa-press.net\/cameroun\/politique\/cameroun-rdpc-hamadou-sali-reelu-a-bogo","og_locale":"fr_FR","og_type":"article","og_title":"Cameroun \u2013 Rdpc : Hamadou Sali r\u00e9\u00e9lu \u00e0 Bogo","og_description":"Il a \u00e9t\u00e9 pl\u00e9biscit\u00e9 \u00e0 l\u2019issue des renouvellements des organes de bases du Rdpc dans ladite section. Il obtient plus 90% ...","og_url":"https:\/\/www.africa-press.net\/cameroun\/politique\/cameroun-rdpc-hamadou-sali-reelu-a-bogo","og_site_name":"Cameroun","article_published_time":"2021-09-24T18:27:41+00:00","article_modified_time":"2021-09-24T20:30:53+00:00","og_image":[{"width":720,"height":358,"url":"https:\/\/static.africa-press.net\/cameroun\/sites\/57\/2021\/09\/img-614e3566afe09.jpg","type":"image\/jpeg"}],"author":"cfeditorfr","twitter_card":"summary_large_image","twitter_misc":{"\u00c9crit par":"cfeditorfr","Dur\u00e9e de lecture estim\u00e9e":"3 minutes"},"schema":{"@context":"https:\/\/schema.org","@graph":[{"@type":"Article","@id":"https:\/\/www.africa-press.net\/cameroun\/politique\/cameroun-rdpc-hamadou-sali-reelu-a-bogo#article","isPartOf":{"@id":"https:\/\/www.africa-press.net\/cameroun\/politique\/cameroun-rdpc-hamadou-sali-reelu-a-bogo"},"author":{"name":"cfeditorfr","@id":"https:\/\/www.africa-press.net\/cameroun\/#\/schema\/person\/2b1cf3cd81a31e3cd26889ca66d677f1"},"headline":"Cameroun \u2013 Rdpc : Hamadou Sali r\u00e9\u00e9lu \u00e0 Bogo","datePublished":"2021-09-24T18:27:41+00:00","dateModified":"2021-09-24T20:30:53+00:00","mainEntityOfPage":{"@id":"https:\/\/www.africa-press.net\/cameroun\/politique\/cameroun-rdpc-hamadou-sali-reelu-a-bogo"},"wordCount":635,"commentCount":0,"image":{"@id":"https:\/\/www.africa-press.net\/cameroun\/politique\/cameroun-rdpc-hamadou-sali-reelu-a-bogo#primaryimage"},"thumbnailUrl":"https:\/\/static.africa-press.net\/cameroun\/sites\/57\/2021\/09\/img-614e3566afe09.jpg","keywords":["Africa Press","Africa Press-Cameroun","Cameroun"],"articleSection":["homepage-french","Politique","Top Nouvelles","Toutes les actualit\u00e9s"],"inLanguage":"fr-FR","potentialAction":[{"@type":"CommentAction","name":"Comment","target":["https:\/\/www.africa-press.net\/cameroun\/politique\/cameroun-rdpc-hamadou-sali-reelu-a-bogo#respond"]}]},{"@type":"WebPage","@id":"https:\/\/www.africa-press.net\/cameroun\/politique\/cameroun-rdpc-hamadou-sali-reelu-a-bogo","url":"https:\/\/www.africa-press.net\/cameroun\/politique\/cameroun-rdpc-hamadou-sali-reelu-a-bogo","name":"Cameroun \u2013 Rdpc : Hamadou Sali r\u00e9\u00e9lu \u00e0 Bogo - Cameroun","isPartOf":{"@id":"https:\/\/www.africa-press.net\/cameroun\/#website"},"primaryImageOfPage":{"@id":"https:\/\/www.africa-press.net\/cameroun\/politique\/cameroun-rdpc-hamadou-sali-reelu-a-bogo#primaryimage"},"image":{"@id":"https:\/\/www.africa-press.net\/cameroun\/politique\/cameroun-rdpc-hamadou-sali-reelu-a-bogo#primaryimage"},"thumbnailUrl":"https:\/\/static.africa-press.net\/cameroun\/sites\/57\/2021\/09\/img-614e3566afe09.jpg","datePublished":"2021-09-24T18:27:41+00:00","dateModified":"2021-09-24T20:30:53+00:00","author":{"@id":"https:\/\/www.africa-press.net\/cameroun\/#\/schema\/person\/2b1cf3cd81a31e3cd26889ca66d677f1"},"description":"Il a \u00e9t\u00e9 pl\u00e9biscit\u00e9 \u00e0 l\u2019issue des renouvellements des organes de bases du Rdpc dans ladite section. Il obtient plus 90% ...","breadcrumb":{"@id":"https:\/\/www.africa-press.net\/cameroun\/politique\/cameroun-rdpc-hamadou-sali-reelu-a-bogo#breadcrumb"},"inLanguage":"fr-FR","potentialAction":[{"@type":"ReadAction","target":["https:\/\/www.africa-press.net\/cameroun\/politique\/cameroun-rdpc-hamadou-sali-reelu-a-bogo"]}]},{"@type":"ImageObject","inLanguage":"fr-FR","@id":"https:\/\/www.africa-press.net\/cameroun\/politique\/cameroun-rdpc-hamadou-sali-reelu-a-bogo#primaryimage","url":"https:\/\/static.africa-press.net\/cameroun\/sites\/57\/2021\/09\/img-614e3566afe09.jpg","contentUrl":"https:\/\/static.africa-press.net\/cameroun\/sites\/57\/2021\/09\/img-614e3566afe09.jpg","width":720,"height":358,"caption":"Cameroun \u2013 Rdpc : Hamadou Sali r\u00e9\u00e9lu \u00e0 Bogo"},{"@type":"BreadcrumbList","@id":"https:\/\/www.africa-press.net\/cameroun\/politique\/cameroun-rdpc-hamadou-sali-reelu-a-bogo#breadcrumb","itemListElement":[{"@type":"ListItem","position":1,"name":"Accueil","item":"https:\/\/www.africa-press.net\/cameroun\/"},{"@type":"ListItem","position":2,"name":"Cameroun \u2013 Rdpc : Hamadou Sali r\u00e9\u00e9lu \u00e0 Bogo"}]},{"@type":"WebSite","@id":"https:\/\/www.africa-press.net\/cameroun\/#website","url":"https:\/\/www.africa-press.net\/cameroun\/","name":"Cameroun","description":"Just another Africa News Agency Sites site","potentialAction":[{"@type":"SearchAction","target":{"@type":"EntryPoint","urlTemplate":"https:\/\/www.africa-press.net\/cameroun\/?s={search_term_string}"},"query-input":{"@type":"PropertyValueSpecification","valueRequired":true,"valueName":"search_term_string"}}],"inLanguage":"fr-FR"},{"@type":"Person","@id":"https:\/\/www.africa-press.net\/cameroun\/#\/schema\/person\/2b1cf3cd81a31e3cd26889ca66d677f1","name":"cfeditorfr"}]}},"_links":{"self":[{"href":"https:\/\/www.africa-press.net\/cameroun\/wp-json\/wp\/v2\/posts\/10487","targetHints":{"allow":["GET"]}}],"collection":[{"href":"https:\/\/www.africa-press.net\/cameroun\/wp-json\/wp\/v2\/posts"}],"about":[{"href":"https:\/\/www.africa-press.net\/cameroun\/wp-json\/wp\/v2\/types\/post"}],"author":[{"embeddable":true,"href":"https:\/\/www.africa-press.net\/cameroun\/wp-json\/wp\/v2\/users\/82"}],"replies":[{"embeddable":true,"href":"https:\/\/www.africa-press.net\/cameroun\/wp-json\/wp\/v2\/comments?post=10487"}],"version-history":[{"count":0,"href":"https:\/\/www.africa-press.net\/cameroun\/wp-json\/wp\/v2\/posts\/10487\/revisions"}],"wp:featuredmedia":[{"embeddable":true,"href":"https:\/\/www.africa-press.net\/cameroun\/wp-json\/wp\/v2\/media\/10486"}],"wp:attachment":[{"href":"https:\/\/www.africa-press.net\/cameroun\/wp-json\/wp\/v2\/media?parent=10487"}],"wp:term":[{"taxonomy":"category","embeddable":true,"href":"https:\/\/www.africa-press.net\/cameroun\/wp-json\/wp\/v2\/categories?post=10487"},{"taxonomy":"post_tag","embeddable":true,"href":"https:\/\/www.africa-press.net\/cameroun\/wp-json\/wp\/v2\/tags?post=10487"}],"curies":[{"name":"wp","href":"https:\/\/api.w.org\/{rel}","templated":true}]}}