{"id":1071,"date":"2021-03-17T00:22:33","date_gmt":"2021-03-17T00:22:33","guid":{"rendered":"https:\/\/www.africa-press.net\/cameroun\/?p=1071"},"modified":"2021-03-17T00:34:46","modified_gmt":"2021-03-17T00:34:46","slug":"cameroun-crise-anglophone-le-canada-denonce-les-exactions-contre-les-civils-dans-le-nord-ouest-et-le-sud-ouest","status":"publish","type":"post","link":"https:\/\/www.africa-press.net\/cameroun\/politique\/cameroun-crise-anglophone-le-canada-denonce-les-exactions-contre-les-civils-dans-le-nord-ouest-et-le-sud-ouest","title":{"rendered":"Crise anglophone: Le Canada d\u00e9nonce les exactions contre les civils dans le Nord-Ouest et le Sud-Ouest"},"content":{"rendered":"<p><span style=\"color: #ff6600\"><strong><a href=\"https:\/\/www.africa-press.net\/\">Africa-Press<\/a> &#8211; <a href=\"https:\/\/www.africa-press.net\/cameroun\">Cameroun<\/a>. <\/strong><\/span>Dans ses deux r\u00e9cents rapports sur la situation de crise dans les r\u00e9gions du Nord-Ouest et du Sud-Ouest, l\u2019ONG Human Rights Watch (HRW) accuse les forces de d\u00e9fense et de s\u00e9curit\u00e9 camerounaises de viol et d\u2019assassinat de civils d\u2019une part, et les groupes arm\u00e9s s\u00e9paratistes d\u2019enl\u00e8vements et de tous types d\u2019exactions sur des populations innocentes d\u2019autre part.<\/p>\n<p>Le Canada a r\u00e9agi \u00e0 la suite de la publication de ces rapports, \u00e0 travers sa repr\u00e9sentation diplomatique au Cameroun. Ce pays d\u2019Am\u00e9rique du Nord se dit \u00abpr\u00e9occup\u00e9 par le rapport de HRW sur la flamb\u00e9e des violences dans le NOSO (Nord-Ouest et Sud-Ouest, NDLR) du Cameroun avec des enl\u00e8vements et des meurtres attribu\u00e9s aux s\u00e9paratistes arm\u00e9s. Le Canada d\u00e9nonce tous les abus contre les civils au NOSO, quel que soit l&rsquo;auteur\u00bb, lit-on dans un message publi\u00e9 ce mardi 16 mars 2021 sur le compte Twitter du Haut-Commissariat du Canada \u00e0 Yaound\u00e9.<\/p>\n<p>HRW n\u2019a eu de cesse de pr\u00e9coniser dans ses diff\u00e9rents rapports que le Conseil de s\u00e9curit\u00e9 de l\u2019ONU et les partenaires internationaux du Cameroun montent d\u00e9cidemment au cr\u00e9neau. Ils \u00abdevraient faire comprendre aux dirigeants s\u00e9paratistes que ces crimes ont des cons\u00e9quences, notamment en imposant des sanctions cibl\u00e9es, telles que l\u2019interdiction de voyager et le gel des avoirs, \u00e0 tous ceux dont la responsabilit\u00e9 est \u00e9tablie dans ces exactions\u00bb plaide l\u2019organisation non gouvernementale.<\/p>\n<p>L\u2019une des derni\u00e8res victimes des s\u00e9paratistes est la journaliste Fame Bonyuy Ayisse, en service \u00e0 la station r\u00e9gionale de la Cameroon Radio Television (CRTV) au Sud-Ouest. Elle a \u00e9t\u00e9 enlev\u00e9e le samedi 13 mars 2021, puis lib\u00e9r\u00e9e le lundi 15 mars 2021 apr\u00e8s deux jours de captivit\u00e9.<\/p>\n","protected":false},"excerpt":{"rendered":"<p>Africa-Press &#8211; Cameroun. Dans ses deux r\u00e9cents rapports sur la situation de crise dans les r\u00e9gions du Nord-Ouest et du Sud-Ouest, l\u2019ONG Human Rights Watch (HRW) accuse les forces de d\u00e9fense et de s\u00e9curit\u00e9 camerounaises de viol et d\u2019assassinat de civils d\u2019une part, et les groupes arm\u00e9s s\u00e9paratistes d\u2019enl\u00e8vements et de tous types d\u2019exactions sur [&hellip;]<\/p>\n","protected":false},"author":82,"featured_media":1070,"comment_status":"open","ping_status":"closed","sticky":false,"template":"","format":"standard","meta":{"footnotes":""},"categories":[11,2,10],"tags":[36,50,49],"class_list":["post-1071","post","type-post","status-publish","format-standard","has-post-thumbnail","hentry","category-homepage-french","category-politique","category-toutes-les-actualites","tag-africa-press","tag-africa-press-cameroun","tag-cameroun"],"yoast_head":"<!-- This site is optimized with the Yoast SEO Premium plugin v26.1 (Yoast SEO v27.0) - https:\/\/yoast.com\/product\/yoast-seo-premium-wordpress\/ -->\n<title>Crise anglophone: Le Canada d\u00e9nonce les exactions contre les civils dans le Nord-Ouest et le Sud-Ouest - Cameroun<\/title>\n<meta name=\"description\" content=\"Dans ses deux r\u00e9cents rapports sur la situation de crise dans les r\u00e9gions du Nord-Ouest et du Sud-Ouest, l\u2019ONG Human Rig ...\" \/>\n<meta name=\"robots\" content=\"index, follow, max-snippet:-1, max-image-preview:large, max-video-preview:-1\" \/>\n<link rel=\"canonical\" href=\"https:\/\/www.africa-press.net\/cameroun\/politique\/cameroun-crise-anglophone-le-canada-denonce-les-exactions-contre-les-civils-dans-le-nord-ouest-et-le-sud-ouest\" \/>\n<meta property=\"og:locale\" content=\"fr_FR\" \/>\n<meta property=\"og:type\" content=\"article\" \/>\n<meta property=\"og:title\" content=\"Crise anglophone: Le Canada d\u00e9nonce les exactions contre les civils dans le Nord-Ouest et le Sud-Ouest\" \/>\n<meta property=\"og:description\" content=\"Dans ses deux r\u00e9cents rapports sur la situation de crise dans les r\u00e9gions du Nord-Ouest et du Sud-Ouest, l\u2019ONG Human Rig ...\" \/>\n<meta property=\"og:url\" content=\"https:\/\/www.africa-press.net\/cameroun\/politique\/cameroun-crise-anglophone-le-canada-denonce-les-exactions-contre-les-civils-dans-le-nord-ouest-et-le-sud-ouest\" \/>\n<meta property=\"og:site_name\" content=\"Cameroun\" \/>\n<meta property=\"article:published_time\" content=\"2021-03-17T00:22:33+00:00\" \/>\n<meta property=\"article:modified_time\" content=\"2021-03-17T00:34:46+00:00\" \/>\n<meta property=\"og:image\" content=\"https:\/\/static.africa-press.net\/cameroun\/sites\/57\/2021\/03\/img-605145e28ed84.jpg\" \/>\n\t<meta property=\"og:image:width\" content=\"800\" \/>\n\t<meta property=\"og:image:height\" content=\"513\" \/>\n\t<meta property=\"og:image:type\" content=\"image\/jpeg\" \/>\n<meta name=\"author\" content=\"cfeditorfr\" \/>\n<meta name=\"twitter:card\" content=\"summary_large_image\" \/>\n<meta name=\"twitter:label1\" content=\"\u00c9crit par\" \/>\n\t<meta name=\"twitter:data1\" content=\"cfeditorfr\" \/>\n\t<meta name=\"twitter:label2\" content=\"Dur\u00e9e de lecture estim\u00e9e\" \/>\n\t<meta name=\"twitter:data2\" content=\"2 minutes\" \/>\n<script type=\"application\/ld+json\" class=\"yoast-schema-graph\">{\"@context\":\"https:\/\/schema.org\",\"@graph\":[{\"@type\":\"Article\",\"@id\":\"https:\/\/www.africa-press.net\/cameroun\/politique\/cameroun-crise-anglophone-le-canada-denonce-les-exactions-contre-les-civils-dans-le-nord-ouest-et-le-sud-ouest#article\",\"isPartOf\":{\"@id\":\"https:\/\/www.africa-press.net\/cameroun\/politique\/cameroun-crise-anglophone-le-canada-denonce-les-exactions-contre-les-civils-dans-le-nord-ouest-et-le-sud-ouest\"},\"author\":{\"name\":\"cfeditorfr\",\"@id\":\"https:\/\/www.africa-press.net\/cameroun\/#\/schema\/person\/2b1cf3cd81a31e3cd26889ca66d677f1\"},\"headline\":\"Crise anglophone: Le Canada d\u00e9nonce les exactions contre les civils dans le Nord-Ouest et le Sud-Ouest\",\"datePublished\":\"2021-03-17T00:22:33+00:00\",\"dateModified\":\"2021-03-17T00:34:46+00:00\",\"mainEntityOfPage\":{\"@id\":\"https:\/\/www.africa-press.net\/cameroun\/politique\/cameroun-crise-anglophone-le-canada-denonce-les-exactions-contre-les-civils-dans-le-nord-ouest-et-le-sud-ouest\"},\"wordCount\":322,\"commentCount\":0,\"image\":{\"@id\":\"https:\/\/www.africa-press.net\/cameroun\/politique\/cameroun-crise-anglophone-le-canada-denonce-les-exactions-contre-les-civils-dans-le-nord-ouest-et-le-sud-ouest#primaryimage\"},\"thumbnailUrl\":\"https:\/\/static.africa-press.net\/cameroun\/sites\/57\/2021\/03\/img-605145e28ed84.jpg\",\"keywords\":[\"Africa Press\",\"Africa Press-Cameroun\",\"Cameroun\"],\"articleSection\":[\"homepage-french\",\"Politique\",\"Toutes les actualit\u00e9s\"],\"inLanguage\":\"fr-FR\",\"potentialAction\":[{\"@type\":\"CommentAction\",\"name\":\"Comment\",\"target\":[\"https:\/\/www.africa-press.net\/cameroun\/politique\/cameroun-crise-anglophone-le-canada-denonce-les-exactions-contre-les-civils-dans-le-nord-ouest-et-le-sud-ouest#respond\"]}]},{\"@type\":\"WebPage\",\"@id\":\"https:\/\/www.africa-press.net\/cameroun\/politique\/cameroun-crise-anglophone-le-canada-denonce-les-exactions-contre-les-civils-dans-le-nord-ouest-et-le-sud-ouest\",\"url\":\"https:\/\/www.africa-press.net\/cameroun\/politique\/cameroun-crise-anglophone-le-canada-denonce-les-exactions-contre-les-civils-dans-le-nord-ouest-et-le-sud-ouest\",\"name\":\"Crise anglophone: Le Canada d\u00e9nonce les exactions contre les civils dans le Nord-Ouest et le Sud-Ouest - Cameroun\",\"isPartOf\":{\"@id\":\"https:\/\/www.africa-press.net\/cameroun\/#website\"},\"primaryImageOfPage\":{\"@id\":\"https:\/\/www.africa-press.net\/cameroun\/politique\/cameroun-crise-anglophone-le-canada-denonce-les-exactions-contre-les-civils-dans-le-nord-ouest-et-le-sud-ouest#primaryimage\"},\"image\":{\"@id\":\"https:\/\/www.africa-press.net\/cameroun\/politique\/cameroun-crise-anglophone-le-canada-denonce-les-exactions-contre-les-civils-dans-le-nord-ouest-et-le-sud-ouest#primaryimage\"},\"thumbnailUrl\":\"https:\/\/static.africa-press.net\/cameroun\/sites\/57\/2021\/03\/img-605145e28ed84.jpg\",\"datePublished\":\"2021-03-17T00:22:33+00:00\",\"dateModified\":\"2021-03-17T00:34:46+00:00\",\"author\":{\"@id\":\"https:\/\/www.africa-press.net\/cameroun\/#\/schema\/person\/2b1cf3cd81a31e3cd26889ca66d677f1\"},\"description\":\"Dans ses deux r\u00e9cents rapports sur la situation de crise dans les r\u00e9gions du Nord-Ouest et du Sud-Ouest, l\u2019ONG Human Rig ...\",\"breadcrumb\":{\"@id\":\"https:\/\/www.africa-press.net\/cameroun\/politique\/cameroun-crise-anglophone-le-canada-denonce-les-exactions-contre-les-civils-dans-le-nord-ouest-et-le-sud-ouest#breadcrumb\"},\"inLanguage\":\"fr-FR\",\"potentialAction\":[{\"@type\":\"ReadAction\",\"target\":[\"https:\/\/www.africa-press.net\/cameroun\/politique\/cameroun-crise-anglophone-le-canada-denonce-les-exactions-contre-les-civils-dans-le-nord-ouest-et-le-sud-ouest\"]}]},{\"@type\":\"ImageObject\",\"inLanguage\":\"fr-FR\",\"@id\":\"https:\/\/www.africa-press.net\/cameroun\/politique\/cameroun-crise-anglophone-le-canada-denonce-les-exactions-contre-les-civils-dans-le-nord-ouest-et-le-sud-ouest#primaryimage\",\"url\":\"https:\/\/static.africa-press.net\/cameroun\/sites\/57\/2021\/03\/img-605145e28ed84.jpg\",\"contentUrl\":\"https:\/\/static.africa-press.net\/cameroun\/sites\/57\/2021\/03\/img-605145e28ed84.jpg\",\"width\":800,\"height\":513,\"caption\":\"Cameroun - Crise anglophone: Le Canada d\u00e9nonce les exactions contre les civils dans le Nord-Ouest et le Sud-Ouest\"},{\"@type\":\"BreadcrumbList\",\"@id\":\"https:\/\/www.africa-press.net\/cameroun\/politique\/cameroun-crise-anglophone-le-canada-denonce-les-exactions-contre-les-civils-dans-le-nord-ouest-et-le-sud-ouest#breadcrumb\",\"itemListElement\":[{\"@type\":\"ListItem\",\"position\":1,\"name\":\"Accueil\",\"item\":\"https:\/\/www.africa-press.net\/cameroun\/\"},{\"@type\":\"ListItem\",\"position\":2,\"name\":\"Crise anglophone: Le Canada d\u00e9nonce les exactions contre les civils dans le Nord-Ouest et le Sud-Ouest\"}]},{\"@type\":\"WebSite\",\"@id\":\"https:\/\/www.africa-press.net\/cameroun\/#website\",\"url\":\"https:\/\/www.africa-press.net\/cameroun\/\",\"name\":\"Cameroun\",\"description\":\"Just another Africa News Agency Sites site\",\"potentialAction\":[{\"@type\":\"SearchAction\",\"target\":{\"@type\":\"EntryPoint\",\"urlTemplate\":\"https:\/\/www.africa-press.net\/cameroun\/?s={search_term_string}\"},\"query-input\":{\"@type\":\"PropertyValueSpecification\",\"valueRequired\":true,\"valueName\":\"search_term_string\"}}],\"inLanguage\":\"fr-FR\"},{\"@type\":\"Person\",\"@id\":\"https:\/\/www.africa-press.net\/cameroun\/#\/schema\/person\/2b1cf3cd81a31e3cd26889ca66d677f1\",\"name\":\"cfeditorfr\"}]}<\/script>\n<!-- \/ Yoast SEO Premium plugin. -->","yoast_head_json":{"title":"Crise anglophone: Le Canada d\u00e9nonce les exactions contre les civils dans le Nord-Ouest et le Sud-Ouest - Cameroun","description":"Dans ses deux r\u00e9cents rapports sur la situation de crise dans les r\u00e9gions du Nord-Ouest et du Sud-Ouest, l\u2019ONG Human Rig ...","robots":{"index":"index","follow":"follow","max-snippet":"max-snippet:-1","max-image-preview":"max-image-preview:large","max-video-preview":"max-video-preview:-1"},"canonical":"https:\/\/www.africa-press.net\/cameroun\/politique\/cameroun-crise-anglophone-le-canada-denonce-les-exactions-contre-les-civils-dans-le-nord-ouest-et-le-sud-ouest","og_locale":"fr_FR","og_type":"article","og_title":"Crise anglophone: Le Canada d\u00e9nonce les exactions contre les civils dans le Nord-Ouest et le Sud-Ouest","og_description":"Dans ses deux r\u00e9cents rapports sur la situation de crise dans les r\u00e9gions du Nord-Ouest et du Sud-Ouest, l\u2019ONG Human Rig ...","og_url":"https:\/\/www.africa-press.net\/cameroun\/politique\/cameroun-crise-anglophone-le-canada-denonce-les-exactions-contre-les-civils-dans-le-nord-ouest-et-le-sud-ouest","og_site_name":"Cameroun","article_published_time":"2021-03-17T00:22:33+00:00","article_modified_time":"2021-03-17T00:34:46+00:00","og_image":[{"width":800,"height":513,"url":"https:\/\/static.africa-press.net\/cameroun\/sites\/57\/2021\/03\/img-605145e28ed84.jpg","type":"image\/jpeg"}],"author":"cfeditorfr","twitter_card":"summary_large_image","twitter_misc":{"\u00c9crit par":"cfeditorfr","Dur\u00e9e de lecture estim\u00e9e":"2 minutes"},"schema":{"@context":"https:\/\/schema.org","@graph":[{"@type":"Article","@id":"https:\/\/www.africa-press.net\/cameroun\/politique\/cameroun-crise-anglophone-le-canada-denonce-les-exactions-contre-les-civils-dans-le-nord-ouest-et-le-sud-ouest#article","isPartOf":{"@id":"https:\/\/www.africa-press.net\/cameroun\/politique\/cameroun-crise-anglophone-le-canada-denonce-les-exactions-contre-les-civils-dans-le-nord-ouest-et-le-sud-ouest"},"author":{"name":"cfeditorfr","@id":"https:\/\/www.africa-press.net\/cameroun\/#\/schema\/person\/2b1cf3cd81a31e3cd26889ca66d677f1"},"headline":"Crise anglophone: Le Canada d\u00e9nonce les exactions contre les civils dans le Nord-Ouest et le Sud-Ouest","datePublished":"2021-03-17T00:22:33+00:00","dateModified":"2021-03-17T00:34:46+00:00","mainEntityOfPage":{"@id":"https:\/\/www.africa-press.net\/cameroun\/politique\/cameroun-crise-anglophone-le-canada-denonce-les-exactions-contre-les-civils-dans-le-nord-ouest-et-le-sud-ouest"},"wordCount":322,"commentCount":0,"image":{"@id":"https:\/\/www.africa-press.net\/cameroun\/politique\/cameroun-crise-anglophone-le-canada-denonce-les-exactions-contre-les-civils-dans-le-nord-ouest-et-le-sud-ouest#primaryimage"},"thumbnailUrl":"https:\/\/static.africa-press.net\/cameroun\/sites\/57\/2021\/03\/img-605145e28ed84.jpg","keywords":["Africa Press","Africa Press-Cameroun","Cameroun"],"articleSection":["homepage-french","Politique","Toutes les actualit\u00e9s"],"inLanguage":"fr-FR","potentialAction":[{"@type":"CommentAction","name":"Comment","target":["https:\/\/www.africa-press.net\/cameroun\/politique\/cameroun-crise-anglophone-le-canada-denonce-les-exactions-contre-les-civils-dans-le-nord-ouest-et-le-sud-ouest#respond"]}]},{"@type":"WebPage","@id":"https:\/\/www.africa-press.net\/cameroun\/politique\/cameroun-crise-anglophone-le-canada-denonce-les-exactions-contre-les-civils-dans-le-nord-ouest-et-le-sud-ouest","url":"https:\/\/www.africa-press.net\/cameroun\/politique\/cameroun-crise-anglophone-le-canada-denonce-les-exactions-contre-les-civils-dans-le-nord-ouest-et-le-sud-ouest","name":"Crise anglophone: Le Canada d\u00e9nonce les exactions contre les civils dans le Nord-Ouest et le Sud-Ouest - Cameroun","isPartOf":{"@id":"https:\/\/www.africa-press.net\/cameroun\/#website"},"primaryImageOfPage":{"@id":"https:\/\/www.africa-press.net\/cameroun\/politique\/cameroun-crise-anglophone-le-canada-denonce-les-exactions-contre-les-civils-dans-le-nord-ouest-et-le-sud-ouest#primaryimage"},"image":{"@id":"https:\/\/www.africa-press.net\/cameroun\/politique\/cameroun-crise-anglophone-le-canada-denonce-les-exactions-contre-les-civils-dans-le-nord-ouest-et-le-sud-ouest#primaryimage"},"thumbnailUrl":"https:\/\/static.africa-press.net\/cameroun\/sites\/57\/2021\/03\/img-605145e28ed84.jpg","datePublished":"2021-03-17T00:22:33+00:00","dateModified":"2021-03-17T00:34:46+00:00","author":{"@id":"https:\/\/www.africa-press.net\/cameroun\/#\/schema\/person\/2b1cf3cd81a31e3cd26889ca66d677f1"},"description":"Dans ses deux r\u00e9cents rapports sur la situation de crise dans les r\u00e9gions du Nord-Ouest et du Sud-Ouest, l\u2019ONG Human Rig ...","breadcrumb":{"@id":"https:\/\/www.africa-press.net\/cameroun\/politique\/cameroun-crise-anglophone-le-canada-denonce-les-exactions-contre-les-civils-dans-le-nord-ouest-et-le-sud-ouest#breadcrumb"},"inLanguage":"fr-FR","potentialAction":[{"@type":"ReadAction","target":["https:\/\/www.africa-press.net\/cameroun\/politique\/cameroun-crise-anglophone-le-canada-denonce-les-exactions-contre-les-civils-dans-le-nord-ouest-et-le-sud-ouest"]}]},{"@type":"ImageObject","inLanguage":"fr-FR","@id":"https:\/\/www.africa-press.net\/cameroun\/politique\/cameroun-crise-anglophone-le-canada-denonce-les-exactions-contre-les-civils-dans-le-nord-ouest-et-le-sud-ouest#primaryimage","url":"https:\/\/static.africa-press.net\/cameroun\/sites\/57\/2021\/03\/img-605145e28ed84.jpg","contentUrl":"https:\/\/static.africa-press.net\/cameroun\/sites\/57\/2021\/03\/img-605145e28ed84.jpg","width":800,"height":513,"caption":"Cameroun - Crise anglophone: Le Canada d\u00e9nonce les exactions contre les civils dans le Nord-Ouest et le Sud-Ouest"},{"@type":"BreadcrumbList","@id":"https:\/\/www.africa-press.net\/cameroun\/politique\/cameroun-crise-anglophone-le-canada-denonce-les-exactions-contre-les-civils-dans-le-nord-ouest-et-le-sud-ouest#breadcrumb","itemListElement":[{"@type":"ListItem","position":1,"name":"Accueil","item":"https:\/\/www.africa-press.net\/cameroun\/"},{"@type":"ListItem","position":2,"name":"Crise anglophone: Le Canada d\u00e9nonce les exactions contre les civils dans le Nord-Ouest et le Sud-Ouest"}]},{"@type":"WebSite","@id":"https:\/\/www.africa-press.net\/cameroun\/#website","url":"https:\/\/www.africa-press.net\/cameroun\/","name":"Cameroun","description":"Just another Africa News Agency Sites site","potentialAction":[{"@type":"SearchAction","target":{"@type":"EntryPoint","urlTemplate":"https:\/\/www.africa-press.net\/cameroun\/?s={search_term_string}"},"query-input":{"@type":"PropertyValueSpecification","valueRequired":true,"valueName":"search_term_string"}}],"inLanguage":"fr-FR"},{"@type":"Person","@id":"https:\/\/www.africa-press.net\/cameroun\/#\/schema\/person\/2b1cf3cd81a31e3cd26889ca66d677f1","name":"cfeditorfr"}]}},"_links":{"self":[{"href":"https:\/\/www.africa-press.net\/cameroun\/wp-json\/wp\/v2\/posts\/1071","targetHints":{"allow":["GET"]}}],"collection":[{"href":"https:\/\/www.africa-press.net\/cameroun\/wp-json\/wp\/v2\/posts"}],"about":[{"href":"https:\/\/www.africa-press.net\/cameroun\/wp-json\/wp\/v2\/types\/post"}],"author":[{"embeddable":true,"href":"https:\/\/www.africa-press.net\/cameroun\/wp-json\/wp\/v2\/users\/82"}],"replies":[{"embeddable":true,"href":"https:\/\/www.africa-press.net\/cameroun\/wp-json\/wp\/v2\/comments?post=1071"}],"version-history":[{"count":0,"href":"https:\/\/www.africa-press.net\/cameroun\/wp-json\/wp\/v2\/posts\/1071\/revisions"}],"wp:featuredmedia":[{"embeddable":true,"href":"https:\/\/www.africa-press.net\/cameroun\/wp-json\/wp\/v2\/media\/1070"}],"wp:attachment":[{"href":"https:\/\/www.africa-press.net\/cameroun\/wp-json\/wp\/v2\/media?parent=1071"}],"wp:term":[{"taxonomy":"category","embeddable":true,"href":"https:\/\/www.africa-press.net\/cameroun\/wp-json\/wp\/v2\/categories?post=1071"},{"taxonomy":"post_tag","embeddable":true,"href":"https:\/\/www.africa-press.net\/cameroun\/wp-json\/wp\/v2\/tags?post=1071"}],"curies":[{"name":"wp","href":"https:\/\/api.w.org\/{rel}","templated":true}]}}