{"id":1179,"date":"2021-03-17T21:08:39","date_gmt":"2021-03-17T21:08:39","guid":{"rendered":"https:\/\/www.africa-press.net\/cameroun\/politique\/kribi-le-feu-ravage-un-etablissement-commercial"},"modified":"2021-03-18T00:16:51","modified_gmt":"2021-03-18T00:16:51","slug":"kribi-le-feu-ravage-un-etablissement-commercial","status":"publish","type":"post","link":"https:\/\/www.africa-press.net\/cameroun\/toutes-les-actualites\/kribi-le-feu-ravage-un-etablissement-commercial","title":{"rendered":"Kribi: le feu ravage un \u00e9tablissement commercial"},"content":{"rendered":"<p><span style=\"color: #ff6600\"><strong><a href=\"https:\/\/www.africa-press.net\/\">Africa-Press<\/a> &#8211; <a href=\"https:\/\/www.africa-press.net\/cameroun\">Cameroun<\/a>. <\/strong><\/span>A l\u2019origine, un fer \u00e0 repasser<\/p>\n<p>Techno shop a \u00e9t\u00e9 r\u00e9duit en cendres cette nuit de mardi \u00e0 mercredi. Pas de pertes en vies humaines, mais des d\u00e9g\u00e2ts mat\u00e9riels \u00e9valu\u00e9s \u00e0 plusieurs dizaines de millions de FCFA.<\/p>\n<p>D\u2019apr\u00e8s les t\u00e9moins, c\u2019est le fer \u00e0 repasser de l\u2019atelier de r\u00e9paration des roues, oubli\u00e9 sous tension, qui est \u00e0 l\u2019origine du drame. Parties du petit atelier, les flammes g\u00e9antes se sont jet\u00e9es sur le magasin de vente de mat\u00e9riels \u00e9lectroniques.<\/p>\n<p>L\u2019arriv\u00e9e des sapeurs pompiers a \u00e9t\u00e9 salvatrice pour les \u00e9tablissements voisins ; sauf qu\u2019au cours des op\u00e9rations de sauvetage, l\u2019eau est finie de la citerne. Il aura fallu 20 \u00e0 30 minutes, pour revenir \u00e0 la charge.<\/p>\n<p>Au de-la des \u00e9quipements r\u00e9duits en cendres, plusieurs ont \u00e9galement \u00e9t\u00e9 emport\u00e9 par une foule de d\u00e9linquants ayant infiltr\u00e9 les honn\u00eates citoyens venus pr\u00eater secours aux sinistr\u00e9s.<\/p>\n","protected":false},"excerpt":{"rendered":"<p>Africa-Press &#8211; Cameroun. A l\u2019origine, un fer \u00e0 repasser Techno shop a \u00e9t\u00e9 r\u00e9duit en cendres cette nuit de mardi \u00e0 mercredi. Pas de pertes en vies humaines, mais des d\u00e9g\u00e2ts mat\u00e9riels \u00e9valu\u00e9s \u00e0 plusieurs dizaines de millions de FCFA. D\u2019apr\u00e8s les t\u00e9moins, c\u2019est le fer \u00e0 repasser de l\u2019atelier de r\u00e9paration des roues, oubli\u00e9 [&hellip;]<\/p>\n","protected":false},"author":82,"featured_media":1178,"comment_status":"open","ping_status":"closed","sticky":false,"template":"","format":"standard","meta":{"footnotes":""},"categories":[21,11,10],"tags":[36,50,49],"class_list":["post-1179","post","type-post","status-publish","format-standard","has-post-thumbnail","hentry","category-communaute","category-homepage-french","category-toutes-les-actualites","tag-africa-press","tag-africa-press-cameroun","tag-cameroun"],"yoast_head":"<!-- This site is optimized with the Yoast SEO Premium plugin v26.1 (Yoast SEO v27.0) - https:\/\/yoast.com\/product\/yoast-seo-premium-wordpress\/ -->\n<title>Kribi: le feu ravage un \u00e9tablissement commercial - Cameroun<\/title>\n<meta name=\"description\" content=\"A l\u2019origine, un fer \u00e0 repasser Techno shop a \u00e9t\u00e9 r\u00e9duit en cendres cette nuit de mardi \u00e0 mercredi. Pas de pertes en vie ...\" \/>\n<meta name=\"robots\" content=\"index, follow, max-snippet:-1, max-image-preview:large, max-video-preview:-1\" \/>\n<link rel=\"canonical\" href=\"https:\/\/www.africa-press.net\/cameroun\/toutes-les-actualites\/kribi-le-feu-ravage-un-etablissement-commercial\" \/>\n<meta property=\"og:locale\" content=\"fr_FR\" \/>\n<meta property=\"og:type\" content=\"article\" \/>\n<meta property=\"og:title\" content=\"Kribi: le feu ravage un \u00e9tablissement commercial\" \/>\n<meta property=\"og:description\" content=\"A l\u2019origine, un fer \u00e0 repasser Techno shop a \u00e9t\u00e9 r\u00e9duit en cendres cette nuit de mardi \u00e0 mercredi. Pas de pertes en vie ...\" \/>\n<meta property=\"og:url\" content=\"https:\/\/www.africa-press.net\/cameroun\/toutes-les-actualites\/kribi-le-feu-ravage-un-etablissement-commercial\" \/>\n<meta property=\"og:site_name\" content=\"Cameroun\" \/>\n<meta property=\"article:published_time\" content=\"2021-03-17T21:08:39+00:00\" \/>\n<meta property=\"article:modified_time\" content=\"2021-03-18T00:16:51+00:00\" \/>\n<meta property=\"og:image\" content=\"https:\/\/static.africa-press.net\/cameroun\/sites\/57\/2021\/03\/img-60529bddc89d2.jpg\" \/>\n\t<meta property=\"og:image:width\" content=\"720\" \/>\n\t<meta property=\"og:image:height\" content=\"720\" \/>\n\t<meta property=\"og:image:type\" content=\"image\/jpeg\" \/>\n<meta name=\"author\" content=\"cfeditorfr\" \/>\n<meta name=\"twitter:card\" content=\"summary_large_image\" \/>\n<meta name=\"twitter:label1\" content=\"\u00c9crit par\" \/>\n\t<meta name=\"twitter:data1\" content=\"cfeditorfr\" \/>\n\t<meta name=\"twitter:label2\" content=\"Dur\u00e9e de lecture estim\u00e9e\" \/>\n\t<meta name=\"twitter:data2\" content=\"1 minute\" \/>\n<script type=\"application\/ld+json\" class=\"yoast-schema-graph\">{\"@context\":\"https:\/\/schema.org\",\"@graph\":[{\"@type\":\"Article\",\"@id\":\"https:\/\/www.africa-press.net\/cameroun\/toutes-les-actualites\/kribi-le-feu-ravage-un-etablissement-commercial#article\",\"isPartOf\":{\"@id\":\"https:\/\/www.africa-press.net\/cameroun\/toutes-les-actualites\/kribi-le-feu-ravage-un-etablissement-commercial\"},\"author\":{\"name\":\"cfeditorfr\",\"@id\":\"https:\/\/www.africa-press.net\/cameroun\/#\/schema\/person\/2b1cf3cd81a31e3cd26889ca66d677f1\"},\"headline\":\"Kribi: le feu ravage un \u00e9tablissement commercial\",\"datePublished\":\"2021-03-17T21:08:39+00:00\",\"dateModified\":\"2021-03-18T00:16:51+00:00\",\"mainEntityOfPage\":{\"@id\":\"https:\/\/www.africa-press.net\/cameroun\/toutes-les-actualites\/kribi-le-feu-ravage-un-etablissement-commercial\"},\"wordCount\":168,\"commentCount\":0,\"image\":{\"@id\":\"https:\/\/www.africa-press.net\/cameroun\/toutes-les-actualites\/kribi-le-feu-ravage-un-etablissement-commercial#primaryimage\"},\"thumbnailUrl\":\"https:\/\/static.africa-press.net\/cameroun\/sites\/57\/2021\/03\/img-60529bddc89d2.jpg\",\"keywords\":[\"Africa Press\",\"Africa Press-Cameroun\",\"Cameroun\"],\"articleSection\":[\"Communaut\u00e9\",\"homepage-french\",\"Toutes les actualit\u00e9s\"],\"inLanguage\":\"fr-FR\",\"potentialAction\":[{\"@type\":\"CommentAction\",\"name\":\"Comment\",\"target\":[\"https:\/\/www.africa-press.net\/cameroun\/toutes-les-actualites\/kribi-le-feu-ravage-un-etablissement-commercial#respond\"]}]},{\"@type\":\"WebPage\",\"@id\":\"https:\/\/www.africa-press.net\/cameroun\/toutes-les-actualites\/kribi-le-feu-ravage-un-etablissement-commercial\",\"url\":\"https:\/\/www.africa-press.net\/cameroun\/toutes-les-actualites\/kribi-le-feu-ravage-un-etablissement-commercial\",\"name\":\"Kribi: le feu ravage un \u00e9tablissement commercial - Cameroun\",\"isPartOf\":{\"@id\":\"https:\/\/www.africa-press.net\/cameroun\/#website\"},\"primaryImageOfPage\":{\"@id\":\"https:\/\/www.africa-press.net\/cameroun\/toutes-les-actualites\/kribi-le-feu-ravage-un-etablissement-commercial#primaryimage\"},\"image\":{\"@id\":\"https:\/\/www.africa-press.net\/cameroun\/toutes-les-actualites\/kribi-le-feu-ravage-un-etablissement-commercial#primaryimage\"},\"thumbnailUrl\":\"https:\/\/static.africa-press.net\/cameroun\/sites\/57\/2021\/03\/img-60529bddc89d2.jpg\",\"datePublished\":\"2021-03-17T21:08:39+00:00\",\"dateModified\":\"2021-03-18T00:16:51+00:00\",\"author\":{\"@id\":\"https:\/\/www.africa-press.net\/cameroun\/#\/schema\/person\/2b1cf3cd81a31e3cd26889ca66d677f1\"},\"description\":\"A l\u2019origine, un fer \u00e0 repasser Techno shop a \u00e9t\u00e9 r\u00e9duit en cendres cette nuit de mardi \u00e0 mercredi. Pas de pertes en vie ...\",\"breadcrumb\":{\"@id\":\"https:\/\/www.africa-press.net\/cameroun\/toutes-les-actualites\/kribi-le-feu-ravage-un-etablissement-commercial#breadcrumb\"},\"inLanguage\":\"fr-FR\",\"potentialAction\":[{\"@type\":\"ReadAction\",\"target\":[\"https:\/\/www.africa-press.net\/cameroun\/toutes-les-actualites\/kribi-le-feu-ravage-un-etablissement-commercial\"]}]},{\"@type\":\"ImageObject\",\"inLanguage\":\"fr-FR\",\"@id\":\"https:\/\/www.africa-press.net\/cameroun\/toutes-les-actualites\/kribi-le-feu-ravage-un-etablissement-commercial#primaryimage\",\"url\":\"https:\/\/static.africa-press.net\/cameroun\/sites\/57\/2021\/03\/img-60529bddc89d2.jpg\",\"contentUrl\":\"https:\/\/static.africa-press.net\/cameroun\/sites\/57\/2021\/03\/img-60529bddc89d2.jpg\",\"width\":720,\"height\":720,\"caption\":\"Kribi: le feu ravage un \u00e9tablissement commercial\"},{\"@type\":\"BreadcrumbList\",\"@id\":\"https:\/\/www.africa-press.net\/cameroun\/toutes-les-actualites\/kribi-le-feu-ravage-un-etablissement-commercial#breadcrumb\",\"itemListElement\":[{\"@type\":\"ListItem\",\"position\":1,\"name\":\"Accueil\",\"item\":\"https:\/\/www.africa-press.net\/cameroun\/\"},{\"@type\":\"ListItem\",\"position\":2,\"name\":\"Kribi: le feu ravage un \u00e9tablissement commercial\"}]},{\"@type\":\"WebSite\",\"@id\":\"https:\/\/www.africa-press.net\/cameroun\/#website\",\"url\":\"https:\/\/www.africa-press.net\/cameroun\/\",\"name\":\"Cameroun\",\"description\":\"Just another Africa News Agency Sites site\",\"potentialAction\":[{\"@type\":\"SearchAction\",\"target\":{\"@type\":\"EntryPoint\",\"urlTemplate\":\"https:\/\/www.africa-press.net\/cameroun\/?s={search_term_string}\"},\"query-input\":{\"@type\":\"PropertyValueSpecification\",\"valueRequired\":true,\"valueName\":\"search_term_string\"}}],\"inLanguage\":\"fr-FR\"},{\"@type\":\"Person\",\"@id\":\"https:\/\/www.africa-press.net\/cameroun\/#\/schema\/person\/2b1cf3cd81a31e3cd26889ca66d677f1\",\"name\":\"cfeditorfr\"}]}<\/script>\n<!-- \/ Yoast SEO Premium plugin. -->","yoast_head_json":{"title":"Kribi: le feu ravage un \u00e9tablissement commercial - Cameroun","description":"A l\u2019origine, un fer \u00e0 repasser Techno shop a \u00e9t\u00e9 r\u00e9duit en cendres cette nuit de mardi \u00e0 mercredi. Pas de pertes en vie ...","robots":{"index":"index","follow":"follow","max-snippet":"max-snippet:-1","max-image-preview":"max-image-preview:large","max-video-preview":"max-video-preview:-1"},"canonical":"https:\/\/www.africa-press.net\/cameroun\/toutes-les-actualites\/kribi-le-feu-ravage-un-etablissement-commercial","og_locale":"fr_FR","og_type":"article","og_title":"Kribi: le feu ravage un \u00e9tablissement commercial","og_description":"A l\u2019origine, un fer \u00e0 repasser Techno shop a \u00e9t\u00e9 r\u00e9duit en cendres cette nuit de mardi \u00e0 mercredi. Pas de pertes en vie ...","og_url":"https:\/\/www.africa-press.net\/cameroun\/toutes-les-actualites\/kribi-le-feu-ravage-un-etablissement-commercial","og_site_name":"Cameroun","article_published_time":"2021-03-17T21:08:39+00:00","article_modified_time":"2021-03-18T00:16:51+00:00","og_image":[{"width":720,"height":720,"url":"https:\/\/static.africa-press.net\/cameroun\/sites\/57\/2021\/03\/img-60529bddc89d2.jpg","type":"image\/jpeg"}],"author":"cfeditorfr","twitter_card":"summary_large_image","twitter_misc":{"\u00c9crit par":"cfeditorfr","Dur\u00e9e de lecture estim\u00e9e":"1 minute"},"schema":{"@context":"https:\/\/schema.org","@graph":[{"@type":"Article","@id":"https:\/\/www.africa-press.net\/cameroun\/toutes-les-actualites\/kribi-le-feu-ravage-un-etablissement-commercial#article","isPartOf":{"@id":"https:\/\/www.africa-press.net\/cameroun\/toutes-les-actualites\/kribi-le-feu-ravage-un-etablissement-commercial"},"author":{"name":"cfeditorfr","@id":"https:\/\/www.africa-press.net\/cameroun\/#\/schema\/person\/2b1cf3cd81a31e3cd26889ca66d677f1"},"headline":"Kribi: le feu ravage un \u00e9tablissement commercial","datePublished":"2021-03-17T21:08:39+00:00","dateModified":"2021-03-18T00:16:51+00:00","mainEntityOfPage":{"@id":"https:\/\/www.africa-press.net\/cameroun\/toutes-les-actualites\/kribi-le-feu-ravage-un-etablissement-commercial"},"wordCount":168,"commentCount":0,"image":{"@id":"https:\/\/www.africa-press.net\/cameroun\/toutes-les-actualites\/kribi-le-feu-ravage-un-etablissement-commercial#primaryimage"},"thumbnailUrl":"https:\/\/static.africa-press.net\/cameroun\/sites\/57\/2021\/03\/img-60529bddc89d2.jpg","keywords":["Africa Press","Africa Press-Cameroun","Cameroun"],"articleSection":["Communaut\u00e9","homepage-french","Toutes les actualit\u00e9s"],"inLanguage":"fr-FR","potentialAction":[{"@type":"CommentAction","name":"Comment","target":["https:\/\/www.africa-press.net\/cameroun\/toutes-les-actualites\/kribi-le-feu-ravage-un-etablissement-commercial#respond"]}]},{"@type":"WebPage","@id":"https:\/\/www.africa-press.net\/cameroun\/toutes-les-actualites\/kribi-le-feu-ravage-un-etablissement-commercial","url":"https:\/\/www.africa-press.net\/cameroun\/toutes-les-actualites\/kribi-le-feu-ravage-un-etablissement-commercial","name":"Kribi: le feu ravage un \u00e9tablissement commercial - Cameroun","isPartOf":{"@id":"https:\/\/www.africa-press.net\/cameroun\/#website"},"primaryImageOfPage":{"@id":"https:\/\/www.africa-press.net\/cameroun\/toutes-les-actualites\/kribi-le-feu-ravage-un-etablissement-commercial#primaryimage"},"image":{"@id":"https:\/\/www.africa-press.net\/cameroun\/toutes-les-actualites\/kribi-le-feu-ravage-un-etablissement-commercial#primaryimage"},"thumbnailUrl":"https:\/\/static.africa-press.net\/cameroun\/sites\/57\/2021\/03\/img-60529bddc89d2.jpg","datePublished":"2021-03-17T21:08:39+00:00","dateModified":"2021-03-18T00:16:51+00:00","author":{"@id":"https:\/\/www.africa-press.net\/cameroun\/#\/schema\/person\/2b1cf3cd81a31e3cd26889ca66d677f1"},"description":"A l\u2019origine, un fer \u00e0 repasser Techno shop a \u00e9t\u00e9 r\u00e9duit en cendres cette nuit de mardi \u00e0 mercredi. Pas de pertes en vie ...","breadcrumb":{"@id":"https:\/\/www.africa-press.net\/cameroun\/toutes-les-actualites\/kribi-le-feu-ravage-un-etablissement-commercial#breadcrumb"},"inLanguage":"fr-FR","potentialAction":[{"@type":"ReadAction","target":["https:\/\/www.africa-press.net\/cameroun\/toutes-les-actualites\/kribi-le-feu-ravage-un-etablissement-commercial"]}]},{"@type":"ImageObject","inLanguage":"fr-FR","@id":"https:\/\/www.africa-press.net\/cameroun\/toutes-les-actualites\/kribi-le-feu-ravage-un-etablissement-commercial#primaryimage","url":"https:\/\/static.africa-press.net\/cameroun\/sites\/57\/2021\/03\/img-60529bddc89d2.jpg","contentUrl":"https:\/\/static.africa-press.net\/cameroun\/sites\/57\/2021\/03\/img-60529bddc89d2.jpg","width":720,"height":720,"caption":"Kribi: le feu ravage un \u00e9tablissement commercial"},{"@type":"BreadcrumbList","@id":"https:\/\/www.africa-press.net\/cameroun\/toutes-les-actualites\/kribi-le-feu-ravage-un-etablissement-commercial#breadcrumb","itemListElement":[{"@type":"ListItem","position":1,"name":"Accueil","item":"https:\/\/www.africa-press.net\/cameroun\/"},{"@type":"ListItem","position":2,"name":"Kribi: le feu ravage un \u00e9tablissement commercial"}]},{"@type":"WebSite","@id":"https:\/\/www.africa-press.net\/cameroun\/#website","url":"https:\/\/www.africa-press.net\/cameroun\/","name":"Cameroun","description":"Just another Africa News Agency Sites site","potentialAction":[{"@type":"SearchAction","target":{"@type":"EntryPoint","urlTemplate":"https:\/\/www.africa-press.net\/cameroun\/?s={search_term_string}"},"query-input":{"@type":"PropertyValueSpecification","valueRequired":true,"valueName":"search_term_string"}}],"inLanguage":"fr-FR"},{"@type":"Person","@id":"https:\/\/www.africa-press.net\/cameroun\/#\/schema\/person\/2b1cf3cd81a31e3cd26889ca66d677f1","name":"cfeditorfr"}]}},"_links":{"self":[{"href":"https:\/\/www.africa-press.net\/cameroun\/wp-json\/wp\/v2\/posts\/1179","targetHints":{"allow":["GET"]}}],"collection":[{"href":"https:\/\/www.africa-press.net\/cameroun\/wp-json\/wp\/v2\/posts"}],"about":[{"href":"https:\/\/www.africa-press.net\/cameroun\/wp-json\/wp\/v2\/types\/post"}],"author":[{"embeddable":true,"href":"https:\/\/www.africa-press.net\/cameroun\/wp-json\/wp\/v2\/users\/82"}],"replies":[{"embeddable":true,"href":"https:\/\/www.africa-press.net\/cameroun\/wp-json\/wp\/v2\/comments?post=1179"}],"version-history":[{"count":0,"href":"https:\/\/www.africa-press.net\/cameroun\/wp-json\/wp\/v2\/posts\/1179\/revisions"}],"wp:featuredmedia":[{"embeddable":true,"href":"https:\/\/www.africa-press.net\/cameroun\/wp-json\/wp\/v2\/media\/1178"}],"wp:attachment":[{"href":"https:\/\/www.africa-press.net\/cameroun\/wp-json\/wp\/v2\/media?parent=1179"}],"wp:term":[{"taxonomy":"category","embeddable":true,"href":"https:\/\/www.africa-press.net\/cameroun\/wp-json\/wp\/v2\/categories?post=1179"},{"taxonomy":"post_tag","embeddable":true,"href":"https:\/\/www.africa-press.net\/cameroun\/wp-json\/wp\/v2\/tags?post=1179"}],"curies":[{"name":"wp","href":"https:\/\/api.w.org\/{rel}","templated":true}]}}